{"id":20609,"date":"2020-03-11T21:00:33","date_gmt":"2020-03-12T00:00:33","guid":{"rendered":"http:\/\/newsinfoco.com.br\/?p=20609"},"modified":"2020-03-11T21:00:33","modified_gmt":"2020-03-12T00:00:33","slug":"nesta-sexta-prefeito-joaquim-neto-inaugura-novo-espaco-para-atendimento-do-cadunico-bolsa-familia-em-alagoinhas","status":"publish","type":"post","link":"https:\/\/newsinfoco.com.br\/inicio\/nesta-sexta-prefeito-joaquim-neto-inaugura-novo-espaco-para-atendimento-do-cadunico-bolsa-familia-em-alagoinhas\/","title":{"rendered":"Nesta sexta: Prefeito Joaquim Neto inaugura novo espa\u00e7o para atendimento do Cad\u00danico\/Bolsa Fam\u00edlia em Alagoinhas"},"content":{"rendered":"<p style=\"text-align: justify;\">O prefeito Joaquim Neto inaugura, nesta sexta-feira (13), \u00e0s 9h, mais um espa\u00e7o para atendimento aos usu\u00e1rios dos programas sociais que utilizam como base cadastral o Cad\u00danico, do Governo Federal. O novo equipamento da Secretaria Municipal de Assist\u00eancia Social (SEMAS) fica localizado \u00e0 Rua Soror Joana Angelica, S\/N, Centro, e \u00a0visa proporcionar menos deslocamentos dos usu\u00e1rios, garantindo, assim, um atendimento de qualidade e com maior comodidade para a popula\u00e7\u00e3o em vulnerabilidade social que necessita dos servi\u00e7os.<\/p>\n<p style=\"text-align: justify;\">Com previs\u00e3o mensal de mais de 1500 \u00a0atendimentos, de acordo com a secretaria, al\u00e9m de oferecer facilidade de acesso para atendimento \u00e0 popula\u00e7\u00e3o, a nova unidade vem para desafogar demandas na sede da SEMAS e nos Centros de Refer\u00eancia em Assist\u00eancia Social (CRAS). Atualmente, Alagoinhas tem mais de 37 fam\u00edlias inscritas no Cadastro \u00danico, sendo 20.658 benefici\u00e1rias do Programa Bolsa Fam\u00edlia.<\/p><div class=\"newsi-conteudo_19\" id=\"newsi-1805745081\"><a href=\"https:\/\/www.instagram.com\/prefeituraalagoinhas?igsh=YzgzdDJ1bWR3aWI4\" aria-label=\"SAVE_20251006_221555\"><img loading=\"lazy\" decoding=\"async\" src=\"https:\/\/newsinfoco.com.br\/inicio\/wp-content\/uploads\/2025\/10\/SAVE_20251006_221555-rotated.jpg\" alt=\"\"  srcset=\"https:\/\/newsinfoco.com.br\/inicio\/wp-content\/uploads\/2025\/10\/SAVE_20251006_221555-rotated.jpg 1140w, https:\/\/newsinfoco.com.br\/inicio\/wp-content\/uploads\/2025\/10\/SAVE_20251006_221555-300x52.jpg 300w, https:\/\/newsinfoco.com.br\/inicio\/wp-content\/uploads\/2025\/10\/SAVE_20251006_221555-1024x177.jpg 1024w, https:\/\/newsinfoco.com.br\/inicio\/wp-content\/uploads\/2025\/10\/SAVE_20251006_221555-768x133.jpg 768w, https:\/\/newsinfoco.com.br\/inicio\/wp-content\/uploads\/2025\/10\/SAVE_20251006_221555-600x104.jpg 600w, https:\/\/newsinfoco.com.br\/inicio\/wp-content\/uploads\/2025\/10\/SAVE_20251006_221555-696x120.jpg 696w, https:\/\/newsinfoco.com.br\/inicio\/wp-content\/uploads\/2025\/10\/SAVE_20251006_221555-1068x185.jpg 1068w\" sizes=\"(max-width: 1140px) 100vw, 1140px\" width=\"1140\" height=\"197\"   \/><\/a><\/div>\n<p style=\"text-align: justify;\">Entre os servi\u00e7os oferecidos est\u00e3o cadastro e atualiza\u00e7\u00e3o no Bolsa Fam\u00edlia, atualiza\u00e7\u00e3o de cadastros no BPC- Benef\u00edcio de Presta\u00e7\u00e3o Continuada, \u00a0Programas Sociais que oferecem benef\u00edcio ou isen\u00e7\u00e3o de tarifas, ID Jovem, Tarifa Social de Energia El\u00e9trica e Isen\u00e7\u00e3o de taxa em concursos p\u00fablicos.<\/p>\n<p>&nbsp;<\/p>\n<div class='share-to-whatsapp-wrapper'><div class='share-on-whsp'>Share on: <\/div><a data-text='Nesta sexta: Prefeito Joaquim Neto inaugura novo espa\u00e7o para atendimento do Cad\u00danico\/Bolsa Fam\u00edlia em Alagoinhas' data-link='https:\/\/newsinfoco.com.br\/inicio\/nesta-sexta-prefeito-joaquim-neto-inaugura-novo-espaco-para-atendimento-do-cadunico-bolsa-familia-em-alagoinhas\/' class='whatsapp-button whatsapp-share'>WhatsApp<\/a><div class='clear '><\/div><\/div>","protected":false},"excerpt":{"rendered":"<p>O prefeito Joaquim Neto inaugura, nesta sexta-feira (13), \u00e0s 9h, mais um espa\u00e7o para atendimento aos usu\u00e1rios dos programas sociais que utilizam como base cadastral o Cad\u00danico, do Governo Federal. O novo equipamento da Secretaria Municipal de Assist\u00eancia Social (SEMAS) fica localizado \u00e0 Rua Soror Joana Angelica, S\/N, Centro, e \u00a0visa proporcionar menos deslocamentos dos [&hellip;]<\/p>\n","protected":false},"author":1,"featured_media":20610,"comment_status":"open","ping_status":"open","sticky":false,"template":"","format":"standard","meta":{"om_disable_all_campaigns":false,"_exactmetrics_skip_tracking":false,"_exactmetrics_sitenote_active":false,"_exactmetrics_sitenote_note":"","_exactmetrics_sitenote_category":0,"footnotes":""},"categories":[38],"tags":[],"class_list":["post-20609","post","type-post","status-publish","format-standard","has-post-thumbnail","hentry","category-alagoinhas-e-regiao"],"aioseo_notices":[],"_links":{"self":[{"href":"https:\/\/newsinfoco.com.br\/inicio\/wp-json\/wp\/v2\/posts\/20609","targetHints":{"allow":["GET"]}}],"collection":[{"href":"https:\/\/newsinfoco.com.br\/inicio\/wp-json\/wp\/v2\/posts"}],"about":[{"href":"https:\/\/newsinfoco.com.br\/inicio\/wp-json\/wp\/v2\/types\/post"}],"author":[{"embeddable":true,"href":"https:\/\/newsinfoco.com.br\/inicio\/wp-json\/wp\/v2\/users\/1"}],"replies":[{"embeddable":true,"href":"https:\/\/newsinfoco.com.br\/inicio\/wp-json\/wp\/v2\/comments?post=20609"}],"version-history":[{"count":0,"href":"https:\/\/newsinfoco.com.br\/inicio\/wp-json\/wp\/v2\/posts\/20609\/revisions"}],"wp:featuredmedia":[{"embeddable":true,"href":"https:\/\/newsinfoco.com.br\/inicio\/wp-json\/wp\/v2\/media\/20610"}],"wp:attachment":[{"href":"https:\/\/newsinfoco.com.br\/inicio\/wp-json\/wp\/v2\/media?parent=20609"}],"wp:term":[{"taxonomy":"category","embeddable":true,"href":"https:\/\/newsinfoco.com.br\/inicio\/wp-json\/wp\/v2\/categories?post=20609"},{"taxonomy":"post_tag","embeddable":true,"href":"https:\/\/newsinfoco.com.br\/inicio\/wp-json\/wp\/v2\/tags?post=20609"}],"curies":[{"name":"wp","href":"https:\/\/api.w.org\/{rel}","templated":true}]}}