{"id":20617,"date":"2020-03-12T20:09:45","date_gmt":"2020-03-12T23:09:45","guid":{"rendered":"http:\/\/newsinfoco.com.br\/?p=20617"},"modified":"2020-03-12T20:11:34","modified_gmt":"2020-03-12T23:11:34","slug":"agora-com-maioria-bancada-de-oposicao-aprova-requerimentos-de-convocacao-de-diretor-da-defesa-civil-e-de-secretaria-de-saude-de-alagoinhas","status":"publish","type":"post","link":"https:\/\/newsinfoco.com.br\/inicio\/agora-com-maioria-bancada-de-oposicao-aprova-requerimentos-de-convocacao-de-diretor-da-defesa-civil-e-de-secretaria-de-saude-de-alagoinhas\/","title":{"rendered":"Agora com maioria, bancada de oposi\u00e7\u00e3o aprova requerimentos de convoca\u00e7\u00e3o de diretor da defesa civil e de secret\u00e1ria de sa\u00fade de Alagoinhas"},"content":{"rendered":"<p style=\"text-align: justify;\">Agora com maioria na Casa e impondo derrotas sucessivas ao governo Joaquim Neto, a bancada de oposi\u00e7\u00e3o da C\u00e2mara de Alagoinhas aprovou na tarde de hoje(12) dois requerimentos de convoca\u00e7\u00e3o, um para a secretaria municipal de sa\u00fade, Rosania Rabelo e outro para o diretor da Defesa Civil, David William. Mais uma vez a bancada governista n\u00e3o compareceu a sess\u00e3o, com exce\u00e7\u00e3o do vereador Ozeas Menezes.<\/p>\n<p style=\"text-align: justify;\">Assinaram os requerimentos de convoca\u00e7\u00e3o os vereadores Thor de Ninha, Jo\u00e3o Henrique Paolilo, Caio Ramos, Luciano Almeida, Luciano S\u00e9rgio, Anderson Baqueiro, Darlan Lucena, Pastor Lins e Gode.<\/p><div class=\"newsi-conteudo_19\" id=\"newsi-2560709826\"><a href=\"https:\/\/www.instagram.com\/prefeituraalagoinhas?igsh=YzgzdDJ1bWR3aWI4\" aria-label=\"SAVE_20251006_221555\"><img loading=\"lazy\" decoding=\"async\" src=\"https:\/\/newsinfoco.com.br\/inicio\/wp-content\/uploads\/2025\/10\/SAVE_20251006_221555-rotated.jpg\" alt=\"\"  srcset=\"https:\/\/newsinfoco.com.br\/inicio\/wp-content\/uploads\/2025\/10\/SAVE_20251006_221555-rotated.jpg 1140w, https:\/\/newsinfoco.com.br\/inicio\/wp-content\/uploads\/2025\/10\/SAVE_20251006_221555-300x52.jpg 300w, https:\/\/newsinfoco.com.br\/inicio\/wp-content\/uploads\/2025\/10\/SAVE_20251006_221555-1024x177.jpg 1024w, https:\/\/newsinfoco.com.br\/inicio\/wp-content\/uploads\/2025\/10\/SAVE_20251006_221555-768x133.jpg 768w, https:\/\/newsinfoco.com.br\/inicio\/wp-content\/uploads\/2025\/10\/SAVE_20251006_221555-600x104.jpg 600w, https:\/\/newsinfoco.com.br\/inicio\/wp-content\/uploads\/2025\/10\/SAVE_20251006_221555-696x120.jpg 696w, https:\/\/newsinfoco.com.br\/inicio\/wp-content\/uploads\/2025\/10\/SAVE_20251006_221555-1068x185.jpg 1068w\" sizes=\"(max-width: 1140px) 100vw, 1140px\" width=\"1140\" height=\"197\"   \/><\/a><\/div>\n<p style=\"text-align: justify;\">Os oposicionistas querem questionar a secret\u00e1ria de sa\u00fade sobre a aten\u00e7\u00e3o b\u00e1sica, o que eles classificam como &#8221;caos da sa\u00fade no munic\u00edpio&#8221;. J\u00e1 do diretor da defesa civil eles querem saber qual o planejamento e a estrutura que o \u00f3rg\u00e3o possui para enfrentar os efeitos das fortes chuvas que podem se abater sobre a cidade nos pr\u00f3ximos meses.<\/p>\n<p style=\"text-align: justify;\">A secret\u00e1ria de sa\u00fade deve ser ouvida j\u00e1 na sess\u00e3o da pr\u00f3xima ter\u00e7a-feira(17) e o diretor da Defesa Civil na quinta-feira(19).<\/p>\n<p style=\"text-align: right;\">Por Caio Pimenta para o News Infoco<\/p>\n<p style=\"text-align: justify;\">\n<div class='share-to-whatsapp-wrapper'><div class='share-on-whsp'>Share on: <\/div><a data-text='Agora com maioria, bancada de oposi\u00e7\u00e3o aprova requerimentos de convoca\u00e7\u00e3o de diretor da defesa civil e de secret\u00e1ria de sa\u00fade de Alagoinhas' data-link='https:\/\/newsinfoco.com.br\/inicio\/agora-com-maioria-bancada-de-oposicao-aprova-requerimentos-de-convocacao-de-diretor-da-defesa-civil-e-de-secretaria-de-saude-de-alagoinhas\/' class='whatsapp-button whatsapp-share'>WhatsApp<\/a><div class='clear '><\/div><\/div>","protected":false},"excerpt":{"rendered":"<p>Agora com maioria na Casa e impondo derrotas sucessivas ao governo Joaquim Neto, a bancada de oposi\u00e7\u00e3o da C\u00e2mara de Alagoinhas aprovou na tarde de hoje(12) dois requerimentos de convoca\u00e7\u00e3o, um para a secretaria municipal de sa\u00fade, Rosania Rabelo e outro para o diretor da Defesa Civil, David William. Mais uma vez a bancada governista [&hellip;]<\/p>\n","protected":false},"author":1,"featured_media":20618,"comment_status":"open","ping_status":"open","sticky":false,"template":"","format":"standard","meta":{"om_disable_all_campaigns":false,"_exactmetrics_skip_tracking":false,"_exactmetrics_sitenote_active":false,"_exactmetrics_sitenote_note":"","_exactmetrics_sitenote_category":0,"footnotes":""},"categories":[167],"tags":[],"class_list":["post-20617","post","type-post","status-publish","format-standard","has-post-thumbnail","hentry","category-exclusivas"],"aioseo_notices":[],"_links":{"self":[{"href":"https:\/\/newsinfoco.com.br\/inicio\/wp-json\/wp\/v2\/posts\/20617","targetHints":{"allow":["GET"]}}],"collection":[{"href":"https:\/\/newsinfoco.com.br\/inicio\/wp-json\/wp\/v2\/posts"}],"about":[{"href":"https:\/\/newsinfoco.com.br\/inicio\/wp-json\/wp\/v2\/types\/post"}],"author":[{"embeddable":true,"href":"https:\/\/newsinfoco.com.br\/inicio\/wp-json\/wp\/v2\/users\/1"}],"replies":[{"embeddable":true,"href":"https:\/\/newsinfoco.com.br\/inicio\/wp-json\/wp\/v2\/comments?post=20617"}],"version-history":[{"count":0,"href":"https:\/\/newsinfoco.com.br\/inicio\/wp-json\/wp\/v2\/posts\/20617\/revisions"}],"wp:featuredmedia":[{"embeddable":true,"href":"https:\/\/newsinfoco.com.br\/inicio\/wp-json\/wp\/v2\/media\/20618"}],"wp:attachment":[{"href":"https:\/\/newsinfoco.com.br\/inicio\/wp-json\/wp\/v2\/media?parent=20617"}],"wp:term":[{"taxonomy":"category","embeddable":true,"href":"https:\/\/newsinfoco.com.br\/inicio\/wp-json\/wp\/v2\/categories?post=20617"},{"taxonomy":"post_tag","embeddable":true,"href":"https:\/\/newsinfoco.com.br\/inicio\/wp-json\/wp\/v2\/tags?post=20617"}],"curies":[{"name":"wp","href":"https:\/\/api.w.org\/{rel}","templated":true}]}}