{"id":20622,"date":"2020-03-13T16:05:32","date_gmt":"2020-03-13T19:05:32","guid":{"rendered":"http:\/\/newsinfoco.com.br\/?p=20622"},"modified":"2020-03-13T16:05:32","modified_gmt":"2020-03-13T19:05:32","slug":"al-ba-pretende-reduzir-sessoes-e-adotar-medidas-para-evitar-circulacao-de-pessoas-devido-ao-coronavirus","status":"publish","type":"post","link":"https:\/\/newsinfoco.com.br\/inicio\/al-ba-pretende-reduzir-sessoes-e-adotar-medidas-para-evitar-circulacao-de-pessoas-devido-ao-coronavirus\/","title":{"rendered":"AL-BA pretende reduzir sess\u00f5es e adotar medidas para evitar circula\u00e7\u00e3o de pessoas devido ao coronav\u00edrus"},"content":{"rendered":"<p style=\"text-align: justify;\">A exemplo do que foi anunciado pelo Congresso Nacional em decorr\u00eancia do avan\u00e7o do novo coronav\u00edrus, a Assembleia Legislativa da Bahia (AL-BA) tamb\u00e9m pretende adotar medidas para restringir o n\u00famero de pessoas que circulam pela Casa diariamente.<\/p>\n<p style=\"text-align: justify;\">Conforme apura\u00e7\u00e3o feita pelo site\u00a0<strong>Pol\u00edtica Livre<\/strong>, a AL-BA planeja, por exemplo, diminuir o n\u00famero de sess\u00f5es, assim como suspender o funcionamento de restaurantes para evitar uma aglomera\u00e7\u00e3o de pessoas.<\/p><div class=\"newsi-conteudo_19\" id=\"newsi-3068146243\"><a href=\"https:\/\/www.instagram.com\/prefeituraalagoinhas?igsh=YzgzdDJ1bWR3aWI4\" aria-label=\"SAVE_20251006_221555\"><img loading=\"lazy\" decoding=\"async\" src=\"https:\/\/newsinfoco.com.br\/inicio\/wp-content\/uploads\/2025\/10\/SAVE_20251006_221555-rotated.jpg\" alt=\"\"  srcset=\"https:\/\/newsinfoco.com.br\/inicio\/wp-content\/uploads\/2025\/10\/SAVE_20251006_221555-rotated.jpg 1140w, https:\/\/newsinfoco.com.br\/inicio\/wp-content\/uploads\/2025\/10\/SAVE_20251006_221555-300x52.jpg 300w, https:\/\/newsinfoco.com.br\/inicio\/wp-content\/uploads\/2025\/10\/SAVE_20251006_221555-1024x177.jpg 1024w, https:\/\/newsinfoco.com.br\/inicio\/wp-content\/uploads\/2025\/10\/SAVE_20251006_221555-768x133.jpg 768w, https:\/\/newsinfoco.com.br\/inicio\/wp-content\/uploads\/2025\/10\/SAVE_20251006_221555-600x104.jpg 600w, https:\/\/newsinfoco.com.br\/inicio\/wp-content\/uploads\/2025\/10\/SAVE_20251006_221555-696x120.jpg 696w, https:\/\/newsinfoco.com.br\/inicio\/wp-content\/uploads\/2025\/10\/SAVE_20251006_221555-1068x185.jpg 1068w\" sizes=\"(max-width: 1140px) 100vw, 1140px\" width=\"1140\" height=\"197\"   \/><\/a><\/div>\n<p style=\"text-align: justify;\">A reportagem checou, tamb\u00e9m, que o presidente da Casa, Nelson Leal (PP), deve, inclusive, convocar, na pr\u00f3xima segunda-feira (16), uma reuni\u00e3o com outras lideran\u00e7as para discutir a situa\u00e7\u00e3o.<\/p>\n<p style=\"text-align: justify;\">Procurado pelo <strong>Pol\u00edtica Livre<\/strong>\u00a0no in\u00edcio da tarde desta sexta-feira (13), Leal n\u00e3o se manifestou at\u00e9 a conclus\u00e3o desta mat\u00e9ria.<\/p>\n<p style=\"text-align: justify;\">Nesta semana, a Secretaria de Sa\u00fade da Bahia (Sesab) confirmou o\u00a0<a href=\"https:\/\/politicalivre.com.br\/2020\/03\/bahia-confirma-terceiro-caso-do-novo-coronavirus\/\" target=\"_blank\" rel=\"noopener noreferrer\">terceiro caso da doen\u00e7a<\/a>\u00a0no estado, tamb\u00e9m em Feira de Santana.<\/p>\n<p style=\"text-align: justify;\">Trata-se de uma mulher, de 68 anos, que teve contato domiciliar com a segunda paciente do estado com a doen\u00e7a, quando ainda estava sintom\u00e1tica.<\/p>\n<div class='share-to-whatsapp-wrapper'><div class='share-on-whsp'>Share on: <\/div><a data-text='AL-BA pretende reduzir sess\u00f5es e adotar medidas para evitar circula\u00e7\u00e3o de pessoas devido ao coronav\u00edrus' data-link='https:\/\/newsinfoco.com.br\/inicio\/al-ba-pretende-reduzir-sessoes-e-adotar-medidas-para-evitar-circulacao-de-pessoas-devido-ao-coronavirus\/' class='whatsapp-button whatsapp-share'>WhatsApp<\/a><div class='clear '><\/div><\/div>","protected":false},"excerpt":{"rendered":"<p>A exemplo do que foi anunciado pelo Congresso Nacional em decorr\u00eancia do avan\u00e7o do novo coronav\u00edrus, a Assembleia Legislativa da Bahia (AL-BA) tamb\u00e9m pretende adotar medidas para restringir o n\u00famero de pessoas que circulam pela Casa diariamente. Conforme apura\u00e7\u00e3o feita pelo site\u00a0Pol\u00edtica Livre, a AL-BA planeja, por exemplo, diminuir o n\u00famero de sess\u00f5es, assim como [&hellip;]<\/p>\n","protected":false},"author":1,"featured_media":19464,"comment_status":"open","ping_status":"open","sticky":false,"template":"","format":"standard","meta":{"om_disable_all_campaigns":false,"_exactmetrics_skip_tracking":false,"_exactmetrics_sitenote_active":false,"_exactmetrics_sitenote_note":"","_exactmetrics_sitenote_category":0,"footnotes":""},"categories":[19],"tags":[],"class_list":["post-20622","post","type-post","status-publish","format-standard","has-post-thumbnail","hentry","category-bahia"],"aioseo_notices":[],"_links":{"self":[{"href":"https:\/\/newsinfoco.com.br\/inicio\/wp-json\/wp\/v2\/posts\/20622","targetHints":{"allow":["GET"]}}],"collection":[{"href":"https:\/\/newsinfoco.com.br\/inicio\/wp-json\/wp\/v2\/posts"}],"about":[{"href":"https:\/\/newsinfoco.com.br\/inicio\/wp-json\/wp\/v2\/types\/post"}],"author":[{"embeddable":true,"href":"https:\/\/newsinfoco.com.br\/inicio\/wp-json\/wp\/v2\/users\/1"}],"replies":[{"embeddable":true,"href":"https:\/\/newsinfoco.com.br\/inicio\/wp-json\/wp\/v2\/comments?post=20622"}],"version-history":[{"count":0,"href":"https:\/\/newsinfoco.com.br\/inicio\/wp-json\/wp\/v2\/posts\/20622\/revisions"}],"wp:featuredmedia":[{"embeddable":true,"href":"https:\/\/newsinfoco.com.br\/inicio\/wp-json\/wp\/v2\/media\/19464"}],"wp:attachment":[{"href":"https:\/\/newsinfoco.com.br\/inicio\/wp-json\/wp\/v2\/media?parent=20622"}],"wp:term":[{"taxonomy":"category","embeddable":true,"href":"https:\/\/newsinfoco.com.br\/inicio\/wp-json\/wp\/v2\/categories?post=20622"},{"taxonomy":"post_tag","embeddable":true,"href":"https:\/\/newsinfoco.com.br\/inicio\/wp-json\/wp\/v2\/tags?post=20622"}],"curies":[{"name":"wp","href":"https:\/\/api.w.org\/{rel}","templated":true}]}}