{"id":20624,"date":"2020-03-13T16:13:05","date_gmt":"2020-03-13T19:13:05","guid":{"rendered":"http:\/\/newsinfoco.com.br\/?p=20624"},"modified":"2020-03-13T16:13:05","modified_gmt":"2020-03-13T19:13:05","slug":"coronavirus-ufba-cancela-eventos-e-suspende-funcionamento-do-restaurante-universitario","status":"publish","type":"post","link":"https:\/\/newsinfoco.com.br\/inicio\/coronavirus-ufba-cancela-eventos-e-suspende-funcionamento-do-restaurante-universitario\/","title":{"rendered":"Coronav\u00edrus: Ufba cancela eventos e suspende funcionamento do restaurante universit\u00e1rio"},"content":{"rendered":"<p style=\"text-align: justify;\">A Universidade Federal da Bahia (Ufba) come\u00e7ou a adotar medidas para conter a dissemina\u00e7\u00e3o do coronav\u00edrus. Em nota divulgada na manh\u00e3 desta sexta-feira (13), a institui\u00e7\u00e3o informou que as aulas est\u00e3o mantidas, mas suspendeu eventos que concentram grande n\u00famero de pessoas, como congressos, eventos de formatura e palestras, e viagens nacionais e internacionais. O funcionamento do restaurante universit\u00e1rio e dos museus tamb\u00e9m foi temporariamente interrompido.<\/p>\n<p style=\"text-align: justify;\">A Ufba recomenda ainda que audit\u00f3rios que n\u00e3o possuam janelas n\u00e3o sejam utilizados pela comunidade acad\u00eamica, e pede que estudantes e funcion\u00e1rios que eventualmente apresentarem sintomas n\u00e3o compare\u00e7am ao campus.<\/p><div class=\"newsi-conteudo_19\" id=\"newsi-721453778\"><a href=\"https:\/\/www.instagram.com\/prefeituraalagoinhas?igsh=YzgzdDJ1bWR3aWI4\" aria-label=\"SAVE_20251006_221555\"><img loading=\"lazy\" decoding=\"async\" src=\"https:\/\/newsinfoco.com.br\/inicio\/wp-content\/uploads\/2025\/10\/SAVE_20251006_221555-rotated.jpg\" alt=\"\"  srcset=\"https:\/\/newsinfoco.com.br\/inicio\/wp-content\/uploads\/2025\/10\/SAVE_20251006_221555-rotated.jpg 1140w, https:\/\/newsinfoco.com.br\/inicio\/wp-content\/uploads\/2025\/10\/SAVE_20251006_221555-300x52.jpg 300w, https:\/\/newsinfoco.com.br\/inicio\/wp-content\/uploads\/2025\/10\/SAVE_20251006_221555-1024x177.jpg 1024w, https:\/\/newsinfoco.com.br\/inicio\/wp-content\/uploads\/2025\/10\/SAVE_20251006_221555-768x133.jpg 768w, https:\/\/newsinfoco.com.br\/inicio\/wp-content\/uploads\/2025\/10\/SAVE_20251006_221555-600x104.jpg 600w, https:\/\/newsinfoco.com.br\/inicio\/wp-content\/uploads\/2025\/10\/SAVE_20251006_221555-696x120.jpg 696w, https:\/\/newsinfoco.com.br\/inicio\/wp-content\/uploads\/2025\/10\/SAVE_20251006_221555-1068x185.jpg 1068w\" sizes=\"(max-width: 1140px) 100vw, 1140px\" width=\"1140\" height=\"197\"   \/><\/a><\/div>\n<p style=\"text-align: justify;\">Confira a nota na \u00edntegra:<\/p>\n<p style=\"text-align: justify;\"><em>\u201cA Universidade Federal da Bahia, seguindo as orienta\u00e7\u00f5es de conten\u00e7\u00e3o \u00e0 dissemina\u00e7\u00e3o do novo coronav\u00edrus apresentadas pelo ministro da Sa\u00fade em audi\u00eancia na C\u00e2mara dos Deputados e o conjunto de medidas preventivas sugeridas pelas secretarias de Estado da Sa\u00fade e da Educa\u00e7\u00e3o, e em face \u00e0 decreta\u00e7\u00e3o de pandemia da doen\u00e7a pela Organiza\u00e7\u00e3o Mundial da Sa\u00fade, anuncia \u00e0 comunidade universit\u00e1ria um conjunto de a\u00e7\u00f5es e recomenda\u00e7\u00f5es visando ao esclarecimento e \u00e0 preven\u00e7\u00e3o da dissemina\u00e7\u00e3o do coronav\u00edrus.<\/em><\/p>\n<p style=\"text-align: justify;\"><em>As aulas dos cursos de gradua\u00e7\u00e3o e p\u00f3s-gradua\u00e7\u00e3o est\u00e3o mantidas, uma vez que n\u00e3o h\u00e1 ind\u00edcio de circula\u00e7\u00e3o sustentada do v\u00edrus na Bahia (ou seja, n\u00e3o h\u00e1 registro de casos sem contato ou hist\u00f3rico conhecido de exposi\u00e7\u00e3o de pessoas \u00e0 doen\u00e7a) e, por ora, o estado tem um pequeno n\u00famero de casos confirmados. N\u00e3o h\u00e1, portanto, at\u00e9 o momento, indica\u00e7\u00e3o, por parte das autoridades sanit\u00e1rias, de que a suspens\u00e3o das aulas possa ter efic\u00e1cia, do ponto de vista epidemiol\u00f3gico, na conten\u00e7\u00e3o da dissemina\u00e7\u00e3o do v\u00edrus.<\/em><\/p>\n<p style=\"text-align: justify;\"><em>A Reitoria da UFBA, contudo, propor\u00e1 \u00e0s autoridades sanit\u00e1rias estaduais e municipais a realiza\u00e7\u00e3o de reuni\u00e3o com gestores e especialistas em sa\u00fade p\u00fablica e em educa\u00e7\u00e3o para discutir, juntamente com todas as universidades e institutos de nosso estado, a necessidade e a viabilidade de medidas mais abrangentes, que possam ser adotadas proximamente, de maneira isolada ou solid\u00e1ria, com o objetivo de conter a propaga\u00e7\u00e3o do coronav\u00edrus em nosso meio.<\/em><\/p>\n<p style=\"text-align: justify;\"><em>A Universidade reitera \u00e0 comunidade universit\u00e1ria que, no cen\u00e1rio atual, qualquer caso de s\u00edndrome gripal (ou seja, febre e mais um sintoma de gripe, como dor no corpo ou tosse) \u00e9 potencialmente suspeito de ser coronav\u00edrus. Por isso, a UFBA recomenda enfaticamente que estudantes e trabalhadores com esses sintomas n\u00e3o compare\u00e7am \u00e0s suas atividades nos espa\u00e7os da Universidade, e que procurem os servi\u00e7os de sa\u00fade p\u00fablica para receber orienta\u00e7\u00e3o e atendimento adequados. Uma autodeclara\u00e7\u00e3o enviada por meio eletr\u00f4nico servir\u00e1, inicialmente, como justificativa para o afastamento, recomendando-se aos que necessitem permanecer afastados por per\u00edodo superior \u00e0 dura\u00e7\u00e3o m\u00e9dia de um resfriado comum que procurem atendimento m\u00e9dico adequado. Idosos e pessoas com doen\u00e7as cr\u00f4nicas, mais suscet\u00edveis \u00e0s consequ\u00eancias do coronav\u00edrus, dever\u00e3o receber aten\u00e7\u00e3o especial e tomar cuidado redobrado, evitando ao m\u00e1ximo a exposi\u00e7\u00e3o a aglomera\u00e7\u00f5es.<\/em><\/p>\n<p style=\"text-align: justify;\"><em>Tamb\u00e9m devem procurar os servi\u00e7os de sa\u00fade p\u00fablica, para notifica\u00e7\u00e3o e obten\u00e7\u00e3o de orienta\u00e7\u00f5es, membros da comunidade universit\u00e1ria e visitantes que tenham chegado de viagem recente a algum dos pa\u00edses com registro de transmiss\u00e3o do novo coronav\u00edrus, e que estejam apresentando sintomas de s\u00edndrome gripal ou, ainda, tenham tido contato direto com pessoas com esses sintomas. Reitera-se, tamb\u00e9m, a recomenda\u00e7\u00e3o de maior frequ\u00eancia de higieniza\u00e7\u00e3o das m\u00e3os, com \u00e1gua e sab\u00e3o ou \u00e1lcool gel, e de que se evite tossir sem cobrir devidamente a boca.<\/em><\/p>\n<p style=\"text-align: justify;\"><em>A Universidade seguir\u00e1 a recomenda\u00e7\u00e3o do Minist\u00e9rio da Sa\u00fade no que diz respeito \u00e0 suspens\u00e3o de eventos que promovam grandes aglomera\u00e7\u00f5es. Assim, atividades extracurriculares \u2013 a exemplo de congressos, simp\u00f3sios, cerim\u00f4nias de formatura, posse e entrega de t\u00edtulos honor\u00edficos, eventos comemorativos, cient\u00edficos, art\u00edsticos, culturais e esportivos \u2013 est\u00e3o suspensas e n\u00e3o dever\u00e3o ser reprogramadas at\u00e9 que se restabele\u00e7a a normalidade. O Centro de Esportes dever\u00e1 ser utilizado exclusivamente para atividades curriculares obrigat\u00f3rias; ser\u00e1 suspenso o funcionamento do Restaurante Universit\u00e1rio e dos Pontos de Distribui\u00e7\u00e3o \u2013 mantendo-se a distribui\u00e7\u00e3o de alimentos conforme regulamenta\u00e7\u00e3o a ser emitida pela Pr\u00f3-reitoria de A\u00e7\u00f5es Afirmativas e Assist\u00eancia Estudantil; e os museus da UFBA est\u00e3o temporariamente fechados \u00e0 visita\u00e7\u00e3o do p\u00fablico.<\/em><\/p>\n<p style=\"text-align: justify;\"><em>Tamb\u00e9m est\u00e3o suspensas as viagens nacionais e internacionais de qualquer natureza, que dever\u00e3o ser reavaliadas e remarcadas \u2013 a menos que haja justificativa incontorn\u00e1vel em contr\u00e1rio. Recomenda-se tamb\u00e9m que reuni\u00f5es e bancas de conclus\u00e3o de curso se realizem, sempre que poss\u00edvel, com a utiliza\u00e7\u00e3o de ferramentas digitais de comunica\u00e7\u00e3o.<\/em><\/p>\n<p style=\"text-align: justify;\"><em>A Universidade ir\u00e1 requalificar e intensificar seus servi\u00e7os de limpeza, visando a maximizar a efic\u00e1cia da desinfec\u00e7\u00e3o de banheiros e superf\u00edcies \u2013 como mesas, bancadas, ma\u00e7anetas, teclados e outras \u2013, com especial aten\u00e7\u00e3o aos locais mais sens\u00edveis, como a creche e as resid\u00eancias universit\u00e1rias, bem como, em particular, as \u00e1reas em que ocorrem pr\u00e1ticas de sa\u00fade, com os cuidados adicionais que lhes s\u00e3o caracter\u00edsticos e necess\u00e1rios.<\/em><\/p>\n<p style=\"text-align: justify;\"><em>Tendo em vista que grandes concentra\u00e7\u00f5es de pessoas em espa\u00e7os fechados criam condi\u00e7\u00f5es favor\u00e1veis \u00e0 transmiss\u00e3o do coronav\u00edrus, audit\u00f3rios e espa\u00e7os de grande porte que n\u00e3o possuam janelas n\u00e3o dever\u00e3o ser utilizados, privilegiando-se aqueles que disponham de ventila\u00e7\u00e3o natural. Ser\u00e1 temporariamente ampliada a oferta de servi\u00e7os do Buzufba nos hor\u00e1rios de pico, a fim de minimizar a concentra\u00e7\u00e3o m\u00e9dia de passageiros.<\/em><\/p>\n<p style=\"text-align: justify;\"><em>Uma campanha educativa, lastreada em informa\u00e7\u00f5es de fontes oficiais confi\u00e1veis e alinhada \u00e0s recomenda\u00e7\u00f5es das autoridades sanit\u00e1rias, est\u00e1 sendo desenvolvida por um grupo multidisciplinar que envolve diversas unidades e \u00f3rg\u00e3os da Universidade. E, a partir de hoje, a Ouvidoria da UFBA estar\u00e1 dispon\u00edvel, em dois turnos, para esclarecer d\u00favidas e prestar orienta\u00e7\u00f5es sobre o coronav\u00edrus, atrav\u00e9s do telefone 3283-7044.\u201d<\/em><\/p>\n<div class='share-to-whatsapp-wrapper'><div class='share-on-whsp'>Share on: <\/div><a data-text='Coronav\u00edrus: Ufba cancela eventos e suspende funcionamento do restaurante universit\u00e1rio' data-link='https:\/\/newsinfoco.com.br\/inicio\/coronavirus-ufba-cancela-eventos-e-suspende-funcionamento-do-restaurante-universitario\/' class='whatsapp-button whatsapp-share'>WhatsApp<\/a><div class='clear '><\/div><\/div>","protected":false},"excerpt":{"rendered":"<p>A Universidade Federal da Bahia (Ufba) come\u00e7ou a adotar medidas para conter a dissemina\u00e7\u00e3o do coronav\u00edrus. Em nota divulgada na manh\u00e3 desta sexta-feira (13), a institui\u00e7\u00e3o informou que as aulas est\u00e3o mantidas, mas suspendeu eventos que concentram grande n\u00famero de pessoas, como congressos, eventos de formatura e palestras, e viagens nacionais e internacionais. O funcionamento [&hellip;]<\/p>\n","protected":false},"author":1,"featured_media":5911,"comment_status":"open","ping_status":"open","sticky":false,"template":"","format":"standard","meta":{"om_disable_all_campaigns":false,"_exactmetrics_skip_tracking":false,"_exactmetrics_sitenote_active":false,"_exactmetrics_sitenote_note":"","_exactmetrics_sitenote_category":0,"footnotes":""},"categories":[19],"tags":[],"class_list":["post-20624","post","type-post","status-publish","format-standard","has-post-thumbnail","hentry","category-bahia"],"aioseo_notices":[],"_links":{"self":[{"href":"https:\/\/newsinfoco.com.br\/inicio\/wp-json\/wp\/v2\/posts\/20624","targetHints":{"allow":["GET"]}}],"collection":[{"href":"https:\/\/newsinfoco.com.br\/inicio\/wp-json\/wp\/v2\/posts"}],"about":[{"href":"https:\/\/newsinfoco.com.br\/inicio\/wp-json\/wp\/v2\/types\/post"}],"author":[{"embeddable":true,"href":"https:\/\/newsinfoco.com.br\/inicio\/wp-json\/wp\/v2\/users\/1"}],"replies":[{"embeddable":true,"href":"https:\/\/newsinfoco.com.br\/inicio\/wp-json\/wp\/v2\/comments?post=20624"}],"version-history":[{"count":0,"href":"https:\/\/newsinfoco.com.br\/inicio\/wp-json\/wp\/v2\/posts\/20624\/revisions"}],"wp:featuredmedia":[{"embeddable":true,"href":"https:\/\/newsinfoco.com.br\/inicio\/wp-json\/wp\/v2\/media\/5911"}],"wp:attachment":[{"href":"https:\/\/newsinfoco.com.br\/inicio\/wp-json\/wp\/v2\/media?parent=20624"}],"wp:term":[{"taxonomy":"category","embeddable":true,"href":"https:\/\/newsinfoco.com.br\/inicio\/wp-json\/wp\/v2\/categories?post=20624"},{"taxonomy":"post_tag","embeddable":true,"href":"https:\/\/newsinfoco.com.br\/inicio\/wp-json\/wp\/v2\/tags?post=20624"}],"curies":[{"name":"wp","href":"https:\/\/api.w.org\/{rel}","templated":true}]}}