{"id":20628,"date":"2020-03-13T16:22:53","date_gmt":"2020-03-13T19:22:53","guid":{"rendered":"http:\/\/newsinfoco.com.br\/?p=20628"},"modified":"2020-03-13T16:22:53","modified_gmt":"2020-03-13T19:22:53","slug":"feira-de-santana-coronavirus-leva-colbert-a-anunciar-cancelamento-da-micareta","status":"publish","type":"post","link":"https:\/\/newsinfoco.com.br\/inicio\/feira-de-santana-coronavirus-leva-colbert-a-anunciar-cancelamento-da-micareta\/","title":{"rendered":"Feira de Santana: coronav\u00edrus leva Colbert a anunciar cancelamento da micareta"},"content":{"rendered":"<p style=\"text-align: justify;\">O prefeito de Feira de Santana, Colbert Martins (MDB), anunciou na manh\u00e3 desta sexta-feira (13) o cancelamento da tradicional micareta, prevista para acontecer entre os dias 23 e 26 de abril. \u201cEstamos decretando uma situa\u00e7\u00e3o excepcional em Feira de Santana com rela\u00e7\u00e3o aos eventos festivos na cidade e eventos de massa. Faltam 40 dias para a Micareta e estamos adiando a Micareta. Estamos tratando de transmiss\u00e3o de v\u00edrus em eventos. \u00c9 um decreto emergencial que afetar\u00e1 nossa cidade em todos os segmentos\u201d, disse o gestor em entrevista coletiva, no audit\u00f3rio da Secret\u00e1ria Municipal de Sa\u00fade.<\/p>\n<p style=\"text-align: justify;\">Em nota, Colbert acrescentou que a prefeitura instalou o Comit\u00ea de Acompanhamento das A\u00e7\u00f5es de Controle ao Coronav\u00edrus e tem ouvido opini\u00f5es de especialistas. Confira:<\/p><div class=\"newsi-conteudo_19\" id=\"newsi-2679129590\"><a href=\"https:\/\/www.instagram.com\/prefeituraalagoinhas?igsh=YzgzdDJ1bWR3aWI4\" aria-label=\"SAVE_20251006_221555\"><img loading=\"lazy\" decoding=\"async\" src=\"https:\/\/newsinfoco.com.br\/inicio\/wp-content\/uploads\/2025\/10\/SAVE_20251006_221555-rotated.jpg\" alt=\"\"  srcset=\"https:\/\/newsinfoco.com.br\/inicio\/wp-content\/uploads\/2025\/10\/SAVE_20251006_221555-rotated.jpg 1140w, https:\/\/newsinfoco.com.br\/inicio\/wp-content\/uploads\/2025\/10\/SAVE_20251006_221555-300x52.jpg 300w, https:\/\/newsinfoco.com.br\/inicio\/wp-content\/uploads\/2025\/10\/SAVE_20251006_221555-1024x177.jpg 1024w, https:\/\/newsinfoco.com.br\/inicio\/wp-content\/uploads\/2025\/10\/SAVE_20251006_221555-768x133.jpg 768w, https:\/\/newsinfoco.com.br\/inicio\/wp-content\/uploads\/2025\/10\/SAVE_20251006_221555-600x104.jpg 600w, https:\/\/newsinfoco.com.br\/inicio\/wp-content\/uploads\/2025\/10\/SAVE_20251006_221555-696x120.jpg 696w, https:\/\/newsinfoco.com.br\/inicio\/wp-content\/uploads\/2025\/10\/SAVE_20251006_221555-1068x185.jpg 1068w\" sizes=\"(max-width: 1140px) 100vw, 1140px\" width=\"1140\" height=\"197\"   \/><\/a><\/div>\n<p style=\"text-align: justify;\"><em>\u201cCuidar das pessoas vem de minha educa\u00e7\u00e3o, do exemplo que tive em minha casa e da minha profiss\u00e3o. Antes de ser prefeito, sou m\u00e9dico. Estou acompanhando as not\u00edcias do Coronav\u00edrus desde os acontecimentos iniciais no exterior. A partir das suspeitas do primeiro caso em Feira de Santana, mobilizamos toda a nossa equipe, seguindo as orienta\u00e7\u00f5es da Organiza\u00e7\u00e3o Mundial de Sa\u00fade e do Minist\u00e9rio da Sa\u00fade.<\/em><\/p>\n<p style=\"text-align: justify;\"><em>Instalamos o Comit\u00ea de Acompanhamento das A\u00e7\u00f5es de Controle ao Coronav\u00edrus, para tratar exclusivamente destes casos. Acompanhando as pessoas que foram infectadas e examinando todos aqueles que tiveram algum tipo de contato com elas neste per\u00edodo.<\/em><\/p>\n<p style=\"text-align: justify;\"><em>Ouvindo as recomenda\u00e7\u00f5es dos especialistas, assim como em todos os eventos no mundo, tamb\u00e9m decidimos adiar a nossa tradicional Micareta, que h\u00e1 mais de oitenta anos movimenta Feira de Santana. Uma orienta\u00e7\u00e3o que ser\u00e1 aplicada em todos os eventos do munic\u00edpio, que envolva aglomera\u00e7\u00e3o de pessoas, at\u00e9 que a situa\u00e7\u00e3o seja normalizada.<\/em><\/p>\n<p style=\"text-align: justify;\"><em>\u00c9 importante neste momento, mantermos a ordem e a tranquilidade, buscando as orienta\u00e7\u00f5es corretas sobre os cuidados que devemos tomar. Informo \u00e0 todos, que n\u00e3o pouparemos esfor\u00e7os para atender pacientes que venham a ter sintomas e realizar os procedimentos necess\u00e1rios.<\/em><br \/>\n<em>Como cidad\u00e3o feirense, lamento termos que adiar a micareta. Tenho a consci\u00eancia tranquila de que esta \u00e9 a melhor decis\u00e3o. Sei que \u00e9 a nossa maior festa, que seria um momento de felicidade, por\u00e9m nossa maior alegria \u00e9 com a sa\u00fade de nossa gente\u201d.<\/em><\/p>\n<p style=\"text-align: justify;\"><em>Colbert Martins<\/em><\/p>\n<div class='share-to-whatsapp-wrapper'><div class='share-on-whsp'>Share on: <\/div><a data-text='Feira de Santana: coronav\u00edrus leva Colbert a anunciar cancelamento da micareta' data-link='https:\/\/newsinfoco.com.br\/inicio\/feira-de-santana-coronavirus-leva-colbert-a-anunciar-cancelamento-da-micareta\/' class='whatsapp-button whatsapp-share'>WhatsApp<\/a><div class='clear '><\/div><\/div>","protected":false},"excerpt":{"rendered":"<p>O prefeito de Feira de Santana, Colbert Martins (MDB), anunciou na manh\u00e3 desta sexta-feira (13) o cancelamento da tradicional micareta, prevista para acontecer entre os dias 23 e 26 de abril. \u201cEstamos decretando uma situa\u00e7\u00e3o excepcional em Feira de Santana com rela\u00e7\u00e3o aos eventos festivos na cidade e eventos de massa. Faltam 40 dias para [&hellip;]<\/p>\n","protected":false},"author":1,"featured_media":12586,"comment_status":"open","ping_status":"open","sticky":false,"template":"","format":"standard","meta":{"om_disable_all_campaigns":false,"_exactmetrics_skip_tracking":false,"_exactmetrics_sitenote_active":false,"_exactmetrics_sitenote_note":"","_exactmetrics_sitenote_category":0,"footnotes":""},"categories":[19],"tags":[],"class_list":["post-20628","post","type-post","status-publish","format-standard","has-post-thumbnail","hentry","category-bahia"],"aioseo_notices":[],"_links":{"self":[{"href":"https:\/\/newsinfoco.com.br\/inicio\/wp-json\/wp\/v2\/posts\/20628","targetHints":{"allow":["GET"]}}],"collection":[{"href":"https:\/\/newsinfoco.com.br\/inicio\/wp-json\/wp\/v2\/posts"}],"about":[{"href":"https:\/\/newsinfoco.com.br\/inicio\/wp-json\/wp\/v2\/types\/post"}],"author":[{"embeddable":true,"href":"https:\/\/newsinfoco.com.br\/inicio\/wp-json\/wp\/v2\/users\/1"}],"replies":[{"embeddable":true,"href":"https:\/\/newsinfoco.com.br\/inicio\/wp-json\/wp\/v2\/comments?post=20628"}],"version-history":[{"count":0,"href":"https:\/\/newsinfoco.com.br\/inicio\/wp-json\/wp\/v2\/posts\/20628\/revisions"}],"wp:featuredmedia":[{"embeddable":true,"href":"https:\/\/newsinfoco.com.br\/inicio\/wp-json\/wp\/v2\/media\/12586"}],"wp:attachment":[{"href":"https:\/\/newsinfoco.com.br\/inicio\/wp-json\/wp\/v2\/media?parent=20628"}],"wp:term":[{"taxonomy":"category","embeddable":true,"href":"https:\/\/newsinfoco.com.br\/inicio\/wp-json\/wp\/v2\/categories?post=20628"},{"taxonomy":"post_tag","embeddable":true,"href":"https:\/\/newsinfoco.com.br\/inicio\/wp-json\/wp\/v2\/tags?post=20628"}],"curies":[{"name":"wp","href":"https:\/\/api.w.org\/{rel}","templated":true}]}}