{"id":20630,"date":"2020-03-13T16:28:58","date_gmt":"2020-03-13T19:28:58","guid":{"rendered":"http:\/\/newsinfoco.com.br\/?p=20630"},"modified":"2020-03-13T16:28:58","modified_gmt":"2020-03-13T19:28:58","slug":"apos-anunciar-que-nao-tem-coronavirus-bolsonaro-volta-ao-trabalho","status":"publish","type":"post","link":"https:\/\/newsinfoco.com.br\/inicio\/apos-anunciar-que-nao-tem-coronavirus-bolsonaro-volta-ao-trabalho\/","title":{"rendered":"Ap\u00f3s anunciar que n\u00e3o tem coronav\u00edrus, Bolsonaro volta ao trabalho"},"content":{"rendered":"<p style=\"text-align: justify;\">O presidente Jair Bolsonaro voltou a trabalhar no Pal\u00e1cio do Planalto na tarde desta sexta-feira (13), ap\u00f3s anunciar pelas redes sociais que deu negativo o teste que fez para identificar a presen\u00e7a do novo coronav\u00edrus.<\/p>\n<p style=\"text-align: justify;\">Ao conversar com apoiadores, Bolsonaro ficou a uma dist\u00e2ncia de cerca de tr\u00eas metros do grupo. O presidente costuma cumprimentar, abra\u00e7ar e fazer \u201cselfies\u201d com os visitantes.<\/p><div class=\"newsi-conteudo_19\" id=\"newsi-1194352984\"><a href=\"https:\/\/www.instagram.com\/prefeituraalagoinhas?igsh=YzgzdDJ1bWR3aWI4\" aria-label=\"SAVE_20251006_221555\"><img loading=\"lazy\" decoding=\"async\" src=\"https:\/\/newsinfoco.com.br\/inicio\/wp-content\/uploads\/2025\/10\/SAVE_20251006_221555-rotated.jpg\" alt=\"\"  srcset=\"https:\/\/newsinfoco.com.br\/inicio\/wp-content\/uploads\/2025\/10\/SAVE_20251006_221555-rotated.jpg 1140w, https:\/\/newsinfoco.com.br\/inicio\/wp-content\/uploads\/2025\/10\/SAVE_20251006_221555-300x52.jpg 300w, https:\/\/newsinfoco.com.br\/inicio\/wp-content\/uploads\/2025\/10\/SAVE_20251006_221555-1024x177.jpg 1024w, https:\/\/newsinfoco.com.br\/inicio\/wp-content\/uploads\/2025\/10\/SAVE_20251006_221555-768x133.jpg 768w, https:\/\/newsinfoco.com.br\/inicio\/wp-content\/uploads\/2025\/10\/SAVE_20251006_221555-600x104.jpg 600w, https:\/\/newsinfoco.com.br\/inicio\/wp-content\/uploads\/2025\/10\/SAVE_20251006_221555-696x120.jpg 696w, https:\/\/newsinfoco.com.br\/inicio\/wp-content\/uploads\/2025\/10\/SAVE_20251006_221555-1068x185.jpg 1068w\" sizes=\"(max-width: 1140px) 100vw, 1140px\" width=\"1140\" height=\"197\"   \/><\/a><\/div>\n<p style=\"text-align: justify;\">Na quinta (13), o chefe da Secretaria de Comunica\u00e7\u00e3o (Secom) do governo federal, F\u00e1bio Wajngarten, foi testado positivo para o Covid-19.<\/p>\n<p>&nbsp;<\/p>\n<div class='share-to-whatsapp-wrapper'><div class='share-on-whsp'>Share on: <\/div><a data-text='Ap\u00f3s anunciar que n\u00e3o tem coronav\u00edrus, Bolsonaro volta ao trabalho' data-link='https:\/\/newsinfoco.com.br\/inicio\/apos-anunciar-que-nao-tem-coronavirus-bolsonaro-volta-ao-trabalho\/' class='whatsapp-button whatsapp-share'>WhatsApp<\/a><div class='clear '><\/div><\/div>","protected":false},"excerpt":{"rendered":"<p>O presidente Jair Bolsonaro voltou a trabalhar no Pal\u00e1cio do Planalto na tarde desta sexta-feira (13), ap\u00f3s anunciar pelas redes sociais que deu negativo o teste que fez para identificar a presen\u00e7a do novo coronav\u00edrus. Ao conversar com apoiadores, Bolsonaro ficou a uma dist\u00e2ncia de cerca de tr\u00eas metros do grupo. O presidente costuma cumprimentar, [&hellip;]<\/p>\n","protected":false},"author":1,"featured_media":20631,"comment_status":"open","ping_status":"open","sticky":false,"template":"","format":"standard","meta":{"om_disable_all_campaigns":false,"_exactmetrics_skip_tracking":false,"_exactmetrics_sitenote_active":false,"_exactmetrics_sitenote_note":"","_exactmetrics_sitenote_category":0,"footnotes":""},"categories":[21],"tags":[],"class_list":["post-20630","post","type-post","status-publish","format-standard","has-post-thumbnail","hentry","category-brasil"],"aioseo_notices":[],"_links":{"self":[{"href":"https:\/\/newsinfoco.com.br\/inicio\/wp-json\/wp\/v2\/posts\/20630","targetHints":{"allow":["GET"]}}],"collection":[{"href":"https:\/\/newsinfoco.com.br\/inicio\/wp-json\/wp\/v2\/posts"}],"about":[{"href":"https:\/\/newsinfoco.com.br\/inicio\/wp-json\/wp\/v2\/types\/post"}],"author":[{"embeddable":true,"href":"https:\/\/newsinfoco.com.br\/inicio\/wp-json\/wp\/v2\/users\/1"}],"replies":[{"embeddable":true,"href":"https:\/\/newsinfoco.com.br\/inicio\/wp-json\/wp\/v2\/comments?post=20630"}],"version-history":[{"count":0,"href":"https:\/\/newsinfoco.com.br\/inicio\/wp-json\/wp\/v2\/posts\/20630\/revisions"}],"wp:featuredmedia":[{"embeddable":true,"href":"https:\/\/newsinfoco.com.br\/inicio\/wp-json\/wp\/v2\/media\/20631"}],"wp:attachment":[{"href":"https:\/\/newsinfoco.com.br\/inicio\/wp-json\/wp\/v2\/media?parent=20630"}],"wp:term":[{"taxonomy":"category","embeddable":true,"href":"https:\/\/newsinfoco.com.br\/inicio\/wp-json\/wp\/v2\/categories?post=20630"},{"taxonomy":"post_tag","embeddable":true,"href":"https:\/\/newsinfoco.com.br\/inicio\/wp-json\/wp\/v2\/tags?post=20630"}],"curies":[{"name":"wp","href":"https:\/\/api.w.org\/{rel}","templated":true}]}}