{"id":20633,"date":"2020-03-13T16:32:40","date_gmt":"2020-03-13T19:32:40","guid":{"rendered":"http:\/\/newsinfoco.com.br\/?p=20633"},"modified":"2020-03-13T16:32:40","modified_gmt":"2020-03-13T19:32:40","slug":"ministerio-recomenda-quarentena-de-7-dias-para-quem-chegar-do-exterior","status":"publish","type":"post","link":"https:\/\/newsinfoco.com.br\/inicio\/ministerio-recomenda-quarentena-de-7-dias-para-quem-chegar-do-exterior\/","title":{"rendered":"Minist\u00e9rio recomenda quarentena de 7 dias para quem chegar do exterior"},"content":{"rendered":"<p style=\"text-align: justify;\">O Minist\u00e9rio da Sa\u00fade recomendou, nesta sexta-feira, que os viajantes internacionais que chegarem ao Brasil nos pr\u00f3ximos dias fiquem em isolamento domiciliar por, pelo menos, sete dias.<\/p>\n<p style=\"text-align: justify;\">A recomenda\u00e7\u00e3o \u00e9 para pessoas com sintomas e tamb\u00e9m as que n\u00e3o apresentarem nenhum sintomas de Covid-19.\u00a0Segundo a pasta, a orienta\u00e7\u00e3o \u00e9 que grandes eventos tamb\u00e9m sejam cancelados como forma de preven\u00e7\u00e3o para a prolifera\u00e7\u00e3o do v\u00edrus.<\/p><div class=\"newsi-conteudo_19\" id=\"newsi-2476933384\"><a href=\"https:\/\/www.instagram.com\/prefeituraalagoinhas?igsh=YzgzdDJ1bWR3aWI4\" aria-label=\"SAVE_20251006_221555\"><img loading=\"lazy\" decoding=\"async\" src=\"https:\/\/newsinfoco.com.br\/inicio\/wp-content\/uploads\/2025\/10\/SAVE_20251006_221555-rotated.jpg\" alt=\"\"  srcset=\"https:\/\/newsinfoco.com.br\/inicio\/wp-content\/uploads\/2025\/10\/SAVE_20251006_221555-rotated.jpg 1140w, https:\/\/newsinfoco.com.br\/inicio\/wp-content\/uploads\/2025\/10\/SAVE_20251006_221555-300x52.jpg 300w, https:\/\/newsinfoco.com.br\/inicio\/wp-content\/uploads\/2025\/10\/SAVE_20251006_221555-1024x177.jpg 1024w, https:\/\/newsinfoco.com.br\/inicio\/wp-content\/uploads\/2025\/10\/SAVE_20251006_221555-768x133.jpg 768w, https:\/\/newsinfoco.com.br\/inicio\/wp-content\/uploads\/2025\/10\/SAVE_20251006_221555-600x104.jpg 600w, https:\/\/newsinfoco.com.br\/inicio\/wp-content\/uploads\/2025\/10\/SAVE_20251006_221555-696x120.jpg 696w, https:\/\/newsinfoco.com.br\/inicio\/wp-content\/uploads\/2025\/10\/SAVE_20251006_221555-1068x185.jpg 1068w\" sizes=\"(max-width: 1140px) 100vw, 1140px\" width=\"1140\" height=\"197\"   \/><\/a><\/div>\n<p style=\"text-align: justify;\">Contudo, segundo o minist\u00e9rio, os viajantes internacionais devem procurar uma unidade de sa\u00fade se, durante esse isolamento, tiverem falta de ar (dispneia), ou febre com tosse. No caso de falta de ar, dever\u00e1 ser procurada uma unidade de refer\u00eancia.<\/p>\n<p style=\"text-align: justify;\">As pessoas com sintomas devem ficar em isolamento domiciliar por at\u00e9 14 dias. Na quinta-feira (12), a pasta anunciou que pessoas que tiverem contato com infectados pelo v\u00edrus tamb\u00e9m poderiam ser colocadas em isolamento, conforme recomenda\u00e7\u00e3o m\u00e9dica.<\/p>\n<p style=\"text-align: justify;\">As medidas est\u00e3o entre as divulgadas pela pasta, a todos os estados, para o combate ao novo coronav\u00edrus no Brasil. Se as medidas propostas n\u00e3o forem adotadas, \u00e9 poss\u00edvel que o n\u00famero de casos no pa\u00eds dobre a cada tr\u00eas dias, segundo o minist\u00e9rio.<\/p>\n<p>&nbsp;<\/p>\n<div class='share-to-whatsapp-wrapper'><div class='share-on-whsp'>Share on: <\/div><a data-text='Minist\u00e9rio recomenda quarentena de 7 dias para quem chegar do exterior' data-link='https:\/\/newsinfoco.com.br\/inicio\/ministerio-recomenda-quarentena-de-7-dias-para-quem-chegar-do-exterior\/' class='whatsapp-button whatsapp-share'>WhatsApp<\/a><div class='clear '><\/div><\/div>","protected":false},"excerpt":{"rendered":"<p>O Minist\u00e9rio da Sa\u00fade recomendou, nesta sexta-feira, que os viajantes internacionais que chegarem ao Brasil nos pr\u00f3ximos dias fiquem em isolamento domiciliar por, pelo menos, sete dias. A recomenda\u00e7\u00e3o \u00e9 para pessoas com sintomas e tamb\u00e9m as que n\u00e3o apresentarem nenhum sintomas de Covid-19.\u00a0Segundo a pasta, a orienta\u00e7\u00e3o \u00e9 que grandes eventos tamb\u00e9m sejam cancelados [&hellip;]<\/p>\n","protected":false},"author":1,"featured_media":20634,"comment_status":"open","ping_status":"open","sticky":false,"template":"","format":"standard","meta":{"om_disable_all_campaigns":false,"_exactmetrics_skip_tracking":false,"_exactmetrics_sitenote_active":false,"_exactmetrics_sitenote_note":"","_exactmetrics_sitenote_category":0,"footnotes":""},"categories":[21],"tags":[],"class_list":["post-20633","post","type-post","status-publish","format-standard","has-post-thumbnail","hentry","category-brasil"],"aioseo_notices":[],"_links":{"self":[{"href":"https:\/\/newsinfoco.com.br\/inicio\/wp-json\/wp\/v2\/posts\/20633","targetHints":{"allow":["GET"]}}],"collection":[{"href":"https:\/\/newsinfoco.com.br\/inicio\/wp-json\/wp\/v2\/posts"}],"about":[{"href":"https:\/\/newsinfoco.com.br\/inicio\/wp-json\/wp\/v2\/types\/post"}],"author":[{"embeddable":true,"href":"https:\/\/newsinfoco.com.br\/inicio\/wp-json\/wp\/v2\/users\/1"}],"replies":[{"embeddable":true,"href":"https:\/\/newsinfoco.com.br\/inicio\/wp-json\/wp\/v2\/comments?post=20633"}],"version-history":[{"count":0,"href":"https:\/\/newsinfoco.com.br\/inicio\/wp-json\/wp\/v2\/posts\/20633\/revisions"}],"wp:featuredmedia":[{"embeddable":true,"href":"https:\/\/newsinfoco.com.br\/inicio\/wp-json\/wp\/v2\/media\/20634"}],"wp:attachment":[{"href":"https:\/\/newsinfoco.com.br\/inicio\/wp-json\/wp\/v2\/media?parent=20633"}],"wp:term":[{"taxonomy":"category","embeddable":true,"href":"https:\/\/newsinfoco.com.br\/inicio\/wp-json\/wp\/v2\/categories?post=20633"},{"taxonomy":"post_tag","embeddable":true,"href":"https:\/\/newsinfoco.com.br\/inicio\/wp-json\/wp\/v2\/tags?post=20633"}],"curies":[{"name":"wp","href":"https:\/\/api.w.org\/{rel}","templated":true}]}}