{"id":20636,"date":"2020-03-13T16:36:16","date_gmt":"2020-03-13T19:36:16","guid":{"rendered":"http:\/\/newsinfoco.com.br\/?p=20636"},"modified":"2020-03-13T16:36:16","modified_gmt":"2020-03-13T19:36:16","slug":"tabata-amaral-apresenta-projeto-de-lei-que-amplia-licenca-paternidade-para-60-dias","status":"publish","type":"post","link":"https:\/\/newsinfoco.com.br\/inicio\/tabata-amaral-apresenta-projeto-de-lei-que-amplia-licenca-paternidade-para-60-dias\/","title":{"rendered":"Tabata Amaral apresenta projeto de lei que amplia licen\u00e7a paternidade para 60 dias"},"content":{"rendered":"<p style=\"text-align: justify;\">A deputada federal Tabata Amaral (PDT) apresentou um projeto de lei para ampliar de cinco a 60 dias a licen\u00e7a paternidade.<\/p>\n<p style=\"text-align: justify;\">A parlamentar argumenta no projeto que o papel do pai \u00e9 fundamental para o desenvolvimento emocional do filho rec\u00e9m-nascido.<\/p><div class=\"newsi-conteudo_19\" id=\"newsi-3982594753\"><a href=\"https:\/\/www.instagram.com\/prefeituraalagoinhas?igsh=YzgzdDJ1bWR3aWI4\" aria-label=\"SAVE_20251006_221555\"><img loading=\"lazy\" decoding=\"async\" src=\"https:\/\/newsinfoco.com.br\/inicio\/wp-content\/uploads\/2025\/10\/SAVE_20251006_221555-rotated.jpg\" alt=\"\"  srcset=\"https:\/\/newsinfoco.com.br\/inicio\/wp-content\/uploads\/2025\/10\/SAVE_20251006_221555-rotated.jpg 1140w, https:\/\/newsinfoco.com.br\/inicio\/wp-content\/uploads\/2025\/10\/SAVE_20251006_221555-300x52.jpg 300w, https:\/\/newsinfoco.com.br\/inicio\/wp-content\/uploads\/2025\/10\/SAVE_20251006_221555-1024x177.jpg 1024w, https:\/\/newsinfoco.com.br\/inicio\/wp-content\/uploads\/2025\/10\/SAVE_20251006_221555-768x133.jpg 768w, https:\/\/newsinfoco.com.br\/inicio\/wp-content\/uploads\/2025\/10\/SAVE_20251006_221555-600x104.jpg 600w, https:\/\/newsinfoco.com.br\/inicio\/wp-content\/uploads\/2025\/10\/SAVE_20251006_221555-696x120.jpg 696w, https:\/\/newsinfoco.com.br\/inicio\/wp-content\/uploads\/2025\/10\/SAVE_20251006_221555-1068x185.jpg 1068w\" sizes=\"(max-width: 1140px) 100vw, 1140px\" width=\"1140\" height=\"197\"   \/><\/a><\/div>\n<p style=\"text-align: justify;\">\u201cSe o papel da m\u00e3e j\u00e1 \u00e9 devidamente percebido, o mesmo n\u00e3o se pode falar em rela\u00e7\u00e3o ao pai, cuja import\u00e2ncia da presen\u00e7a junto ao filho em um momento crucial para o seu desenvolvimento emocional tem sido relegada a um segundo plano\u201d, diz.<\/p>\n<p style=\"text-align: justify;\">De acordo com ela, o poder p\u00fablico n\u00e3o ter\u00e1 novos gastos caso a lei seja aprovada pelo Congresso.<\/p>\n<p style=\"text-align: justify;\">\u201cDeve ser observado, ainda, que a aprova\u00e7\u00e3o do projeto n\u00e3o acarretar\u00e1 \u00f4nus adicional aos cofres p\u00fablicos, uma vez que somente a licen\u00e7a-maternidade \u00e9 custeada com recursos da Seguridade Social. A licen\u00e7a paternidade, por sua vez, j\u00e1 \u00e9 de responsabilidade do empregador\u201d, afirma.<\/p>\n<div class='share-to-whatsapp-wrapper'><div class='share-on-whsp'>Share on: <\/div><a data-text='Tabata Amaral apresenta projeto de lei que amplia licen\u00e7a paternidade para 60 dias' data-link='https:\/\/newsinfoco.com.br\/inicio\/tabata-amaral-apresenta-projeto-de-lei-que-amplia-licenca-paternidade-para-60-dias\/' class='whatsapp-button whatsapp-share'>WhatsApp<\/a><div class='clear '><\/div><\/div>","protected":false},"excerpt":{"rendered":"<p>A deputada federal Tabata Amaral (PDT) apresentou um projeto de lei para ampliar de cinco a 60 dias a licen\u00e7a paternidade. A parlamentar argumenta no projeto que o papel do pai \u00e9 fundamental para o desenvolvimento emocional do filho rec\u00e9m-nascido. \u201cSe o papel da m\u00e3e j\u00e1 \u00e9 devidamente percebido, o mesmo n\u00e3o se pode falar [&hellip;]<\/p>\n","protected":false},"author":1,"featured_media":20637,"comment_status":"open","ping_status":"open","sticky":false,"template":"","format":"standard","meta":{"om_disable_all_campaigns":false,"_exactmetrics_skip_tracking":false,"_exactmetrics_sitenote_active":false,"_exactmetrics_sitenote_note":"","_exactmetrics_sitenote_category":0,"footnotes":""},"categories":[21],"tags":[],"class_list":["post-20636","post","type-post","status-publish","format-standard","has-post-thumbnail","hentry","category-brasil"],"aioseo_notices":[],"_links":{"self":[{"href":"https:\/\/newsinfoco.com.br\/inicio\/wp-json\/wp\/v2\/posts\/20636","targetHints":{"allow":["GET"]}}],"collection":[{"href":"https:\/\/newsinfoco.com.br\/inicio\/wp-json\/wp\/v2\/posts"}],"about":[{"href":"https:\/\/newsinfoco.com.br\/inicio\/wp-json\/wp\/v2\/types\/post"}],"author":[{"embeddable":true,"href":"https:\/\/newsinfoco.com.br\/inicio\/wp-json\/wp\/v2\/users\/1"}],"replies":[{"embeddable":true,"href":"https:\/\/newsinfoco.com.br\/inicio\/wp-json\/wp\/v2\/comments?post=20636"}],"version-history":[{"count":0,"href":"https:\/\/newsinfoco.com.br\/inicio\/wp-json\/wp\/v2\/posts\/20636\/revisions"}],"wp:featuredmedia":[{"embeddable":true,"href":"https:\/\/newsinfoco.com.br\/inicio\/wp-json\/wp\/v2\/media\/20637"}],"wp:attachment":[{"href":"https:\/\/newsinfoco.com.br\/inicio\/wp-json\/wp\/v2\/media?parent=20636"}],"wp:term":[{"taxonomy":"category","embeddable":true,"href":"https:\/\/newsinfoco.com.br\/inicio\/wp-json\/wp\/v2\/categories?post=20636"},{"taxonomy":"post_tag","embeddable":true,"href":"https:\/\/newsinfoco.com.br\/inicio\/wp-json\/wp\/v2\/tags?post=20636"}],"curies":[{"name":"wp","href":"https:\/\/api.w.org\/{rel}","templated":true}]}}