{"id":20646,"date":"2020-03-15T11:42:08","date_gmt":"2020-03-15T14:42:08","guid":{"rendered":"http:\/\/newsinfoco.com.br\/?p=20646"},"modified":"2020-03-15T11:42:08","modified_gmt":"2020-03-15T14:42:08","slug":"paulo-cezar-usa-ameaca-de-filiacao-ao-dem-para-obter-concessao-de-aposentadoria-do-governador-rui-costa","status":"publish","type":"post","link":"https:\/\/newsinfoco.com.br\/inicio\/paulo-cezar-usa-ameaca-de-filiacao-ao-dem-para-obter-concessao-de-aposentadoria-do-governador-rui-costa\/","title":{"rendered":"Paulo Cezar usa amea\u00e7a de filia\u00e7\u00e3o ao DEM para obter concess\u00e3o de aposentadoria do governador Rui Costa"},"content":{"rendered":"<p style=\"text-align: justify;\">O pr\u00e9-candidato a prefeitura de Alagoinhas, Paulo Cezar, que lidera at\u00e9 aqui todas as pesquisas para a prefeitura da cidade, tem utilizado a possibilidade de se filiar ao DEM para obter do governo estadual a sua aposentadoria. Muita gente n\u00e3o sabe, mas Paulo foi funcion\u00e1rio de carreira da antiga Sudic, por mais de 40 anos e h\u00e1 tr\u00eas anos pediu a aposentadoria, o processo est\u00e1 emperrado na PGE. Ele acredita que a interven\u00e7\u00e3o direta do governador Rui Costa aceleraria o processo de concess\u00e3o.<\/p>\n<p style=\"text-align: justify;\">Ontem(14) o jornalista Vanderley Soares causou alvoro\u00e7o no meio politico local, em especial a equipe de PC, ao anunciar o acerto de filia\u00e7\u00e3o do ex-prefeito ao DEM. De imediato, a assessoria de comunica\u00e7\u00e3o de Paulo Cezar emitiu uma nota desmentindo a informa\u00e7\u00e3o, embora deixando claro que as conversas entre eles(PC e DEM) continuam. O medo \u00e9 que com a noticia da filia\u00e7\u00e3o, o governador trabalhe ao m\u00e1ximo para dificultar a concess\u00e3o dessa aposentadoria.<\/p>\n<p style=\"text-align: justify;\">Fontes relataram a este News Infoco, que realmente h\u00e1 uma especie de &#8216;acordo de cavalheiros&#8217; entre Paulo Cezar e o deputado Paulo Azi, presidente estadual do DEM para que o ex-prefeito migre para o partido de ACM Neto. Por\u00e9m, Paulo Cezar pediu um prazo para assinar a filia\u00e7\u00e3o. O motivo \u00e9 obvio, caso o governador Rui Costa lhe conceda a aposentadoria e outras benesses possa ser que ele seja candidato, mas pela base do governador.<\/p>\n<p style=\"text-align: justify;\">Para esta possibilidade, as fontes alertam, o deputado Paulo Azi n\u00e3o deixar\u00e1 barato a desfeita.<\/p>\n<p style=\"text-align: right;\">Por Caio Pimenta para o News Infoco<\/p>\n<div class='share-to-whatsapp-wrapper'><div class='share-on-whsp'>Share on: <\/div><a data-text='Paulo Cezar usa amea\u00e7a de filia\u00e7\u00e3o ao DEM para obter concess\u00e3o de aposentadoria do governador Rui Costa' data-link='https:\/\/newsinfoco.com.br\/inicio\/paulo-cezar-usa-ameaca-de-filiacao-ao-dem-para-obter-concessao-de-aposentadoria-do-governador-rui-costa\/' class='whatsapp-button whatsapp-share'>WhatsApp<\/a><div class='clear '><\/div><\/div>","protected":false},"excerpt":{"rendered":"<p>O pr\u00e9-candidato a prefeitura de Alagoinhas, Paulo Cezar, que lidera at\u00e9 aqui todas as pesquisas para a prefeitura da cidade, tem utilizado a possibilidade de se filiar ao DEM para obter do governo estadual a sua aposentadoria. Muita gente n\u00e3o sabe, mas Paulo foi funcion\u00e1rio de carreira da antiga Sudic, por mais de 40 anos [&hellip;]<\/p>\n","protected":false},"author":1,"featured_media":20647,"comment_status":"open","ping_status":"open","sticky":false,"template":"","format":"standard","meta":{"om_disable_all_campaigns":false,"rop_custom_images_group":[],"rop_custom_messages_group":[],"rop_publish_now":"initial","rop_publish_now_accounts":[],"rop_publish_now_history":[],"rop_publish_now_status":"pending","_exactmetrics_skip_tracking":false,"footnotes":""},"categories":[167],"tags":[],"class_list":["post-20646","post","type-post","status-publish","format-standard","has-post-thumbnail","hentry","category-exclusivas"],"aioseo_notices":[],"aioseo_head":"\n\t\t<!-- All in One SEO 4.9.10 - aioseo.com -->\n\t<meta name=\"description\" content=\"O pr\u00e9-candidato a prefeitura de Alagoinhas, Paulo Cezar, que lidera at\u00e9 aqui todas as pesquisas para a prefeitura da cidade, tem utilizado a possibilidade de se filiar ao DEM para obter do governo estadual a sua aposentadoria. Muita gente n\u00e3o sabe, mas Paulo foi funcion\u00e1rio de carreira da antiga Sudic, por mais de 40 anos\" \/>\n\t<meta name=\"robots\" content=\"max-image-preview:large\" \/>\n\t<meta name=\"author\" content=\"administrador\"\/>\n\t<link rel=\"canonical\" href=\"https:\/\/newsinfoco.com.br\/inicio\/paulo-cezar-usa-ameaca-de-filiacao-ao-dem-para-obter-concessao-de-aposentadoria-do-governador-rui-costa\/\" \/>\n\t<meta name=\"generator\" content=\"All in One SEO (AIOSEO) 4.9.10\" \/>\n\t\t<meta property=\"og:locale\" content=\"pt_BR\" \/>\n\t\t<meta property=\"og:site_name\" content=\"News In Foco - Editado por Caio Pimenta - O principal site de noticias de Alagoinhas e regi\u00e3o\" \/>\n\t\t<meta property=\"og:type\" content=\"article\" \/>\n\t\t<meta property=\"og:title\" content=\"Paulo Cezar usa amea\u00e7a de filia\u00e7\u00e3o ao DEM para obter concess\u00e3o de aposentadoria do governador Rui Costa - News In Foco - Editado por Caio Pimenta\" \/>\n\t\t<meta property=\"og:description\" content=\"O pr\u00e9-candidato a prefeitura de Alagoinhas, Paulo Cezar, que lidera at\u00e9 aqui todas as pesquisas para a prefeitura da cidade, tem utilizado a possibilidade de se filiar ao DEM para obter do governo estadual a sua aposentadoria. Muita gente n\u00e3o sabe, mas Paulo foi funcion\u00e1rio de carreira da antiga Sudic, por mais de 40 anos\" \/>\n\t\t<meta property=\"og:url\" content=\"https:\/\/newsinfoco.com.br\/inicio\/paulo-cezar-usa-ameaca-de-filiacao-ao-dem-para-obter-concessao-de-aposentadoria-do-governador-rui-costa\/\" \/>\n\t\t<meta property=\"article:published_time\" content=\"2020-03-15T14:42:08+00:00\" \/>\n\t\t<meta property=\"article:modified_time\" content=\"2020-03-15T14:42:08+00:00\" \/>\n\t\t<meta name=\"twitter:card\" content=\"summary_large_image\" \/>\n\t\t<meta name=\"twitter:title\" content=\"Paulo Cezar usa amea\u00e7a de filia\u00e7\u00e3o ao DEM para obter concess\u00e3o de aposentadoria do governador Rui Costa - News In Foco - Editado por Caio Pimenta\" \/>\n\t\t<meta name=\"twitter:description\" content=\"O pr\u00e9-candidato a prefeitura de Alagoinhas, Paulo Cezar, que lidera at\u00e9 aqui todas as pesquisas para a prefeitura da cidade, tem utilizado a possibilidade de se filiar ao DEM para obter do governo estadual a sua aposentadoria. Muita gente n\u00e3o sabe, mas Paulo foi funcion\u00e1rio de carreira da antiga Sudic, por mais de 40 anos\" \/>\n\t\t<script type=\"application\/ld+json\" class=\"aioseo-schema\">\n\t\t\t{\"@context\":\"https:\\\/\\\/schema.org\",\"@graph\":[{\"@type\":\"BlogPosting\",\"@id\":\"https:\\\/\\\/newsinfoco.com.br\\\/inicio\\\/paulo-cezar-usa-ameaca-de-filiacao-ao-dem-para-obter-concessao-de-aposentadoria-do-governador-rui-costa\\\/#blogposting\",\"name\":\"Paulo Cezar usa amea\\u00e7a de filia\\u00e7\\u00e3o ao DEM para obter concess\\u00e3o de aposentadoria do governador Rui Costa - News In Foco - Editado por Caio Pimenta\",\"headline\":\"Paulo Cezar usa amea\\u00e7a de filia\\u00e7\\u00e3o ao DEM para obter concess\\u00e3o de aposentadoria do governador Rui Costa\",\"author\":{\"@id\":\"https:\\\/\\\/newsinfoco.com.br\\\/inicio\\\/author\\\/administrador\\\/#author\"},\"publisher\":{\"@id\":\"https:\\\/\\\/newsinfoco.com.br\\\/inicio\\\/#organization\"},\"image\":{\"@type\":\"ImageObject\",\"url\":\"https:\\\/\\\/newsinfoco.com.br\\\/inicio\\\/wp-content\\\/uploads\\\/2020\\\/03\\\/001-1132x670-1.jpg\",\"width\":800,\"height\":532},\"datePublished\":\"2020-03-15T11:42:08-03:00\",\"dateModified\":\"2020-03-15T11:42:08-03:00\",\"inLanguage\":\"pt-BR\",\"mainEntityOfPage\":{\"@id\":\"https:\\\/\\\/newsinfoco.com.br\\\/inicio\\\/paulo-cezar-usa-ameaca-de-filiacao-ao-dem-para-obter-concessao-de-aposentadoria-do-governador-rui-costa\\\/#webpage\"},\"isPartOf\":{\"@id\":\"https:\\\/\\\/newsinfoco.com.br\\\/inicio\\\/paulo-cezar-usa-ameaca-de-filiacao-ao-dem-para-obter-concessao-de-aposentadoria-do-governador-rui-costa\\\/#webpage\"},\"articleSection\":\"Manchete\"},{\"@type\":\"BreadcrumbList\",\"@id\":\"https:\\\/\\\/newsinfoco.com.br\\\/inicio\\\/paulo-cezar-usa-ameaca-de-filiacao-ao-dem-para-obter-concessao-de-aposentadoria-do-governador-rui-costa\\\/#breadcrumblist\",\"itemListElement\":[{\"@type\":\"ListItem\",\"@id\":\"https:\\\/\\\/newsinfoco.com.br\\\/inicio#listItem\",\"position\":1,\"name\":\"In\\u00edcio\",\"item\":\"https:\\\/\\\/newsinfoco.com.br\\\/inicio\",\"nextItem\":{\"@type\":\"ListItem\",\"@id\":\"https:\\\/\\\/newsinfoco.com.br\\\/inicio\\\/category\\\/exclusivas\\\/#listItem\",\"name\":\"Manchete\"}},{\"@type\":\"ListItem\",\"@id\":\"https:\\\/\\\/newsinfoco.com.br\\\/inicio\\\/category\\\/exclusivas\\\/#listItem\",\"position\":2,\"name\":\"Manchete\",\"item\":\"https:\\\/\\\/newsinfoco.com.br\\\/inicio\\\/category\\\/exclusivas\\\/\",\"nextItem\":{\"@type\":\"ListItem\",\"@id\":\"https:\\\/\\\/newsinfoco.com.br\\\/inicio\\\/paulo-cezar-usa-ameaca-de-filiacao-ao-dem-para-obter-concessao-de-aposentadoria-do-governador-rui-costa\\\/#listItem\",\"name\":\"Paulo Cezar usa amea\\u00e7a de filia\\u00e7\\u00e3o ao DEM para obter concess\\u00e3o de aposentadoria do governador Rui Costa\"},\"previousItem\":{\"@type\":\"ListItem\",\"@id\":\"https:\\\/\\\/newsinfoco.com.br\\\/inicio#listItem\",\"name\":\"In\\u00edcio\"}},{\"@type\":\"ListItem\",\"@id\":\"https:\\\/\\\/newsinfoco.com.br\\\/inicio\\\/paulo-cezar-usa-ameaca-de-filiacao-ao-dem-para-obter-concessao-de-aposentadoria-do-governador-rui-costa\\\/#listItem\",\"position\":3,\"name\":\"Paulo Cezar usa amea\\u00e7a de filia\\u00e7\\u00e3o ao DEM para obter concess\\u00e3o de aposentadoria do governador Rui Costa\",\"previousItem\":{\"@type\":\"ListItem\",\"@id\":\"https:\\\/\\\/newsinfoco.com.br\\\/inicio\\\/category\\\/exclusivas\\\/#listItem\",\"name\":\"Manchete\"}}]},{\"@type\":\"Organization\",\"@id\":\"https:\\\/\\\/newsinfoco.com.br\\\/inicio\\\/#organization\",\"name\":\"News In Foco - Editado por Caio Pimenta\",\"description\":\"O principal site de noticias de Alagoinhas e regi\\u00e3o\",\"url\":\"https:\\\/\\\/newsinfoco.com.br\\\/inicio\\\/\"},{\"@type\":\"Person\",\"@id\":\"https:\\\/\\\/newsinfoco.com.br\\\/inicio\\\/author\\\/administrador\\\/#author\",\"url\":\"https:\\\/\\\/newsinfoco.com.br\\\/inicio\\\/author\\\/administrador\\\/\",\"name\":\"administrador\",\"image\":{\"@type\":\"ImageObject\",\"@id\":\"https:\\\/\\\/newsinfoco.com.br\\\/inicio\\\/paulo-cezar-usa-ameaca-de-filiacao-ao-dem-para-obter-concessao-de-aposentadoria-do-governador-rui-costa\\\/#authorImage\",\"url\":\"https:\\\/\\\/secure.gravatar.com\\\/avatar\\\/c17a617433de8c1dc9584bb79aab7563b46f5bb7e1728c9b17d9cc3ce6a08e49?s=96&d=mm&r=g\",\"width\":96,\"height\":96,\"caption\":\"administrador\"}},{\"@type\":\"WebPage\",\"@id\":\"https:\\\/\\\/newsinfoco.com.br\\\/inicio\\\/paulo-cezar-usa-ameaca-de-filiacao-ao-dem-para-obter-concessao-de-aposentadoria-do-governador-rui-costa\\\/#webpage\",\"url\":\"https:\\\/\\\/newsinfoco.com.br\\\/inicio\\\/paulo-cezar-usa-ameaca-de-filiacao-ao-dem-para-obter-concessao-de-aposentadoria-do-governador-rui-costa\\\/\",\"name\":\"Paulo Cezar usa amea\\u00e7a de filia\\u00e7\\u00e3o ao DEM para obter concess\\u00e3o de aposentadoria do governador Rui Costa - News In Foco - Editado por Caio Pimenta\",\"description\":\"O pr\\u00e9-candidato a prefeitura de Alagoinhas, Paulo Cezar, que lidera at\\u00e9 aqui todas as pesquisas para a prefeitura da cidade, tem utilizado a possibilidade de se filiar ao DEM para obter do governo estadual a sua aposentadoria. Muita gente n\\u00e3o sabe, mas Paulo foi funcion\\u00e1rio de carreira da antiga Sudic, por mais de 40 anos\",\"inLanguage\":\"pt-BR\",\"isPartOf\":{\"@id\":\"https:\\\/\\\/newsinfoco.com.br\\\/inicio\\\/#website\"},\"breadcrumb\":{\"@id\":\"https:\\\/\\\/newsinfoco.com.br\\\/inicio\\\/paulo-cezar-usa-ameaca-de-filiacao-ao-dem-para-obter-concessao-de-aposentadoria-do-governador-rui-costa\\\/#breadcrumblist\"},\"author\":{\"@id\":\"https:\\\/\\\/newsinfoco.com.br\\\/inicio\\\/author\\\/administrador\\\/#author\"},\"creator\":{\"@id\":\"https:\\\/\\\/newsinfoco.com.br\\\/inicio\\\/author\\\/administrador\\\/#author\"},\"image\":{\"@type\":\"ImageObject\",\"url\":\"https:\\\/\\\/newsinfoco.com.br\\\/inicio\\\/wp-content\\\/uploads\\\/2020\\\/03\\\/001-1132x670-1.jpg\",\"@id\":\"https:\\\/\\\/newsinfoco.com.br\\\/inicio\\\/paulo-cezar-usa-ameaca-de-filiacao-ao-dem-para-obter-concessao-de-aposentadoria-do-governador-rui-costa\\\/#mainImage\",\"width\":800,\"height\":532},\"primaryImageOfPage\":{\"@id\":\"https:\\\/\\\/newsinfoco.com.br\\\/inicio\\\/paulo-cezar-usa-ameaca-de-filiacao-ao-dem-para-obter-concessao-de-aposentadoria-do-governador-rui-costa\\\/#mainImage\"},\"datePublished\":\"2020-03-15T11:42:08-03:00\",\"dateModified\":\"2020-03-15T11:42:08-03:00\"},{\"@type\":\"WebSite\",\"@id\":\"https:\\\/\\\/newsinfoco.com.br\\\/inicio\\\/#website\",\"url\":\"https:\\\/\\\/newsinfoco.com.br\\\/inicio\\\/\",\"name\":\"News In Foco - Editado por Caio Pimenta\",\"description\":\"O principal site de noticias de Alagoinhas e regi\\u00e3o\",\"inLanguage\":\"pt-BR\",\"publisher\":{\"@id\":\"https:\\\/\\\/newsinfoco.com.br\\\/inicio\\\/#organization\"}}]}\n\t\t<\/script>\n\t\t<!-- All in One SEO -->\n\n","aioseo_head_json":{"title":"Paulo Cezar usa amea\u00e7a de filia\u00e7\u00e3o ao DEM para obter concess\u00e3o de aposentadoria do governador Rui Costa - News In Foco - Editado por Caio Pimenta","description":"O pr\u00e9-candidato a prefeitura de Alagoinhas, Paulo Cezar, que lidera at\u00e9 aqui todas as pesquisas para a prefeitura da cidade, tem utilizado a possibilidade de se filiar ao DEM para obter do governo estadual a sua aposentadoria. Muita gente n\u00e3o sabe, mas Paulo foi funcion\u00e1rio de carreira da antiga Sudic, por mais de 40 anos","canonical_url":"https:\/\/newsinfoco.com.br\/inicio\/paulo-cezar-usa-ameaca-de-filiacao-ao-dem-para-obter-concessao-de-aposentadoria-do-governador-rui-costa\/","robots":"max-image-preview:large","keywords":"","webmasterTools":{"miscellaneous":""},"schema":{"@context":"https:\/\/schema.org","@graph":[{"@type":"BlogPosting","@id":"https:\/\/newsinfoco.com.br\/inicio\/paulo-cezar-usa-ameaca-de-filiacao-ao-dem-para-obter-concessao-de-aposentadoria-do-governador-rui-costa\/#blogposting","name":"Paulo Cezar usa amea\u00e7a de filia\u00e7\u00e3o ao DEM para obter concess\u00e3o de aposentadoria do governador Rui Costa - News In Foco - Editado por Caio Pimenta","headline":"Paulo Cezar usa amea\u00e7a de filia\u00e7\u00e3o ao DEM para obter concess\u00e3o de aposentadoria do governador Rui Costa","author":{"@id":"https:\/\/newsinfoco.com.br\/inicio\/author\/administrador\/#author"},"publisher":{"@id":"https:\/\/newsinfoco.com.br\/inicio\/#organization"},"image":{"@type":"ImageObject","url":"https:\/\/newsinfoco.com.br\/inicio\/wp-content\/uploads\/2020\/03\/001-1132x670-1.jpg","width":800,"height":532},"datePublished":"2020-03-15T11:42:08-03:00","dateModified":"2020-03-15T11:42:08-03:00","inLanguage":"pt-BR","mainEntityOfPage":{"@id":"https:\/\/newsinfoco.com.br\/inicio\/paulo-cezar-usa-ameaca-de-filiacao-ao-dem-para-obter-concessao-de-aposentadoria-do-governador-rui-costa\/#webpage"},"isPartOf":{"@id":"https:\/\/newsinfoco.com.br\/inicio\/paulo-cezar-usa-ameaca-de-filiacao-ao-dem-para-obter-concessao-de-aposentadoria-do-governador-rui-costa\/#webpage"},"articleSection":"Manchete"},{"@type":"BreadcrumbList","@id":"https:\/\/newsinfoco.com.br\/inicio\/paulo-cezar-usa-ameaca-de-filiacao-ao-dem-para-obter-concessao-de-aposentadoria-do-governador-rui-costa\/#breadcrumblist","itemListElement":[{"@type":"ListItem","@id":"https:\/\/newsinfoco.com.br\/inicio#listItem","position":1,"name":"In\u00edcio","item":"https:\/\/newsinfoco.com.br\/inicio","nextItem":{"@type":"ListItem","@id":"https:\/\/newsinfoco.com.br\/inicio\/category\/exclusivas\/#listItem","name":"Manchete"}},{"@type":"ListItem","@id":"https:\/\/newsinfoco.com.br\/inicio\/category\/exclusivas\/#listItem","position":2,"name":"Manchete","item":"https:\/\/newsinfoco.com.br\/inicio\/category\/exclusivas\/","nextItem":{"@type":"ListItem","@id":"https:\/\/newsinfoco.com.br\/inicio\/paulo-cezar-usa-ameaca-de-filiacao-ao-dem-para-obter-concessao-de-aposentadoria-do-governador-rui-costa\/#listItem","name":"Paulo Cezar usa amea\u00e7a de filia\u00e7\u00e3o ao DEM para obter concess\u00e3o de aposentadoria do governador Rui Costa"},"previousItem":{"@type":"ListItem","@id":"https:\/\/newsinfoco.com.br\/inicio#listItem","name":"In\u00edcio"}},{"@type":"ListItem","@id":"https:\/\/newsinfoco.com.br\/inicio\/paulo-cezar-usa-ameaca-de-filiacao-ao-dem-para-obter-concessao-de-aposentadoria-do-governador-rui-costa\/#listItem","position":3,"name":"Paulo Cezar usa amea\u00e7a de filia\u00e7\u00e3o ao DEM para obter concess\u00e3o de aposentadoria do governador Rui Costa","previousItem":{"@type":"ListItem","@id":"https:\/\/newsinfoco.com.br\/inicio\/category\/exclusivas\/#listItem","name":"Manchete"}}]},{"@type":"Organization","@id":"https:\/\/newsinfoco.com.br\/inicio\/#organization","name":"News In Foco - Editado por Caio Pimenta","description":"O principal site de noticias de Alagoinhas e regi\u00e3o","url":"https:\/\/newsinfoco.com.br\/inicio\/"},{"@type":"Person","@id":"https:\/\/newsinfoco.com.br\/inicio\/author\/administrador\/#author","url":"https:\/\/newsinfoco.com.br\/inicio\/author\/administrador\/","name":"administrador","image":{"@type":"ImageObject","@id":"https:\/\/newsinfoco.com.br\/inicio\/paulo-cezar-usa-ameaca-de-filiacao-ao-dem-para-obter-concessao-de-aposentadoria-do-governador-rui-costa\/#authorImage","url":"https:\/\/secure.gravatar.com\/avatar\/c17a617433de8c1dc9584bb79aab7563b46f5bb7e1728c9b17d9cc3ce6a08e49?s=96&d=mm&r=g","width":96,"height":96,"caption":"administrador"}},{"@type":"WebPage","@id":"https:\/\/newsinfoco.com.br\/inicio\/paulo-cezar-usa-ameaca-de-filiacao-ao-dem-para-obter-concessao-de-aposentadoria-do-governador-rui-costa\/#webpage","url":"https:\/\/newsinfoco.com.br\/inicio\/paulo-cezar-usa-ameaca-de-filiacao-ao-dem-para-obter-concessao-de-aposentadoria-do-governador-rui-costa\/","name":"Paulo Cezar usa amea\u00e7a de filia\u00e7\u00e3o ao DEM para obter concess\u00e3o de aposentadoria do governador Rui Costa - News In Foco - Editado por Caio Pimenta","description":"O pr\u00e9-candidato a prefeitura de Alagoinhas, Paulo Cezar, que lidera at\u00e9 aqui todas as pesquisas para a prefeitura da cidade, tem utilizado a possibilidade de se filiar ao DEM para obter do governo estadual a sua aposentadoria. Muita gente n\u00e3o sabe, mas Paulo foi funcion\u00e1rio de carreira da antiga Sudic, por mais de 40 anos","inLanguage":"pt-BR","isPartOf":{"@id":"https:\/\/newsinfoco.com.br\/inicio\/#website"},"breadcrumb":{"@id":"https:\/\/newsinfoco.com.br\/inicio\/paulo-cezar-usa-ameaca-de-filiacao-ao-dem-para-obter-concessao-de-aposentadoria-do-governador-rui-costa\/#breadcrumblist"},"author":{"@id":"https:\/\/newsinfoco.com.br\/inicio\/author\/administrador\/#author"},"creator":{"@id":"https:\/\/newsinfoco.com.br\/inicio\/author\/administrador\/#author"},"image":{"@type":"ImageObject","url":"https:\/\/newsinfoco.com.br\/inicio\/wp-content\/uploads\/2020\/03\/001-1132x670-1.jpg","@id":"https:\/\/newsinfoco.com.br\/inicio\/paulo-cezar-usa-ameaca-de-filiacao-ao-dem-para-obter-concessao-de-aposentadoria-do-governador-rui-costa\/#mainImage","width":800,"height":532},"primaryImageOfPage":{"@id":"https:\/\/newsinfoco.com.br\/inicio\/paulo-cezar-usa-ameaca-de-filiacao-ao-dem-para-obter-concessao-de-aposentadoria-do-governador-rui-costa\/#mainImage"},"datePublished":"2020-03-15T11:42:08-03:00","dateModified":"2020-03-15T11:42:08-03:00"},{"@type":"WebSite","@id":"https:\/\/newsinfoco.com.br\/inicio\/#website","url":"https:\/\/newsinfoco.com.br\/inicio\/","name":"News In Foco - Editado por Caio Pimenta","description":"O principal site de noticias de Alagoinhas e regi\u00e3o","inLanguage":"pt-BR","publisher":{"@id":"https:\/\/newsinfoco.com.br\/inicio\/#organization"}}]},"og:locale":"pt_BR","og:site_name":"News In Foco - Editado por Caio Pimenta - O principal site de noticias de Alagoinhas e regi\u00e3o","og:type":"article","og:title":"Paulo Cezar usa amea\u00e7a de filia\u00e7\u00e3o ao DEM para obter concess\u00e3o de aposentadoria do governador Rui Costa - News In Foco - Editado por Caio Pimenta","og:description":"O pr\u00e9-candidato a prefeitura de Alagoinhas, Paulo Cezar, que lidera at\u00e9 aqui todas as pesquisas para a prefeitura da cidade, tem utilizado a possibilidade de se filiar ao DEM para obter do governo estadual a sua aposentadoria. Muita gente n\u00e3o sabe, mas Paulo foi funcion\u00e1rio de carreira da antiga Sudic, por mais de 40 anos","og:url":"https:\/\/newsinfoco.com.br\/inicio\/paulo-cezar-usa-ameaca-de-filiacao-ao-dem-para-obter-concessao-de-aposentadoria-do-governador-rui-costa\/","article:published_time":"2020-03-15T14:42:08+00:00","article:modified_time":"2020-03-15T14:42:08+00:00","twitter:card":"summary_large_image","twitter:title":"Paulo Cezar usa amea\u00e7a de filia\u00e7\u00e3o ao DEM para obter concess\u00e3o de aposentadoria do governador Rui Costa - News In Foco - Editado por Caio Pimenta","twitter:description":"O pr\u00e9-candidato a prefeitura de Alagoinhas, Paulo Cezar, que lidera at\u00e9 aqui todas as pesquisas para a prefeitura da cidade, tem utilizado a possibilidade de se filiar ao DEM para obter do governo estadual a sua aposentadoria. Muita gente n\u00e3o sabe, mas Paulo foi funcion\u00e1rio de carreira da antiga Sudic, por mais de 40 anos"},"aioseo_meta_data":{"post_id":"20646","title":null,"description":null,"keywords":null,"keyphrases":null,"primary_term":null,"canonical_url":null,"og_title":null,"og_description":null,"og_object_type":"default","og_image_type":"default","og_image_url":null,"og_image_width":null,"og_image_height":null,"og_image_custom_url":null,"og_image_custom_fields":null,"og_video":null,"og_custom_url":null,"og_article_section":null,"og_article_tags":null,"twitter_use_og":false,"twitter_card":"default","twitter_image_type":"default","twitter_image_url":null,"twitter_image_custom_url":null,"twitter_image_custom_fields":null,"twitter_title":null,"twitter_description":null,"schema":{"blockGraphs":[],"customGraphs":[],"default":{"data":{"Article":[],"Course":[],"Dataset":[],"FAQPage":[],"Movie":[],"Person":[],"Product":[],"ProductReview":[],"Car":[],"Recipe":[],"Service":[],"SoftwareApplication":[],"WebPage":[]},"graphName":"","isEnabled":true},"graphs":[]},"schema_type":"default","schema_type_options":null,"pillar_content":false,"robots_default":true,"robots_noindex":false,"robots_noarchive":false,"robots_nosnippet":false,"robots_nofollow":false,"robots_noimageindex":false,"robots_noodp":false,"robots_notranslate":false,"robots_max_snippet":null,"robots_max_videopreview":null,"robots_max_imagepreview":"large","priority":null,"frequency":null,"local_seo":null,"breadcrumb_settings":null,"limit_modified_date":false,"ai":null,"created":"2023-06-12 16:19:44","updated":"2025-07-11 02:54:54","seo_analyzer_scan_date":null},"aioseo_breadcrumb":"<div class=\"aioseo-breadcrumbs\"><span class=\"aioseo-breadcrumb\">\n\t\t\t<a href=\"https:\/\/newsinfoco.com.br\/inicio\" title=\"In\u00edcio\">In\u00edcio<\/a>\n\t\t<\/span><span class=\"aioseo-breadcrumb-separator\">&raquo;<\/span><span class=\"aioseo-breadcrumb\">\n\t\t\t<a href=\"https:\/\/newsinfoco.com.br\/inicio\/category\/exclusivas\/\" title=\"Manchete\">Manchete<\/a>\n\t\t<\/span><span class=\"aioseo-breadcrumb-separator\">&raquo;<\/span><span class=\"aioseo-breadcrumb\">\n\t\t\tPaulo Cezar usa amea\u00e7a de filia\u00e7\u00e3o ao DEM para obter concess\u00e3o de aposentadoria do governador Rui Costa\n\t\t<\/span><\/div>","aioseo_breadcrumb_json":[{"label":"In\u00edcio","link":"https:\/\/newsinfoco.com.br\/inicio"},{"label":"Manchete","link":"https:\/\/newsinfoco.com.br\/inicio\/category\/exclusivas\/"},{"label":"Paulo Cezar usa amea\u00e7a de filia\u00e7\u00e3o ao DEM para obter concess\u00e3o de aposentadoria do governador Rui Costa","link":"https:\/\/newsinfoco.com.br\/inicio\/paulo-cezar-usa-ameaca-de-filiacao-ao-dem-para-obter-concessao-de-aposentadoria-do-governador-rui-costa\/"}],"_links":{"self":[{"href":"https:\/\/newsinfoco.com.br\/inicio\/wp-json\/wp\/v2\/posts\/20646","targetHints":{"allow":["GET"]}}],"collection":[{"href":"https:\/\/newsinfoco.com.br\/inicio\/wp-json\/wp\/v2\/posts"}],"about":[{"href":"https:\/\/newsinfoco.com.br\/inicio\/wp-json\/wp\/v2\/types\/post"}],"author":[{"embeddable":true,"href":"https:\/\/newsinfoco.com.br\/inicio\/wp-json\/wp\/v2\/users\/1"}],"replies":[{"embeddable":true,"href":"https:\/\/newsinfoco.com.br\/inicio\/wp-json\/wp\/v2\/comments?post=20646"}],"version-history":[{"count":0,"href":"https:\/\/newsinfoco.com.br\/inicio\/wp-json\/wp\/v2\/posts\/20646\/revisions"}],"wp:featuredmedia":[{"embeddable":true,"href":"https:\/\/newsinfoco.com.br\/inicio\/wp-json\/wp\/v2\/media\/20647"}],"wp:attachment":[{"href":"https:\/\/newsinfoco.com.br\/inicio\/wp-json\/wp\/v2\/media?parent=20646"}],"wp:term":[{"taxonomy":"category","embeddable":true,"href":"https:\/\/newsinfoco.com.br\/inicio\/wp-json\/wp\/v2\/categories?post=20646"},{"taxonomy":"post_tag","embeddable":true,"href":"https:\/\/newsinfoco.com.br\/inicio\/wp-json\/wp\/v2\/tags?post=20646"}],"curies":[{"name":"wp","href":"https:\/\/api.w.org\/{rel}","templated":true}]}}