{"id":20669,"date":"2020-03-19T09:06:19","date_gmt":"2020-03-19T12:06:19","guid":{"rendered":"http:\/\/newsinfoco.com.br\/?p=20669"},"modified":"2020-03-19T09:06:19","modified_gmt":"2020-03-19T12:06:19","slug":"decretacao-de-estado-de-emergencia-na-bahia-e-publicada-no-diario-oficial","status":"publish","type":"post","link":"https:\/\/newsinfoco.com.br\/inicio\/decretacao-de-estado-de-emergencia-na-bahia-e-publicada-no-diario-oficial\/","title":{"rendered":"Decreta\u00e7\u00e3o de Estado de Emerg\u00eancia na Bahia \u00e9 publicada no Di\u00e1rio Oficial"},"content":{"rendered":"<p style=\"text-align: justify;\">Est\u00e1 publicada na edi\u00e7\u00e3o desta quinta-feira (19) do Di\u00e1rio Oficial do Estado a decreta\u00e7\u00e3o do Estado de Emerg\u00eancia em todo o territ\u00f3rio baiano. A norma, assinada pelo governador Rui Costa (PT), tem fim de preven\u00e7\u00e3o e enfrentamento ao Coronav\u00edrus.<\/p>\n<p style=\"text-align: justify;\">Pelo decreto 19.549\/2020, ficam estabelecidas as medidas anunciadas pelo petista, como\u00a0suspender os acessos de \u00f4nibus em Salvador, Feira de Santana, Prado, Porto Seguro, Lauro de Freitas, Sim\u00f5es Filho, Vera Cruz e Itaparica.<\/p>\n<p style=\"text-align: justify;\">Suspende tamb\u00e9m o atendimento p\u00fablico ao SAC de Salvador, Feira de Santana, Porto Seguro, Prado, Lauro de Freitas e Sim\u00f5es Filho.<\/p>\n<p style=\"text-align: justify;\">O decreto deixa\u00a0autorizada a mobiliza\u00e7\u00e3o de todos os \u00f3rg\u00e3os estaduais, no \u00e2mbito das suas compet\u00eancias, para envidar esfor\u00e7os no intuito de apoiar as a\u00e7\u00f5es de resposta ao desastre, reabilita\u00e7\u00e3o do cen\u00e1rio e reconstru\u00e7\u00e3o.<\/p>\n<p style=\"text-align: justify;\"><strong>Produtos m\u00e9dicos &#8211;\u00a0<\/strong>Al\u00e9m deste, outro decreto, tamb\u00e9m publicado no Di\u00e1rio Oficial desta quinta-feira (19), determina a requisi\u00e7\u00e3o administrativa de bens e servi\u00e7os, como m\u00e1scaras cir\u00fargicas, m\u00e1scaras de prote\u00e7\u00e3o, luvas, aventais hospitalares, \u00f3culos de prote\u00e7\u00e3o e anti s\u00e9pticos para higieniza\u00e7\u00e3o. Essa medida tem prazo de 180 dias e pode ser prorrogada.<\/p>\n<p style=\"text-align: right;\">Bnews<\/p>\n<div class='share-to-whatsapp-wrapper'><div class='share-on-whsp'>Share on: <\/div><a data-text='Decreta\u00e7\u00e3o de Estado de Emerg\u00eancia na Bahia \u00e9 publicada no Di\u00e1rio Oficial' data-link='https:\/\/newsinfoco.com.br\/inicio\/decretacao-de-estado-de-emergencia-na-bahia-e-publicada-no-diario-oficial\/' class='whatsapp-button whatsapp-share'>WhatsApp<\/a><div class='clear '><\/div><\/div>","protected":false},"excerpt":{"rendered":"<p>Est\u00e1 publicada na edi\u00e7\u00e3o desta quinta-feira (19) do Di\u00e1rio Oficial do Estado a decreta\u00e7\u00e3o do Estado de Emerg\u00eancia em todo o territ\u00f3rio baiano. A norma, assinada pelo governador Rui Costa (PT), tem fim de preven\u00e7\u00e3o e enfrentamento ao Coronav\u00edrus. Pelo decreto 19.549\/2020, ficam estabelecidas as medidas anunciadas pelo petista, como\u00a0suspender os acessos de \u00f4nibus em [&hellip;]<\/p>\n","protected":false},"author":1,"featured_media":20670,"comment_status":"open","ping_status":"open","sticky":false,"template":"","format":"standard","meta":{"om_disable_all_campaigns":false,"rop_custom_images_group":[],"rop_custom_messages_group":[],"rop_publish_now":"initial","rop_publish_now_accounts":[],"rop_publish_now_history":[],"rop_publish_now_status":"pending","_exactmetrics_skip_tracking":false,"footnotes":""},"categories":[19],"tags":[],"class_list":["post-20669","post","type-post","status-publish","format-standard","has-post-thumbnail","hentry","category-bahia"],"aioseo_notices":[],"aioseo_head":"\n\t\t<!-- All in One SEO 4.9.10 - aioseo.com -->\n\t<meta name=\"description\" content=\"Est\u00e1 publicada na edi\u00e7\u00e3o desta quinta-feira (19) do Di\u00e1rio Oficial do Estado a decreta\u00e7\u00e3o do Estado de Emerg\u00eancia em todo o territ\u00f3rio baiano. A norma, assinada pelo governador Rui Costa (PT), tem fim de preven\u00e7\u00e3o e enfrentamento ao Coronav\u00edrus. Pelo decreto 19.549\/2020, ficam estabelecidas as medidas anunciadas pelo petista, como suspender os acessos de \u00f4nibus em\" \/>\n\t<meta name=\"robots\" content=\"max-image-preview:large\" \/>\n\t<meta name=\"author\" content=\"administrador\"\/>\n\t<link rel=\"canonical\" href=\"https:\/\/newsinfoco.com.br\/inicio\/decretacao-de-estado-de-emergencia-na-bahia-e-publicada-no-diario-oficial\/\" \/>\n\t<meta name=\"generator\" content=\"All in One SEO (AIOSEO) 4.9.10\" \/>\n\t\t<meta property=\"og:locale\" content=\"pt_BR\" \/>\n\t\t<meta property=\"og:site_name\" content=\"News In Foco - Editado por Caio Pimenta - O principal site de noticias de Alagoinhas e regi\u00e3o\" \/>\n\t\t<meta property=\"og:type\" content=\"article\" \/>\n\t\t<meta property=\"og:title\" content=\"Decreta\u00e7\u00e3o de Estado de Emerg\u00eancia na Bahia \u00e9 publicada no Di\u00e1rio Oficial - News In Foco - Editado por Caio Pimenta\" \/>\n\t\t<meta property=\"og:description\" content=\"Est\u00e1 publicada na edi\u00e7\u00e3o desta quinta-feira (19) do Di\u00e1rio Oficial do Estado a decreta\u00e7\u00e3o do Estado de Emerg\u00eancia em todo o territ\u00f3rio baiano. A norma, assinada pelo governador Rui Costa (PT), tem fim de preven\u00e7\u00e3o e enfrentamento ao Coronav\u00edrus. Pelo decreto 19.549\/2020, ficam estabelecidas as medidas anunciadas pelo petista, como suspender os acessos de \u00f4nibus em\" \/>\n\t\t<meta property=\"og:url\" content=\"https:\/\/newsinfoco.com.br\/inicio\/decretacao-de-estado-de-emergencia-na-bahia-e-publicada-no-diario-oficial\/\" \/>\n\t\t<meta property=\"article:published_time\" content=\"2020-03-19T12:06:19+00:00\" \/>\n\t\t<meta property=\"article:modified_time\" content=\"2020-03-19T12:06:19+00:00\" \/>\n\t\t<meta name=\"twitter:card\" content=\"summary_large_image\" \/>\n\t\t<meta name=\"twitter:title\" content=\"Decreta\u00e7\u00e3o de Estado de Emerg\u00eancia na Bahia \u00e9 publicada no Di\u00e1rio Oficial - News In Foco - Editado por Caio Pimenta\" \/>\n\t\t<meta name=\"twitter:description\" content=\"Est\u00e1 publicada na edi\u00e7\u00e3o desta quinta-feira (19) do Di\u00e1rio Oficial do Estado a decreta\u00e7\u00e3o do Estado de Emerg\u00eancia em todo o territ\u00f3rio baiano. A norma, assinada pelo governador Rui Costa (PT), tem fim de preven\u00e7\u00e3o e enfrentamento ao Coronav\u00edrus. Pelo decreto 19.549\/2020, ficam estabelecidas as medidas anunciadas pelo petista, como suspender os acessos de \u00f4nibus em\" \/>\n\t\t<script type=\"application\/ld+json\" class=\"aioseo-schema\">\n\t\t\t{\"@context\":\"https:\\\/\\\/schema.org\",\"@graph\":[{\"@type\":\"BlogPosting\",\"@id\":\"https:\\\/\\\/newsinfoco.com.br\\\/inicio\\\/decretacao-de-estado-de-emergencia-na-bahia-e-publicada-no-diario-oficial\\\/#blogposting\",\"name\":\"Decreta\\u00e7\\u00e3o de Estado de Emerg\\u00eancia na Bahia \\u00e9 publicada no Di\\u00e1rio Oficial - News In Foco - Editado por Caio Pimenta\",\"headline\":\"Decreta\\u00e7\\u00e3o de Estado de Emerg\\u00eancia na Bahia \\u00e9 publicada no Di\\u00e1rio Oficial\",\"author\":{\"@id\":\"https:\\\/\\\/newsinfoco.com.br\\\/inicio\\\/author\\\/administrador\\\/#author\"},\"publisher\":{\"@id\":\"https:\\\/\\\/newsinfoco.com.br\\\/inicio\\\/#organization\"},\"image\":{\"@type\":\"ImageObject\",\"url\":\"https:\\\/\\\/newsinfoco.com.br\\\/inicio\\\/wp-content\\\/uploads\\\/2020\\\/03\\\/IMAGEM_NOTICIA_0-1-1.jpg\",\"width\":890,\"height\":500},\"datePublished\":\"2020-03-19T09:06:19-03:00\",\"dateModified\":\"2020-03-19T09:06:19-03:00\",\"inLanguage\":\"pt-BR\",\"mainEntityOfPage\":{\"@id\":\"https:\\\/\\\/newsinfoco.com.br\\\/inicio\\\/decretacao-de-estado-de-emergencia-na-bahia-e-publicada-no-diario-oficial\\\/#webpage\"},\"isPartOf\":{\"@id\":\"https:\\\/\\\/newsinfoco.com.br\\\/inicio\\\/decretacao-de-estado-de-emergencia-na-bahia-e-publicada-no-diario-oficial\\\/#webpage\"},\"articleSection\":\"Bahia\"},{\"@type\":\"BreadcrumbList\",\"@id\":\"https:\\\/\\\/newsinfoco.com.br\\\/inicio\\\/decretacao-de-estado-de-emergencia-na-bahia-e-publicada-no-diario-oficial\\\/#breadcrumblist\",\"itemListElement\":[{\"@type\":\"ListItem\",\"@id\":\"https:\\\/\\\/newsinfoco.com.br\\\/inicio#listItem\",\"position\":1,\"name\":\"In\\u00edcio\",\"item\":\"https:\\\/\\\/newsinfoco.com.br\\\/inicio\",\"nextItem\":{\"@type\":\"ListItem\",\"@id\":\"https:\\\/\\\/newsinfoco.com.br\\\/inicio\\\/category\\\/bahia\\\/#listItem\",\"name\":\"Bahia\"}},{\"@type\":\"ListItem\",\"@id\":\"https:\\\/\\\/newsinfoco.com.br\\\/inicio\\\/category\\\/bahia\\\/#listItem\",\"position\":2,\"name\":\"Bahia\",\"item\":\"https:\\\/\\\/newsinfoco.com.br\\\/inicio\\\/category\\\/bahia\\\/\",\"nextItem\":{\"@type\":\"ListItem\",\"@id\":\"https:\\\/\\\/newsinfoco.com.br\\\/inicio\\\/decretacao-de-estado-de-emergencia-na-bahia-e-publicada-no-diario-oficial\\\/#listItem\",\"name\":\"Decreta\\u00e7\\u00e3o de Estado de Emerg\\u00eancia na Bahia \\u00e9 publicada no Di\\u00e1rio Oficial\"},\"previousItem\":{\"@type\":\"ListItem\",\"@id\":\"https:\\\/\\\/newsinfoco.com.br\\\/inicio#listItem\",\"name\":\"In\\u00edcio\"}},{\"@type\":\"ListItem\",\"@id\":\"https:\\\/\\\/newsinfoco.com.br\\\/inicio\\\/decretacao-de-estado-de-emergencia-na-bahia-e-publicada-no-diario-oficial\\\/#listItem\",\"position\":3,\"name\":\"Decreta\\u00e7\\u00e3o de Estado de Emerg\\u00eancia na Bahia \\u00e9 publicada no Di\\u00e1rio Oficial\",\"previousItem\":{\"@type\":\"ListItem\",\"@id\":\"https:\\\/\\\/newsinfoco.com.br\\\/inicio\\\/category\\\/bahia\\\/#listItem\",\"name\":\"Bahia\"}}]},{\"@type\":\"Organization\",\"@id\":\"https:\\\/\\\/newsinfoco.com.br\\\/inicio\\\/#organization\",\"name\":\"News In Foco - Editado por Caio Pimenta\",\"description\":\"O principal site de noticias de Alagoinhas e regi\\u00e3o\",\"url\":\"https:\\\/\\\/newsinfoco.com.br\\\/inicio\\\/\"},{\"@type\":\"Person\",\"@id\":\"https:\\\/\\\/newsinfoco.com.br\\\/inicio\\\/author\\\/administrador\\\/#author\",\"url\":\"https:\\\/\\\/newsinfoco.com.br\\\/inicio\\\/author\\\/administrador\\\/\",\"name\":\"administrador\",\"image\":{\"@type\":\"ImageObject\",\"@id\":\"https:\\\/\\\/newsinfoco.com.br\\\/inicio\\\/decretacao-de-estado-de-emergencia-na-bahia-e-publicada-no-diario-oficial\\\/#authorImage\",\"url\":\"https:\\\/\\\/secure.gravatar.com\\\/avatar\\\/c17a617433de8c1dc9584bb79aab7563b46f5bb7e1728c9b17d9cc3ce6a08e49?s=96&d=mm&r=g\",\"width\":96,\"height\":96,\"caption\":\"administrador\"}},{\"@type\":\"WebPage\",\"@id\":\"https:\\\/\\\/newsinfoco.com.br\\\/inicio\\\/decretacao-de-estado-de-emergencia-na-bahia-e-publicada-no-diario-oficial\\\/#webpage\",\"url\":\"https:\\\/\\\/newsinfoco.com.br\\\/inicio\\\/decretacao-de-estado-de-emergencia-na-bahia-e-publicada-no-diario-oficial\\\/\",\"name\":\"Decreta\\u00e7\\u00e3o de Estado de Emerg\\u00eancia na Bahia \\u00e9 publicada no Di\\u00e1rio Oficial - News In Foco - Editado por Caio Pimenta\",\"description\":\"Est\\u00e1 publicada na edi\\u00e7\\u00e3o desta quinta-feira (19) do Di\\u00e1rio Oficial do Estado a decreta\\u00e7\\u00e3o do Estado de Emerg\\u00eancia em todo o territ\\u00f3rio baiano. A norma, assinada pelo governador Rui Costa (PT), tem fim de preven\\u00e7\\u00e3o e enfrentamento ao Coronav\\u00edrus. Pelo decreto 19.549\\\/2020, ficam estabelecidas as medidas anunciadas pelo petista, como suspender os acessos de \\u00f4nibus em\",\"inLanguage\":\"pt-BR\",\"isPartOf\":{\"@id\":\"https:\\\/\\\/newsinfoco.com.br\\\/inicio\\\/#website\"},\"breadcrumb\":{\"@id\":\"https:\\\/\\\/newsinfoco.com.br\\\/inicio\\\/decretacao-de-estado-de-emergencia-na-bahia-e-publicada-no-diario-oficial\\\/#breadcrumblist\"},\"author\":{\"@id\":\"https:\\\/\\\/newsinfoco.com.br\\\/inicio\\\/author\\\/administrador\\\/#author\"},\"creator\":{\"@id\":\"https:\\\/\\\/newsinfoco.com.br\\\/inicio\\\/author\\\/administrador\\\/#author\"},\"image\":{\"@type\":\"ImageObject\",\"url\":\"https:\\\/\\\/newsinfoco.com.br\\\/inicio\\\/wp-content\\\/uploads\\\/2020\\\/03\\\/IMAGEM_NOTICIA_0-1-1.jpg\",\"@id\":\"https:\\\/\\\/newsinfoco.com.br\\\/inicio\\\/decretacao-de-estado-de-emergencia-na-bahia-e-publicada-no-diario-oficial\\\/#mainImage\",\"width\":890,\"height\":500},\"primaryImageOfPage\":{\"@id\":\"https:\\\/\\\/newsinfoco.com.br\\\/inicio\\\/decretacao-de-estado-de-emergencia-na-bahia-e-publicada-no-diario-oficial\\\/#mainImage\"},\"datePublished\":\"2020-03-19T09:06:19-03:00\",\"dateModified\":\"2020-03-19T09:06:19-03:00\"},{\"@type\":\"WebSite\",\"@id\":\"https:\\\/\\\/newsinfoco.com.br\\\/inicio\\\/#website\",\"url\":\"https:\\\/\\\/newsinfoco.com.br\\\/inicio\\\/\",\"name\":\"News In Foco - Editado por Caio Pimenta\",\"description\":\"O principal site de noticias de Alagoinhas e regi\\u00e3o\",\"inLanguage\":\"pt-BR\",\"publisher\":{\"@id\":\"https:\\\/\\\/newsinfoco.com.br\\\/inicio\\\/#organization\"}}]}\n\t\t<\/script>\n\t\t<!-- All in One SEO -->\n\n","aioseo_head_json":{"title":"Decreta\u00e7\u00e3o de Estado de Emerg\u00eancia na Bahia \u00e9 publicada no Di\u00e1rio Oficial - News In Foco - Editado por Caio Pimenta","description":"Est\u00e1 publicada na edi\u00e7\u00e3o desta quinta-feira (19) do Di\u00e1rio Oficial do Estado a decreta\u00e7\u00e3o do Estado de Emerg\u00eancia em todo o territ\u00f3rio baiano. A norma, assinada pelo governador Rui Costa (PT), tem fim de preven\u00e7\u00e3o e enfrentamento ao Coronav\u00edrus. Pelo decreto 19.549\/2020, ficam estabelecidas as medidas anunciadas pelo petista, como suspender os acessos de \u00f4nibus em","canonical_url":"https:\/\/newsinfoco.com.br\/inicio\/decretacao-de-estado-de-emergencia-na-bahia-e-publicada-no-diario-oficial\/","robots":"max-image-preview:large","keywords":"","webmasterTools":{"miscellaneous":""},"schema":{"@context":"https:\/\/schema.org","@graph":[{"@type":"BlogPosting","@id":"https:\/\/newsinfoco.com.br\/inicio\/decretacao-de-estado-de-emergencia-na-bahia-e-publicada-no-diario-oficial\/#blogposting","name":"Decreta\u00e7\u00e3o de Estado de Emerg\u00eancia na Bahia \u00e9 publicada no Di\u00e1rio Oficial - News In Foco - Editado por Caio Pimenta","headline":"Decreta\u00e7\u00e3o de Estado de Emerg\u00eancia na Bahia \u00e9 publicada no Di\u00e1rio Oficial","author":{"@id":"https:\/\/newsinfoco.com.br\/inicio\/author\/administrador\/#author"},"publisher":{"@id":"https:\/\/newsinfoco.com.br\/inicio\/#organization"},"image":{"@type":"ImageObject","url":"https:\/\/newsinfoco.com.br\/inicio\/wp-content\/uploads\/2020\/03\/IMAGEM_NOTICIA_0-1-1.jpg","width":890,"height":500},"datePublished":"2020-03-19T09:06:19-03:00","dateModified":"2020-03-19T09:06:19-03:00","inLanguage":"pt-BR","mainEntityOfPage":{"@id":"https:\/\/newsinfoco.com.br\/inicio\/decretacao-de-estado-de-emergencia-na-bahia-e-publicada-no-diario-oficial\/#webpage"},"isPartOf":{"@id":"https:\/\/newsinfoco.com.br\/inicio\/decretacao-de-estado-de-emergencia-na-bahia-e-publicada-no-diario-oficial\/#webpage"},"articleSection":"Bahia"},{"@type":"BreadcrumbList","@id":"https:\/\/newsinfoco.com.br\/inicio\/decretacao-de-estado-de-emergencia-na-bahia-e-publicada-no-diario-oficial\/#breadcrumblist","itemListElement":[{"@type":"ListItem","@id":"https:\/\/newsinfoco.com.br\/inicio#listItem","position":1,"name":"In\u00edcio","item":"https:\/\/newsinfoco.com.br\/inicio","nextItem":{"@type":"ListItem","@id":"https:\/\/newsinfoco.com.br\/inicio\/category\/bahia\/#listItem","name":"Bahia"}},{"@type":"ListItem","@id":"https:\/\/newsinfoco.com.br\/inicio\/category\/bahia\/#listItem","position":2,"name":"Bahia","item":"https:\/\/newsinfoco.com.br\/inicio\/category\/bahia\/","nextItem":{"@type":"ListItem","@id":"https:\/\/newsinfoco.com.br\/inicio\/decretacao-de-estado-de-emergencia-na-bahia-e-publicada-no-diario-oficial\/#listItem","name":"Decreta\u00e7\u00e3o de Estado de Emerg\u00eancia na Bahia \u00e9 publicada no Di\u00e1rio Oficial"},"previousItem":{"@type":"ListItem","@id":"https:\/\/newsinfoco.com.br\/inicio#listItem","name":"In\u00edcio"}},{"@type":"ListItem","@id":"https:\/\/newsinfoco.com.br\/inicio\/decretacao-de-estado-de-emergencia-na-bahia-e-publicada-no-diario-oficial\/#listItem","position":3,"name":"Decreta\u00e7\u00e3o de Estado de Emerg\u00eancia na Bahia \u00e9 publicada no Di\u00e1rio Oficial","previousItem":{"@type":"ListItem","@id":"https:\/\/newsinfoco.com.br\/inicio\/category\/bahia\/#listItem","name":"Bahia"}}]},{"@type":"Organization","@id":"https:\/\/newsinfoco.com.br\/inicio\/#organization","name":"News In Foco - Editado por Caio Pimenta","description":"O principal site de noticias de Alagoinhas e regi\u00e3o","url":"https:\/\/newsinfoco.com.br\/inicio\/"},{"@type":"Person","@id":"https:\/\/newsinfoco.com.br\/inicio\/author\/administrador\/#author","url":"https:\/\/newsinfoco.com.br\/inicio\/author\/administrador\/","name":"administrador","image":{"@type":"ImageObject","@id":"https:\/\/newsinfoco.com.br\/inicio\/decretacao-de-estado-de-emergencia-na-bahia-e-publicada-no-diario-oficial\/#authorImage","url":"https:\/\/secure.gravatar.com\/avatar\/c17a617433de8c1dc9584bb79aab7563b46f5bb7e1728c9b17d9cc3ce6a08e49?s=96&d=mm&r=g","width":96,"height":96,"caption":"administrador"}},{"@type":"WebPage","@id":"https:\/\/newsinfoco.com.br\/inicio\/decretacao-de-estado-de-emergencia-na-bahia-e-publicada-no-diario-oficial\/#webpage","url":"https:\/\/newsinfoco.com.br\/inicio\/decretacao-de-estado-de-emergencia-na-bahia-e-publicada-no-diario-oficial\/","name":"Decreta\u00e7\u00e3o de Estado de Emerg\u00eancia na Bahia \u00e9 publicada no Di\u00e1rio Oficial - News In Foco - Editado por Caio Pimenta","description":"Est\u00e1 publicada na edi\u00e7\u00e3o desta quinta-feira (19) do Di\u00e1rio Oficial do Estado a decreta\u00e7\u00e3o do Estado de Emerg\u00eancia em todo o territ\u00f3rio baiano. A norma, assinada pelo governador Rui Costa (PT), tem fim de preven\u00e7\u00e3o e enfrentamento ao Coronav\u00edrus. Pelo decreto 19.549\/2020, ficam estabelecidas as medidas anunciadas pelo petista, como suspender os acessos de \u00f4nibus em","inLanguage":"pt-BR","isPartOf":{"@id":"https:\/\/newsinfoco.com.br\/inicio\/#website"},"breadcrumb":{"@id":"https:\/\/newsinfoco.com.br\/inicio\/decretacao-de-estado-de-emergencia-na-bahia-e-publicada-no-diario-oficial\/#breadcrumblist"},"author":{"@id":"https:\/\/newsinfoco.com.br\/inicio\/author\/administrador\/#author"},"creator":{"@id":"https:\/\/newsinfoco.com.br\/inicio\/author\/administrador\/#author"},"image":{"@type":"ImageObject","url":"https:\/\/newsinfoco.com.br\/inicio\/wp-content\/uploads\/2020\/03\/IMAGEM_NOTICIA_0-1-1.jpg","@id":"https:\/\/newsinfoco.com.br\/inicio\/decretacao-de-estado-de-emergencia-na-bahia-e-publicada-no-diario-oficial\/#mainImage","width":890,"height":500},"primaryImageOfPage":{"@id":"https:\/\/newsinfoco.com.br\/inicio\/decretacao-de-estado-de-emergencia-na-bahia-e-publicada-no-diario-oficial\/#mainImage"},"datePublished":"2020-03-19T09:06:19-03:00","dateModified":"2020-03-19T09:06:19-03:00"},{"@type":"WebSite","@id":"https:\/\/newsinfoco.com.br\/inicio\/#website","url":"https:\/\/newsinfoco.com.br\/inicio\/","name":"News In Foco - Editado por Caio Pimenta","description":"O principal site de noticias de Alagoinhas e regi\u00e3o","inLanguage":"pt-BR","publisher":{"@id":"https:\/\/newsinfoco.com.br\/inicio\/#organization"}}]},"og:locale":"pt_BR","og:site_name":"News In Foco - Editado por Caio Pimenta - O principal site de noticias de Alagoinhas e regi\u00e3o","og:type":"article","og:title":"Decreta\u00e7\u00e3o de Estado de Emerg\u00eancia na Bahia \u00e9 publicada no Di\u00e1rio Oficial - News In Foco - Editado por Caio Pimenta","og:description":"Est\u00e1 publicada na edi\u00e7\u00e3o desta quinta-feira (19) do Di\u00e1rio Oficial do Estado a decreta\u00e7\u00e3o do Estado de Emerg\u00eancia em todo o territ\u00f3rio baiano. A norma, assinada pelo governador Rui Costa (PT), tem fim de preven\u00e7\u00e3o e enfrentamento ao Coronav\u00edrus. Pelo decreto 19.549\/2020, ficam estabelecidas as medidas anunciadas pelo petista, como suspender os acessos de \u00f4nibus em","og:url":"https:\/\/newsinfoco.com.br\/inicio\/decretacao-de-estado-de-emergencia-na-bahia-e-publicada-no-diario-oficial\/","article:published_time":"2020-03-19T12:06:19+00:00","article:modified_time":"2020-03-19T12:06:19+00:00","twitter:card":"summary_large_image","twitter:title":"Decreta\u00e7\u00e3o de Estado de Emerg\u00eancia na Bahia \u00e9 publicada no Di\u00e1rio Oficial - News In Foco - Editado por Caio Pimenta","twitter:description":"Est\u00e1 publicada na edi\u00e7\u00e3o desta quinta-feira (19) do Di\u00e1rio Oficial do Estado a decreta\u00e7\u00e3o do Estado de Emerg\u00eancia em todo o territ\u00f3rio baiano. A norma, assinada pelo governador Rui Costa (PT), tem fim de preven\u00e7\u00e3o e enfrentamento ao Coronav\u00edrus. Pelo decreto 19.549\/2020, ficam estabelecidas as medidas anunciadas pelo petista, como suspender os acessos de \u00f4nibus em"},"aioseo_meta_data":{"post_id":"20669","title":null,"description":null,"keywords":null,"keyphrases":null,"primary_term":null,"canonical_url":null,"og_title":null,"og_description":null,"og_object_type":"default","og_image_type":"default","og_image_url":null,"og_image_width":null,"og_image_height":null,"og_image_custom_url":null,"og_image_custom_fields":null,"og_video":null,"og_custom_url":null,"og_article_section":null,"og_article_tags":null,"twitter_use_og":false,"twitter_card":"default","twitter_image_type":"default","twitter_image_url":null,"twitter_image_custom_url":null,"twitter_image_custom_fields":null,"twitter_title":null,"twitter_description":null,"schema":{"blockGraphs":[],"customGraphs":[],"default":{"data":{"Article":[],"Course":[],"Dataset":[],"FAQPage":[],"Movie":[],"Person":[],"Product":[],"ProductReview":[],"Car":[],"Recipe":[],"Service":[],"SoftwareApplication":[],"WebPage":[]},"graphName":"","isEnabled":true},"graphs":[]},"schema_type":"default","schema_type_options":null,"pillar_content":false,"robots_default":true,"robots_noindex":false,"robots_noarchive":false,"robots_nosnippet":false,"robots_nofollow":false,"robots_noimageindex":false,"robots_noodp":false,"robots_notranslate":false,"robots_max_snippet":null,"robots_max_videopreview":null,"robots_max_imagepreview":"large","priority":null,"frequency":null,"local_seo":null,"breadcrumb_settings":null,"limit_modified_date":false,"ai":null,"created":"2023-06-12 16:21:29","updated":"2025-07-11 02:55:44","seo_analyzer_scan_date":null},"aioseo_breadcrumb":"<div class=\"aioseo-breadcrumbs\"><span class=\"aioseo-breadcrumb\">\n\t\t\t<a href=\"https:\/\/newsinfoco.com.br\/inicio\" title=\"In\u00edcio\">In\u00edcio<\/a>\n\t\t<\/span><span class=\"aioseo-breadcrumb-separator\">&raquo;<\/span><span class=\"aioseo-breadcrumb\">\n\t\t\t<a href=\"https:\/\/newsinfoco.com.br\/inicio\/category\/bahia\/\" title=\"Bahia\">Bahia<\/a>\n\t\t<\/span><span class=\"aioseo-breadcrumb-separator\">&raquo;<\/span><span class=\"aioseo-breadcrumb\">\n\t\t\tDecreta\u00e7\u00e3o de Estado de Emerg\u00eancia na Bahia \u00e9 publicada no Di\u00e1rio Oficial\n\t\t<\/span><\/div>","aioseo_breadcrumb_json":[{"label":"In\u00edcio","link":"https:\/\/newsinfoco.com.br\/inicio"},{"label":"Bahia","link":"https:\/\/newsinfoco.com.br\/inicio\/category\/bahia\/"},{"label":"Decreta\u00e7\u00e3o de Estado de Emerg\u00eancia na Bahia \u00e9 publicada no Di\u00e1rio Oficial","link":"https:\/\/newsinfoco.com.br\/inicio\/decretacao-de-estado-de-emergencia-na-bahia-e-publicada-no-diario-oficial\/"}],"_links":{"self":[{"href":"https:\/\/newsinfoco.com.br\/inicio\/wp-json\/wp\/v2\/posts\/20669","targetHints":{"allow":["GET"]}}],"collection":[{"href":"https:\/\/newsinfoco.com.br\/inicio\/wp-json\/wp\/v2\/posts"}],"about":[{"href":"https:\/\/newsinfoco.com.br\/inicio\/wp-json\/wp\/v2\/types\/post"}],"author":[{"embeddable":true,"href":"https:\/\/newsinfoco.com.br\/inicio\/wp-json\/wp\/v2\/users\/1"}],"replies":[{"embeddable":true,"href":"https:\/\/newsinfoco.com.br\/inicio\/wp-json\/wp\/v2\/comments?post=20669"}],"version-history":[{"count":0,"href":"https:\/\/newsinfoco.com.br\/inicio\/wp-json\/wp\/v2\/posts\/20669\/revisions"}],"wp:featuredmedia":[{"embeddable":true,"href":"https:\/\/newsinfoco.com.br\/inicio\/wp-json\/wp\/v2\/media\/20670"}],"wp:attachment":[{"href":"https:\/\/newsinfoco.com.br\/inicio\/wp-json\/wp\/v2\/media?parent=20669"}],"wp:term":[{"taxonomy":"category","embeddable":true,"href":"https:\/\/newsinfoco.com.br\/inicio\/wp-json\/wp\/v2\/categories?post=20669"},{"taxonomy":"post_tag","embeddable":true,"href":"https:\/\/newsinfoco.com.br\/inicio\/wp-json\/wp\/v2\/tags?post=20669"}],"curies":[{"name":"wp","href":"https:\/\/api.w.org\/{rel}","templated":true}]}}