{"id":20693,"date":"2020-03-25T08:28:04","date_gmt":"2020-03-25T11:28:04","guid":{"rendered":"http:\/\/newsinfoco.com.br\/?p=20693"},"modified":"2020-03-25T08:28:04","modified_gmt":"2020-03-25T11:28:04","slug":"vereador-luciano-almeida-encaminha-medidas-para-proteger-profissionais-da-limpeza-publica-e-luta-por-leitos-de-uti","status":"publish","type":"post","link":"https:\/\/newsinfoco.com.br\/inicio\/vereador-luciano-almeida-encaminha-medidas-para-proteger-profissionais-da-limpeza-publica-e-luta-por-leitos-de-uti\/","title":{"rendered":"Vereador Luciano Almeida encaminha medidas para proteger profissionais da limpeza p\u00fablica e luta por leitos de UTI"},"content":{"rendered":"<p style=\"text-align: justify;\">O vereador Luciano Almeida, membro do Comiss\u00e3o de Sa\u00fade da C\u00e2mara de Vereadores, em reuni\u00e3o com a Secretaria de Servi\u00e7os P\u00fablicos, ontem, 24, entregou ao diretor Rafael Ferr\u00e3o, algumas sugest\u00f5es colhidas junto aos funcion\u00e1rios do servi\u00e7o de limpeza p\u00fablica com a finalidade de proteger a categoria do cont\u00e1gio do coronav\u00edrus, a serem entregues ao secret\u00e1rio Andr\u00e9 Barros. Contando com a anu\u00eancia do prefeito Joaquim Neto, na noite anterior, as medidas devem ser adotadas pela empresa Naturelle, concession\u00e1ria do setor. S\u00e3o elas:<\/p>\n<p style=\"text-align: justify;\">1- Mudan\u00e7a na jornada de trabalho para o per\u00edodo direto das 7:00 \u00e0s 13:00<\/p>\n<p style=\"text-align: justify;\">2- Libera\u00e7\u00e3o de funcion\u00e1rios com doen\u00e7as cr\u00f4nicas e idosos<\/p>\n<p style=\"text-align: justify;\">3- Limitar o n\u00famero de passageiros nos \u00f4nibus para 15 colaboradores<\/p>\n<p style=\"text-align: justify;\">4- Disponibilizar mat\u00e9rias de EPI e \u00c1lcool gel para colaboradores.<\/p>\n<p style=\"text-align: justify;\">5- Higienizar e desinfetar \u00f4nibus de transporte e ferramentas utilizados por\u00a0 funcion\u00e1rios.<\/p>\n<p style=\"text-align: justify;\">Luciano Almeida adiantou que os vereadores devem se reunir com os secret\u00e1rios e o prefeito Joaquim, nos pr\u00f3ximos dias, com a finalidade de discutir medidas emergenciais de testagem e atendimento em fun\u00e7\u00e3o da regi\u00e3o j\u00e1 ter registrado um caso de cont\u00e1gio pelo novo v\u00edrus, o m\u00e9dico Eduardo Santana Ribeiro. Ele realizou atendimento de ultrassonografia nos munic\u00edpios de Cardeal da Silva, Entre Rios, Esplanada, Acajutiba e Catu, na semana anterior. A maior preocupa\u00e7\u00e3o \u00e9 dotar preventivamente a cidade de leitos de UTI. \u201cTemos que nos antecipar \u00e0s ocorr\u00eancias, n\u00e3o podemos deixar que elas surjam para depois irmos atr\u00e1s dos recursos\u201d, enfatizou o vereador.<\/p>\n<p style=\"text-align: justify;\">Segundo o site da Prefeitura, desde a \u00faltima segunda-feira (23), est\u00e1 autorizado\u00a0 somente o acesso \u00e0 cidade de pessoas que comprovarem ser residentes ou trabalhadores do munic\u00edpio, de ve\u00edculos oficiais, transportadoras em geral, que deslocam pessoas para realiza\u00e7\u00e3o de exames e consultas fora da cidade e ve\u00edculos com placa registrada em Alagoinhas. A entrada na cidade est\u00e1 restrita a Avenida Joseph Wagner e Rua do Catu. Nestes locais, barreiras sanit\u00e1rias permanecer\u00e3o instaladas para triagem de pessoas, com vistas a manter informa\u00e7\u00f5es atualizadas sobre poss\u00edvel cont\u00e1gio, bem como para encaminhar casos suspeitos aos estabelecimentos competentes, para a ado\u00e7\u00e3o das medidas cab\u00edveis.<\/p>\n<p style=\"text-align: right;\">Por Paulo Dias para o News Infoco<\/p>\n<div class='share-to-whatsapp-wrapper'><div class='share-on-whsp'>Share on: <\/div><a data-text='Vereador Luciano Almeida encaminha medidas para proteger profissionais da limpeza p\u00fablica e luta por leitos de UTI' data-link='https:\/\/newsinfoco.com.br\/inicio\/vereador-luciano-almeida-encaminha-medidas-para-proteger-profissionais-da-limpeza-publica-e-luta-por-leitos-de-uti\/' class='whatsapp-button whatsapp-share'>WhatsApp<\/a><div class='clear '><\/div><\/div>","protected":false},"excerpt":{"rendered":"<p>O vereador Luciano Almeida, membro do Comiss\u00e3o de Sa\u00fade da C\u00e2mara de Vereadores, em reuni\u00e3o com a Secretaria de Servi\u00e7os P\u00fablicos, ontem, 24, entregou ao diretor Rafael Ferr\u00e3o, algumas sugest\u00f5es colhidas junto aos funcion\u00e1rios do servi\u00e7o de limpeza p\u00fablica com a finalidade de proteger a categoria do cont\u00e1gio do coronav\u00edrus, a serem entregues ao secret\u00e1rio [&hellip;]<\/p>\n","protected":false},"author":1,"featured_media":18549,"comment_status":"open","ping_status":"open","sticky":false,"template":"","format":"standard","meta":{"om_disable_all_campaigns":false,"rop_custom_images_group":[],"rop_custom_messages_group":[],"rop_publish_now":"initial","rop_publish_now_accounts":[],"rop_publish_now_history":[],"rop_publish_now_status":"pending","_exactmetrics_skip_tracking":false,"footnotes":""},"categories":[167],"tags":[],"class_list":["post-20693","post","type-post","status-publish","format-standard","has-post-thumbnail","hentry","category-exclusivas"],"aioseo_notices":[],"aioseo_head":"\n\t\t<!-- All in One SEO 4.9.10 - aioseo.com -->\n\t<meta name=\"description\" content=\"O vereador Luciano Almeida, membro do Comiss\u00e3o de Sa\u00fade da C\u00e2mara de Vereadores, em reuni\u00e3o com a Secretaria de Servi\u00e7os P\u00fablicos, ontem, 24, entregou ao diretor Rafael Ferr\u00e3o, algumas sugest\u00f5es colhidas junto aos funcion\u00e1rios do servi\u00e7o de limpeza p\u00fablica com a finalidade de proteger a categoria do cont\u00e1gio do coronav\u00edrus, a serem entregues ao secret\u00e1rio\" \/>\n\t<meta name=\"robots\" content=\"max-image-preview:large\" \/>\n\t<meta name=\"author\" content=\"administrador\"\/>\n\t<link rel=\"canonical\" href=\"https:\/\/newsinfoco.com.br\/inicio\/vereador-luciano-almeida-encaminha-medidas-para-proteger-profissionais-da-limpeza-publica-e-luta-por-leitos-de-uti\/\" \/>\n\t<meta name=\"generator\" content=\"All in One SEO (AIOSEO) 4.9.10\" \/>\n\t\t<meta property=\"og:locale\" content=\"pt_BR\" \/>\n\t\t<meta property=\"og:site_name\" content=\"News In Foco - Editado por Caio Pimenta - O principal site de noticias de Alagoinhas e regi\u00e3o\" \/>\n\t\t<meta property=\"og:type\" content=\"article\" \/>\n\t\t<meta property=\"og:title\" content=\"Vereador Luciano Almeida encaminha medidas para proteger profissionais da limpeza p\u00fablica e luta por leitos de UTI - News In Foco - Editado por Caio Pimenta\" \/>\n\t\t<meta property=\"og:description\" content=\"O vereador Luciano Almeida, membro do Comiss\u00e3o de Sa\u00fade da C\u00e2mara de Vereadores, em reuni\u00e3o com a Secretaria de Servi\u00e7os P\u00fablicos, ontem, 24, entregou ao diretor Rafael Ferr\u00e3o, algumas sugest\u00f5es colhidas junto aos funcion\u00e1rios do servi\u00e7o de limpeza p\u00fablica com a finalidade de proteger a categoria do cont\u00e1gio do coronav\u00edrus, a serem entregues ao secret\u00e1rio\" \/>\n\t\t<meta property=\"og:url\" content=\"https:\/\/newsinfoco.com.br\/inicio\/vereador-luciano-almeida-encaminha-medidas-para-proteger-profissionais-da-limpeza-publica-e-luta-por-leitos-de-uti\/\" \/>\n\t\t<meta property=\"article:published_time\" content=\"2020-03-25T11:28:04+00:00\" \/>\n\t\t<meta property=\"article:modified_time\" content=\"2020-03-25T11:28:04+00:00\" \/>\n\t\t<meta name=\"twitter:card\" content=\"summary_large_image\" \/>\n\t\t<meta name=\"twitter:title\" content=\"Vereador Luciano Almeida encaminha medidas para proteger profissionais da limpeza p\u00fablica e luta por leitos de UTI - News In Foco - Editado por Caio Pimenta\" \/>\n\t\t<meta name=\"twitter:description\" content=\"O vereador Luciano Almeida, membro do Comiss\u00e3o de Sa\u00fade da C\u00e2mara de Vereadores, em reuni\u00e3o com a Secretaria de Servi\u00e7os P\u00fablicos, ontem, 24, entregou ao diretor Rafael Ferr\u00e3o, algumas sugest\u00f5es colhidas junto aos funcion\u00e1rios do servi\u00e7o de limpeza p\u00fablica com a finalidade de proteger a categoria do cont\u00e1gio do coronav\u00edrus, a serem entregues ao secret\u00e1rio\" \/>\n\t\t<script type=\"application\/ld+json\" class=\"aioseo-schema\">\n\t\t\t{\"@context\":\"https:\\\/\\\/schema.org\",\"@graph\":[{\"@type\":\"BlogPosting\",\"@id\":\"https:\\\/\\\/newsinfoco.com.br\\\/inicio\\\/vereador-luciano-almeida-encaminha-medidas-para-proteger-profissionais-da-limpeza-publica-e-luta-por-leitos-de-uti\\\/#blogposting\",\"name\":\"Vereador Luciano Almeida encaminha medidas para proteger profissionais da limpeza p\\u00fablica e luta por leitos de UTI - News In Foco - Editado por Caio Pimenta\",\"headline\":\"Vereador Luciano Almeida encaminha medidas para proteger profissionais da limpeza p\\u00fablica e luta por leitos de UTI\",\"author\":{\"@id\":\"https:\\\/\\\/newsinfoco.com.br\\\/inicio\\\/author\\\/administrador\\\/#author\"},\"publisher\":{\"@id\":\"https:\\\/\\\/newsinfoco.com.br\\\/inicio\\\/#organization\"},\"image\":{\"@type\":\"ImageObject\",\"url\":\"https:\\\/\\\/newsinfoco.com.br\\\/inicio\\\/wp-content\\\/uploads\\\/2019\\\/11\\\/Almeida.jpg\",\"width\":800,\"height\":535},\"datePublished\":\"2020-03-25T08:28:04-03:00\",\"dateModified\":\"2020-03-25T08:28:04-03:00\",\"inLanguage\":\"pt-BR\",\"mainEntityOfPage\":{\"@id\":\"https:\\\/\\\/newsinfoco.com.br\\\/inicio\\\/vereador-luciano-almeida-encaminha-medidas-para-proteger-profissionais-da-limpeza-publica-e-luta-por-leitos-de-uti\\\/#webpage\"},\"isPartOf\":{\"@id\":\"https:\\\/\\\/newsinfoco.com.br\\\/inicio\\\/vereador-luciano-almeida-encaminha-medidas-para-proteger-profissionais-da-limpeza-publica-e-luta-por-leitos-de-uti\\\/#webpage\"},\"articleSection\":\"Manchete\"},{\"@type\":\"BreadcrumbList\",\"@id\":\"https:\\\/\\\/newsinfoco.com.br\\\/inicio\\\/vereador-luciano-almeida-encaminha-medidas-para-proteger-profissionais-da-limpeza-publica-e-luta-por-leitos-de-uti\\\/#breadcrumblist\",\"itemListElement\":[{\"@type\":\"ListItem\",\"@id\":\"https:\\\/\\\/newsinfoco.com.br\\\/inicio#listItem\",\"position\":1,\"name\":\"In\\u00edcio\",\"item\":\"https:\\\/\\\/newsinfoco.com.br\\\/inicio\",\"nextItem\":{\"@type\":\"ListItem\",\"@id\":\"https:\\\/\\\/newsinfoco.com.br\\\/inicio\\\/category\\\/exclusivas\\\/#listItem\",\"name\":\"Manchete\"}},{\"@type\":\"ListItem\",\"@id\":\"https:\\\/\\\/newsinfoco.com.br\\\/inicio\\\/category\\\/exclusivas\\\/#listItem\",\"position\":2,\"name\":\"Manchete\",\"item\":\"https:\\\/\\\/newsinfoco.com.br\\\/inicio\\\/category\\\/exclusivas\\\/\",\"nextItem\":{\"@type\":\"ListItem\",\"@id\":\"https:\\\/\\\/newsinfoco.com.br\\\/inicio\\\/vereador-luciano-almeida-encaminha-medidas-para-proteger-profissionais-da-limpeza-publica-e-luta-por-leitos-de-uti\\\/#listItem\",\"name\":\"Vereador Luciano Almeida encaminha medidas para proteger profissionais da limpeza p\\u00fablica e luta por leitos de UTI\"},\"previousItem\":{\"@type\":\"ListItem\",\"@id\":\"https:\\\/\\\/newsinfoco.com.br\\\/inicio#listItem\",\"name\":\"In\\u00edcio\"}},{\"@type\":\"ListItem\",\"@id\":\"https:\\\/\\\/newsinfoco.com.br\\\/inicio\\\/vereador-luciano-almeida-encaminha-medidas-para-proteger-profissionais-da-limpeza-publica-e-luta-por-leitos-de-uti\\\/#listItem\",\"position\":3,\"name\":\"Vereador Luciano Almeida encaminha medidas para proteger profissionais da limpeza p\\u00fablica e luta por leitos de UTI\",\"previousItem\":{\"@type\":\"ListItem\",\"@id\":\"https:\\\/\\\/newsinfoco.com.br\\\/inicio\\\/category\\\/exclusivas\\\/#listItem\",\"name\":\"Manchete\"}}]},{\"@type\":\"Organization\",\"@id\":\"https:\\\/\\\/newsinfoco.com.br\\\/inicio\\\/#organization\",\"name\":\"News In Foco - Editado por Caio Pimenta\",\"description\":\"O principal site de noticias de Alagoinhas e regi\\u00e3o\",\"url\":\"https:\\\/\\\/newsinfoco.com.br\\\/inicio\\\/\"},{\"@type\":\"Person\",\"@id\":\"https:\\\/\\\/newsinfoco.com.br\\\/inicio\\\/author\\\/administrador\\\/#author\",\"url\":\"https:\\\/\\\/newsinfoco.com.br\\\/inicio\\\/author\\\/administrador\\\/\",\"name\":\"administrador\",\"image\":{\"@type\":\"ImageObject\",\"@id\":\"https:\\\/\\\/newsinfoco.com.br\\\/inicio\\\/vereador-luciano-almeida-encaminha-medidas-para-proteger-profissionais-da-limpeza-publica-e-luta-por-leitos-de-uti\\\/#authorImage\",\"url\":\"https:\\\/\\\/secure.gravatar.com\\\/avatar\\\/c17a617433de8c1dc9584bb79aab7563b46f5bb7e1728c9b17d9cc3ce6a08e49?s=96&d=mm&r=g\",\"width\":96,\"height\":96,\"caption\":\"administrador\"}},{\"@type\":\"WebPage\",\"@id\":\"https:\\\/\\\/newsinfoco.com.br\\\/inicio\\\/vereador-luciano-almeida-encaminha-medidas-para-proteger-profissionais-da-limpeza-publica-e-luta-por-leitos-de-uti\\\/#webpage\",\"url\":\"https:\\\/\\\/newsinfoco.com.br\\\/inicio\\\/vereador-luciano-almeida-encaminha-medidas-para-proteger-profissionais-da-limpeza-publica-e-luta-por-leitos-de-uti\\\/\",\"name\":\"Vereador Luciano Almeida encaminha medidas para proteger profissionais da limpeza p\\u00fablica e luta por leitos de UTI - News In Foco - Editado por Caio Pimenta\",\"description\":\"O vereador Luciano Almeida, membro do Comiss\\u00e3o de Sa\\u00fade da C\\u00e2mara de Vereadores, em reuni\\u00e3o com a Secretaria de Servi\\u00e7os P\\u00fablicos, ontem, 24, entregou ao diretor Rafael Ferr\\u00e3o, algumas sugest\\u00f5es colhidas junto aos funcion\\u00e1rios do servi\\u00e7o de limpeza p\\u00fablica com a finalidade de proteger a categoria do cont\\u00e1gio do coronav\\u00edrus, a serem entregues ao secret\\u00e1rio\",\"inLanguage\":\"pt-BR\",\"isPartOf\":{\"@id\":\"https:\\\/\\\/newsinfoco.com.br\\\/inicio\\\/#website\"},\"breadcrumb\":{\"@id\":\"https:\\\/\\\/newsinfoco.com.br\\\/inicio\\\/vereador-luciano-almeida-encaminha-medidas-para-proteger-profissionais-da-limpeza-publica-e-luta-por-leitos-de-uti\\\/#breadcrumblist\"},\"author\":{\"@id\":\"https:\\\/\\\/newsinfoco.com.br\\\/inicio\\\/author\\\/administrador\\\/#author\"},\"creator\":{\"@id\":\"https:\\\/\\\/newsinfoco.com.br\\\/inicio\\\/author\\\/administrador\\\/#author\"},\"image\":{\"@type\":\"ImageObject\",\"url\":\"https:\\\/\\\/newsinfoco.com.br\\\/inicio\\\/wp-content\\\/uploads\\\/2019\\\/11\\\/Almeida.jpg\",\"@id\":\"https:\\\/\\\/newsinfoco.com.br\\\/inicio\\\/vereador-luciano-almeida-encaminha-medidas-para-proteger-profissionais-da-limpeza-publica-e-luta-por-leitos-de-uti\\\/#mainImage\",\"width\":800,\"height\":535},\"primaryImageOfPage\":{\"@id\":\"https:\\\/\\\/newsinfoco.com.br\\\/inicio\\\/vereador-luciano-almeida-encaminha-medidas-para-proteger-profissionais-da-limpeza-publica-e-luta-por-leitos-de-uti\\\/#mainImage\"},\"datePublished\":\"2020-03-25T08:28:04-03:00\",\"dateModified\":\"2020-03-25T08:28:04-03:00\"},{\"@type\":\"WebSite\",\"@id\":\"https:\\\/\\\/newsinfoco.com.br\\\/inicio\\\/#website\",\"url\":\"https:\\\/\\\/newsinfoco.com.br\\\/inicio\\\/\",\"name\":\"News In Foco - Editado por Caio Pimenta\",\"description\":\"O principal site de noticias de Alagoinhas e regi\\u00e3o\",\"inLanguage\":\"pt-BR\",\"publisher\":{\"@id\":\"https:\\\/\\\/newsinfoco.com.br\\\/inicio\\\/#organization\"}}]}\n\t\t<\/script>\n\t\t<!-- All in One SEO -->\n\n","aioseo_head_json":{"title":"Vereador Luciano Almeida encaminha medidas para proteger profissionais da limpeza p\u00fablica e luta por leitos de UTI - News In Foco - Editado por Caio Pimenta","description":"O vereador Luciano Almeida, membro do Comiss\u00e3o de Sa\u00fade da C\u00e2mara de Vereadores, em reuni\u00e3o com a Secretaria de Servi\u00e7os P\u00fablicos, ontem, 24, entregou ao diretor Rafael Ferr\u00e3o, algumas sugest\u00f5es colhidas junto aos funcion\u00e1rios do servi\u00e7o de limpeza p\u00fablica com a finalidade de proteger a categoria do cont\u00e1gio do coronav\u00edrus, a serem entregues ao secret\u00e1rio","canonical_url":"https:\/\/newsinfoco.com.br\/inicio\/vereador-luciano-almeida-encaminha-medidas-para-proteger-profissionais-da-limpeza-publica-e-luta-por-leitos-de-uti\/","robots":"max-image-preview:large","keywords":"","webmasterTools":{"miscellaneous":""},"schema":{"@context":"https:\/\/schema.org","@graph":[{"@type":"BlogPosting","@id":"https:\/\/newsinfoco.com.br\/inicio\/vereador-luciano-almeida-encaminha-medidas-para-proteger-profissionais-da-limpeza-publica-e-luta-por-leitos-de-uti\/#blogposting","name":"Vereador Luciano Almeida encaminha medidas para proteger profissionais da limpeza p\u00fablica e luta por leitos de UTI - News In Foco - Editado por Caio Pimenta","headline":"Vereador Luciano Almeida encaminha medidas para proteger profissionais da limpeza p\u00fablica e luta por leitos de UTI","author":{"@id":"https:\/\/newsinfoco.com.br\/inicio\/author\/administrador\/#author"},"publisher":{"@id":"https:\/\/newsinfoco.com.br\/inicio\/#organization"},"image":{"@type":"ImageObject","url":"https:\/\/newsinfoco.com.br\/inicio\/wp-content\/uploads\/2019\/11\/Almeida.jpg","width":800,"height":535},"datePublished":"2020-03-25T08:28:04-03:00","dateModified":"2020-03-25T08:28:04-03:00","inLanguage":"pt-BR","mainEntityOfPage":{"@id":"https:\/\/newsinfoco.com.br\/inicio\/vereador-luciano-almeida-encaminha-medidas-para-proteger-profissionais-da-limpeza-publica-e-luta-por-leitos-de-uti\/#webpage"},"isPartOf":{"@id":"https:\/\/newsinfoco.com.br\/inicio\/vereador-luciano-almeida-encaminha-medidas-para-proteger-profissionais-da-limpeza-publica-e-luta-por-leitos-de-uti\/#webpage"},"articleSection":"Manchete"},{"@type":"BreadcrumbList","@id":"https:\/\/newsinfoco.com.br\/inicio\/vereador-luciano-almeida-encaminha-medidas-para-proteger-profissionais-da-limpeza-publica-e-luta-por-leitos-de-uti\/#breadcrumblist","itemListElement":[{"@type":"ListItem","@id":"https:\/\/newsinfoco.com.br\/inicio#listItem","position":1,"name":"In\u00edcio","item":"https:\/\/newsinfoco.com.br\/inicio","nextItem":{"@type":"ListItem","@id":"https:\/\/newsinfoco.com.br\/inicio\/category\/exclusivas\/#listItem","name":"Manchete"}},{"@type":"ListItem","@id":"https:\/\/newsinfoco.com.br\/inicio\/category\/exclusivas\/#listItem","position":2,"name":"Manchete","item":"https:\/\/newsinfoco.com.br\/inicio\/category\/exclusivas\/","nextItem":{"@type":"ListItem","@id":"https:\/\/newsinfoco.com.br\/inicio\/vereador-luciano-almeida-encaminha-medidas-para-proteger-profissionais-da-limpeza-publica-e-luta-por-leitos-de-uti\/#listItem","name":"Vereador Luciano Almeida encaminha medidas para proteger profissionais da limpeza p\u00fablica e luta por leitos de UTI"},"previousItem":{"@type":"ListItem","@id":"https:\/\/newsinfoco.com.br\/inicio#listItem","name":"In\u00edcio"}},{"@type":"ListItem","@id":"https:\/\/newsinfoco.com.br\/inicio\/vereador-luciano-almeida-encaminha-medidas-para-proteger-profissionais-da-limpeza-publica-e-luta-por-leitos-de-uti\/#listItem","position":3,"name":"Vereador Luciano Almeida encaminha medidas para proteger profissionais da limpeza p\u00fablica e luta por leitos de UTI","previousItem":{"@type":"ListItem","@id":"https:\/\/newsinfoco.com.br\/inicio\/category\/exclusivas\/#listItem","name":"Manchete"}}]},{"@type":"Organization","@id":"https:\/\/newsinfoco.com.br\/inicio\/#organization","name":"News In Foco - Editado por Caio Pimenta","description":"O principal site de noticias de Alagoinhas e regi\u00e3o","url":"https:\/\/newsinfoco.com.br\/inicio\/"},{"@type":"Person","@id":"https:\/\/newsinfoco.com.br\/inicio\/author\/administrador\/#author","url":"https:\/\/newsinfoco.com.br\/inicio\/author\/administrador\/","name":"administrador","image":{"@type":"ImageObject","@id":"https:\/\/newsinfoco.com.br\/inicio\/vereador-luciano-almeida-encaminha-medidas-para-proteger-profissionais-da-limpeza-publica-e-luta-por-leitos-de-uti\/#authorImage","url":"https:\/\/secure.gravatar.com\/avatar\/c17a617433de8c1dc9584bb79aab7563b46f5bb7e1728c9b17d9cc3ce6a08e49?s=96&d=mm&r=g","width":96,"height":96,"caption":"administrador"}},{"@type":"WebPage","@id":"https:\/\/newsinfoco.com.br\/inicio\/vereador-luciano-almeida-encaminha-medidas-para-proteger-profissionais-da-limpeza-publica-e-luta-por-leitos-de-uti\/#webpage","url":"https:\/\/newsinfoco.com.br\/inicio\/vereador-luciano-almeida-encaminha-medidas-para-proteger-profissionais-da-limpeza-publica-e-luta-por-leitos-de-uti\/","name":"Vereador Luciano Almeida encaminha medidas para proteger profissionais da limpeza p\u00fablica e luta por leitos de UTI - News In Foco - Editado por Caio Pimenta","description":"O vereador Luciano Almeida, membro do Comiss\u00e3o de Sa\u00fade da C\u00e2mara de Vereadores, em reuni\u00e3o com a Secretaria de Servi\u00e7os P\u00fablicos, ontem, 24, entregou ao diretor Rafael Ferr\u00e3o, algumas sugest\u00f5es colhidas junto aos funcion\u00e1rios do servi\u00e7o de limpeza p\u00fablica com a finalidade de proteger a categoria do cont\u00e1gio do coronav\u00edrus, a serem entregues ao secret\u00e1rio","inLanguage":"pt-BR","isPartOf":{"@id":"https:\/\/newsinfoco.com.br\/inicio\/#website"},"breadcrumb":{"@id":"https:\/\/newsinfoco.com.br\/inicio\/vereador-luciano-almeida-encaminha-medidas-para-proteger-profissionais-da-limpeza-publica-e-luta-por-leitos-de-uti\/#breadcrumblist"},"author":{"@id":"https:\/\/newsinfoco.com.br\/inicio\/author\/administrador\/#author"},"creator":{"@id":"https:\/\/newsinfoco.com.br\/inicio\/author\/administrador\/#author"},"image":{"@type":"ImageObject","url":"https:\/\/newsinfoco.com.br\/inicio\/wp-content\/uploads\/2019\/11\/Almeida.jpg","@id":"https:\/\/newsinfoco.com.br\/inicio\/vereador-luciano-almeida-encaminha-medidas-para-proteger-profissionais-da-limpeza-publica-e-luta-por-leitos-de-uti\/#mainImage","width":800,"height":535},"primaryImageOfPage":{"@id":"https:\/\/newsinfoco.com.br\/inicio\/vereador-luciano-almeida-encaminha-medidas-para-proteger-profissionais-da-limpeza-publica-e-luta-por-leitos-de-uti\/#mainImage"},"datePublished":"2020-03-25T08:28:04-03:00","dateModified":"2020-03-25T08:28:04-03:00"},{"@type":"WebSite","@id":"https:\/\/newsinfoco.com.br\/inicio\/#website","url":"https:\/\/newsinfoco.com.br\/inicio\/","name":"News In Foco - Editado por Caio Pimenta","description":"O principal site de noticias de Alagoinhas e regi\u00e3o","inLanguage":"pt-BR","publisher":{"@id":"https:\/\/newsinfoco.com.br\/inicio\/#organization"}}]},"og:locale":"pt_BR","og:site_name":"News In Foco - Editado por Caio Pimenta - O principal site de noticias de Alagoinhas e regi\u00e3o","og:type":"article","og:title":"Vereador Luciano Almeida encaminha medidas para proteger profissionais da limpeza p\u00fablica e luta por leitos de UTI - News In Foco - Editado por Caio Pimenta","og:description":"O vereador Luciano Almeida, membro do Comiss\u00e3o de Sa\u00fade da C\u00e2mara de Vereadores, em reuni\u00e3o com a Secretaria de Servi\u00e7os P\u00fablicos, ontem, 24, entregou ao diretor Rafael Ferr\u00e3o, algumas sugest\u00f5es colhidas junto aos funcion\u00e1rios do servi\u00e7o de limpeza p\u00fablica com a finalidade de proteger a categoria do cont\u00e1gio do coronav\u00edrus, a serem entregues ao secret\u00e1rio","og:url":"https:\/\/newsinfoco.com.br\/inicio\/vereador-luciano-almeida-encaminha-medidas-para-proteger-profissionais-da-limpeza-publica-e-luta-por-leitos-de-uti\/","article:published_time":"2020-03-25T11:28:04+00:00","article:modified_time":"2020-03-25T11:28:04+00:00","twitter:card":"summary_large_image","twitter:title":"Vereador Luciano Almeida encaminha medidas para proteger profissionais da limpeza p\u00fablica e luta por leitos de UTI - News In Foco - Editado por Caio Pimenta","twitter:description":"O vereador Luciano Almeida, membro do Comiss\u00e3o de Sa\u00fade da C\u00e2mara de Vereadores, em reuni\u00e3o com a Secretaria de Servi\u00e7os P\u00fablicos, ontem, 24, entregou ao diretor Rafael Ferr\u00e3o, algumas sugest\u00f5es colhidas junto aos funcion\u00e1rios do servi\u00e7o de limpeza p\u00fablica com a finalidade de proteger a categoria do cont\u00e1gio do coronav\u00edrus, a serem entregues ao secret\u00e1rio"},"aioseo_meta_data":{"post_id":"20693","title":null,"description":null,"keywords":null,"keyphrases":null,"primary_term":null,"canonical_url":null,"og_title":null,"og_description":null,"og_object_type":"default","og_image_type":"default","og_image_url":null,"og_image_width":null,"og_image_height":null,"og_image_custom_url":null,"og_image_custom_fields":null,"og_video":null,"og_custom_url":null,"og_article_section":null,"og_article_tags":null,"twitter_use_og":false,"twitter_card":"default","twitter_image_type":"default","twitter_image_url":null,"twitter_image_custom_url":null,"twitter_image_custom_fields":null,"twitter_title":null,"twitter_description":null,"schema":{"blockGraphs":[],"customGraphs":[],"default":{"data":{"Article":[],"Course":[],"Dataset":[],"FAQPage":[],"Movie":[],"Person":[],"Product":[],"ProductReview":[],"Car":[],"Recipe":[],"Service":[],"SoftwareApplication":[],"WebPage":[]},"graphName":"","isEnabled":true},"graphs":[]},"schema_type":"default","schema_type_options":null,"pillar_content":false,"robots_default":true,"robots_noindex":false,"robots_noarchive":false,"robots_nosnippet":false,"robots_nofollow":false,"robots_noimageindex":false,"robots_noodp":false,"robots_notranslate":false,"robots_max_snippet":null,"robots_max_videopreview":null,"robots_max_imagepreview":"large","priority":null,"frequency":null,"local_seo":null,"breadcrumb_settings":null,"limit_modified_date":false,"ai":null,"created":"2023-06-12 16:21:30","updated":"2025-07-11 02:55:44","seo_analyzer_scan_date":null},"aioseo_breadcrumb":"<div class=\"aioseo-breadcrumbs\"><span class=\"aioseo-breadcrumb\">\n\t\t\t<a href=\"https:\/\/newsinfoco.com.br\/inicio\" title=\"In\u00edcio\">In\u00edcio<\/a>\n\t\t<\/span><span class=\"aioseo-breadcrumb-separator\">&raquo;<\/span><span class=\"aioseo-breadcrumb\">\n\t\t\t<a href=\"https:\/\/newsinfoco.com.br\/inicio\/category\/exclusivas\/\" title=\"Manchete\">Manchete<\/a>\n\t\t<\/span><span class=\"aioseo-breadcrumb-separator\">&raquo;<\/span><span class=\"aioseo-breadcrumb\">\n\t\t\tVereador Luciano Almeida encaminha medidas para proteger profissionais da limpeza p\u00fablica e luta por leitos de UTI\n\t\t<\/span><\/div>","aioseo_breadcrumb_json":[{"label":"In\u00edcio","link":"https:\/\/newsinfoco.com.br\/inicio"},{"label":"Manchete","link":"https:\/\/newsinfoco.com.br\/inicio\/category\/exclusivas\/"},{"label":"Vereador Luciano Almeida encaminha medidas para proteger profissionais da limpeza p\u00fablica e luta por leitos de UTI","link":"https:\/\/newsinfoco.com.br\/inicio\/vereador-luciano-almeida-encaminha-medidas-para-proteger-profissionais-da-limpeza-publica-e-luta-por-leitos-de-uti\/"}],"_links":{"self":[{"href":"https:\/\/newsinfoco.com.br\/inicio\/wp-json\/wp\/v2\/posts\/20693","targetHints":{"allow":["GET"]}}],"collection":[{"href":"https:\/\/newsinfoco.com.br\/inicio\/wp-json\/wp\/v2\/posts"}],"about":[{"href":"https:\/\/newsinfoco.com.br\/inicio\/wp-json\/wp\/v2\/types\/post"}],"author":[{"embeddable":true,"href":"https:\/\/newsinfoco.com.br\/inicio\/wp-json\/wp\/v2\/users\/1"}],"replies":[{"embeddable":true,"href":"https:\/\/newsinfoco.com.br\/inicio\/wp-json\/wp\/v2\/comments?post=20693"}],"version-history":[{"count":0,"href":"https:\/\/newsinfoco.com.br\/inicio\/wp-json\/wp\/v2\/posts\/20693\/revisions"}],"wp:featuredmedia":[{"embeddable":true,"href":"https:\/\/newsinfoco.com.br\/inicio\/wp-json\/wp\/v2\/media\/18549"}],"wp:attachment":[{"href":"https:\/\/newsinfoco.com.br\/inicio\/wp-json\/wp\/v2\/media?parent=20693"}],"wp:term":[{"taxonomy":"category","embeddable":true,"href":"https:\/\/newsinfoco.com.br\/inicio\/wp-json\/wp\/v2\/categories?post=20693"},{"taxonomy":"post_tag","embeddable":true,"href":"https:\/\/newsinfoco.com.br\/inicio\/wp-json\/wp\/v2\/tags?post=20693"}],"curies":[{"name":"wp","href":"https:\/\/api.w.org\/{rel}","templated":true}]}}