{"id":20696,"date":"2020-03-27T11:08:39","date_gmt":"2020-03-27T14:08:39","guid":{"rendered":"http:\/\/newsinfoco.com.br\/?p=20696"},"modified":"2020-03-27T11:21:42","modified_gmt":"2020-03-27T14:21:42","slug":"primeiro-caso-de-coronavirus-em-alagoinhas-e-de-servidora-municipal-lotada-na-sefaz","status":"publish","type":"post","link":"https:\/\/newsinfoco.com.br\/inicio\/primeiro-caso-de-coronavirus-em-alagoinhas-e-de-servidora-municipal-lotada-na-sefaz\/","title":{"rendered":"Primeiro caso de coronavirus em Alagoinhas \u00e9 de servidora municipal lotada na Sefaz"},"content":{"rendered":"<p style=\"text-align: justify;\">O primeiro caso de coronavirus registrado em Alagoinhas \u00e9 de uma mulher, que tem por volta de 40 anos, e \u00e9 servidora municipal lotada na Secretaria Municipal de Fazenda. Ela foi atendida com os sintomas do virus em Salvador e neste momento est\u00e1 em isolamento na sua residencia. A informa\u00e7\u00e3o foi conferida pelo site News Infoco atrav\u00e9s de relatos de profissionais e de pessoas conhecidas da paciente que est\u00e3o preocupadas com a poss\u00edvel propaga\u00e7\u00e3o do virus na cidade.<\/p>\n<p style=\"text-align: justify;\">A SESAB, o 3\u00ba Nucleo Regional de Sa\u00fade e a secretaria municipal de sa\u00fade de Alagoinhas, at\u00e9 o momento, mant\u00e9m a postura de n\u00e3o divulgar de modo oficial detalhes sobre a paciente. Hoje pela manh\u00e3, o coordenador do 3\u00ba N\u00facleo Regional de Sa\u00fade, Rog\u00e9rio Ramos, em entrevista ao programa Primeira M\u00e3o, afirmou que, por quest\u00f5es de \u00e9tica e para evitar o p\u00e2nico entre os moradores da cidade, n\u00e3o divulgaria o nome da paciente.<\/p>\n<p style=\"text-align: justify;\">O site News Infoco, assim como demonstraram os integrantes da bancada do Primeira M\u00e3o, conseguiu, atrav\u00e9s de investiga\u00e7\u00e3o, chegar \u00e0 identidade da pessoa. Em respeito a enferma, n\u00e3o divulgaremos seu nome.<\/p>\n<p style=\"text-align: justify;\">Ramos afirmou que, apesar de n\u00e3o divulgar detalhes da pessoa, os org\u00e3os de sa\u00fade tomaram todas as medidas para controle do virus, inclusive se comunicando com as pessoas que mantiveram contato com a infectada. Por\u00e9m, durante o programa Primeira M\u00e3o, relato de pessoas que tiveram contato com a infectada e ainda n\u00e3o haviam sido contactadas chegaram \u00e1 tona.<\/p>\n<p style=\"text-align: justify;\">Ainda durante a entrevista, funcion\u00e1rios lotados na SEFAZ e ouvintes questionaram o fato da n\u00e3o divulga\u00e7\u00e3o de detalhes sobre o caso. Os servidores da secretaria est\u00e3o temerosos com a poss\u00edvel propaga\u00e7\u00e3o do virus dentro da secretaria e cobram a feitura de testes nos servidores para aferir se houve ou n\u00e3o infectados.<\/p>\n<p style=\"text-align: justify;\">Ainda pela manh\u00e3, o site News Infoco apurou que alguns profissionais desta secretaria procuraram postos de sa\u00fade para poderem fazer o teste. A resposta recebida causou indigna\u00e7\u00e3o. \u00c0 eles foi dito que o teste \u00e9 apenas feito para pessoas que apresentem casos graves e pediram que retornassem \u00e0 suas casas.<\/p>\n<p style=\"text-align: justify;\">Diversos servidores da Sefaz j\u00e1 apresentam sintomas do coronavirus, alguns j\u00e1 est\u00e3o em isolamento por conta pr\u00f3pria, mesmo sem a confirma\u00e7\u00e3o do teste.<\/p>\n<p style=\"text-align: justify;\">\u00c9 preciso que a SESAU e a prefeitura de Alagoinhas tomem um posicionamento sobre o fato e resguarde a sa\u00fade destes funcion\u00e1rios.<\/p>\n<p>Por Caio Pimenta para o News Infoco<\/p>\n<div class='share-to-whatsapp-wrapper'><div class='share-on-whsp'>Share on: <\/div><a data-text='Primeiro caso de coronavirus em Alagoinhas \u00e9 de servidora municipal lotada na Sefaz' data-link='https:\/\/newsinfoco.com.br\/inicio\/primeiro-caso-de-coronavirus-em-alagoinhas-e-de-servidora-municipal-lotada-na-sefaz\/' class='whatsapp-button whatsapp-share'>WhatsApp<\/a><div class='clear '><\/div><\/div>","protected":false},"excerpt":{"rendered":"<p>O primeiro caso de coronavirus registrado em Alagoinhas \u00e9 de uma mulher, que tem por volta de 40 anos, e \u00e9 servidora municipal lotada na Secretaria Municipal de Fazenda. Ela foi atendida com os sintomas do virus em Salvador e neste momento est\u00e1 em isolamento na sua residencia. A informa\u00e7\u00e3o foi conferida pelo site News [&hellip;]<\/p>\n","protected":false},"author":1,"featured_media":20614,"comment_status":"open","ping_status":"open","sticky":false,"template":"","format":"standard","meta":{"om_disable_all_campaigns":false,"rop_custom_images_group":[],"rop_custom_messages_group":[],"rop_publish_now":"initial","rop_publish_now_accounts":[],"rop_publish_now_history":[],"rop_publish_now_status":"pending","_exactmetrics_skip_tracking":false,"footnotes":""},"categories":[167],"tags":[],"class_list":["post-20696","post","type-post","status-publish","format-standard","has-post-thumbnail","hentry","category-exclusivas"],"aioseo_notices":[],"aioseo_head":"\n\t\t<!-- All in One SEO 4.9.10 - aioseo.com -->\n\t<meta name=\"description\" content=\"O primeiro caso de coronavirus registrado em Alagoinhas \u00e9 de uma mulher, que tem por volta de 40 anos, e \u00e9 servidora municipal lotada na Secretaria Municipal de Fazenda. Ela foi atendida com os sintomas do virus em Salvador e neste momento est\u00e1 em isolamento na sua residencia. A informa\u00e7\u00e3o foi conferida pelo site News\" \/>\n\t<meta name=\"robots\" content=\"max-image-preview:large\" \/>\n\t<meta name=\"author\" content=\"administrador\"\/>\n\t<link rel=\"canonical\" href=\"https:\/\/newsinfoco.com.br\/inicio\/primeiro-caso-de-coronavirus-em-alagoinhas-e-de-servidora-municipal-lotada-na-sefaz\/\" \/>\n\t<meta name=\"generator\" content=\"All in One SEO (AIOSEO) 4.9.10\" \/>\n\t\t<meta property=\"og:locale\" content=\"pt_BR\" \/>\n\t\t<meta property=\"og:site_name\" content=\"News In Foco - Editado por Caio Pimenta - O principal site de noticias de Alagoinhas e regi\u00e3o\" \/>\n\t\t<meta property=\"og:type\" content=\"article\" \/>\n\t\t<meta property=\"og:title\" content=\"Primeiro caso de coronavirus em Alagoinhas \u00e9 de servidora municipal lotada na Sefaz - News In Foco - Editado por Caio Pimenta\" \/>\n\t\t<meta property=\"og:description\" content=\"O primeiro caso de coronavirus registrado em Alagoinhas \u00e9 de uma mulher, que tem por volta de 40 anos, e \u00e9 servidora municipal lotada na Secretaria Municipal de Fazenda. Ela foi atendida com os sintomas do virus em Salvador e neste momento est\u00e1 em isolamento na sua residencia. A informa\u00e7\u00e3o foi conferida pelo site News\" \/>\n\t\t<meta property=\"og:url\" content=\"https:\/\/newsinfoco.com.br\/inicio\/primeiro-caso-de-coronavirus-em-alagoinhas-e-de-servidora-municipal-lotada-na-sefaz\/\" \/>\n\t\t<meta property=\"article:published_time\" content=\"2020-03-27T14:08:39+00:00\" \/>\n\t\t<meta property=\"article:modified_time\" content=\"2020-03-27T14:21:42+00:00\" \/>\n\t\t<meta name=\"twitter:card\" content=\"summary_large_image\" \/>\n\t\t<meta name=\"twitter:title\" content=\"Primeiro caso de coronavirus em Alagoinhas \u00e9 de servidora municipal lotada na Sefaz - News In Foco - Editado por Caio Pimenta\" \/>\n\t\t<meta name=\"twitter:description\" content=\"O primeiro caso de coronavirus registrado em Alagoinhas \u00e9 de uma mulher, que tem por volta de 40 anos, e \u00e9 servidora municipal lotada na Secretaria Municipal de Fazenda. Ela foi atendida com os sintomas do virus em Salvador e neste momento est\u00e1 em isolamento na sua residencia. A informa\u00e7\u00e3o foi conferida pelo site News\" \/>\n\t\t<script type=\"application\/ld+json\" class=\"aioseo-schema\">\n\t\t\t{\"@context\":\"https:\\\/\\\/schema.org\",\"@graph\":[{\"@type\":\"BlogPosting\",\"@id\":\"https:\\\/\\\/newsinfoco.com.br\\\/inicio\\\/primeiro-caso-de-coronavirus-em-alagoinhas-e-de-servidora-municipal-lotada-na-sefaz\\\/#blogposting\",\"name\":\"Primeiro caso de coronavirus em Alagoinhas \\u00e9 de servidora municipal lotada na Sefaz - News In Foco - Editado por Caio Pimenta\",\"headline\":\"Primeiro caso de coronavirus em Alagoinhas \\u00e9 de servidora municipal lotada na Sefaz\",\"author\":{\"@id\":\"https:\\\/\\\/newsinfoco.com.br\\\/inicio\\\/author\\\/administrador\\\/#author\"},\"publisher\":{\"@id\":\"https:\\\/\\\/newsinfoco.com.br\\\/inicio\\\/#organization\"},\"image\":{\"@type\":\"ImageObject\",\"url\":\"https:\\\/\\\/newsinfoco.com.br\\\/inicio\\\/wp-content\\\/uploads\\\/2020\\\/03\\\/Prefeitura-de-Alagoinhas.jpg\",\"width\":1050,\"height\":525},\"datePublished\":\"2020-03-27T11:08:39-03:00\",\"dateModified\":\"2020-03-27T11:21:42-03:00\",\"inLanguage\":\"pt-BR\",\"mainEntityOfPage\":{\"@id\":\"https:\\\/\\\/newsinfoco.com.br\\\/inicio\\\/primeiro-caso-de-coronavirus-em-alagoinhas-e-de-servidora-municipal-lotada-na-sefaz\\\/#webpage\"},\"isPartOf\":{\"@id\":\"https:\\\/\\\/newsinfoco.com.br\\\/inicio\\\/primeiro-caso-de-coronavirus-em-alagoinhas-e-de-servidora-municipal-lotada-na-sefaz\\\/#webpage\"},\"articleSection\":\"Manchete\"},{\"@type\":\"BreadcrumbList\",\"@id\":\"https:\\\/\\\/newsinfoco.com.br\\\/inicio\\\/primeiro-caso-de-coronavirus-em-alagoinhas-e-de-servidora-municipal-lotada-na-sefaz\\\/#breadcrumblist\",\"itemListElement\":[{\"@type\":\"ListItem\",\"@id\":\"https:\\\/\\\/newsinfoco.com.br\\\/inicio#listItem\",\"position\":1,\"name\":\"In\\u00edcio\",\"item\":\"https:\\\/\\\/newsinfoco.com.br\\\/inicio\",\"nextItem\":{\"@type\":\"ListItem\",\"@id\":\"https:\\\/\\\/newsinfoco.com.br\\\/inicio\\\/category\\\/exclusivas\\\/#listItem\",\"name\":\"Manchete\"}},{\"@type\":\"ListItem\",\"@id\":\"https:\\\/\\\/newsinfoco.com.br\\\/inicio\\\/category\\\/exclusivas\\\/#listItem\",\"position\":2,\"name\":\"Manchete\",\"item\":\"https:\\\/\\\/newsinfoco.com.br\\\/inicio\\\/category\\\/exclusivas\\\/\",\"nextItem\":{\"@type\":\"ListItem\",\"@id\":\"https:\\\/\\\/newsinfoco.com.br\\\/inicio\\\/primeiro-caso-de-coronavirus-em-alagoinhas-e-de-servidora-municipal-lotada-na-sefaz\\\/#listItem\",\"name\":\"Primeiro caso de coronavirus em Alagoinhas \\u00e9 de servidora municipal lotada na Sefaz\"},\"previousItem\":{\"@type\":\"ListItem\",\"@id\":\"https:\\\/\\\/newsinfoco.com.br\\\/inicio#listItem\",\"name\":\"In\\u00edcio\"}},{\"@type\":\"ListItem\",\"@id\":\"https:\\\/\\\/newsinfoco.com.br\\\/inicio\\\/primeiro-caso-de-coronavirus-em-alagoinhas-e-de-servidora-municipal-lotada-na-sefaz\\\/#listItem\",\"position\":3,\"name\":\"Primeiro caso de coronavirus em Alagoinhas \\u00e9 de servidora municipal lotada na Sefaz\",\"previousItem\":{\"@type\":\"ListItem\",\"@id\":\"https:\\\/\\\/newsinfoco.com.br\\\/inicio\\\/category\\\/exclusivas\\\/#listItem\",\"name\":\"Manchete\"}}]},{\"@type\":\"Organization\",\"@id\":\"https:\\\/\\\/newsinfoco.com.br\\\/inicio\\\/#organization\",\"name\":\"News In Foco - Editado por Caio Pimenta\",\"description\":\"O principal site de noticias de Alagoinhas e regi\\u00e3o\",\"url\":\"https:\\\/\\\/newsinfoco.com.br\\\/inicio\\\/\"},{\"@type\":\"Person\",\"@id\":\"https:\\\/\\\/newsinfoco.com.br\\\/inicio\\\/author\\\/administrador\\\/#author\",\"url\":\"https:\\\/\\\/newsinfoco.com.br\\\/inicio\\\/author\\\/administrador\\\/\",\"name\":\"administrador\",\"image\":{\"@type\":\"ImageObject\",\"@id\":\"https:\\\/\\\/newsinfoco.com.br\\\/inicio\\\/primeiro-caso-de-coronavirus-em-alagoinhas-e-de-servidora-municipal-lotada-na-sefaz\\\/#authorImage\",\"url\":\"https:\\\/\\\/secure.gravatar.com\\\/avatar\\\/c17a617433de8c1dc9584bb79aab7563b46f5bb7e1728c9b17d9cc3ce6a08e49?s=96&d=mm&r=g\",\"width\":96,\"height\":96,\"caption\":\"administrador\"}},{\"@type\":\"WebPage\",\"@id\":\"https:\\\/\\\/newsinfoco.com.br\\\/inicio\\\/primeiro-caso-de-coronavirus-em-alagoinhas-e-de-servidora-municipal-lotada-na-sefaz\\\/#webpage\",\"url\":\"https:\\\/\\\/newsinfoco.com.br\\\/inicio\\\/primeiro-caso-de-coronavirus-em-alagoinhas-e-de-servidora-municipal-lotada-na-sefaz\\\/\",\"name\":\"Primeiro caso de coronavirus em Alagoinhas \\u00e9 de servidora municipal lotada na Sefaz - News In Foco - Editado por Caio Pimenta\",\"description\":\"O primeiro caso de coronavirus registrado em Alagoinhas \\u00e9 de uma mulher, que tem por volta de 40 anos, e \\u00e9 servidora municipal lotada na Secretaria Municipal de Fazenda. Ela foi atendida com os sintomas do virus em Salvador e neste momento est\\u00e1 em isolamento na sua residencia. A informa\\u00e7\\u00e3o foi conferida pelo site News\",\"inLanguage\":\"pt-BR\",\"isPartOf\":{\"@id\":\"https:\\\/\\\/newsinfoco.com.br\\\/inicio\\\/#website\"},\"breadcrumb\":{\"@id\":\"https:\\\/\\\/newsinfoco.com.br\\\/inicio\\\/primeiro-caso-de-coronavirus-em-alagoinhas-e-de-servidora-municipal-lotada-na-sefaz\\\/#breadcrumblist\"},\"author\":{\"@id\":\"https:\\\/\\\/newsinfoco.com.br\\\/inicio\\\/author\\\/administrador\\\/#author\"},\"creator\":{\"@id\":\"https:\\\/\\\/newsinfoco.com.br\\\/inicio\\\/author\\\/administrador\\\/#author\"},\"image\":{\"@type\":\"ImageObject\",\"url\":\"https:\\\/\\\/newsinfoco.com.br\\\/inicio\\\/wp-content\\\/uploads\\\/2020\\\/03\\\/Prefeitura-de-Alagoinhas.jpg\",\"@id\":\"https:\\\/\\\/newsinfoco.com.br\\\/inicio\\\/primeiro-caso-de-coronavirus-em-alagoinhas-e-de-servidora-municipal-lotada-na-sefaz\\\/#mainImage\",\"width\":1050,\"height\":525},\"primaryImageOfPage\":{\"@id\":\"https:\\\/\\\/newsinfoco.com.br\\\/inicio\\\/primeiro-caso-de-coronavirus-em-alagoinhas-e-de-servidora-municipal-lotada-na-sefaz\\\/#mainImage\"},\"datePublished\":\"2020-03-27T11:08:39-03:00\",\"dateModified\":\"2020-03-27T11:21:42-03:00\"},{\"@type\":\"WebSite\",\"@id\":\"https:\\\/\\\/newsinfoco.com.br\\\/inicio\\\/#website\",\"url\":\"https:\\\/\\\/newsinfoco.com.br\\\/inicio\\\/\",\"name\":\"News In Foco - Editado por Caio Pimenta\",\"description\":\"O principal site de noticias de Alagoinhas e regi\\u00e3o\",\"inLanguage\":\"pt-BR\",\"publisher\":{\"@id\":\"https:\\\/\\\/newsinfoco.com.br\\\/inicio\\\/#organization\"}}]}\n\t\t<\/script>\n\t\t<!-- All in One SEO -->\n\n","aioseo_head_json":{"title":"Primeiro caso de coronavirus em Alagoinhas \u00e9 de servidora municipal lotada na Sefaz - News In Foco - Editado por Caio Pimenta","description":"O primeiro caso de coronavirus registrado em Alagoinhas \u00e9 de uma mulher, que tem por volta de 40 anos, e \u00e9 servidora municipal lotada na Secretaria Municipal de Fazenda. Ela foi atendida com os sintomas do virus em Salvador e neste momento est\u00e1 em isolamento na sua residencia. A informa\u00e7\u00e3o foi conferida pelo site News","canonical_url":"https:\/\/newsinfoco.com.br\/inicio\/primeiro-caso-de-coronavirus-em-alagoinhas-e-de-servidora-municipal-lotada-na-sefaz\/","robots":"max-image-preview:large","keywords":"","webmasterTools":{"miscellaneous":""},"schema":{"@context":"https:\/\/schema.org","@graph":[{"@type":"BlogPosting","@id":"https:\/\/newsinfoco.com.br\/inicio\/primeiro-caso-de-coronavirus-em-alagoinhas-e-de-servidora-municipal-lotada-na-sefaz\/#blogposting","name":"Primeiro caso de coronavirus em Alagoinhas \u00e9 de servidora municipal lotada na Sefaz - News In Foco - Editado por Caio Pimenta","headline":"Primeiro caso de coronavirus em Alagoinhas \u00e9 de servidora municipal lotada na Sefaz","author":{"@id":"https:\/\/newsinfoco.com.br\/inicio\/author\/administrador\/#author"},"publisher":{"@id":"https:\/\/newsinfoco.com.br\/inicio\/#organization"},"image":{"@type":"ImageObject","url":"https:\/\/newsinfoco.com.br\/inicio\/wp-content\/uploads\/2020\/03\/Prefeitura-de-Alagoinhas.jpg","width":1050,"height":525},"datePublished":"2020-03-27T11:08:39-03:00","dateModified":"2020-03-27T11:21:42-03:00","inLanguage":"pt-BR","mainEntityOfPage":{"@id":"https:\/\/newsinfoco.com.br\/inicio\/primeiro-caso-de-coronavirus-em-alagoinhas-e-de-servidora-municipal-lotada-na-sefaz\/#webpage"},"isPartOf":{"@id":"https:\/\/newsinfoco.com.br\/inicio\/primeiro-caso-de-coronavirus-em-alagoinhas-e-de-servidora-municipal-lotada-na-sefaz\/#webpage"},"articleSection":"Manchete"},{"@type":"BreadcrumbList","@id":"https:\/\/newsinfoco.com.br\/inicio\/primeiro-caso-de-coronavirus-em-alagoinhas-e-de-servidora-municipal-lotada-na-sefaz\/#breadcrumblist","itemListElement":[{"@type":"ListItem","@id":"https:\/\/newsinfoco.com.br\/inicio#listItem","position":1,"name":"In\u00edcio","item":"https:\/\/newsinfoco.com.br\/inicio","nextItem":{"@type":"ListItem","@id":"https:\/\/newsinfoco.com.br\/inicio\/category\/exclusivas\/#listItem","name":"Manchete"}},{"@type":"ListItem","@id":"https:\/\/newsinfoco.com.br\/inicio\/category\/exclusivas\/#listItem","position":2,"name":"Manchete","item":"https:\/\/newsinfoco.com.br\/inicio\/category\/exclusivas\/","nextItem":{"@type":"ListItem","@id":"https:\/\/newsinfoco.com.br\/inicio\/primeiro-caso-de-coronavirus-em-alagoinhas-e-de-servidora-municipal-lotada-na-sefaz\/#listItem","name":"Primeiro caso de coronavirus em Alagoinhas \u00e9 de servidora municipal lotada na Sefaz"},"previousItem":{"@type":"ListItem","@id":"https:\/\/newsinfoco.com.br\/inicio#listItem","name":"In\u00edcio"}},{"@type":"ListItem","@id":"https:\/\/newsinfoco.com.br\/inicio\/primeiro-caso-de-coronavirus-em-alagoinhas-e-de-servidora-municipal-lotada-na-sefaz\/#listItem","position":3,"name":"Primeiro caso de coronavirus em Alagoinhas \u00e9 de servidora municipal lotada na Sefaz","previousItem":{"@type":"ListItem","@id":"https:\/\/newsinfoco.com.br\/inicio\/category\/exclusivas\/#listItem","name":"Manchete"}}]},{"@type":"Organization","@id":"https:\/\/newsinfoco.com.br\/inicio\/#organization","name":"News In Foco - Editado por Caio Pimenta","description":"O principal site de noticias de Alagoinhas e regi\u00e3o","url":"https:\/\/newsinfoco.com.br\/inicio\/"},{"@type":"Person","@id":"https:\/\/newsinfoco.com.br\/inicio\/author\/administrador\/#author","url":"https:\/\/newsinfoco.com.br\/inicio\/author\/administrador\/","name":"administrador","image":{"@type":"ImageObject","@id":"https:\/\/newsinfoco.com.br\/inicio\/primeiro-caso-de-coronavirus-em-alagoinhas-e-de-servidora-municipal-lotada-na-sefaz\/#authorImage","url":"https:\/\/secure.gravatar.com\/avatar\/c17a617433de8c1dc9584bb79aab7563b46f5bb7e1728c9b17d9cc3ce6a08e49?s=96&d=mm&r=g","width":96,"height":96,"caption":"administrador"}},{"@type":"WebPage","@id":"https:\/\/newsinfoco.com.br\/inicio\/primeiro-caso-de-coronavirus-em-alagoinhas-e-de-servidora-municipal-lotada-na-sefaz\/#webpage","url":"https:\/\/newsinfoco.com.br\/inicio\/primeiro-caso-de-coronavirus-em-alagoinhas-e-de-servidora-municipal-lotada-na-sefaz\/","name":"Primeiro caso de coronavirus em Alagoinhas \u00e9 de servidora municipal lotada na Sefaz - News In Foco - Editado por Caio Pimenta","description":"O primeiro caso de coronavirus registrado em Alagoinhas \u00e9 de uma mulher, que tem por volta de 40 anos, e \u00e9 servidora municipal lotada na Secretaria Municipal de Fazenda. Ela foi atendida com os sintomas do virus em Salvador e neste momento est\u00e1 em isolamento na sua residencia. A informa\u00e7\u00e3o foi conferida pelo site News","inLanguage":"pt-BR","isPartOf":{"@id":"https:\/\/newsinfoco.com.br\/inicio\/#website"},"breadcrumb":{"@id":"https:\/\/newsinfoco.com.br\/inicio\/primeiro-caso-de-coronavirus-em-alagoinhas-e-de-servidora-municipal-lotada-na-sefaz\/#breadcrumblist"},"author":{"@id":"https:\/\/newsinfoco.com.br\/inicio\/author\/administrador\/#author"},"creator":{"@id":"https:\/\/newsinfoco.com.br\/inicio\/author\/administrador\/#author"},"image":{"@type":"ImageObject","url":"https:\/\/newsinfoco.com.br\/inicio\/wp-content\/uploads\/2020\/03\/Prefeitura-de-Alagoinhas.jpg","@id":"https:\/\/newsinfoco.com.br\/inicio\/primeiro-caso-de-coronavirus-em-alagoinhas-e-de-servidora-municipal-lotada-na-sefaz\/#mainImage","width":1050,"height":525},"primaryImageOfPage":{"@id":"https:\/\/newsinfoco.com.br\/inicio\/primeiro-caso-de-coronavirus-em-alagoinhas-e-de-servidora-municipal-lotada-na-sefaz\/#mainImage"},"datePublished":"2020-03-27T11:08:39-03:00","dateModified":"2020-03-27T11:21:42-03:00"},{"@type":"WebSite","@id":"https:\/\/newsinfoco.com.br\/inicio\/#website","url":"https:\/\/newsinfoco.com.br\/inicio\/","name":"News In Foco - Editado por Caio Pimenta","description":"O principal site de noticias de Alagoinhas e regi\u00e3o","inLanguage":"pt-BR","publisher":{"@id":"https:\/\/newsinfoco.com.br\/inicio\/#organization"}}]},"og:locale":"pt_BR","og:site_name":"News In Foco - Editado por Caio Pimenta - O principal site de noticias de Alagoinhas e regi\u00e3o","og:type":"article","og:title":"Primeiro caso de coronavirus em Alagoinhas \u00e9 de servidora municipal lotada na Sefaz - News In Foco - Editado por Caio Pimenta","og:description":"O primeiro caso de coronavirus registrado em Alagoinhas \u00e9 de uma mulher, que tem por volta de 40 anos, e \u00e9 servidora municipal lotada na Secretaria Municipal de Fazenda. Ela foi atendida com os sintomas do virus em Salvador e neste momento est\u00e1 em isolamento na sua residencia. A informa\u00e7\u00e3o foi conferida pelo site News","og:url":"https:\/\/newsinfoco.com.br\/inicio\/primeiro-caso-de-coronavirus-em-alagoinhas-e-de-servidora-municipal-lotada-na-sefaz\/","article:published_time":"2020-03-27T14:08:39+00:00","article:modified_time":"2020-03-27T14:21:42+00:00","twitter:card":"summary_large_image","twitter:title":"Primeiro caso de coronavirus em Alagoinhas \u00e9 de servidora municipal lotada na Sefaz - News In Foco - Editado por Caio Pimenta","twitter:description":"O primeiro caso de coronavirus registrado em Alagoinhas \u00e9 de uma mulher, que tem por volta de 40 anos, e \u00e9 servidora municipal lotada na Secretaria Municipal de Fazenda. Ela foi atendida com os sintomas do virus em Salvador e neste momento est\u00e1 em isolamento na sua residencia. A informa\u00e7\u00e3o foi conferida pelo site News"},"aioseo_meta_data":{"post_id":"20696","title":null,"description":null,"keywords":null,"keyphrases":null,"primary_term":null,"canonical_url":null,"og_title":null,"og_description":null,"og_object_type":"default","og_image_type":"default","og_image_url":null,"og_image_width":null,"og_image_height":null,"og_image_custom_url":null,"og_image_custom_fields":null,"og_video":null,"og_custom_url":null,"og_article_section":null,"og_article_tags":null,"twitter_use_og":false,"twitter_card":"default","twitter_image_type":"default","twitter_image_url":null,"twitter_image_custom_url":null,"twitter_image_custom_fields":null,"twitter_title":null,"twitter_description":null,"schema":{"blockGraphs":[],"customGraphs":[],"default":{"data":{"Article":[],"Course":[],"Dataset":[],"FAQPage":[],"Movie":[],"Person":[],"Product":[],"ProductReview":[],"Car":[],"Recipe":[],"Service":[],"SoftwareApplication":[],"WebPage":[]},"graphName":"","isEnabled":true},"graphs":[]},"schema_type":"default","schema_type_options":null,"pillar_content":false,"robots_default":true,"robots_noindex":false,"robots_noarchive":false,"robots_nosnippet":false,"robots_nofollow":false,"robots_noimageindex":false,"robots_noodp":false,"robots_notranslate":false,"robots_max_snippet":null,"robots_max_videopreview":null,"robots_max_imagepreview":"large","priority":null,"frequency":null,"local_seo":null,"breadcrumb_settings":null,"limit_modified_date":false,"ai":null,"created":"2023-06-12 16:22:08","updated":"2025-07-11 02:57:11","seo_analyzer_scan_date":null},"aioseo_breadcrumb":"<div class=\"aioseo-breadcrumbs\"><span class=\"aioseo-breadcrumb\">\n\t\t\t<a href=\"https:\/\/newsinfoco.com.br\/inicio\" title=\"In\u00edcio\">In\u00edcio<\/a>\n\t\t<\/span><span class=\"aioseo-breadcrumb-separator\">&raquo;<\/span><span class=\"aioseo-breadcrumb\">\n\t\t\t<a href=\"https:\/\/newsinfoco.com.br\/inicio\/category\/exclusivas\/\" title=\"Manchete\">Manchete<\/a>\n\t\t<\/span><span class=\"aioseo-breadcrumb-separator\">&raquo;<\/span><span class=\"aioseo-breadcrumb\">\n\t\t\tPrimeiro caso de coronavirus em Alagoinhas \u00e9 de servidora municipal lotada na Sefaz\n\t\t<\/span><\/div>","aioseo_breadcrumb_json":[{"label":"In\u00edcio","link":"https:\/\/newsinfoco.com.br\/inicio"},{"label":"Manchete","link":"https:\/\/newsinfoco.com.br\/inicio\/category\/exclusivas\/"},{"label":"Primeiro caso de coronavirus em Alagoinhas \u00e9 de servidora municipal lotada na Sefaz","link":"https:\/\/newsinfoco.com.br\/inicio\/primeiro-caso-de-coronavirus-em-alagoinhas-e-de-servidora-municipal-lotada-na-sefaz\/"}],"_links":{"self":[{"href":"https:\/\/newsinfoco.com.br\/inicio\/wp-json\/wp\/v2\/posts\/20696","targetHints":{"allow":["GET"]}}],"collection":[{"href":"https:\/\/newsinfoco.com.br\/inicio\/wp-json\/wp\/v2\/posts"}],"about":[{"href":"https:\/\/newsinfoco.com.br\/inicio\/wp-json\/wp\/v2\/types\/post"}],"author":[{"embeddable":true,"href":"https:\/\/newsinfoco.com.br\/inicio\/wp-json\/wp\/v2\/users\/1"}],"replies":[{"embeddable":true,"href":"https:\/\/newsinfoco.com.br\/inicio\/wp-json\/wp\/v2\/comments?post=20696"}],"version-history":[{"count":0,"href":"https:\/\/newsinfoco.com.br\/inicio\/wp-json\/wp\/v2\/posts\/20696\/revisions"}],"wp:featuredmedia":[{"embeddable":true,"href":"https:\/\/newsinfoco.com.br\/inicio\/wp-json\/wp\/v2\/media\/20614"}],"wp:attachment":[{"href":"https:\/\/newsinfoco.com.br\/inicio\/wp-json\/wp\/v2\/media?parent=20696"}],"wp:term":[{"taxonomy":"category","embeddable":true,"href":"https:\/\/newsinfoco.com.br\/inicio\/wp-json\/wp\/v2\/categories?post=20696"},{"taxonomy":"post_tag","embeddable":true,"href":"https:\/\/newsinfoco.com.br\/inicio\/wp-json\/wp\/v2\/tags?post=20696"}],"curies":[{"name":"wp","href":"https:\/\/api.w.org\/{rel}","templated":true}]}}