{"id":20703,"date":"2020-03-27T12:13:17","date_gmt":"2020-03-27T15:13:17","guid":{"rendered":"http:\/\/newsinfoco.com.br\/?p=20703"},"modified":"2020-03-27T12:14:46","modified_gmt":"2020-03-27T15:14:46","slug":"vilas-boas-inclinacao-da-curva-continua-menos-acentuada-que-previsao-original","status":"publish","type":"post","link":"https:\/\/newsinfoco.com.br\/inicio\/vilas-boas-inclinacao-da-curva-continua-menos-acentuada-que-previsao-original\/","title":{"rendered":"Vilas-Boas: \u2018Inclina\u00e7\u00e3o da curva continua menos acentuada que previs\u00e3o original\u2019"},"content":{"rendered":"<p style=\"text-align: justify;\">A Bahia continua apresentando \u00edndices de infectados pelo novo coronav\u00edrus (Covid-19) abaixo da estimativa inicial, indicando o achatamento da curva t\u00e3o falada\u00a0por autoridades e especialistas de sa\u00fade do estado.<\/p>\n<p style=\"text-align: justify;\">De acordo com tabela divulgada nesta sexta-feira (27) pelo secret\u00e1rio estadual de Sa\u00fade, F\u00e1bio Vilas-Boas, \u00e9 poss\u00edvel\u00a0observar que o distanciamento entre a linha do n\u00famero projetado e o n\u00famero real come\u00e7ou\u00a0a ganhar for\u00e7a a\u00a0partir do \u00faltimo s\u00e1bado (21).<\/p>\n<p style=\"text-align: justify;\">\u201cA inclina\u00e7\u00e3o da curva continua menos acentuada que a previs\u00e3o original.\u00a0Com base nas proje\u00e7\u00f5es originais ontem era para ter 230 casos e hoje 306\u201d, informou o secret\u00e1rio, por meio de publica\u00e7\u00e3o no Twitter.<\/p>\n<p style=\"text-align: justify;\">Apesar do bom indicativo, Vilas-Boas\u00a0sinaliza que o n\u00famero pessoas infectadas pelo novo coronav\u00edrus vai continuar crescendo e alerta a popula\u00e7\u00e3o sobre as medidas de restri\u00e7\u00e3o j\u00e1 adotadas na Bahia.<\/p>\n<p style=\"text-align: justify;\">\u201cO aumento m\u00e9dio di\u00e1rio tem se mantido em 23%. \u00c0 medida em que bairros mais populosos forem atingidos, espera-se um incremento maior. Se a cidade onde\u00a0voc\u00ea mora ou uma cidade pr\u00f3xima teve caso confirmado, #FicaEmCasa. O distanciamento social se aplica para todos\u201d, escreveu.<\/p>\n<p>&nbsp;<\/p>\n<div class='share-to-whatsapp-wrapper'><div class='share-on-whsp'>Share on: <\/div><a data-text='Vilas-Boas: \u2018Inclina\u00e7\u00e3o da curva continua menos acentuada que previs\u00e3o original\u2019' data-link='https:\/\/newsinfoco.com.br\/inicio\/vilas-boas-inclinacao-da-curva-continua-menos-acentuada-que-previsao-original\/' class='whatsapp-button whatsapp-share'>WhatsApp<\/a><div class='clear '><\/div><\/div>","protected":false},"excerpt":{"rendered":"<p>A Bahia continua apresentando \u00edndices de infectados pelo novo coronav\u00edrus (Covid-19) abaixo da estimativa inicial, indicando o achatamento da curva t\u00e3o falada\u00a0por autoridades e especialistas de sa\u00fade do estado. De acordo com tabela divulgada nesta sexta-feira (27) pelo secret\u00e1rio estadual de Sa\u00fade, F\u00e1bio Vilas-Boas, \u00e9 poss\u00edvel\u00a0observar que o distanciamento entre a linha do n\u00famero projetado [&hellip;]<\/p>\n","protected":false},"author":1,"featured_media":20704,"comment_status":"open","ping_status":"open","sticky":false,"template":"","format":"standard","meta":{"om_disable_all_campaigns":false,"rop_custom_images_group":[],"rop_custom_messages_group":[],"rop_publish_now":"initial","rop_publish_now_accounts":[],"rop_publish_now_history":[],"rop_publish_now_status":"pending","_exactmetrics_skip_tracking":false,"footnotes":""},"categories":[19],"tags":[],"class_list":["post-20703","post","type-post","status-publish","format-standard","has-post-thumbnail","hentry","category-bahia"],"aioseo_notices":[],"aioseo_head":"\n\t\t<!-- All in One SEO 4.9.10 - aioseo.com -->\n\t<meta name=\"description\" content=\"A Bahia continua apresentando \u00edndices de infectados pelo novo coronav\u00edrus (Covid-19) abaixo da estimativa inicial, indicando o achatamento da curva t\u00e3o falada por autoridades e especialistas de sa\u00fade do estado. De acordo com tabela divulgada nesta sexta-feira (27) pelo secret\u00e1rio estadual de Sa\u00fade, F\u00e1bio Vilas-Boas, \u00e9 poss\u00edvel observar que o distanciamento entre a linha do n\u00famero projetado\" \/>\n\t<meta name=\"robots\" content=\"max-image-preview:large\" \/>\n\t<meta name=\"author\" content=\"administrador\"\/>\n\t<link rel=\"canonical\" href=\"https:\/\/newsinfoco.com.br\/inicio\/vilas-boas-inclinacao-da-curva-continua-menos-acentuada-que-previsao-original\/\" \/>\n\t<meta name=\"generator\" content=\"All in One SEO (AIOSEO) 4.9.10\" \/>\n\t\t<meta property=\"og:locale\" content=\"pt_BR\" \/>\n\t\t<meta property=\"og:site_name\" content=\"News In Foco - Editado por Caio Pimenta - O principal site de noticias de Alagoinhas e regi\u00e3o\" \/>\n\t\t<meta property=\"og:type\" content=\"article\" \/>\n\t\t<meta property=\"og:title\" content=\"Vilas-Boas: \u2018Inclina\u00e7\u00e3o da curva continua menos acentuada que previs\u00e3o original\u2019 - News In Foco - Editado por Caio Pimenta\" \/>\n\t\t<meta property=\"og:description\" content=\"A Bahia continua apresentando \u00edndices de infectados pelo novo coronav\u00edrus (Covid-19) abaixo da estimativa inicial, indicando o achatamento da curva t\u00e3o falada por autoridades e especialistas de sa\u00fade do estado. De acordo com tabela divulgada nesta sexta-feira (27) pelo secret\u00e1rio estadual de Sa\u00fade, F\u00e1bio Vilas-Boas, \u00e9 poss\u00edvel observar que o distanciamento entre a linha do n\u00famero projetado\" \/>\n\t\t<meta property=\"og:url\" content=\"https:\/\/newsinfoco.com.br\/inicio\/vilas-boas-inclinacao-da-curva-continua-menos-acentuada-que-previsao-original\/\" \/>\n\t\t<meta property=\"article:published_time\" content=\"2020-03-27T15:13:17+00:00\" \/>\n\t\t<meta property=\"article:modified_time\" content=\"2020-03-27T15:14:46+00:00\" \/>\n\t\t<meta name=\"twitter:card\" content=\"summary_large_image\" \/>\n\t\t<meta name=\"twitter:title\" content=\"Vilas-Boas: \u2018Inclina\u00e7\u00e3o da curva continua menos acentuada que previs\u00e3o original\u2019 - News In Foco - Editado por Caio Pimenta\" \/>\n\t\t<meta name=\"twitter:description\" content=\"A Bahia continua apresentando \u00edndices de infectados pelo novo coronav\u00edrus (Covid-19) abaixo da estimativa inicial, indicando o achatamento da curva t\u00e3o falada por autoridades e especialistas de sa\u00fade do estado. De acordo com tabela divulgada nesta sexta-feira (27) pelo secret\u00e1rio estadual de Sa\u00fade, F\u00e1bio Vilas-Boas, \u00e9 poss\u00edvel observar que o distanciamento entre a linha do n\u00famero projetado\" \/>\n\t\t<script type=\"application\/ld+json\" class=\"aioseo-schema\">\n\t\t\t{\"@context\":\"https:\\\/\\\/schema.org\",\"@graph\":[{\"@type\":\"BlogPosting\",\"@id\":\"https:\\\/\\\/newsinfoco.com.br\\\/inicio\\\/vilas-boas-inclinacao-da-curva-continua-menos-acentuada-que-previsao-original\\\/#blogposting\",\"name\":\"Vilas-Boas: \\u2018Inclina\\u00e7\\u00e3o da curva continua menos acentuada que previs\\u00e3o original\\u2019 - News In Foco - Editado por Caio Pimenta\",\"headline\":\"Vilas-Boas: \\u2018Inclina\\u00e7\\u00e3o da curva continua menos acentuada que previs\\u00e3o original\\u2019\",\"author\":{\"@id\":\"https:\\\/\\\/newsinfoco.com.br\\\/inicio\\\/author\\\/administrador\\\/#author\"},\"publisher\":{\"@id\":\"https:\\\/\\\/newsinfoco.com.br\\\/inicio\\\/#organization\"},\"image\":{\"@type\":\"ImageObject\",\"url\":\"https:\\\/\\\/newsinfoco.com.br\\\/inicio\\\/wp-content\\\/uploads\\\/2020\\\/03\\\/f\\u00e1bio-vilas-boas.jpg\",\"width\":600,\"height\":420},\"datePublished\":\"2020-03-27T12:13:17-03:00\",\"dateModified\":\"2020-03-27T12:14:46-03:00\",\"inLanguage\":\"pt-BR\",\"mainEntityOfPage\":{\"@id\":\"https:\\\/\\\/newsinfoco.com.br\\\/inicio\\\/vilas-boas-inclinacao-da-curva-continua-menos-acentuada-que-previsao-original\\\/#webpage\"},\"isPartOf\":{\"@id\":\"https:\\\/\\\/newsinfoco.com.br\\\/inicio\\\/vilas-boas-inclinacao-da-curva-continua-menos-acentuada-que-previsao-original\\\/#webpage\"},\"articleSection\":\"Bahia\"},{\"@type\":\"BreadcrumbList\",\"@id\":\"https:\\\/\\\/newsinfoco.com.br\\\/inicio\\\/vilas-boas-inclinacao-da-curva-continua-menos-acentuada-que-previsao-original\\\/#breadcrumblist\",\"itemListElement\":[{\"@type\":\"ListItem\",\"@id\":\"https:\\\/\\\/newsinfoco.com.br\\\/inicio#listItem\",\"position\":1,\"name\":\"In\\u00edcio\",\"item\":\"https:\\\/\\\/newsinfoco.com.br\\\/inicio\",\"nextItem\":{\"@type\":\"ListItem\",\"@id\":\"https:\\\/\\\/newsinfoco.com.br\\\/inicio\\\/category\\\/bahia\\\/#listItem\",\"name\":\"Bahia\"}},{\"@type\":\"ListItem\",\"@id\":\"https:\\\/\\\/newsinfoco.com.br\\\/inicio\\\/category\\\/bahia\\\/#listItem\",\"position\":2,\"name\":\"Bahia\",\"item\":\"https:\\\/\\\/newsinfoco.com.br\\\/inicio\\\/category\\\/bahia\\\/\",\"nextItem\":{\"@type\":\"ListItem\",\"@id\":\"https:\\\/\\\/newsinfoco.com.br\\\/inicio\\\/vilas-boas-inclinacao-da-curva-continua-menos-acentuada-que-previsao-original\\\/#listItem\",\"name\":\"Vilas-Boas: \\u2018Inclina\\u00e7\\u00e3o da curva continua menos acentuada que previs\\u00e3o original\\u2019\"},\"previousItem\":{\"@type\":\"ListItem\",\"@id\":\"https:\\\/\\\/newsinfoco.com.br\\\/inicio#listItem\",\"name\":\"In\\u00edcio\"}},{\"@type\":\"ListItem\",\"@id\":\"https:\\\/\\\/newsinfoco.com.br\\\/inicio\\\/vilas-boas-inclinacao-da-curva-continua-menos-acentuada-que-previsao-original\\\/#listItem\",\"position\":3,\"name\":\"Vilas-Boas: \\u2018Inclina\\u00e7\\u00e3o da curva continua menos acentuada que previs\\u00e3o original\\u2019\",\"previousItem\":{\"@type\":\"ListItem\",\"@id\":\"https:\\\/\\\/newsinfoco.com.br\\\/inicio\\\/category\\\/bahia\\\/#listItem\",\"name\":\"Bahia\"}}]},{\"@type\":\"Organization\",\"@id\":\"https:\\\/\\\/newsinfoco.com.br\\\/inicio\\\/#organization\",\"name\":\"News In Foco - Editado por Caio Pimenta\",\"description\":\"O principal site de noticias de Alagoinhas e regi\\u00e3o\",\"url\":\"https:\\\/\\\/newsinfoco.com.br\\\/inicio\\\/\"},{\"@type\":\"Person\",\"@id\":\"https:\\\/\\\/newsinfoco.com.br\\\/inicio\\\/author\\\/administrador\\\/#author\",\"url\":\"https:\\\/\\\/newsinfoco.com.br\\\/inicio\\\/author\\\/administrador\\\/\",\"name\":\"administrador\",\"image\":{\"@type\":\"ImageObject\",\"@id\":\"https:\\\/\\\/newsinfoco.com.br\\\/inicio\\\/vilas-boas-inclinacao-da-curva-continua-menos-acentuada-que-previsao-original\\\/#authorImage\",\"url\":\"https:\\\/\\\/secure.gravatar.com\\\/avatar\\\/c17a617433de8c1dc9584bb79aab7563b46f5bb7e1728c9b17d9cc3ce6a08e49?s=96&d=mm&r=g\",\"width\":96,\"height\":96,\"caption\":\"administrador\"}},{\"@type\":\"WebPage\",\"@id\":\"https:\\\/\\\/newsinfoco.com.br\\\/inicio\\\/vilas-boas-inclinacao-da-curva-continua-menos-acentuada-que-previsao-original\\\/#webpage\",\"url\":\"https:\\\/\\\/newsinfoco.com.br\\\/inicio\\\/vilas-boas-inclinacao-da-curva-continua-menos-acentuada-que-previsao-original\\\/\",\"name\":\"Vilas-Boas: \\u2018Inclina\\u00e7\\u00e3o da curva continua menos acentuada que previs\\u00e3o original\\u2019 - News In Foco - Editado por Caio Pimenta\",\"description\":\"A Bahia continua apresentando \\u00edndices de infectados pelo novo coronav\\u00edrus (Covid-19) abaixo da estimativa inicial, indicando o achatamento da curva t\\u00e3o falada por autoridades e especialistas de sa\\u00fade do estado. De acordo com tabela divulgada nesta sexta-feira (27) pelo secret\\u00e1rio estadual de Sa\\u00fade, F\\u00e1bio Vilas-Boas, \\u00e9 poss\\u00edvel observar que o distanciamento entre a linha do n\\u00famero projetado\",\"inLanguage\":\"pt-BR\",\"isPartOf\":{\"@id\":\"https:\\\/\\\/newsinfoco.com.br\\\/inicio\\\/#website\"},\"breadcrumb\":{\"@id\":\"https:\\\/\\\/newsinfoco.com.br\\\/inicio\\\/vilas-boas-inclinacao-da-curva-continua-menos-acentuada-que-previsao-original\\\/#breadcrumblist\"},\"author\":{\"@id\":\"https:\\\/\\\/newsinfoco.com.br\\\/inicio\\\/author\\\/administrador\\\/#author\"},\"creator\":{\"@id\":\"https:\\\/\\\/newsinfoco.com.br\\\/inicio\\\/author\\\/administrador\\\/#author\"},\"image\":{\"@type\":\"ImageObject\",\"url\":\"https:\\\/\\\/newsinfoco.com.br\\\/inicio\\\/wp-content\\\/uploads\\\/2020\\\/03\\\/f\\u00e1bio-vilas-boas.jpg\",\"@id\":\"https:\\\/\\\/newsinfoco.com.br\\\/inicio\\\/vilas-boas-inclinacao-da-curva-continua-menos-acentuada-que-previsao-original\\\/#mainImage\",\"width\":600,\"height\":420},\"primaryImageOfPage\":{\"@id\":\"https:\\\/\\\/newsinfoco.com.br\\\/inicio\\\/vilas-boas-inclinacao-da-curva-continua-menos-acentuada-que-previsao-original\\\/#mainImage\"},\"datePublished\":\"2020-03-27T12:13:17-03:00\",\"dateModified\":\"2020-03-27T12:14:46-03:00\"},{\"@type\":\"WebSite\",\"@id\":\"https:\\\/\\\/newsinfoco.com.br\\\/inicio\\\/#website\",\"url\":\"https:\\\/\\\/newsinfoco.com.br\\\/inicio\\\/\",\"name\":\"News In Foco - Editado por Caio Pimenta\",\"description\":\"O principal site de noticias de Alagoinhas e regi\\u00e3o\",\"inLanguage\":\"pt-BR\",\"publisher\":{\"@id\":\"https:\\\/\\\/newsinfoco.com.br\\\/inicio\\\/#organization\"}}]}\n\t\t<\/script>\n\t\t<!-- All in One SEO -->\n\n","aioseo_head_json":{"title":"Vilas-Boas: \u2018Inclina\u00e7\u00e3o da curva continua menos acentuada que previs\u00e3o original\u2019 - News In Foco - Editado por Caio Pimenta","description":"A Bahia continua apresentando \u00edndices de infectados pelo novo coronav\u00edrus (Covid-19) abaixo da estimativa inicial, indicando o achatamento da curva t\u00e3o falada por autoridades e especialistas de sa\u00fade do estado. De acordo com tabela divulgada nesta sexta-feira (27) pelo secret\u00e1rio estadual de Sa\u00fade, F\u00e1bio Vilas-Boas, \u00e9 poss\u00edvel observar que o distanciamento entre a linha do n\u00famero projetado","canonical_url":"https:\/\/newsinfoco.com.br\/inicio\/vilas-boas-inclinacao-da-curva-continua-menos-acentuada-que-previsao-original\/","robots":"max-image-preview:large","keywords":"","webmasterTools":{"miscellaneous":""},"schema":{"@context":"https:\/\/schema.org","@graph":[{"@type":"BlogPosting","@id":"https:\/\/newsinfoco.com.br\/inicio\/vilas-boas-inclinacao-da-curva-continua-menos-acentuada-que-previsao-original\/#blogposting","name":"Vilas-Boas: \u2018Inclina\u00e7\u00e3o da curva continua menos acentuada que previs\u00e3o original\u2019 - News In Foco - Editado por Caio Pimenta","headline":"Vilas-Boas: \u2018Inclina\u00e7\u00e3o da curva continua menos acentuada que previs\u00e3o original\u2019","author":{"@id":"https:\/\/newsinfoco.com.br\/inicio\/author\/administrador\/#author"},"publisher":{"@id":"https:\/\/newsinfoco.com.br\/inicio\/#organization"},"image":{"@type":"ImageObject","url":"https:\/\/newsinfoco.com.br\/inicio\/wp-content\/uploads\/2020\/03\/f\u00e1bio-vilas-boas.jpg","width":600,"height":420},"datePublished":"2020-03-27T12:13:17-03:00","dateModified":"2020-03-27T12:14:46-03:00","inLanguage":"pt-BR","mainEntityOfPage":{"@id":"https:\/\/newsinfoco.com.br\/inicio\/vilas-boas-inclinacao-da-curva-continua-menos-acentuada-que-previsao-original\/#webpage"},"isPartOf":{"@id":"https:\/\/newsinfoco.com.br\/inicio\/vilas-boas-inclinacao-da-curva-continua-menos-acentuada-que-previsao-original\/#webpage"},"articleSection":"Bahia"},{"@type":"BreadcrumbList","@id":"https:\/\/newsinfoco.com.br\/inicio\/vilas-boas-inclinacao-da-curva-continua-menos-acentuada-que-previsao-original\/#breadcrumblist","itemListElement":[{"@type":"ListItem","@id":"https:\/\/newsinfoco.com.br\/inicio#listItem","position":1,"name":"In\u00edcio","item":"https:\/\/newsinfoco.com.br\/inicio","nextItem":{"@type":"ListItem","@id":"https:\/\/newsinfoco.com.br\/inicio\/category\/bahia\/#listItem","name":"Bahia"}},{"@type":"ListItem","@id":"https:\/\/newsinfoco.com.br\/inicio\/category\/bahia\/#listItem","position":2,"name":"Bahia","item":"https:\/\/newsinfoco.com.br\/inicio\/category\/bahia\/","nextItem":{"@type":"ListItem","@id":"https:\/\/newsinfoco.com.br\/inicio\/vilas-boas-inclinacao-da-curva-continua-menos-acentuada-que-previsao-original\/#listItem","name":"Vilas-Boas: \u2018Inclina\u00e7\u00e3o da curva continua menos acentuada que previs\u00e3o original\u2019"},"previousItem":{"@type":"ListItem","@id":"https:\/\/newsinfoco.com.br\/inicio#listItem","name":"In\u00edcio"}},{"@type":"ListItem","@id":"https:\/\/newsinfoco.com.br\/inicio\/vilas-boas-inclinacao-da-curva-continua-menos-acentuada-que-previsao-original\/#listItem","position":3,"name":"Vilas-Boas: \u2018Inclina\u00e7\u00e3o da curva continua menos acentuada que previs\u00e3o original\u2019","previousItem":{"@type":"ListItem","@id":"https:\/\/newsinfoco.com.br\/inicio\/category\/bahia\/#listItem","name":"Bahia"}}]},{"@type":"Organization","@id":"https:\/\/newsinfoco.com.br\/inicio\/#organization","name":"News In Foco - Editado por Caio Pimenta","description":"O principal site de noticias de Alagoinhas e regi\u00e3o","url":"https:\/\/newsinfoco.com.br\/inicio\/"},{"@type":"Person","@id":"https:\/\/newsinfoco.com.br\/inicio\/author\/administrador\/#author","url":"https:\/\/newsinfoco.com.br\/inicio\/author\/administrador\/","name":"administrador","image":{"@type":"ImageObject","@id":"https:\/\/newsinfoco.com.br\/inicio\/vilas-boas-inclinacao-da-curva-continua-menos-acentuada-que-previsao-original\/#authorImage","url":"https:\/\/secure.gravatar.com\/avatar\/c17a617433de8c1dc9584bb79aab7563b46f5bb7e1728c9b17d9cc3ce6a08e49?s=96&d=mm&r=g","width":96,"height":96,"caption":"administrador"}},{"@type":"WebPage","@id":"https:\/\/newsinfoco.com.br\/inicio\/vilas-boas-inclinacao-da-curva-continua-menos-acentuada-que-previsao-original\/#webpage","url":"https:\/\/newsinfoco.com.br\/inicio\/vilas-boas-inclinacao-da-curva-continua-menos-acentuada-que-previsao-original\/","name":"Vilas-Boas: \u2018Inclina\u00e7\u00e3o da curva continua menos acentuada que previs\u00e3o original\u2019 - News In Foco - Editado por Caio Pimenta","description":"A Bahia continua apresentando \u00edndices de infectados pelo novo coronav\u00edrus (Covid-19) abaixo da estimativa inicial, indicando o achatamento da curva t\u00e3o falada por autoridades e especialistas de sa\u00fade do estado. De acordo com tabela divulgada nesta sexta-feira (27) pelo secret\u00e1rio estadual de Sa\u00fade, F\u00e1bio Vilas-Boas, \u00e9 poss\u00edvel observar que o distanciamento entre a linha do n\u00famero projetado","inLanguage":"pt-BR","isPartOf":{"@id":"https:\/\/newsinfoco.com.br\/inicio\/#website"},"breadcrumb":{"@id":"https:\/\/newsinfoco.com.br\/inicio\/vilas-boas-inclinacao-da-curva-continua-menos-acentuada-que-previsao-original\/#breadcrumblist"},"author":{"@id":"https:\/\/newsinfoco.com.br\/inicio\/author\/administrador\/#author"},"creator":{"@id":"https:\/\/newsinfoco.com.br\/inicio\/author\/administrador\/#author"},"image":{"@type":"ImageObject","url":"https:\/\/newsinfoco.com.br\/inicio\/wp-content\/uploads\/2020\/03\/f\u00e1bio-vilas-boas.jpg","@id":"https:\/\/newsinfoco.com.br\/inicio\/vilas-boas-inclinacao-da-curva-continua-menos-acentuada-que-previsao-original\/#mainImage","width":600,"height":420},"primaryImageOfPage":{"@id":"https:\/\/newsinfoco.com.br\/inicio\/vilas-boas-inclinacao-da-curva-continua-menos-acentuada-que-previsao-original\/#mainImage"},"datePublished":"2020-03-27T12:13:17-03:00","dateModified":"2020-03-27T12:14:46-03:00"},{"@type":"WebSite","@id":"https:\/\/newsinfoco.com.br\/inicio\/#website","url":"https:\/\/newsinfoco.com.br\/inicio\/","name":"News In Foco - Editado por Caio Pimenta","description":"O principal site de noticias de Alagoinhas e regi\u00e3o","inLanguage":"pt-BR","publisher":{"@id":"https:\/\/newsinfoco.com.br\/inicio\/#organization"}}]},"og:locale":"pt_BR","og:site_name":"News In Foco - Editado por Caio Pimenta - O principal site de noticias de Alagoinhas e regi\u00e3o","og:type":"article","og:title":"Vilas-Boas: \u2018Inclina\u00e7\u00e3o da curva continua menos acentuada que previs\u00e3o original\u2019 - News In Foco - Editado por Caio Pimenta","og:description":"A Bahia continua apresentando \u00edndices de infectados pelo novo coronav\u00edrus (Covid-19) abaixo da estimativa inicial, indicando o achatamento da curva t\u00e3o falada por autoridades e especialistas de sa\u00fade do estado. De acordo com tabela divulgada nesta sexta-feira (27) pelo secret\u00e1rio estadual de Sa\u00fade, F\u00e1bio Vilas-Boas, \u00e9 poss\u00edvel observar que o distanciamento entre a linha do n\u00famero projetado","og:url":"https:\/\/newsinfoco.com.br\/inicio\/vilas-boas-inclinacao-da-curva-continua-menos-acentuada-que-previsao-original\/","article:published_time":"2020-03-27T15:13:17+00:00","article:modified_time":"2020-03-27T15:14:46+00:00","twitter:card":"summary_large_image","twitter:title":"Vilas-Boas: \u2018Inclina\u00e7\u00e3o da curva continua menos acentuada que previs\u00e3o original\u2019 - News In Foco - Editado por Caio Pimenta","twitter:description":"A Bahia continua apresentando \u00edndices de infectados pelo novo coronav\u00edrus (Covid-19) abaixo da estimativa inicial, indicando o achatamento da curva t\u00e3o falada por autoridades e especialistas de sa\u00fade do estado. De acordo com tabela divulgada nesta sexta-feira (27) pelo secret\u00e1rio estadual de Sa\u00fade, F\u00e1bio Vilas-Boas, \u00e9 poss\u00edvel observar que o distanciamento entre a linha do n\u00famero projetado"},"aioseo_meta_data":{"post_id":"20703","title":null,"description":null,"keywords":null,"keyphrases":null,"primary_term":null,"canonical_url":null,"og_title":null,"og_description":null,"og_object_type":"default","og_image_type":"default","og_image_url":null,"og_image_width":null,"og_image_height":null,"og_image_custom_url":null,"og_image_custom_fields":null,"og_video":null,"og_custom_url":null,"og_article_section":null,"og_article_tags":null,"twitter_use_og":false,"twitter_card":"default","twitter_image_type":"default","twitter_image_url":null,"twitter_image_custom_url":null,"twitter_image_custom_fields":null,"twitter_title":null,"twitter_description":null,"schema":{"blockGraphs":[],"customGraphs":[],"default":{"data":{"Article":[],"Course":[],"Dataset":[],"FAQPage":[],"Movie":[],"Person":[],"Product":[],"ProductReview":[],"Car":[],"Recipe":[],"Service":[],"SoftwareApplication":[],"WebPage":[]},"graphName":"","isEnabled":true},"graphs":[]},"schema_type":"default","schema_type_options":null,"pillar_content":false,"robots_default":true,"robots_noindex":false,"robots_noarchive":false,"robots_nosnippet":false,"robots_nofollow":false,"robots_noimageindex":false,"robots_noodp":false,"robots_notranslate":false,"robots_max_snippet":null,"robots_max_videopreview":null,"robots_max_imagepreview":"large","priority":null,"frequency":null,"local_seo":null,"breadcrumb_settings":null,"limit_modified_date":false,"ai":null,"created":"2023-06-12 16:22:08","updated":"2025-07-11 02:57:11","seo_analyzer_scan_date":null},"aioseo_breadcrumb":"<div class=\"aioseo-breadcrumbs\"><span class=\"aioseo-breadcrumb\">\n\t\t\t<a href=\"https:\/\/newsinfoco.com.br\/inicio\" title=\"In\u00edcio\">In\u00edcio<\/a>\n\t\t<\/span><span class=\"aioseo-breadcrumb-separator\">&raquo;<\/span><span class=\"aioseo-breadcrumb\">\n\t\t\t<a href=\"https:\/\/newsinfoco.com.br\/inicio\/category\/bahia\/\" title=\"Bahia\">Bahia<\/a>\n\t\t<\/span><span class=\"aioseo-breadcrumb-separator\">&raquo;<\/span><span class=\"aioseo-breadcrumb\">\n\t\t\tVilas-Boas: \u2018Inclina\u00e7\u00e3o da curva continua menos acentuada que previs\u00e3o original\u2019\n\t\t<\/span><\/div>","aioseo_breadcrumb_json":[{"label":"In\u00edcio","link":"https:\/\/newsinfoco.com.br\/inicio"},{"label":"Bahia","link":"https:\/\/newsinfoco.com.br\/inicio\/category\/bahia\/"},{"label":"Vilas-Boas: \u2018Inclina\u00e7\u00e3o da curva continua menos acentuada que previs\u00e3o original\u2019","link":"https:\/\/newsinfoco.com.br\/inicio\/vilas-boas-inclinacao-da-curva-continua-menos-acentuada-que-previsao-original\/"}],"_links":{"self":[{"href":"https:\/\/newsinfoco.com.br\/inicio\/wp-json\/wp\/v2\/posts\/20703","targetHints":{"allow":["GET"]}}],"collection":[{"href":"https:\/\/newsinfoco.com.br\/inicio\/wp-json\/wp\/v2\/posts"}],"about":[{"href":"https:\/\/newsinfoco.com.br\/inicio\/wp-json\/wp\/v2\/types\/post"}],"author":[{"embeddable":true,"href":"https:\/\/newsinfoco.com.br\/inicio\/wp-json\/wp\/v2\/users\/1"}],"replies":[{"embeddable":true,"href":"https:\/\/newsinfoco.com.br\/inicio\/wp-json\/wp\/v2\/comments?post=20703"}],"version-history":[{"count":0,"href":"https:\/\/newsinfoco.com.br\/inicio\/wp-json\/wp\/v2\/posts\/20703\/revisions"}],"wp:featuredmedia":[{"embeddable":true,"href":"https:\/\/newsinfoco.com.br\/inicio\/wp-json\/wp\/v2\/media\/20704"}],"wp:attachment":[{"href":"https:\/\/newsinfoco.com.br\/inicio\/wp-json\/wp\/v2\/media?parent=20703"}],"wp:term":[{"taxonomy":"category","embeddable":true,"href":"https:\/\/newsinfoco.com.br\/inicio\/wp-json\/wp\/v2\/categories?post=20703"},{"taxonomy":"post_tag","embeddable":true,"href":"https:\/\/newsinfoco.com.br\/inicio\/wp-json\/wp\/v2\/tags?post=20703"}],"curies":[{"name":"wp","href":"https:\/\/api.w.org\/{rel}","templated":true}]}}