{"id":20717,"date":"2020-03-27T13:05:40","date_gmt":"2020-03-27T16:05:40","guid":{"rendered":"http:\/\/newsinfoco.com.br\/?p=20717"},"modified":"2020-03-27T13:05:40","modified_gmt":"2020-03-27T16:05:40","slug":"juiza-autoriza-ida-de-eduardo-cunha-para-prisao-domiciliar-por-risco-de-coronavirus","status":"publish","type":"post","link":"https:\/\/newsinfoco.com.br\/inicio\/juiza-autoriza-ida-de-eduardo-cunha-para-prisao-domiciliar-por-risco-de-coronavirus\/","title":{"rendered":"Ju\u00edza autoriza ida de Eduardo Cunha para pris\u00e3o domiciliar por risco de coronav\u00edrus"},"content":{"rendered":"<p style=\"text-align: justify;\">A ju\u00edza Gabriela Hardt, da 13\u00aa Vara Federal de Curitiba, autorizou que o ex-deputado federal Eduardo Cunha v\u00e1 para a pris\u00e3o domiciliar por causa da pandemia do novo coronav\u00edrus.<\/p>\n<p style=\"text-align: justify;\">Segundo o portal UOL, a decis\u00e3o \u00e9 \u201cabsolutamente excepcional\u201d e s\u00f3 vale enquanto durar a crise do coronav\u00edrus, ou enquanto o estado de sa\u00fade de Cunha justificar o cuidado especial, disse a ju\u00edza, que determinou o uso de monitoramento eletr\u00f4nico por tornozeleira. Cunha est\u00e1 preso desde o m\u00eas de outubro de 2016.<\/p>\n<p style=\"text-align: justify;\">O ex-presidente da C\u00e2mara tem 61 anos de idade e faz parte do grupo de risco da Covid-19, doen\u00e7a causada pelo v\u00edrus.<\/p>\n<p style=\"text-align: justify;\">Ainda segundo Hardt, o ex-deputado somente poder\u00e1 receber visitas de parentes de at\u00e9 terceiro grau, advogados constitu\u00eddos e pessoas que estejam em uma lista de at\u00e9 15 nomes previamente aprovados pelo MPF (Minist\u00e9rio P\u00fablico Federal), da 13\u00aa Vara, e de profissionais da \u00e1rea da sa\u00fade. Colaboradores da Justi\u00e7a e outros investidos n\u00e3o podem fazer parte dessa lista. Tamb\u00e9m ficam proibidas as realiza\u00e7\u00f5es de festas e eventos sociais na casa de Cunha.<\/p>\n<p style=\"text-align: justify;\">Cunha est\u00e1 internado no hospital Copa Star, no Rio de Janeiro, e a decis\u00e3o vale a partir do momento em que ele receber alta m\u00e9dica. Cunha passou por cirurgia de urg\u00eancia na semana passada.<\/p>\n<p style=\"text-align: justify;\">Ainda de acordo com o UOL, Hardt destacou que a decis\u00e3o \u201cdesonerar\u00e1 o estado, uma vez que s\u00e3o custosas tanto as escoltas hospitalares, quanto a manuten\u00e7\u00e3o no c\u00e1rcere de pessoa cuja sa\u00fade requeira aten\u00e7\u00f5es especiais\u201d.<\/p>\n<p style=\"text-align: justify;\">Cunha j\u00e1 havia recebido uma decis\u00e3o favor\u00e1vel ao regime domiciliar em outro processo, mas a pris\u00e3o preventiva que ainda existia at\u00e9 hoje impediu sua transfer\u00eancia para casa.<\/p>\n<div class='share-to-whatsapp-wrapper'><div class='share-on-whsp'>Share on: <\/div><a data-text='Ju\u00edza autoriza ida de Eduardo Cunha para pris\u00e3o domiciliar por risco de coronav\u00edrus' data-link='https:\/\/newsinfoco.com.br\/inicio\/juiza-autoriza-ida-de-eduardo-cunha-para-prisao-domiciliar-por-risco-de-coronavirus\/' class='whatsapp-button whatsapp-share'>WhatsApp<\/a><div class='clear '><\/div><\/div>","protected":false},"excerpt":{"rendered":"<p>A ju\u00edza Gabriela Hardt, da 13\u00aa Vara Federal de Curitiba, autorizou que o ex-deputado federal Eduardo Cunha v\u00e1 para a pris\u00e3o domiciliar por causa da pandemia do novo coronav\u00edrus. Segundo o portal UOL, a decis\u00e3o \u00e9 \u201cabsolutamente excepcional\u201d e s\u00f3 vale enquanto durar a crise do coronav\u00edrus, ou enquanto o estado de sa\u00fade de Cunha [&hellip;]<\/p>\n","protected":false},"author":1,"featured_media":15804,"comment_status":"open","ping_status":"open","sticky":false,"template":"","format":"standard","meta":{"om_disable_all_campaigns":false,"rop_custom_images_group":[],"rop_custom_messages_group":[],"rop_publish_now":"initial","rop_publish_now_accounts":[],"rop_publish_now_history":[],"rop_publish_now_status":"pending","_exactmetrics_skip_tracking":false,"footnotes":""},"categories":[21],"tags":[],"class_list":["post-20717","post","type-post","status-publish","format-standard","has-post-thumbnail","hentry","category-brasil"],"aioseo_notices":[],"aioseo_head":"\n\t\t<!-- All in One SEO 4.9.10 - aioseo.com -->\n\t<meta name=\"description\" content=\"A ju\u00edza Gabriela Hardt, da 13\u00aa Vara Federal de Curitiba, autorizou que o ex-deputado federal Eduardo Cunha v\u00e1 para a pris\u00e3o domiciliar por causa da pandemia do novo coronav\u00edrus. Segundo o portal UOL, a decis\u00e3o \u00e9 \u201cabsolutamente excepcional\u201d e s\u00f3 vale enquanto durar a crise do coronav\u00edrus, ou enquanto o estado de sa\u00fade de Cunha\" \/>\n\t<meta name=\"robots\" content=\"max-image-preview:large\" \/>\n\t<meta name=\"author\" content=\"administrador\"\/>\n\t<link rel=\"canonical\" href=\"https:\/\/newsinfoco.com.br\/inicio\/juiza-autoriza-ida-de-eduardo-cunha-para-prisao-domiciliar-por-risco-de-coronavirus\/\" \/>\n\t<meta name=\"generator\" content=\"All in One SEO (AIOSEO) 4.9.10\" \/>\n\t\t<meta property=\"og:locale\" content=\"pt_BR\" \/>\n\t\t<meta property=\"og:site_name\" content=\"News In Foco - Editado por Caio Pimenta - O principal site de noticias de Alagoinhas e regi\u00e3o\" \/>\n\t\t<meta property=\"og:type\" content=\"article\" \/>\n\t\t<meta property=\"og:title\" content=\"Ju\u00edza autoriza ida de Eduardo Cunha para pris\u00e3o domiciliar por risco de coronav\u00edrus - News In Foco - Editado por Caio Pimenta\" \/>\n\t\t<meta property=\"og:description\" content=\"A ju\u00edza Gabriela Hardt, da 13\u00aa Vara Federal de Curitiba, autorizou que o ex-deputado federal Eduardo Cunha v\u00e1 para a pris\u00e3o domiciliar por causa da pandemia do novo coronav\u00edrus. Segundo o portal UOL, a decis\u00e3o \u00e9 \u201cabsolutamente excepcional\u201d e s\u00f3 vale enquanto durar a crise do coronav\u00edrus, ou enquanto o estado de sa\u00fade de Cunha\" \/>\n\t\t<meta property=\"og:url\" content=\"https:\/\/newsinfoco.com.br\/inicio\/juiza-autoriza-ida-de-eduardo-cunha-para-prisao-domiciliar-por-risco-de-coronavirus\/\" \/>\n\t\t<meta property=\"article:published_time\" content=\"2020-03-27T16:05:40+00:00\" \/>\n\t\t<meta property=\"article:modified_time\" content=\"2020-03-27T16:05:40+00:00\" \/>\n\t\t<meta name=\"twitter:card\" content=\"summary_large_image\" \/>\n\t\t<meta name=\"twitter:title\" content=\"Ju\u00edza autoriza ida de Eduardo Cunha para pris\u00e3o domiciliar por risco de coronav\u00edrus - News In Foco - Editado por Caio Pimenta\" \/>\n\t\t<meta name=\"twitter:description\" content=\"A ju\u00edza Gabriela Hardt, da 13\u00aa Vara Federal de Curitiba, autorizou que o ex-deputado federal Eduardo Cunha v\u00e1 para a pris\u00e3o domiciliar por causa da pandemia do novo coronav\u00edrus. Segundo o portal UOL, a decis\u00e3o \u00e9 \u201cabsolutamente excepcional\u201d e s\u00f3 vale enquanto durar a crise do coronav\u00edrus, ou enquanto o estado de sa\u00fade de Cunha\" \/>\n\t\t<script type=\"application\/ld+json\" class=\"aioseo-schema\">\n\t\t\t{\"@context\":\"https:\\\/\\\/schema.org\",\"@graph\":[{\"@type\":\"BlogPosting\",\"@id\":\"https:\\\/\\\/newsinfoco.com.br\\\/inicio\\\/juiza-autoriza-ida-de-eduardo-cunha-para-prisao-domiciliar-por-risco-de-coronavirus\\\/#blogposting\",\"name\":\"Ju\\u00edza autoriza ida de Eduardo Cunha para pris\\u00e3o domiciliar por risco de coronav\\u00edrus - News In Foco - Editado por Caio Pimenta\",\"headline\":\"Ju\\u00edza autoriza ida de Eduardo Cunha para pris\\u00e3o domiciliar por risco de coronav\\u00edrus\",\"author\":{\"@id\":\"https:\\\/\\\/newsinfoco.com.br\\\/inicio\\\/author\\\/administrador\\\/#author\"},\"publisher\":{\"@id\":\"https:\\\/\\\/newsinfoco.com.br\\\/inicio\\\/#organization\"},\"image\":{\"@type\":\"ImageObject\",\"url\":\"https:\\\/\\\/newsinfoco.com.br\\\/inicio\\\/wp-content\\\/uploads\\\/2019\\\/07\\\/eduardo-cunha-presidente-camara-dos-deputados.jpg\",\"width\":600,\"height\":420,\"caption\":\"Bras\\u00edlia- DF 05-08-2015 Foto Lula Marques\\\/Ag\\u00eancia PT   Presidente da c\\u00e2mara dos deputados, Eduardo Cunha duante entrevista no sal\\u00e3o verde da c\\u00e2mara.\"},\"datePublished\":\"2020-03-27T13:05:40-03:00\",\"dateModified\":\"2020-03-27T13:05:40-03:00\",\"inLanguage\":\"pt-BR\",\"mainEntityOfPage\":{\"@id\":\"https:\\\/\\\/newsinfoco.com.br\\\/inicio\\\/juiza-autoriza-ida-de-eduardo-cunha-para-prisao-domiciliar-por-risco-de-coronavirus\\\/#webpage\"},\"isPartOf\":{\"@id\":\"https:\\\/\\\/newsinfoco.com.br\\\/inicio\\\/juiza-autoriza-ida-de-eduardo-cunha-para-prisao-domiciliar-por-risco-de-coronavirus\\\/#webpage\"},\"articleSection\":\"Brasil\"},{\"@type\":\"BreadcrumbList\",\"@id\":\"https:\\\/\\\/newsinfoco.com.br\\\/inicio\\\/juiza-autoriza-ida-de-eduardo-cunha-para-prisao-domiciliar-por-risco-de-coronavirus\\\/#breadcrumblist\",\"itemListElement\":[{\"@type\":\"ListItem\",\"@id\":\"https:\\\/\\\/newsinfoco.com.br\\\/inicio#listItem\",\"position\":1,\"name\":\"In\\u00edcio\",\"item\":\"https:\\\/\\\/newsinfoco.com.br\\\/inicio\",\"nextItem\":{\"@type\":\"ListItem\",\"@id\":\"https:\\\/\\\/newsinfoco.com.br\\\/inicio\\\/category\\\/brasil\\\/#listItem\",\"name\":\"Brasil\"}},{\"@type\":\"ListItem\",\"@id\":\"https:\\\/\\\/newsinfoco.com.br\\\/inicio\\\/category\\\/brasil\\\/#listItem\",\"position\":2,\"name\":\"Brasil\",\"item\":\"https:\\\/\\\/newsinfoco.com.br\\\/inicio\\\/category\\\/brasil\\\/\",\"nextItem\":{\"@type\":\"ListItem\",\"@id\":\"https:\\\/\\\/newsinfoco.com.br\\\/inicio\\\/juiza-autoriza-ida-de-eduardo-cunha-para-prisao-domiciliar-por-risco-de-coronavirus\\\/#listItem\",\"name\":\"Ju\\u00edza autoriza ida de Eduardo Cunha para pris\\u00e3o domiciliar por risco de coronav\\u00edrus\"},\"previousItem\":{\"@type\":\"ListItem\",\"@id\":\"https:\\\/\\\/newsinfoco.com.br\\\/inicio#listItem\",\"name\":\"In\\u00edcio\"}},{\"@type\":\"ListItem\",\"@id\":\"https:\\\/\\\/newsinfoco.com.br\\\/inicio\\\/juiza-autoriza-ida-de-eduardo-cunha-para-prisao-domiciliar-por-risco-de-coronavirus\\\/#listItem\",\"position\":3,\"name\":\"Ju\\u00edza autoriza ida de Eduardo Cunha para pris\\u00e3o domiciliar por risco de coronav\\u00edrus\",\"previousItem\":{\"@type\":\"ListItem\",\"@id\":\"https:\\\/\\\/newsinfoco.com.br\\\/inicio\\\/category\\\/brasil\\\/#listItem\",\"name\":\"Brasil\"}}]},{\"@type\":\"Organization\",\"@id\":\"https:\\\/\\\/newsinfoco.com.br\\\/inicio\\\/#organization\",\"name\":\"News In Foco - Editado por Caio Pimenta\",\"description\":\"O principal site de noticias de Alagoinhas e regi\\u00e3o\",\"url\":\"https:\\\/\\\/newsinfoco.com.br\\\/inicio\\\/\"},{\"@type\":\"Person\",\"@id\":\"https:\\\/\\\/newsinfoco.com.br\\\/inicio\\\/author\\\/administrador\\\/#author\",\"url\":\"https:\\\/\\\/newsinfoco.com.br\\\/inicio\\\/author\\\/administrador\\\/\",\"name\":\"administrador\",\"image\":{\"@type\":\"ImageObject\",\"@id\":\"https:\\\/\\\/newsinfoco.com.br\\\/inicio\\\/juiza-autoriza-ida-de-eduardo-cunha-para-prisao-domiciliar-por-risco-de-coronavirus\\\/#authorImage\",\"url\":\"https:\\\/\\\/secure.gravatar.com\\\/avatar\\\/c17a617433de8c1dc9584bb79aab7563b46f5bb7e1728c9b17d9cc3ce6a08e49?s=96&d=mm&r=g\",\"width\":96,\"height\":96,\"caption\":\"administrador\"}},{\"@type\":\"WebPage\",\"@id\":\"https:\\\/\\\/newsinfoco.com.br\\\/inicio\\\/juiza-autoriza-ida-de-eduardo-cunha-para-prisao-domiciliar-por-risco-de-coronavirus\\\/#webpage\",\"url\":\"https:\\\/\\\/newsinfoco.com.br\\\/inicio\\\/juiza-autoriza-ida-de-eduardo-cunha-para-prisao-domiciliar-por-risco-de-coronavirus\\\/\",\"name\":\"Ju\\u00edza autoriza ida de Eduardo Cunha para pris\\u00e3o domiciliar por risco de coronav\\u00edrus - News In Foco - Editado por Caio Pimenta\",\"description\":\"A ju\\u00edza Gabriela Hardt, da 13\\u00aa Vara Federal de Curitiba, autorizou que o ex-deputado federal Eduardo Cunha v\\u00e1 para a pris\\u00e3o domiciliar por causa da pandemia do novo coronav\\u00edrus. Segundo o portal UOL, a decis\\u00e3o \\u00e9 \\u201cabsolutamente excepcional\\u201d e s\\u00f3 vale enquanto durar a crise do coronav\\u00edrus, ou enquanto o estado de sa\\u00fade de Cunha\",\"inLanguage\":\"pt-BR\",\"isPartOf\":{\"@id\":\"https:\\\/\\\/newsinfoco.com.br\\\/inicio\\\/#website\"},\"breadcrumb\":{\"@id\":\"https:\\\/\\\/newsinfoco.com.br\\\/inicio\\\/juiza-autoriza-ida-de-eduardo-cunha-para-prisao-domiciliar-por-risco-de-coronavirus\\\/#breadcrumblist\"},\"author\":{\"@id\":\"https:\\\/\\\/newsinfoco.com.br\\\/inicio\\\/author\\\/administrador\\\/#author\"},\"creator\":{\"@id\":\"https:\\\/\\\/newsinfoco.com.br\\\/inicio\\\/author\\\/administrador\\\/#author\"},\"image\":{\"@type\":\"ImageObject\",\"url\":\"https:\\\/\\\/newsinfoco.com.br\\\/inicio\\\/wp-content\\\/uploads\\\/2019\\\/07\\\/eduardo-cunha-presidente-camara-dos-deputados.jpg\",\"@id\":\"https:\\\/\\\/newsinfoco.com.br\\\/inicio\\\/juiza-autoriza-ida-de-eduardo-cunha-para-prisao-domiciliar-por-risco-de-coronavirus\\\/#mainImage\",\"width\":600,\"height\":420,\"caption\":\"Bras\\u00edlia- DF 05-08-2015 Foto Lula Marques\\\/Ag\\u00eancia PT   Presidente da c\\u00e2mara dos deputados, Eduardo Cunha duante entrevista no sal\\u00e3o verde da c\\u00e2mara.\"},\"primaryImageOfPage\":{\"@id\":\"https:\\\/\\\/newsinfoco.com.br\\\/inicio\\\/juiza-autoriza-ida-de-eduardo-cunha-para-prisao-domiciliar-por-risco-de-coronavirus\\\/#mainImage\"},\"datePublished\":\"2020-03-27T13:05:40-03:00\",\"dateModified\":\"2020-03-27T13:05:40-03:00\"},{\"@type\":\"WebSite\",\"@id\":\"https:\\\/\\\/newsinfoco.com.br\\\/inicio\\\/#website\",\"url\":\"https:\\\/\\\/newsinfoco.com.br\\\/inicio\\\/\",\"name\":\"News In Foco - Editado por Caio Pimenta\",\"description\":\"O principal site de noticias de Alagoinhas e regi\\u00e3o\",\"inLanguage\":\"pt-BR\",\"publisher\":{\"@id\":\"https:\\\/\\\/newsinfoco.com.br\\\/inicio\\\/#organization\"}}]}\n\t\t<\/script>\n\t\t<!-- All in One SEO -->\n\n","aioseo_head_json":{"title":"Ju\u00edza autoriza ida de Eduardo Cunha para pris\u00e3o domiciliar por risco de coronav\u00edrus - News In Foco - Editado por Caio Pimenta","description":"A ju\u00edza Gabriela Hardt, da 13\u00aa Vara Federal de Curitiba, autorizou que o ex-deputado federal Eduardo Cunha v\u00e1 para a pris\u00e3o domiciliar por causa da pandemia do novo coronav\u00edrus. Segundo o portal UOL, a decis\u00e3o \u00e9 \u201cabsolutamente excepcional\u201d e s\u00f3 vale enquanto durar a crise do coronav\u00edrus, ou enquanto o estado de sa\u00fade de Cunha","canonical_url":"https:\/\/newsinfoco.com.br\/inicio\/juiza-autoriza-ida-de-eduardo-cunha-para-prisao-domiciliar-por-risco-de-coronavirus\/","robots":"max-image-preview:large","keywords":"","webmasterTools":{"miscellaneous":""},"schema":{"@context":"https:\/\/schema.org","@graph":[{"@type":"BlogPosting","@id":"https:\/\/newsinfoco.com.br\/inicio\/juiza-autoriza-ida-de-eduardo-cunha-para-prisao-domiciliar-por-risco-de-coronavirus\/#blogposting","name":"Ju\u00edza autoriza ida de Eduardo Cunha para pris\u00e3o domiciliar por risco de coronav\u00edrus - News In Foco - Editado por Caio Pimenta","headline":"Ju\u00edza autoriza ida de Eduardo Cunha para pris\u00e3o domiciliar por risco de coronav\u00edrus","author":{"@id":"https:\/\/newsinfoco.com.br\/inicio\/author\/administrador\/#author"},"publisher":{"@id":"https:\/\/newsinfoco.com.br\/inicio\/#organization"},"image":{"@type":"ImageObject","url":"https:\/\/newsinfoco.com.br\/inicio\/wp-content\/uploads\/2019\/07\/eduardo-cunha-presidente-camara-dos-deputados.jpg","width":600,"height":420,"caption":"Bras\u00edlia- DF 05-08-2015 Foto Lula Marques\/Ag\u00eancia PT   Presidente da c\u00e2mara dos deputados, Eduardo Cunha duante entrevista no sal\u00e3o verde da c\u00e2mara."},"datePublished":"2020-03-27T13:05:40-03:00","dateModified":"2020-03-27T13:05:40-03:00","inLanguage":"pt-BR","mainEntityOfPage":{"@id":"https:\/\/newsinfoco.com.br\/inicio\/juiza-autoriza-ida-de-eduardo-cunha-para-prisao-domiciliar-por-risco-de-coronavirus\/#webpage"},"isPartOf":{"@id":"https:\/\/newsinfoco.com.br\/inicio\/juiza-autoriza-ida-de-eduardo-cunha-para-prisao-domiciliar-por-risco-de-coronavirus\/#webpage"},"articleSection":"Brasil"},{"@type":"BreadcrumbList","@id":"https:\/\/newsinfoco.com.br\/inicio\/juiza-autoriza-ida-de-eduardo-cunha-para-prisao-domiciliar-por-risco-de-coronavirus\/#breadcrumblist","itemListElement":[{"@type":"ListItem","@id":"https:\/\/newsinfoco.com.br\/inicio#listItem","position":1,"name":"In\u00edcio","item":"https:\/\/newsinfoco.com.br\/inicio","nextItem":{"@type":"ListItem","@id":"https:\/\/newsinfoco.com.br\/inicio\/category\/brasil\/#listItem","name":"Brasil"}},{"@type":"ListItem","@id":"https:\/\/newsinfoco.com.br\/inicio\/category\/brasil\/#listItem","position":2,"name":"Brasil","item":"https:\/\/newsinfoco.com.br\/inicio\/category\/brasil\/","nextItem":{"@type":"ListItem","@id":"https:\/\/newsinfoco.com.br\/inicio\/juiza-autoriza-ida-de-eduardo-cunha-para-prisao-domiciliar-por-risco-de-coronavirus\/#listItem","name":"Ju\u00edza autoriza ida de Eduardo Cunha para pris\u00e3o domiciliar por risco de coronav\u00edrus"},"previousItem":{"@type":"ListItem","@id":"https:\/\/newsinfoco.com.br\/inicio#listItem","name":"In\u00edcio"}},{"@type":"ListItem","@id":"https:\/\/newsinfoco.com.br\/inicio\/juiza-autoriza-ida-de-eduardo-cunha-para-prisao-domiciliar-por-risco-de-coronavirus\/#listItem","position":3,"name":"Ju\u00edza autoriza ida de Eduardo Cunha para pris\u00e3o domiciliar por risco de coronav\u00edrus","previousItem":{"@type":"ListItem","@id":"https:\/\/newsinfoco.com.br\/inicio\/category\/brasil\/#listItem","name":"Brasil"}}]},{"@type":"Organization","@id":"https:\/\/newsinfoco.com.br\/inicio\/#organization","name":"News In Foco - Editado por Caio Pimenta","description":"O principal site de noticias de Alagoinhas e regi\u00e3o","url":"https:\/\/newsinfoco.com.br\/inicio\/"},{"@type":"Person","@id":"https:\/\/newsinfoco.com.br\/inicio\/author\/administrador\/#author","url":"https:\/\/newsinfoco.com.br\/inicio\/author\/administrador\/","name":"administrador","image":{"@type":"ImageObject","@id":"https:\/\/newsinfoco.com.br\/inicio\/juiza-autoriza-ida-de-eduardo-cunha-para-prisao-domiciliar-por-risco-de-coronavirus\/#authorImage","url":"https:\/\/secure.gravatar.com\/avatar\/c17a617433de8c1dc9584bb79aab7563b46f5bb7e1728c9b17d9cc3ce6a08e49?s=96&d=mm&r=g","width":96,"height":96,"caption":"administrador"}},{"@type":"WebPage","@id":"https:\/\/newsinfoco.com.br\/inicio\/juiza-autoriza-ida-de-eduardo-cunha-para-prisao-domiciliar-por-risco-de-coronavirus\/#webpage","url":"https:\/\/newsinfoco.com.br\/inicio\/juiza-autoriza-ida-de-eduardo-cunha-para-prisao-domiciliar-por-risco-de-coronavirus\/","name":"Ju\u00edza autoriza ida de Eduardo Cunha para pris\u00e3o domiciliar por risco de coronav\u00edrus - News In Foco - Editado por Caio Pimenta","description":"A ju\u00edza Gabriela Hardt, da 13\u00aa Vara Federal de Curitiba, autorizou que o ex-deputado federal Eduardo Cunha v\u00e1 para a pris\u00e3o domiciliar por causa da pandemia do novo coronav\u00edrus. Segundo o portal UOL, a decis\u00e3o \u00e9 \u201cabsolutamente excepcional\u201d e s\u00f3 vale enquanto durar a crise do coronav\u00edrus, ou enquanto o estado de sa\u00fade de Cunha","inLanguage":"pt-BR","isPartOf":{"@id":"https:\/\/newsinfoco.com.br\/inicio\/#website"},"breadcrumb":{"@id":"https:\/\/newsinfoco.com.br\/inicio\/juiza-autoriza-ida-de-eduardo-cunha-para-prisao-domiciliar-por-risco-de-coronavirus\/#breadcrumblist"},"author":{"@id":"https:\/\/newsinfoco.com.br\/inicio\/author\/administrador\/#author"},"creator":{"@id":"https:\/\/newsinfoco.com.br\/inicio\/author\/administrador\/#author"},"image":{"@type":"ImageObject","url":"https:\/\/newsinfoco.com.br\/inicio\/wp-content\/uploads\/2019\/07\/eduardo-cunha-presidente-camara-dos-deputados.jpg","@id":"https:\/\/newsinfoco.com.br\/inicio\/juiza-autoriza-ida-de-eduardo-cunha-para-prisao-domiciliar-por-risco-de-coronavirus\/#mainImage","width":600,"height":420,"caption":"Bras\u00edlia- DF 05-08-2015 Foto Lula Marques\/Ag\u00eancia PT   Presidente da c\u00e2mara dos deputados, Eduardo Cunha duante entrevista no sal\u00e3o verde da c\u00e2mara."},"primaryImageOfPage":{"@id":"https:\/\/newsinfoco.com.br\/inicio\/juiza-autoriza-ida-de-eduardo-cunha-para-prisao-domiciliar-por-risco-de-coronavirus\/#mainImage"},"datePublished":"2020-03-27T13:05:40-03:00","dateModified":"2020-03-27T13:05:40-03:00"},{"@type":"WebSite","@id":"https:\/\/newsinfoco.com.br\/inicio\/#website","url":"https:\/\/newsinfoco.com.br\/inicio\/","name":"News In Foco - Editado por Caio Pimenta","description":"O principal site de noticias de Alagoinhas e regi\u00e3o","inLanguage":"pt-BR","publisher":{"@id":"https:\/\/newsinfoco.com.br\/inicio\/#organization"}}]},"og:locale":"pt_BR","og:site_name":"News In Foco - Editado por Caio Pimenta - O principal site de noticias de Alagoinhas e regi\u00e3o","og:type":"article","og:title":"Ju\u00edza autoriza ida de Eduardo Cunha para pris\u00e3o domiciliar por risco de coronav\u00edrus - News In Foco - Editado por Caio Pimenta","og:description":"A ju\u00edza Gabriela Hardt, da 13\u00aa Vara Federal de Curitiba, autorizou que o ex-deputado federal Eduardo Cunha v\u00e1 para a pris\u00e3o domiciliar por causa da pandemia do novo coronav\u00edrus. Segundo o portal UOL, a decis\u00e3o \u00e9 \u201cabsolutamente excepcional\u201d e s\u00f3 vale enquanto durar a crise do coronav\u00edrus, ou enquanto o estado de sa\u00fade de Cunha","og:url":"https:\/\/newsinfoco.com.br\/inicio\/juiza-autoriza-ida-de-eduardo-cunha-para-prisao-domiciliar-por-risco-de-coronavirus\/","article:published_time":"2020-03-27T16:05:40+00:00","article:modified_time":"2020-03-27T16:05:40+00:00","twitter:card":"summary_large_image","twitter:title":"Ju\u00edza autoriza ida de Eduardo Cunha para pris\u00e3o domiciliar por risco de coronav\u00edrus - News In Foco - Editado por Caio Pimenta","twitter:description":"A ju\u00edza Gabriela Hardt, da 13\u00aa Vara Federal de Curitiba, autorizou que o ex-deputado federal Eduardo Cunha v\u00e1 para a pris\u00e3o domiciliar por causa da pandemia do novo coronav\u00edrus. Segundo o portal UOL, a decis\u00e3o \u00e9 \u201cabsolutamente excepcional\u201d e s\u00f3 vale enquanto durar a crise do coronav\u00edrus, ou enquanto o estado de sa\u00fade de Cunha"},"aioseo_meta_data":{"post_id":"20717","title":null,"description":null,"keywords":null,"keyphrases":null,"primary_term":null,"canonical_url":null,"og_title":null,"og_description":null,"og_object_type":"default","og_image_type":"default","og_image_url":null,"og_image_width":null,"og_image_height":null,"og_image_custom_url":null,"og_image_custom_fields":null,"og_video":null,"og_custom_url":null,"og_article_section":null,"og_article_tags":null,"twitter_use_og":false,"twitter_card":"default","twitter_image_type":"default","twitter_image_url":null,"twitter_image_custom_url":null,"twitter_image_custom_fields":null,"twitter_title":null,"twitter_description":null,"schema":{"blockGraphs":[],"customGraphs":[],"default":{"data":{"Article":[],"Course":[],"Dataset":[],"FAQPage":[],"Movie":[],"Person":[],"Product":[],"ProductReview":[],"Car":[],"Recipe":[],"Service":[],"SoftwareApplication":[],"WebPage":[]},"graphName":"","isEnabled":true},"graphs":[]},"schema_type":"default","schema_type_options":null,"pillar_content":false,"robots_default":true,"robots_noindex":false,"robots_noarchive":false,"robots_nosnippet":false,"robots_nofollow":false,"robots_noimageindex":false,"robots_noodp":false,"robots_notranslate":false,"robots_max_snippet":null,"robots_max_videopreview":null,"robots_max_imagepreview":"large","priority":null,"frequency":null,"local_seo":null,"breadcrumb_settings":null,"limit_modified_date":false,"ai":null,"created":"2023-06-12 16:22:08","updated":"2025-07-11 02:57:11","seo_analyzer_scan_date":null},"aioseo_breadcrumb":"<div class=\"aioseo-breadcrumbs\"><span class=\"aioseo-breadcrumb\">\n\t\t\t<a href=\"https:\/\/newsinfoco.com.br\/inicio\" title=\"In\u00edcio\">In\u00edcio<\/a>\n\t\t<\/span><span class=\"aioseo-breadcrumb-separator\">&raquo;<\/span><span class=\"aioseo-breadcrumb\">\n\t\t\t<a href=\"https:\/\/newsinfoco.com.br\/inicio\/category\/brasil\/\" title=\"Brasil\">Brasil<\/a>\n\t\t<\/span><span class=\"aioseo-breadcrumb-separator\">&raquo;<\/span><span class=\"aioseo-breadcrumb\">\n\t\t\tJu\u00edza autoriza ida de Eduardo Cunha para pris\u00e3o domiciliar por risco de coronav\u00edrus\n\t\t<\/span><\/div>","aioseo_breadcrumb_json":[{"label":"In\u00edcio","link":"https:\/\/newsinfoco.com.br\/inicio"},{"label":"Brasil","link":"https:\/\/newsinfoco.com.br\/inicio\/category\/brasil\/"},{"label":"Ju\u00edza autoriza ida de Eduardo Cunha para pris\u00e3o domiciliar por risco de coronav\u00edrus","link":"https:\/\/newsinfoco.com.br\/inicio\/juiza-autoriza-ida-de-eduardo-cunha-para-prisao-domiciliar-por-risco-de-coronavirus\/"}],"_links":{"self":[{"href":"https:\/\/newsinfoco.com.br\/inicio\/wp-json\/wp\/v2\/posts\/20717","targetHints":{"allow":["GET"]}}],"collection":[{"href":"https:\/\/newsinfoco.com.br\/inicio\/wp-json\/wp\/v2\/posts"}],"about":[{"href":"https:\/\/newsinfoco.com.br\/inicio\/wp-json\/wp\/v2\/types\/post"}],"author":[{"embeddable":true,"href":"https:\/\/newsinfoco.com.br\/inicio\/wp-json\/wp\/v2\/users\/1"}],"replies":[{"embeddable":true,"href":"https:\/\/newsinfoco.com.br\/inicio\/wp-json\/wp\/v2\/comments?post=20717"}],"version-history":[{"count":0,"href":"https:\/\/newsinfoco.com.br\/inicio\/wp-json\/wp\/v2\/posts\/20717\/revisions"}],"wp:featuredmedia":[{"embeddable":true,"href":"https:\/\/newsinfoco.com.br\/inicio\/wp-json\/wp\/v2\/media\/15804"}],"wp:attachment":[{"href":"https:\/\/newsinfoco.com.br\/inicio\/wp-json\/wp\/v2\/media?parent=20717"}],"wp:term":[{"taxonomy":"category","embeddable":true,"href":"https:\/\/newsinfoco.com.br\/inicio\/wp-json\/wp\/v2\/categories?post=20717"},{"taxonomy":"post_tag","embeddable":true,"href":"https:\/\/newsinfoco.com.br\/inicio\/wp-json\/wp\/v2\/tags?post=20717"}],"curies":[{"name":"wp","href":"https:\/\/api.w.org\/{rel}","templated":true}]}}