{"id":20719,"date":"2020-03-27T13:51:43","date_gmt":"2020-03-27T16:51:43","guid":{"rendered":"http:\/\/newsinfoco.com.br\/?p=20719"},"modified":"2020-03-27T13:51:43","modified_gmt":"2020-03-27T16:51:43","slug":"campanha-publicitaria-do-governo-vai-custar-r-r-48-milhoes-video","status":"publish","type":"post","link":"https:\/\/newsinfoco.com.br\/inicio\/campanha-publicitaria-do-governo-vai-custar-r-r-48-milhoes-video\/","title":{"rendered":"Campanha publicit\u00e1ria do governo vai custar R$ R$ 4,8 milh\u00f5es; v\u00eddeo"},"content":{"rendered":"<p style=\"text-align: justify;\">A campanha publicit\u00e1ria para defender a tese do isolamento vertical \u2013 com o slogan \u201cO Brasil N\u00e3o Pode Parar\u201d \u2013 vai custar R$ 4,8 milh\u00f5es (R$ 4.897.855,00), segundo a coluna de Guilherme Amado.<\/p>\n<p style=\"text-align: justify;\">Segundo a publica\u00e7\u00e3o, a contrata\u00e7\u00e3o foi classificada com emergencial e, por esta raz\u00e3o, realizada sem licita\u00e7\u00e3o. O conte\u00fado est\u00e1 sendo produzido pela ag\u00eancia iComunica\u00e7\u00e3o.<\/p>\n<p style=\"text-align: justify;\">Ainda de acordo com a coluna, o mecanismo n\u00e3o \u00e9 ilegal. A Secom avaliou tr\u00eas propostas. O martelo foi batido por Carlos Bolsonaro. O Secret\u00e1rio Fabio Wajngarten ainda n\u00e3o voltou totalmente \u00e0 ativa.<\/p>\n<p style=\"text-align: justify;\">A pe\u00e7a central \u00e9 um v\u00eddeo, ainda n\u00e3o finalizado, mas que j\u00e1 foi distribu\u00eddo para a milit\u00e2ncia digital do presidente e circula em grupos de WhatsApp, em que um narrador menciona categorias profissionais e martela que o pa\u00eds n\u00e3o pode parar por eles.<\/p>\n<p>&nbsp;<\/p>\n<div class='share-to-whatsapp-wrapper'><div class='share-on-whsp'>Share on: <\/div><a data-text='Campanha publicit\u00e1ria do governo vai custar R$ R$ 4,8 milh\u00f5es; v\u00eddeo' data-link='https:\/\/newsinfoco.com.br\/inicio\/campanha-publicitaria-do-governo-vai-custar-r-r-48-milhoes-video\/' class='whatsapp-button whatsapp-share'>WhatsApp<\/a><div class='clear '><\/div><\/div>","protected":false},"excerpt":{"rendered":"<p>A campanha publicit\u00e1ria para defender a tese do isolamento vertical \u2013 com o slogan \u201cO Brasil N\u00e3o Pode Parar\u201d \u2013 vai custar R$ 4,8 milh\u00f5es (R$ 4.897.855,00), segundo a coluna de Guilherme Amado. Segundo a publica\u00e7\u00e3o, a contrata\u00e7\u00e3o foi classificada com emergencial e, por esta raz\u00e3o, realizada sem licita\u00e7\u00e3o. O conte\u00fado est\u00e1 sendo produzido pela [&hellip;]<\/p>\n","protected":false},"author":1,"featured_media":19596,"comment_status":"open","ping_status":"open","sticky":false,"template":"","format":"standard","meta":{"om_disable_all_campaigns":false,"rop_custom_images_group":[],"rop_custom_messages_group":[],"rop_publish_now":"initial","rop_publish_now_accounts":[],"rop_publish_now_history":[],"rop_publish_now_status":"pending","_exactmetrics_skip_tracking":false,"footnotes":""},"categories":[21],"tags":[],"class_list":["post-20719","post","type-post","status-publish","format-standard","has-post-thumbnail","hentry","category-brasil"],"aioseo_notices":[],"aioseo_head":"\n\t\t<!-- All in One SEO 4.9.10 - aioseo.com -->\n\t<meta name=\"description\" content=\"A campanha publicit\u00e1ria para defender a tese do isolamento vertical \u2013 com o slogan \u201cO Brasil N\u00e3o Pode Parar\u201d \u2013 vai custar R$ 4,8 milh\u00f5es (R$ 4.897.855,00), segundo a coluna de Guilherme Amado. Segundo a publica\u00e7\u00e3o, a contrata\u00e7\u00e3o foi classificada com emergencial e, por esta raz\u00e3o, realizada sem licita\u00e7\u00e3o. O conte\u00fado est\u00e1 sendo produzido pela\" \/>\n\t<meta name=\"robots\" content=\"max-image-preview:large\" \/>\n\t<meta name=\"author\" content=\"administrador\"\/>\n\t<link rel=\"canonical\" href=\"https:\/\/newsinfoco.com.br\/inicio\/campanha-publicitaria-do-governo-vai-custar-r-r-48-milhoes-video\/\" \/>\n\t<meta name=\"generator\" content=\"All in One SEO (AIOSEO) 4.9.10\" \/>\n\t\t<meta property=\"og:locale\" content=\"pt_BR\" \/>\n\t\t<meta property=\"og:site_name\" content=\"News In Foco - Editado por Caio Pimenta - O principal site de noticias de Alagoinhas e regi\u00e3o\" \/>\n\t\t<meta property=\"og:type\" content=\"article\" \/>\n\t\t<meta property=\"og:title\" content=\"Campanha publicit\u00e1ria do governo vai custar R$ R$ 4,8 milh\u00f5es; v\u00eddeo - News In Foco - Editado por Caio Pimenta\" \/>\n\t\t<meta property=\"og:description\" content=\"A campanha publicit\u00e1ria para defender a tese do isolamento vertical \u2013 com o slogan \u201cO Brasil N\u00e3o Pode Parar\u201d \u2013 vai custar R$ 4,8 milh\u00f5es (R$ 4.897.855,00), segundo a coluna de Guilherme Amado. Segundo a publica\u00e7\u00e3o, a contrata\u00e7\u00e3o foi classificada com emergencial e, por esta raz\u00e3o, realizada sem licita\u00e7\u00e3o. O conte\u00fado est\u00e1 sendo produzido pela\" \/>\n\t\t<meta property=\"og:url\" content=\"https:\/\/newsinfoco.com.br\/inicio\/campanha-publicitaria-do-governo-vai-custar-r-r-48-milhoes-video\/\" \/>\n\t\t<meta property=\"article:published_time\" content=\"2020-03-27T16:51:43+00:00\" \/>\n\t\t<meta property=\"article:modified_time\" content=\"2020-03-27T16:51:43+00:00\" \/>\n\t\t<meta name=\"twitter:card\" content=\"summary_large_image\" \/>\n\t\t<meta name=\"twitter:title\" content=\"Campanha publicit\u00e1ria do governo vai custar R$ R$ 4,8 milh\u00f5es; v\u00eddeo - News In Foco - Editado por Caio Pimenta\" \/>\n\t\t<meta name=\"twitter:description\" content=\"A campanha publicit\u00e1ria para defender a tese do isolamento vertical \u2013 com o slogan \u201cO Brasil N\u00e3o Pode Parar\u201d \u2013 vai custar R$ 4,8 milh\u00f5es (R$ 4.897.855,00), segundo a coluna de Guilherme Amado. Segundo a publica\u00e7\u00e3o, a contrata\u00e7\u00e3o foi classificada com emergencial e, por esta raz\u00e3o, realizada sem licita\u00e7\u00e3o. O conte\u00fado est\u00e1 sendo produzido pela\" \/>\n\t\t<script type=\"application\/ld+json\" class=\"aioseo-schema\">\n\t\t\t{\"@context\":\"https:\\\/\\\/schema.org\",\"@graph\":[{\"@type\":\"BlogPosting\",\"@id\":\"https:\\\/\\\/newsinfoco.com.br\\\/inicio\\\/campanha-publicitaria-do-governo-vai-custar-r-r-48-milhoes-video\\\/#blogposting\",\"name\":\"Campanha publicit\\u00e1ria do governo vai custar R$ R$ 4,8 milh\\u00f5es; v\\u00eddeo - News In Foco - Editado por Caio Pimenta\",\"headline\":\"Campanha publicit\\u00e1ria do governo vai custar R$ R$ 4,8 milh\\u00f5es; v\\u00eddeo\",\"author\":{\"@id\":\"https:\\\/\\\/newsinfoco.com.br\\\/inicio\\\/author\\\/administrador\\\/#author\"},\"publisher\":{\"@id\":\"https:\\\/\\\/newsinfoco.com.br\\\/inicio\\\/#organization\"},\"image\":{\"@type\":\"ImageObject\",\"url\":\"https:\\\/\\\/newsinfoco.com.br\\\/inicio\\\/wp-content\\\/uploads\\\/2019\\\/12\\\/bolsonaro_08.08.19.jpg\",\"width\":600,\"height\":420,\"caption\":\"Presidente Jair Bolsonaro fala \\u00e0 imprensa ao sair do Pal\\u00e1cio da Alvorada\"},\"datePublished\":\"2020-03-27T13:51:43-03:00\",\"dateModified\":\"2020-03-27T13:51:43-03:00\",\"inLanguage\":\"pt-BR\",\"mainEntityOfPage\":{\"@id\":\"https:\\\/\\\/newsinfoco.com.br\\\/inicio\\\/campanha-publicitaria-do-governo-vai-custar-r-r-48-milhoes-video\\\/#webpage\"},\"isPartOf\":{\"@id\":\"https:\\\/\\\/newsinfoco.com.br\\\/inicio\\\/campanha-publicitaria-do-governo-vai-custar-r-r-48-milhoes-video\\\/#webpage\"},\"articleSection\":\"Brasil\"},{\"@type\":\"BreadcrumbList\",\"@id\":\"https:\\\/\\\/newsinfoco.com.br\\\/inicio\\\/campanha-publicitaria-do-governo-vai-custar-r-r-48-milhoes-video\\\/#breadcrumblist\",\"itemListElement\":[{\"@type\":\"ListItem\",\"@id\":\"https:\\\/\\\/newsinfoco.com.br\\\/inicio#listItem\",\"position\":1,\"name\":\"In\\u00edcio\",\"item\":\"https:\\\/\\\/newsinfoco.com.br\\\/inicio\",\"nextItem\":{\"@type\":\"ListItem\",\"@id\":\"https:\\\/\\\/newsinfoco.com.br\\\/inicio\\\/category\\\/brasil\\\/#listItem\",\"name\":\"Brasil\"}},{\"@type\":\"ListItem\",\"@id\":\"https:\\\/\\\/newsinfoco.com.br\\\/inicio\\\/category\\\/brasil\\\/#listItem\",\"position\":2,\"name\":\"Brasil\",\"item\":\"https:\\\/\\\/newsinfoco.com.br\\\/inicio\\\/category\\\/brasil\\\/\",\"nextItem\":{\"@type\":\"ListItem\",\"@id\":\"https:\\\/\\\/newsinfoco.com.br\\\/inicio\\\/campanha-publicitaria-do-governo-vai-custar-r-r-48-milhoes-video\\\/#listItem\",\"name\":\"Campanha publicit\\u00e1ria do governo vai custar R$ R$ 4,8 milh\\u00f5es; v\\u00eddeo\"},\"previousItem\":{\"@type\":\"ListItem\",\"@id\":\"https:\\\/\\\/newsinfoco.com.br\\\/inicio#listItem\",\"name\":\"In\\u00edcio\"}},{\"@type\":\"ListItem\",\"@id\":\"https:\\\/\\\/newsinfoco.com.br\\\/inicio\\\/campanha-publicitaria-do-governo-vai-custar-r-r-48-milhoes-video\\\/#listItem\",\"position\":3,\"name\":\"Campanha publicit\\u00e1ria do governo vai custar R$ R$ 4,8 milh\\u00f5es; v\\u00eddeo\",\"previousItem\":{\"@type\":\"ListItem\",\"@id\":\"https:\\\/\\\/newsinfoco.com.br\\\/inicio\\\/category\\\/brasil\\\/#listItem\",\"name\":\"Brasil\"}}]},{\"@type\":\"Organization\",\"@id\":\"https:\\\/\\\/newsinfoco.com.br\\\/inicio\\\/#organization\",\"name\":\"News In Foco - Editado por Caio Pimenta\",\"description\":\"O principal site de noticias de Alagoinhas e regi\\u00e3o\",\"url\":\"https:\\\/\\\/newsinfoco.com.br\\\/inicio\\\/\"},{\"@type\":\"Person\",\"@id\":\"https:\\\/\\\/newsinfoco.com.br\\\/inicio\\\/author\\\/administrador\\\/#author\",\"url\":\"https:\\\/\\\/newsinfoco.com.br\\\/inicio\\\/author\\\/administrador\\\/\",\"name\":\"administrador\",\"image\":{\"@type\":\"ImageObject\",\"@id\":\"https:\\\/\\\/newsinfoco.com.br\\\/inicio\\\/campanha-publicitaria-do-governo-vai-custar-r-r-48-milhoes-video\\\/#authorImage\",\"url\":\"https:\\\/\\\/secure.gravatar.com\\\/avatar\\\/c17a617433de8c1dc9584bb79aab7563b46f5bb7e1728c9b17d9cc3ce6a08e49?s=96&d=mm&r=g\",\"width\":96,\"height\":96,\"caption\":\"administrador\"}},{\"@type\":\"WebPage\",\"@id\":\"https:\\\/\\\/newsinfoco.com.br\\\/inicio\\\/campanha-publicitaria-do-governo-vai-custar-r-r-48-milhoes-video\\\/#webpage\",\"url\":\"https:\\\/\\\/newsinfoco.com.br\\\/inicio\\\/campanha-publicitaria-do-governo-vai-custar-r-r-48-milhoes-video\\\/\",\"name\":\"Campanha publicit\\u00e1ria do governo vai custar R$ R$ 4,8 milh\\u00f5es; v\\u00eddeo - News In Foco - Editado por Caio Pimenta\",\"description\":\"A campanha publicit\\u00e1ria para defender a tese do isolamento vertical \\u2013 com o slogan \\u201cO Brasil N\\u00e3o Pode Parar\\u201d \\u2013 vai custar R$ 4,8 milh\\u00f5es (R$ 4.897.855,00), segundo a coluna de Guilherme Amado. Segundo a publica\\u00e7\\u00e3o, a contrata\\u00e7\\u00e3o foi classificada com emergencial e, por esta raz\\u00e3o, realizada sem licita\\u00e7\\u00e3o. O conte\\u00fado est\\u00e1 sendo produzido pela\",\"inLanguage\":\"pt-BR\",\"isPartOf\":{\"@id\":\"https:\\\/\\\/newsinfoco.com.br\\\/inicio\\\/#website\"},\"breadcrumb\":{\"@id\":\"https:\\\/\\\/newsinfoco.com.br\\\/inicio\\\/campanha-publicitaria-do-governo-vai-custar-r-r-48-milhoes-video\\\/#breadcrumblist\"},\"author\":{\"@id\":\"https:\\\/\\\/newsinfoco.com.br\\\/inicio\\\/author\\\/administrador\\\/#author\"},\"creator\":{\"@id\":\"https:\\\/\\\/newsinfoco.com.br\\\/inicio\\\/author\\\/administrador\\\/#author\"},\"image\":{\"@type\":\"ImageObject\",\"url\":\"https:\\\/\\\/newsinfoco.com.br\\\/inicio\\\/wp-content\\\/uploads\\\/2019\\\/12\\\/bolsonaro_08.08.19.jpg\",\"@id\":\"https:\\\/\\\/newsinfoco.com.br\\\/inicio\\\/campanha-publicitaria-do-governo-vai-custar-r-r-48-milhoes-video\\\/#mainImage\",\"width\":600,\"height\":420,\"caption\":\"Presidente Jair Bolsonaro fala \\u00e0 imprensa ao sair do Pal\\u00e1cio da Alvorada\"},\"primaryImageOfPage\":{\"@id\":\"https:\\\/\\\/newsinfoco.com.br\\\/inicio\\\/campanha-publicitaria-do-governo-vai-custar-r-r-48-milhoes-video\\\/#mainImage\"},\"datePublished\":\"2020-03-27T13:51:43-03:00\",\"dateModified\":\"2020-03-27T13:51:43-03:00\"},{\"@type\":\"WebSite\",\"@id\":\"https:\\\/\\\/newsinfoco.com.br\\\/inicio\\\/#website\",\"url\":\"https:\\\/\\\/newsinfoco.com.br\\\/inicio\\\/\",\"name\":\"News In Foco - Editado por Caio Pimenta\",\"description\":\"O principal site de noticias de Alagoinhas e regi\\u00e3o\",\"inLanguage\":\"pt-BR\",\"publisher\":{\"@id\":\"https:\\\/\\\/newsinfoco.com.br\\\/inicio\\\/#organization\"}}]}\n\t\t<\/script>\n\t\t<!-- All in One SEO -->\n\n","aioseo_head_json":{"title":"Campanha publicit\u00e1ria do governo vai custar R$ R$ 4,8 milh\u00f5es; v\u00eddeo - News In Foco - Editado por Caio Pimenta","description":"A campanha publicit\u00e1ria para defender a tese do isolamento vertical \u2013 com o slogan \u201cO Brasil N\u00e3o Pode Parar\u201d \u2013 vai custar R$ 4,8 milh\u00f5es (R$ 4.897.855,00), segundo a coluna de Guilherme Amado. Segundo a publica\u00e7\u00e3o, a contrata\u00e7\u00e3o foi classificada com emergencial e, por esta raz\u00e3o, realizada sem licita\u00e7\u00e3o. O conte\u00fado est\u00e1 sendo produzido pela","canonical_url":"https:\/\/newsinfoco.com.br\/inicio\/campanha-publicitaria-do-governo-vai-custar-r-r-48-milhoes-video\/","robots":"max-image-preview:large","keywords":"","webmasterTools":{"miscellaneous":""},"schema":{"@context":"https:\/\/schema.org","@graph":[{"@type":"BlogPosting","@id":"https:\/\/newsinfoco.com.br\/inicio\/campanha-publicitaria-do-governo-vai-custar-r-r-48-milhoes-video\/#blogposting","name":"Campanha publicit\u00e1ria do governo vai custar R$ R$ 4,8 milh\u00f5es; v\u00eddeo - News In Foco - Editado por Caio Pimenta","headline":"Campanha publicit\u00e1ria do governo vai custar R$ R$ 4,8 milh\u00f5es; v\u00eddeo","author":{"@id":"https:\/\/newsinfoco.com.br\/inicio\/author\/administrador\/#author"},"publisher":{"@id":"https:\/\/newsinfoco.com.br\/inicio\/#organization"},"image":{"@type":"ImageObject","url":"https:\/\/newsinfoco.com.br\/inicio\/wp-content\/uploads\/2019\/12\/bolsonaro_08.08.19.jpg","width":600,"height":420,"caption":"Presidente Jair Bolsonaro fala \u00e0 imprensa ao sair do Pal\u00e1cio da Alvorada"},"datePublished":"2020-03-27T13:51:43-03:00","dateModified":"2020-03-27T13:51:43-03:00","inLanguage":"pt-BR","mainEntityOfPage":{"@id":"https:\/\/newsinfoco.com.br\/inicio\/campanha-publicitaria-do-governo-vai-custar-r-r-48-milhoes-video\/#webpage"},"isPartOf":{"@id":"https:\/\/newsinfoco.com.br\/inicio\/campanha-publicitaria-do-governo-vai-custar-r-r-48-milhoes-video\/#webpage"},"articleSection":"Brasil"},{"@type":"BreadcrumbList","@id":"https:\/\/newsinfoco.com.br\/inicio\/campanha-publicitaria-do-governo-vai-custar-r-r-48-milhoes-video\/#breadcrumblist","itemListElement":[{"@type":"ListItem","@id":"https:\/\/newsinfoco.com.br\/inicio#listItem","position":1,"name":"In\u00edcio","item":"https:\/\/newsinfoco.com.br\/inicio","nextItem":{"@type":"ListItem","@id":"https:\/\/newsinfoco.com.br\/inicio\/category\/brasil\/#listItem","name":"Brasil"}},{"@type":"ListItem","@id":"https:\/\/newsinfoco.com.br\/inicio\/category\/brasil\/#listItem","position":2,"name":"Brasil","item":"https:\/\/newsinfoco.com.br\/inicio\/category\/brasil\/","nextItem":{"@type":"ListItem","@id":"https:\/\/newsinfoco.com.br\/inicio\/campanha-publicitaria-do-governo-vai-custar-r-r-48-milhoes-video\/#listItem","name":"Campanha publicit\u00e1ria do governo vai custar R$ R$ 4,8 milh\u00f5es; v\u00eddeo"},"previousItem":{"@type":"ListItem","@id":"https:\/\/newsinfoco.com.br\/inicio#listItem","name":"In\u00edcio"}},{"@type":"ListItem","@id":"https:\/\/newsinfoco.com.br\/inicio\/campanha-publicitaria-do-governo-vai-custar-r-r-48-milhoes-video\/#listItem","position":3,"name":"Campanha publicit\u00e1ria do governo vai custar R$ R$ 4,8 milh\u00f5es; v\u00eddeo","previousItem":{"@type":"ListItem","@id":"https:\/\/newsinfoco.com.br\/inicio\/category\/brasil\/#listItem","name":"Brasil"}}]},{"@type":"Organization","@id":"https:\/\/newsinfoco.com.br\/inicio\/#organization","name":"News In Foco - Editado por Caio Pimenta","description":"O principal site de noticias de Alagoinhas e regi\u00e3o","url":"https:\/\/newsinfoco.com.br\/inicio\/"},{"@type":"Person","@id":"https:\/\/newsinfoco.com.br\/inicio\/author\/administrador\/#author","url":"https:\/\/newsinfoco.com.br\/inicio\/author\/administrador\/","name":"administrador","image":{"@type":"ImageObject","@id":"https:\/\/newsinfoco.com.br\/inicio\/campanha-publicitaria-do-governo-vai-custar-r-r-48-milhoes-video\/#authorImage","url":"https:\/\/secure.gravatar.com\/avatar\/c17a617433de8c1dc9584bb79aab7563b46f5bb7e1728c9b17d9cc3ce6a08e49?s=96&d=mm&r=g","width":96,"height":96,"caption":"administrador"}},{"@type":"WebPage","@id":"https:\/\/newsinfoco.com.br\/inicio\/campanha-publicitaria-do-governo-vai-custar-r-r-48-milhoes-video\/#webpage","url":"https:\/\/newsinfoco.com.br\/inicio\/campanha-publicitaria-do-governo-vai-custar-r-r-48-milhoes-video\/","name":"Campanha publicit\u00e1ria do governo vai custar R$ R$ 4,8 milh\u00f5es; v\u00eddeo - News In Foco - Editado por Caio Pimenta","description":"A campanha publicit\u00e1ria para defender a tese do isolamento vertical \u2013 com o slogan \u201cO Brasil N\u00e3o Pode Parar\u201d \u2013 vai custar R$ 4,8 milh\u00f5es (R$ 4.897.855,00), segundo a coluna de Guilherme Amado. Segundo a publica\u00e7\u00e3o, a contrata\u00e7\u00e3o foi classificada com emergencial e, por esta raz\u00e3o, realizada sem licita\u00e7\u00e3o. O conte\u00fado est\u00e1 sendo produzido pela","inLanguage":"pt-BR","isPartOf":{"@id":"https:\/\/newsinfoco.com.br\/inicio\/#website"},"breadcrumb":{"@id":"https:\/\/newsinfoco.com.br\/inicio\/campanha-publicitaria-do-governo-vai-custar-r-r-48-milhoes-video\/#breadcrumblist"},"author":{"@id":"https:\/\/newsinfoco.com.br\/inicio\/author\/administrador\/#author"},"creator":{"@id":"https:\/\/newsinfoco.com.br\/inicio\/author\/administrador\/#author"},"image":{"@type":"ImageObject","url":"https:\/\/newsinfoco.com.br\/inicio\/wp-content\/uploads\/2019\/12\/bolsonaro_08.08.19.jpg","@id":"https:\/\/newsinfoco.com.br\/inicio\/campanha-publicitaria-do-governo-vai-custar-r-r-48-milhoes-video\/#mainImage","width":600,"height":420,"caption":"Presidente Jair Bolsonaro fala \u00e0 imprensa ao sair do Pal\u00e1cio da Alvorada"},"primaryImageOfPage":{"@id":"https:\/\/newsinfoco.com.br\/inicio\/campanha-publicitaria-do-governo-vai-custar-r-r-48-milhoes-video\/#mainImage"},"datePublished":"2020-03-27T13:51:43-03:00","dateModified":"2020-03-27T13:51:43-03:00"},{"@type":"WebSite","@id":"https:\/\/newsinfoco.com.br\/inicio\/#website","url":"https:\/\/newsinfoco.com.br\/inicio\/","name":"News In Foco - Editado por Caio Pimenta","description":"O principal site de noticias de Alagoinhas e regi\u00e3o","inLanguage":"pt-BR","publisher":{"@id":"https:\/\/newsinfoco.com.br\/inicio\/#organization"}}]},"og:locale":"pt_BR","og:site_name":"News In Foco - Editado por Caio Pimenta - O principal site de noticias de Alagoinhas e regi\u00e3o","og:type":"article","og:title":"Campanha publicit\u00e1ria do governo vai custar R$ R$ 4,8 milh\u00f5es; v\u00eddeo - News In Foco - Editado por Caio Pimenta","og:description":"A campanha publicit\u00e1ria para defender a tese do isolamento vertical \u2013 com o slogan \u201cO Brasil N\u00e3o Pode Parar\u201d \u2013 vai custar R$ 4,8 milh\u00f5es (R$ 4.897.855,00), segundo a coluna de Guilherme Amado. Segundo a publica\u00e7\u00e3o, a contrata\u00e7\u00e3o foi classificada com emergencial e, por esta raz\u00e3o, realizada sem licita\u00e7\u00e3o. O conte\u00fado est\u00e1 sendo produzido pela","og:url":"https:\/\/newsinfoco.com.br\/inicio\/campanha-publicitaria-do-governo-vai-custar-r-r-48-milhoes-video\/","article:published_time":"2020-03-27T16:51:43+00:00","article:modified_time":"2020-03-27T16:51:43+00:00","twitter:card":"summary_large_image","twitter:title":"Campanha publicit\u00e1ria do governo vai custar R$ R$ 4,8 milh\u00f5es; v\u00eddeo - News In Foco - Editado por Caio Pimenta","twitter:description":"A campanha publicit\u00e1ria para defender a tese do isolamento vertical \u2013 com o slogan \u201cO Brasil N\u00e3o Pode Parar\u201d \u2013 vai custar R$ 4,8 milh\u00f5es (R$ 4.897.855,00), segundo a coluna de Guilherme Amado. Segundo a publica\u00e7\u00e3o, a contrata\u00e7\u00e3o foi classificada com emergencial e, por esta raz\u00e3o, realizada sem licita\u00e7\u00e3o. O conte\u00fado est\u00e1 sendo produzido pela"},"aioseo_meta_data":{"post_id":"20719","title":null,"description":null,"keywords":null,"keyphrases":null,"primary_term":null,"canonical_url":null,"og_title":null,"og_description":null,"og_object_type":"default","og_image_type":"default","og_image_url":null,"og_image_width":null,"og_image_height":null,"og_image_custom_url":null,"og_image_custom_fields":null,"og_video":null,"og_custom_url":null,"og_article_section":null,"og_article_tags":null,"twitter_use_og":false,"twitter_card":"default","twitter_image_type":"default","twitter_image_url":null,"twitter_image_custom_url":null,"twitter_image_custom_fields":null,"twitter_title":null,"twitter_description":null,"schema":{"blockGraphs":[],"customGraphs":[],"default":{"data":{"Article":[],"Course":[],"Dataset":[],"FAQPage":[],"Movie":[],"Person":[],"Product":[],"ProductReview":[],"Car":[],"Recipe":[],"Service":[],"SoftwareApplication":[],"WebPage":[]},"graphName":"","isEnabled":true},"graphs":[]},"schema_type":"default","schema_type_options":null,"pillar_content":false,"robots_default":true,"robots_noindex":false,"robots_noarchive":false,"robots_nosnippet":false,"robots_nofollow":false,"robots_noimageindex":false,"robots_noodp":false,"robots_notranslate":false,"robots_max_snippet":null,"robots_max_videopreview":null,"robots_max_imagepreview":"large","priority":null,"frequency":null,"local_seo":null,"breadcrumb_settings":null,"limit_modified_date":false,"ai":null,"created":"2023-06-12 16:22:08","updated":"2025-07-11 02:57:11","seo_analyzer_scan_date":null},"aioseo_breadcrumb":"<div class=\"aioseo-breadcrumbs\"><span class=\"aioseo-breadcrumb\">\n\t\t\t<a href=\"https:\/\/newsinfoco.com.br\/inicio\" title=\"In\u00edcio\">In\u00edcio<\/a>\n\t\t<\/span><span class=\"aioseo-breadcrumb-separator\">&raquo;<\/span><span class=\"aioseo-breadcrumb\">\n\t\t\t<a href=\"https:\/\/newsinfoco.com.br\/inicio\/category\/brasil\/\" title=\"Brasil\">Brasil<\/a>\n\t\t<\/span><span class=\"aioseo-breadcrumb-separator\">&raquo;<\/span><span class=\"aioseo-breadcrumb\">\n\t\t\tCampanha publicit\u00e1ria do governo vai custar R$ R$ 4,8 milh\u00f5es; v\u00eddeo\n\t\t<\/span><\/div>","aioseo_breadcrumb_json":[{"label":"In\u00edcio","link":"https:\/\/newsinfoco.com.br\/inicio"},{"label":"Brasil","link":"https:\/\/newsinfoco.com.br\/inicio\/category\/brasil\/"},{"label":"Campanha publicit\u00e1ria do governo vai custar R$ R$ 4,8 milh\u00f5es; v\u00eddeo","link":"https:\/\/newsinfoco.com.br\/inicio\/campanha-publicitaria-do-governo-vai-custar-r-r-48-milhoes-video\/"}],"_links":{"self":[{"href":"https:\/\/newsinfoco.com.br\/inicio\/wp-json\/wp\/v2\/posts\/20719","targetHints":{"allow":["GET"]}}],"collection":[{"href":"https:\/\/newsinfoco.com.br\/inicio\/wp-json\/wp\/v2\/posts"}],"about":[{"href":"https:\/\/newsinfoco.com.br\/inicio\/wp-json\/wp\/v2\/types\/post"}],"author":[{"embeddable":true,"href":"https:\/\/newsinfoco.com.br\/inicio\/wp-json\/wp\/v2\/users\/1"}],"replies":[{"embeddable":true,"href":"https:\/\/newsinfoco.com.br\/inicio\/wp-json\/wp\/v2\/comments?post=20719"}],"version-history":[{"count":0,"href":"https:\/\/newsinfoco.com.br\/inicio\/wp-json\/wp\/v2\/posts\/20719\/revisions"}],"wp:featuredmedia":[{"embeddable":true,"href":"https:\/\/newsinfoco.com.br\/inicio\/wp-json\/wp\/v2\/media\/19596"}],"wp:attachment":[{"href":"https:\/\/newsinfoco.com.br\/inicio\/wp-json\/wp\/v2\/media?parent=20719"}],"wp:term":[{"taxonomy":"category","embeddable":true,"href":"https:\/\/newsinfoco.com.br\/inicio\/wp-json\/wp\/v2\/categories?post=20719"},{"taxonomy":"post_tag","embeddable":true,"href":"https:\/\/newsinfoco.com.br\/inicio\/wp-json\/wp\/v2\/tags?post=20719"}],"curies":[{"name":"wp","href":"https:\/\/api.w.org\/{rel}","templated":true}]}}