{"id":20782,"date":"2020-04-01T18:11:16","date_gmt":"2020-04-01T21:11:16","guid":{"rendered":"http:\/\/newsinfoco.com.br\/?p=20782"},"modified":"2020-04-01T18:11:16","modified_gmt":"2020-04-01T21:11:16","slug":"os-vereadores-anderson-baqueiro-darlan-lucena-pastor-lins-gode-e-caio-ramos-podem-desembarcar-no-dem","status":"publish","type":"post","link":"https:\/\/newsinfoco.com.br\/inicio\/os-vereadores-anderson-baqueiro-darlan-lucena-pastor-lins-gode-e-caio-ramos-podem-desembarcar-no-dem\/","title":{"rendered":"Os vereadores Anderson Baqueiro, Darlan Lucena, Pastor Lins, Gode e Caio Ramos podem desembarcar no DEM"},"content":{"rendered":"<p style=\"text-align: justify;\">A vida dos detentores de mandato na C\u00e2mara de Vereadores de Alagoinhas n\u00e3o est\u00e1 f\u00e1cil. Eles que v\u00e3o buscar a reelei\u00e7\u00e3o, est\u00e3o tendo dificuldades para encontrar partidos que aceitem sua filia\u00e7\u00e3o para disputa que se avizinha. Os filiados destas agremia\u00e7\u00f5es tem medo da concorr\u00eancia, afinal os vereadores j\u00e1 eleitos, devido a exposi\u00e7\u00e3o e outras vantagens, tem mais chances de lograr \u00eaxito do que aqueles que buscam a primeira oportunidade no parlamento.<\/p>\n<p style=\"text-align: justify;\">Nesta situa\u00e7\u00e3o, o DEM decidiu abrir suas portas para estes vereadores e negocia com pelo menos 5 vereadores, s\u00e3o eles: Anderson Baqueiro, Darlan Lucena, Pastor Lins, Gode e Caio Ramos. As negocia\u00e7\u00f5es est\u00e3o avan\u00e7adas e o martelo pode ser batido a qualquer momento. A inten\u00e7\u00e3o \u00e9 fazer um verdadeiro chap\u00e3o, j\u00e1 que o DEM j\u00e1 conta com o vereador Luciano Almeida. Ainda no DEM, h\u00e1 que se destacar Jaldice Nunes, vista por muitos como &#8221;a menina dos olhos&#8221; do deputado federal Paulo Azi.<\/p>\n<p style=\"text-align: justify;\">Se confirmando a forma\u00e7\u00e3o desse chap\u00e3o dentro do partido, a vida daqueles filiados menos expressivos fica complicado. Primeiro que dificilmente ter\u00e3o prioridade na distribui\u00e7\u00e3o de verba do fundo eleitoral para suas campanhas, depois que ter\u00e3o que brigar com aqueles que j\u00e1 tem base j\u00e1 estabelecida em bairros e um eleitorado cativo. No frigir dos ovos correm o risco de servir como trampolim para os &#8216;favoritos e favorecidos&#8217;, j\u00e1 que com esta arruma\u00e7\u00e3o o DEM tem grandes chances de fazer 4 ou 5 vereadores, ali\u00e1s essa \u00e9 a expectativa do partido.<\/p>\n<p style=\"text-align: right;\">Por Caio Pimenta para o News Infoco<\/p>\n<div class='share-to-whatsapp-wrapper'><div class='share-on-whsp'>Share on: <\/div><a data-text='Os vereadores Anderson Baqueiro, Darlan Lucena, Pastor Lins, Gode e Caio Ramos podem desembarcar no DEM' data-link='https:\/\/newsinfoco.com.br\/inicio\/os-vereadores-anderson-baqueiro-darlan-lucena-pastor-lins-gode-e-caio-ramos-podem-desembarcar-no-dem\/' class='whatsapp-button whatsapp-share'>WhatsApp<\/a><div class='clear '><\/div><\/div>","protected":false},"excerpt":{"rendered":"<p>A vida dos detentores de mandato na C\u00e2mara de Vereadores de Alagoinhas n\u00e3o est\u00e1 f\u00e1cil. Eles que v\u00e3o buscar a reelei\u00e7\u00e3o, est\u00e3o tendo dificuldades para encontrar partidos que aceitem sua filia\u00e7\u00e3o para disputa que se avizinha. Os filiados destas agremia\u00e7\u00f5es tem medo da concorr\u00eancia, afinal os vereadores j\u00e1 eleitos, devido a exposi\u00e7\u00e3o e outras vantagens, [&hellip;]<\/p>\n","protected":false},"author":1,"featured_media":20783,"comment_status":"open","ping_status":"open","sticky":false,"template":"","format":"standard","meta":{"om_disable_all_campaigns":false,"rop_custom_images_group":[],"rop_custom_messages_group":[],"rop_publish_now":"initial","rop_publish_now_accounts":[],"rop_publish_now_history":[],"rop_publish_now_status":"pending","_exactmetrics_skip_tracking":false,"footnotes":""},"categories":[167],"tags":[],"class_list":["post-20782","post","type-post","status-publish","format-standard","has-post-thumbnail","hentry","category-exclusivas"],"aioseo_notices":[],"aioseo_head":"\n\t\t<!-- All in One SEO 4.9.10 - aioseo.com -->\n\t<meta name=\"description\" content=\"A vida dos detentores de mandato na C\u00e2mara de Vereadores de Alagoinhas n\u00e3o est\u00e1 f\u00e1cil. Eles que v\u00e3o buscar a reelei\u00e7\u00e3o, est\u00e3o tendo dificuldades para encontrar partidos que aceitem sua filia\u00e7\u00e3o para disputa que se avizinha. Os filiados destas agremia\u00e7\u00f5es tem medo da concorr\u00eancia, afinal os vereadores j\u00e1 eleitos, devido a exposi\u00e7\u00e3o e outras vantagens,\" \/>\n\t<meta name=\"robots\" content=\"max-image-preview:large\" \/>\n\t<meta name=\"author\" content=\"administrador\"\/>\n\t<link rel=\"canonical\" href=\"https:\/\/newsinfoco.com.br\/inicio\/os-vereadores-anderson-baqueiro-darlan-lucena-pastor-lins-gode-e-caio-ramos-podem-desembarcar-no-dem\/\" \/>\n\t<meta name=\"generator\" content=\"All in One SEO (AIOSEO) 4.9.10\" \/>\n\t\t<meta property=\"og:locale\" content=\"pt_BR\" \/>\n\t\t<meta property=\"og:site_name\" content=\"News In Foco - Editado por Caio Pimenta - O principal site de noticias de Alagoinhas e regi\u00e3o\" \/>\n\t\t<meta property=\"og:type\" content=\"article\" \/>\n\t\t<meta property=\"og:title\" content=\"Os vereadores Anderson Baqueiro, Darlan Lucena, Pastor Lins, Gode e Caio Ramos podem desembarcar no DEM - News In Foco - Editado por Caio Pimenta\" \/>\n\t\t<meta property=\"og:description\" content=\"A vida dos detentores de mandato na C\u00e2mara de Vereadores de Alagoinhas n\u00e3o est\u00e1 f\u00e1cil. Eles que v\u00e3o buscar a reelei\u00e7\u00e3o, est\u00e3o tendo dificuldades para encontrar partidos que aceitem sua filia\u00e7\u00e3o para disputa que se avizinha. Os filiados destas agremia\u00e7\u00f5es tem medo da concorr\u00eancia, afinal os vereadores j\u00e1 eleitos, devido a exposi\u00e7\u00e3o e outras vantagens,\" \/>\n\t\t<meta property=\"og:url\" content=\"https:\/\/newsinfoco.com.br\/inicio\/os-vereadores-anderson-baqueiro-darlan-lucena-pastor-lins-gode-e-caio-ramos-podem-desembarcar-no-dem\/\" \/>\n\t\t<meta property=\"article:published_time\" content=\"2020-04-01T21:11:16+00:00\" \/>\n\t\t<meta property=\"article:modified_time\" content=\"2020-04-01T21:11:16+00:00\" \/>\n\t\t<meta name=\"twitter:card\" content=\"summary_large_image\" \/>\n\t\t<meta name=\"twitter:title\" content=\"Os vereadores Anderson Baqueiro, Darlan Lucena, Pastor Lins, Gode e Caio Ramos podem desembarcar no DEM - News In Foco - Editado por Caio Pimenta\" \/>\n\t\t<meta name=\"twitter:description\" content=\"A vida dos detentores de mandato na C\u00e2mara de Vereadores de Alagoinhas n\u00e3o est\u00e1 f\u00e1cil. Eles que v\u00e3o buscar a reelei\u00e7\u00e3o, est\u00e3o tendo dificuldades para encontrar partidos que aceitem sua filia\u00e7\u00e3o para disputa que se avizinha. Os filiados destas agremia\u00e7\u00f5es tem medo da concorr\u00eancia, afinal os vereadores j\u00e1 eleitos, devido a exposi\u00e7\u00e3o e outras vantagens,\" \/>\n\t\t<script type=\"application\/ld+json\" class=\"aioseo-schema\">\n\t\t\t{\"@context\":\"https:\\\/\\\/schema.org\",\"@graph\":[{\"@type\":\"BlogPosting\",\"@id\":\"https:\\\/\\\/newsinfoco.com.br\\\/inicio\\\/os-vereadores-anderson-baqueiro-darlan-lucena-pastor-lins-gode-e-caio-ramos-podem-desembarcar-no-dem\\\/#blogposting\",\"name\":\"Os vereadores Anderson Baqueiro, Darlan Lucena, Pastor Lins, Gode e Caio Ramos podem desembarcar no DEM - News In Foco - Editado por Caio Pimenta\",\"headline\":\"Os vereadores Anderson Baqueiro, Darlan Lucena, Pastor Lins, Gode e Caio Ramos podem desembarcar no DEM\",\"author\":{\"@id\":\"https:\\\/\\\/newsinfoco.com.br\\\/inicio\\\/author\\\/administrador\\\/#author\"},\"publisher\":{\"@id\":\"https:\\\/\\\/newsinfoco.com.br\\\/inicio\\\/#organization\"},\"image\":{\"@type\":\"ImageObject\",\"url\":\"https:\\\/\\\/newsinfoco.com.br\\\/inicio\\\/wp-content\\\/uploads\\\/2020\\\/04\\\/dem-democratas-logo-partido-1.jpg\",\"width\":800,\"height\":321},\"datePublished\":\"2020-04-01T18:11:16-03:00\",\"dateModified\":\"2020-04-01T18:11:16-03:00\",\"inLanguage\":\"pt-BR\",\"mainEntityOfPage\":{\"@id\":\"https:\\\/\\\/newsinfoco.com.br\\\/inicio\\\/os-vereadores-anderson-baqueiro-darlan-lucena-pastor-lins-gode-e-caio-ramos-podem-desembarcar-no-dem\\\/#webpage\"},\"isPartOf\":{\"@id\":\"https:\\\/\\\/newsinfoco.com.br\\\/inicio\\\/os-vereadores-anderson-baqueiro-darlan-lucena-pastor-lins-gode-e-caio-ramos-podem-desembarcar-no-dem\\\/#webpage\"},\"articleSection\":\"Manchete\"},{\"@type\":\"BreadcrumbList\",\"@id\":\"https:\\\/\\\/newsinfoco.com.br\\\/inicio\\\/os-vereadores-anderson-baqueiro-darlan-lucena-pastor-lins-gode-e-caio-ramos-podem-desembarcar-no-dem\\\/#breadcrumblist\",\"itemListElement\":[{\"@type\":\"ListItem\",\"@id\":\"https:\\\/\\\/newsinfoco.com.br\\\/inicio#listItem\",\"position\":1,\"name\":\"In\\u00edcio\",\"item\":\"https:\\\/\\\/newsinfoco.com.br\\\/inicio\",\"nextItem\":{\"@type\":\"ListItem\",\"@id\":\"https:\\\/\\\/newsinfoco.com.br\\\/inicio\\\/category\\\/exclusivas\\\/#listItem\",\"name\":\"Manchete\"}},{\"@type\":\"ListItem\",\"@id\":\"https:\\\/\\\/newsinfoco.com.br\\\/inicio\\\/category\\\/exclusivas\\\/#listItem\",\"position\":2,\"name\":\"Manchete\",\"item\":\"https:\\\/\\\/newsinfoco.com.br\\\/inicio\\\/category\\\/exclusivas\\\/\",\"nextItem\":{\"@type\":\"ListItem\",\"@id\":\"https:\\\/\\\/newsinfoco.com.br\\\/inicio\\\/os-vereadores-anderson-baqueiro-darlan-lucena-pastor-lins-gode-e-caio-ramos-podem-desembarcar-no-dem\\\/#listItem\",\"name\":\"Os vereadores Anderson Baqueiro, Darlan Lucena, Pastor Lins, Gode e Caio Ramos podem desembarcar no DEM\"},\"previousItem\":{\"@type\":\"ListItem\",\"@id\":\"https:\\\/\\\/newsinfoco.com.br\\\/inicio#listItem\",\"name\":\"In\\u00edcio\"}},{\"@type\":\"ListItem\",\"@id\":\"https:\\\/\\\/newsinfoco.com.br\\\/inicio\\\/os-vereadores-anderson-baqueiro-darlan-lucena-pastor-lins-gode-e-caio-ramos-podem-desembarcar-no-dem\\\/#listItem\",\"position\":3,\"name\":\"Os vereadores Anderson Baqueiro, Darlan Lucena, Pastor Lins, Gode e Caio Ramos podem desembarcar no DEM\",\"previousItem\":{\"@type\":\"ListItem\",\"@id\":\"https:\\\/\\\/newsinfoco.com.br\\\/inicio\\\/category\\\/exclusivas\\\/#listItem\",\"name\":\"Manchete\"}}]},{\"@type\":\"Organization\",\"@id\":\"https:\\\/\\\/newsinfoco.com.br\\\/inicio\\\/#organization\",\"name\":\"News In Foco - Editado por Caio Pimenta\",\"description\":\"O principal site de noticias de Alagoinhas e regi\\u00e3o\",\"url\":\"https:\\\/\\\/newsinfoco.com.br\\\/inicio\\\/\"},{\"@type\":\"Person\",\"@id\":\"https:\\\/\\\/newsinfoco.com.br\\\/inicio\\\/author\\\/administrador\\\/#author\",\"url\":\"https:\\\/\\\/newsinfoco.com.br\\\/inicio\\\/author\\\/administrador\\\/\",\"name\":\"administrador\",\"image\":{\"@type\":\"ImageObject\",\"@id\":\"https:\\\/\\\/newsinfoco.com.br\\\/inicio\\\/os-vereadores-anderson-baqueiro-darlan-lucena-pastor-lins-gode-e-caio-ramos-podem-desembarcar-no-dem\\\/#authorImage\",\"url\":\"https:\\\/\\\/secure.gravatar.com\\\/avatar\\\/c17a617433de8c1dc9584bb79aab7563b46f5bb7e1728c9b17d9cc3ce6a08e49?s=96&d=mm&r=g\",\"width\":96,\"height\":96,\"caption\":\"administrador\"}},{\"@type\":\"WebPage\",\"@id\":\"https:\\\/\\\/newsinfoco.com.br\\\/inicio\\\/os-vereadores-anderson-baqueiro-darlan-lucena-pastor-lins-gode-e-caio-ramos-podem-desembarcar-no-dem\\\/#webpage\",\"url\":\"https:\\\/\\\/newsinfoco.com.br\\\/inicio\\\/os-vereadores-anderson-baqueiro-darlan-lucena-pastor-lins-gode-e-caio-ramos-podem-desembarcar-no-dem\\\/\",\"name\":\"Os vereadores Anderson Baqueiro, Darlan Lucena, Pastor Lins, Gode e Caio Ramos podem desembarcar no DEM - News In Foco - Editado por Caio Pimenta\",\"description\":\"A vida dos detentores de mandato na C\\u00e2mara de Vereadores de Alagoinhas n\\u00e3o est\\u00e1 f\\u00e1cil. Eles que v\\u00e3o buscar a reelei\\u00e7\\u00e3o, est\\u00e3o tendo dificuldades para encontrar partidos que aceitem sua filia\\u00e7\\u00e3o para disputa que se avizinha. Os filiados destas agremia\\u00e7\\u00f5es tem medo da concorr\\u00eancia, afinal os vereadores j\\u00e1 eleitos, devido a exposi\\u00e7\\u00e3o e outras vantagens,\",\"inLanguage\":\"pt-BR\",\"isPartOf\":{\"@id\":\"https:\\\/\\\/newsinfoco.com.br\\\/inicio\\\/#website\"},\"breadcrumb\":{\"@id\":\"https:\\\/\\\/newsinfoco.com.br\\\/inicio\\\/os-vereadores-anderson-baqueiro-darlan-lucena-pastor-lins-gode-e-caio-ramos-podem-desembarcar-no-dem\\\/#breadcrumblist\"},\"author\":{\"@id\":\"https:\\\/\\\/newsinfoco.com.br\\\/inicio\\\/author\\\/administrador\\\/#author\"},\"creator\":{\"@id\":\"https:\\\/\\\/newsinfoco.com.br\\\/inicio\\\/author\\\/administrador\\\/#author\"},\"image\":{\"@type\":\"ImageObject\",\"url\":\"https:\\\/\\\/newsinfoco.com.br\\\/inicio\\\/wp-content\\\/uploads\\\/2020\\\/04\\\/dem-democratas-logo-partido-1.jpg\",\"@id\":\"https:\\\/\\\/newsinfoco.com.br\\\/inicio\\\/os-vereadores-anderson-baqueiro-darlan-lucena-pastor-lins-gode-e-caio-ramos-podem-desembarcar-no-dem\\\/#mainImage\",\"width\":800,\"height\":321},\"primaryImageOfPage\":{\"@id\":\"https:\\\/\\\/newsinfoco.com.br\\\/inicio\\\/os-vereadores-anderson-baqueiro-darlan-lucena-pastor-lins-gode-e-caio-ramos-podem-desembarcar-no-dem\\\/#mainImage\"},\"datePublished\":\"2020-04-01T18:11:16-03:00\",\"dateModified\":\"2020-04-01T18:11:16-03:00\"},{\"@type\":\"WebSite\",\"@id\":\"https:\\\/\\\/newsinfoco.com.br\\\/inicio\\\/#website\",\"url\":\"https:\\\/\\\/newsinfoco.com.br\\\/inicio\\\/\",\"name\":\"News In Foco - Editado por Caio Pimenta\",\"description\":\"O principal site de noticias de Alagoinhas e regi\\u00e3o\",\"inLanguage\":\"pt-BR\",\"publisher\":{\"@id\":\"https:\\\/\\\/newsinfoco.com.br\\\/inicio\\\/#organization\"}}]}\n\t\t<\/script>\n\t\t<!-- All in One SEO -->\n\n","aioseo_head_json":{"title":"Os vereadores Anderson Baqueiro, Darlan Lucena, Pastor Lins, Gode e Caio Ramos podem desembarcar no DEM - News In Foco - Editado por Caio Pimenta","description":"A vida dos detentores de mandato na C\u00e2mara de Vereadores de Alagoinhas n\u00e3o est\u00e1 f\u00e1cil. Eles que v\u00e3o buscar a reelei\u00e7\u00e3o, est\u00e3o tendo dificuldades para encontrar partidos que aceitem sua filia\u00e7\u00e3o para disputa que se avizinha. Os filiados destas agremia\u00e7\u00f5es tem medo da concorr\u00eancia, afinal os vereadores j\u00e1 eleitos, devido a exposi\u00e7\u00e3o e outras vantagens,","canonical_url":"https:\/\/newsinfoco.com.br\/inicio\/os-vereadores-anderson-baqueiro-darlan-lucena-pastor-lins-gode-e-caio-ramos-podem-desembarcar-no-dem\/","robots":"max-image-preview:large","keywords":"","webmasterTools":{"miscellaneous":""},"schema":{"@context":"https:\/\/schema.org","@graph":[{"@type":"BlogPosting","@id":"https:\/\/newsinfoco.com.br\/inicio\/os-vereadores-anderson-baqueiro-darlan-lucena-pastor-lins-gode-e-caio-ramos-podem-desembarcar-no-dem\/#blogposting","name":"Os vereadores Anderson Baqueiro, Darlan Lucena, Pastor Lins, Gode e Caio Ramos podem desembarcar no DEM - News In Foco - Editado por Caio Pimenta","headline":"Os vereadores Anderson Baqueiro, Darlan Lucena, Pastor Lins, Gode e Caio Ramos podem desembarcar no DEM","author":{"@id":"https:\/\/newsinfoco.com.br\/inicio\/author\/administrador\/#author"},"publisher":{"@id":"https:\/\/newsinfoco.com.br\/inicio\/#organization"},"image":{"@type":"ImageObject","url":"https:\/\/newsinfoco.com.br\/inicio\/wp-content\/uploads\/2020\/04\/dem-democratas-logo-partido-1.jpg","width":800,"height":321},"datePublished":"2020-04-01T18:11:16-03:00","dateModified":"2020-04-01T18:11:16-03:00","inLanguage":"pt-BR","mainEntityOfPage":{"@id":"https:\/\/newsinfoco.com.br\/inicio\/os-vereadores-anderson-baqueiro-darlan-lucena-pastor-lins-gode-e-caio-ramos-podem-desembarcar-no-dem\/#webpage"},"isPartOf":{"@id":"https:\/\/newsinfoco.com.br\/inicio\/os-vereadores-anderson-baqueiro-darlan-lucena-pastor-lins-gode-e-caio-ramos-podem-desembarcar-no-dem\/#webpage"},"articleSection":"Manchete"},{"@type":"BreadcrumbList","@id":"https:\/\/newsinfoco.com.br\/inicio\/os-vereadores-anderson-baqueiro-darlan-lucena-pastor-lins-gode-e-caio-ramos-podem-desembarcar-no-dem\/#breadcrumblist","itemListElement":[{"@type":"ListItem","@id":"https:\/\/newsinfoco.com.br\/inicio#listItem","position":1,"name":"In\u00edcio","item":"https:\/\/newsinfoco.com.br\/inicio","nextItem":{"@type":"ListItem","@id":"https:\/\/newsinfoco.com.br\/inicio\/category\/exclusivas\/#listItem","name":"Manchete"}},{"@type":"ListItem","@id":"https:\/\/newsinfoco.com.br\/inicio\/category\/exclusivas\/#listItem","position":2,"name":"Manchete","item":"https:\/\/newsinfoco.com.br\/inicio\/category\/exclusivas\/","nextItem":{"@type":"ListItem","@id":"https:\/\/newsinfoco.com.br\/inicio\/os-vereadores-anderson-baqueiro-darlan-lucena-pastor-lins-gode-e-caio-ramos-podem-desembarcar-no-dem\/#listItem","name":"Os vereadores Anderson Baqueiro, Darlan Lucena, Pastor Lins, Gode e Caio Ramos podem desembarcar no DEM"},"previousItem":{"@type":"ListItem","@id":"https:\/\/newsinfoco.com.br\/inicio#listItem","name":"In\u00edcio"}},{"@type":"ListItem","@id":"https:\/\/newsinfoco.com.br\/inicio\/os-vereadores-anderson-baqueiro-darlan-lucena-pastor-lins-gode-e-caio-ramos-podem-desembarcar-no-dem\/#listItem","position":3,"name":"Os vereadores Anderson Baqueiro, Darlan Lucena, Pastor Lins, Gode e Caio Ramos podem desembarcar no DEM","previousItem":{"@type":"ListItem","@id":"https:\/\/newsinfoco.com.br\/inicio\/category\/exclusivas\/#listItem","name":"Manchete"}}]},{"@type":"Organization","@id":"https:\/\/newsinfoco.com.br\/inicio\/#organization","name":"News In Foco - Editado por Caio Pimenta","description":"O principal site de noticias de Alagoinhas e regi\u00e3o","url":"https:\/\/newsinfoco.com.br\/inicio\/"},{"@type":"Person","@id":"https:\/\/newsinfoco.com.br\/inicio\/author\/administrador\/#author","url":"https:\/\/newsinfoco.com.br\/inicio\/author\/administrador\/","name":"administrador","image":{"@type":"ImageObject","@id":"https:\/\/newsinfoco.com.br\/inicio\/os-vereadores-anderson-baqueiro-darlan-lucena-pastor-lins-gode-e-caio-ramos-podem-desembarcar-no-dem\/#authorImage","url":"https:\/\/secure.gravatar.com\/avatar\/c17a617433de8c1dc9584bb79aab7563b46f5bb7e1728c9b17d9cc3ce6a08e49?s=96&d=mm&r=g","width":96,"height":96,"caption":"administrador"}},{"@type":"WebPage","@id":"https:\/\/newsinfoco.com.br\/inicio\/os-vereadores-anderson-baqueiro-darlan-lucena-pastor-lins-gode-e-caio-ramos-podem-desembarcar-no-dem\/#webpage","url":"https:\/\/newsinfoco.com.br\/inicio\/os-vereadores-anderson-baqueiro-darlan-lucena-pastor-lins-gode-e-caio-ramos-podem-desembarcar-no-dem\/","name":"Os vereadores Anderson Baqueiro, Darlan Lucena, Pastor Lins, Gode e Caio Ramos podem desembarcar no DEM - News In Foco - Editado por Caio Pimenta","description":"A vida dos detentores de mandato na C\u00e2mara de Vereadores de Alagoinhas n\u00e3o est\u00e1 f\u00e1cil. Eles que v\u00e3o buscar a reelei\u00e7\u00e3o, est\u00e3o tendo dificuldades para encontrar partidos que aceitem sua filia\u00e7\u00e3o para disputa que se avizinha. Os filiados destas agremia\u00e7\u00f5es tem medo da concorr\u00eancia, afinal os vereadores j\u00e1 eleitos, devido a exposi\u00e7\u00e3o e outras vantagens,","inLanguage":"pt-BR","isPartOf":{"@id":"https:\/\/newsinfoco.com.br\/inicio\/#website"},"breadcrumb":{"@id":"https:\/\/newsinfoco.com.br\/inicio\/os-vereadores-anderson-baqueiro-darlan-lucena-pastor-lins-gode-e-caio-ramos-podem-desembarcar-no-dem\/#breadcrumblist"},"author":{"@id":"https:\/\/newsinfoco.com.br\/inicio\/author\/administrador\/#author"},"creator":{"@id":"https:\/\/newsinfoco.com.br\/inicio\/author\/administrador\/#author"},"image":{"@type":"ImageObject","url":"https:\/\/newsinfoco.com.br\/inicio\/wp-content\/uploads\/2020\/04\/dem-democratas-logo-partido-1.jpg","@id":"https:\/\/newsinfoco.com.br\/inicio\/os-vereadores-anderson-baqueiro-darlan-lucena-pastor-lins-gode-e-caio-ramos-podem-desembarcar-no-dem\/#mainImage","width":800,"height":321},"primaryImageOfPage":{"@id":"https:\/\/newsinfoco.com.br\/inicio\/os-vereadores-anderson-baqueiro-darlan-lucena-pastor-lins-gode-e-caio-ramos-podem-desembarcar-no-dem\/#mainImage"},"datePublished":"2020-04-01T18:11:16-03:00","dateModified":"2020-04-01T18:11:16-03:00"},{"@type":"WebSite","@id":"https:\/\/newsinfoco.com.br\/inicio\/#website","url":"https:\/\/newsinfoco.com.br\/inicio\/","name":"News In Foco - Editado por Caio Pimenta","description":"O principal site de noticias de Alagoinhas e regi\u00e3o","inLanguage":"pt-BR","publisher":{"@id":"https:\/\/newsinfoco.com.br\/inicio\/#organization"}}]},"og:locale":"pt_BR","og:site_name":"News In Foco - Editado por Caio Pimenta - O principal site de noticias de Alagoinhas e regi\u00e3o","og:type":"article","og:title":"Os vereadores Anderson Baqueiro, Darlan Lucena, Pastor Lins, Gode e Caio Ramos podem desembarcar no DEM - News In Foco - Editado por Caio Pimenta","og:description":"A vida dos detentores de mandato na C\u00e2mara de Vereadores de Alagoinhas n\u00e3o est\u00e1 f\u00e1cil. Eles que v\u00e3o buscar a reelei\u00e7\u00e3o, est\u00e3o tendo dificuldades para encontrar partidos que aceitem sua filia\u00e7\u00e3o para disputa que se avizinha. Os filiados destas agremia\u00e7\u00f5es tem medo da concorr\u00eancia, afinal os vereadores j\u00e1 eleitos, devido a exposi\u00e7\u00e3o e outras vantagens,","og:url":"https:\/\/newsinfoco.com.br\/inicio\/os-vereadores-anderson-baqueiro-darlan-lucena-pastor-lins-gode-e-caio-ramos-podem-desembarcar-no-dem\/","article:published_time":"2020-04-01T21:11:16+00:00","article:modified_time":"2020-04-01T21:11:16+00:00","twitter:card":"summary_large_image","twitter:title":"Os vereadores Anderson Baqueiro, Darlan Lucena, Pastor Lins, Gode e Caio Ramos podem desembarcar no DEM - News In Foco - Editado por Caio Pimenta","twitter:description":"A vida dos detentores de mandato na C\u00e2mara de Vereadores de Alagoinhas n\u00e3o est\u00e1 f\u00e1cil. Eles que v\u00e3o buscar a reelei\u00e7\u00e3o, est\u00e3o tendo dificuldades para encontrar partidos que aceitem sua filia\u00e7\u00e3o para disputa que se avizinha. Os filiados destas agremia\u00e7\u00f5es tem medo da concorr\u00eancia, afinal os vereadores j\u00e1 eleitos, devido a exposi\u00e7\u00e3o e outras vantagens,"},"aioseo_meta_data":{"post_id":"20782","title":null,"description":null,"keywords":null,"keyphrases":null,"primary_term":null,"canonical_url":null,"og_title":null,"og_description":null,"og_object_type":"default","og_image_type":"default","og_image_url":null,"og_image_width":null,"og_image_height":null,"og_image_custom_url":null,"og_image_custom_fields":null,"og_video":null,"og_custom_url":null,"og_article_section":null,"og_article_tags":null,"twitter_use_og":false,"twitter_card":"default","twitter_image_type":"default","twitter_image_url":null,"twitter_image_custom_url":null,"twitter_image_custom_fields":null,"twitter_title":null,"twitter_description":null,"schema":{"blockGraphs":[],"customGraphs":[],"default":{"data":{"Article":[],"Course":[],"Dataset":[],"FAQPage":[],"Movie":[],"Person":[],"Product":[],"ProductReview":[],"Car":[],"Recipe":[],"Service":[],"SoftwareApplication":[],"WebPage":[]},"graphName":"","isEnabled":true},"graphs":[]},"schema_type":"default","schema_type_options":null,"pillar_content":false,"robots_default":true,"robots_noindex":false,"robots_noarchive":false,"robots_nosnippet":false,"robots_nofollow":false,"robots_noimageindex":false,"robots_noodp":false,"robots_notranslate":false,"robots_max_snippet":null,"robots_max_videopreview":null,"robots_max_imagepreview":"large","priority":null,"frequency":null,"local_seo":null,"breadcrumb_settings":null,"limit_modified_date":false,"ai":null,"created":"2023-06-12 16:23:47","updated":"2025-07-11 02:58:52","seo_analyzer_scan_date":null},"aioseo_breadcrumb":"<div class=\"aioseo-breadcrumbs\"><span class=\"aioseo-breadcrumb\">\n\t\t\t<a href=\"https:\/\/newsinfoco.com.br\/inicio\" title=\"In\u00edcio\">In\u00edcio<\/a>\n\t\t<\/span><span class=\"aioseo-breadcrumb-separator\">&raquo;<\/span><span class=\"aioseo-breadcrumb\">\n\t\t\t<a href=\"https:\/\/newsinfoco.com.br\/inicio\/category\/exclusivas\/\" title=\"Manchete\">Manchete<\/a>\n\t\t<\/span><span class=\"aioseo-breadcrumb-separator\">&raquo;<\/span><span class=\"aioseo-breadcrumb\">\n\t\t\tOs vereadores Anderson Baqueiro, Darlan Lucena, Pastor Lins, Gode e Caio Ramos podem desembarcar no DEM\n\t\t<\/span><\/div>","aioseo_breadcrumb_json":[{"label":"In\u00edcio","link":"https:\/\/newsinfoco.com.br\/inicio"},{"label":"Manchete","link":"https:\/\/newsinfoco.com.br\/inicio\/category\/exclusivas\/"},{"label":"Os vereadores Anderson Baqueiro, Darlan Lucena, Pastor Lins, Gode e Caio Ramos podem desembarcar no DEM","link":"https:\/\/newsinfoco.com.br\/inicio\/os-vereadores-anderson-baqueiro-darlan-lucena-pastor-lins-gode-e-caio-ramos-podem-desembarcar-no-dem\/"}],"_links":{"self":[{"href":"https:\/\/newsinfoco.com.br\/inicio\/wp-json\/wp\/v2\/posts\/20782","targetHints":{"allow":["GET"]}}],"collection":[{"href":"https:\/\/newsinfoco.com.br\/inicio\/wp-json\/wp\/v2\/posts"}],"about":[{"href":"https:\/\/newsinfoco.com.br\/inicio\/wp-json\/wp\/v2\/types\/post"}],"author":[{"embeddable":true,"href":"https:\/\/newsinfoco.com.br\/inicio\/wp-json\/wp\/v2\/users\/1"}],"replies":[{"embeddable":true,"href":"https:\/\/newsinfoco.com.br\/inicio\/wp-json\/wp\/v2\/comments?post=20782"}],"version-history":[{"count":0,"href":"https:\/\/newsinfoco.com.br\/inicio\/wp-json\/wp\/v2\/posts\/20782\/revisions"}],"wp:featuredmedia":[{"embeddable":true,"href":"https:\/\/newsinfoco.com.br\/inicio\/wp-json\/wp\/v2\/media\/20783"}],"wp:attachment":[{"href":"https:\/\/newsinfoco.com.br\/inicio\/wp-json\/wp\/v2\/media?parent=20782"}],"wp:term":[{"taxonomy":"category","embeddable":true,"href":"https:\/\/newsinfoco.com.br\/inicio\/wp-json\/wp\/v2\/categories?post=20782"},{"taxonomy":"post_tag","embeddable":true,"href":"https:\/\/newsinfoco.com.br\/inicio\/wp-json\/wp\/v2\/tags?post=20782"}],"curies":[{"name":"wp","href":"https:\/\/api.w.org\/{rel}","templated":true}]}}