{"id":20791,"date":"2020-04-01T19:40:14","date_gmt":"2020-04-01T22:40:14","guid":{"rendered":"http:\/\/newsinfoco.com.br\/?p=20791"},"modified":"2020-04-01T19:40:14","modified_gmt":"2020-04-01T22:40:14","slug":"iraci-gama-troca-pv-por-pl-e-marchara-com-joaquim-neto-no-projeto-de-reeleicao","status":"publish","type":"post","link":"https:\/\/newsinfoco.com.br\/inicio\/iraci-gama-troca-pv-por-pl-e-marchara-com-joaquim-neto-no-projeto-de-reeleicao\/","title":{"rendered":"Iraci Gama troca PV por PL e marchar\u00e1 com Joaquim Neto no projeto de reelei\u00e7\u00e3o"},"content":{"rendered":"<p dir=\"auto\" style=\"text-align: justify;\">Desfiliada do PV, a vice prefeita Iraci Gama ingressa no PL, presidido por M\u00e1rcio da Linha Verde,\u00a0 e pode repetir a chapa com Joaquim Neto nas pr\u00f3ximas elei\u00e7\u00f5es de Alagoinhas.\u00a0 A n\u00edvel estadual, o PL \u00e9 comandado pelo ex deputado Jos\u00e9 Carlos Ara\u00fajo e faz parte do grupo do governador Rui Costa (PT).<\/p>\n<p dir=\"auto\" style=\"text-align: justify;\">A sa\u00edda de Iraci Gama do PV coloca lenha no pleito eleitoral e alimenta o leque de apoio ao atual prefeito, Joaquim Neto, agora com quatro nomes para a vice:\u00a0 Iraci Gama,\u00a0 Alfredinho Menezes, Oz\u00e9as Menezes e Roberto Torres.<\/p>\n<p dir=\"auto\" style=\"text-align: right;\">Por Belmiro Deusdete<\/p>\n<div class='share-to-whatsapp-wrapper'><div class='share-on-whsp'>Share on: <\/div><a data-text='Iraci Gama troca PV por PL e marchar\u00e1 com Joaquim Neto no projeto de reelei\u00e7\u00e3o' data-link='https:\/\/newsinfoco.com.br\/inicio\/iraci-gama-troca-pv-por-pl-e-marchara-com-joaquim-neto-no-projeto-de-reeleicao\/' class='whatsapp-button whatsapp-share'>WhatsApp<\/a><div class='clear '><\/div><\/div>","protected":false},"excerpt":{"rendered":"<p>Desfiliada do PV, a vice prefeita Iraci Gama ingressa no PL, presidido por M\u00e1rcio da Linha Verde,\u00a0 e pode repetir a chapa com Joaquim Neto nas pr\u00f3ximas elei\u00e7\u00f5es de Alagoinhas.\u00a0 A n\u00edvel estadual, o PL \u00e9 comandado pelo ex deputado Jos\u00e9 Carlos Ara\u00fajo e faz parte do grupo do governador Rui Costa (PT). A sa\u00edda [&hellip;]<\/p>\n","protected":false},"author":1,"featured_media":10307,"comment_status":"open","ping_status":"open","sticky":false,"template":"","format":"standard","meta":{"om_disable_all_campaigns":false,"rop_custom_images_group":[],"rop_custom_messages_group":[],"rop_publish_now":"initial","rop_publish_now_accounts":[],"rop_publish_now_history":[],"rop_publish_now_status":"pending","_exactmetrics_skip_tracking":false,"footnotes":""},"categories":[167],"tags":[],"class_list":["post-20791","post","type-post","status-publish","format-standard","has-post-thumbnail","hentry","category-exclusivas"],"aioseo_notices":[],"aioseo_head":"\n\t\t<!-- All in One SEO 4.9.10 - aioseo.com -->\n\t<meta name=\"description\" content=\"Desfiliada do PV, a vice prefeita Iraci Gama ingressa no PL, presidido por M\u00e1rcio da Linha Verde, e pode repetir a chapa com Joaquim Neto nas pr\u00f3ximas elei\u00e7\u00f5es de Alagoinhas. A n\u00edvel estadual, o PL \u00e9 comandado pelo ex deputado Jos\u00e9 Carlos Ara\u00fajo e faz parte do grupo do governador Rui Costa (PT). A sa\u00edda\" \/>\n\t<meta name=\"robots\" content=\"max-image-preview:large\" \/>\n\t<meta name=\"author\" content=\"administrador\"\/>\n\t<link rel=\"canonical\" href=\"https:\/\/newsinfoco.com.br\/inicio\/iraci-gama-troca-pv-por-pl-e-marchara-com-joaquim-neto-no-projeto-de-reeleicao\/\" \/>\n\t<meta name=\"generator\" content=\"All in One SEO (AIOSEO) 4.9.10\" \/>\n\t\t<meta property=\"og:locale\" content=\"pt_BR\" \/>\n\t\t<meta property=\"og:site_name\" content=\"News In Foco - Editado por Caio Pimenta - O principal site de noticias de Alagoinhas e regi\u00e3o\" \/>\n\t\t<meta property=\"og:type\" content=\"article\" \/>\n\t\t<meta property=\"og:title\" content=\"Iraci Gama troca PV por PL e marchar\u00e1 com Joaquim Neto no projeto de reelei\u00e7\u00e3o - News In Foco - Editado por Caio Pimenta\" \/>\n\t\t<meta property=\"og:description\" content=\"Desfiliada do PV, a vice prefeita Iraci Gama ingressa no PL, presidido por M\u00e1rcio da Linha Verde, e pode repetir a chapa com Joaquim Neto nas pr\u00f3ximas elei\u00e7\u00f5es de Alagoinhas. A n\u00edvel estadual, o PL \u00e9 comandado pelo ex deputado Jos\u00e9 Carlos Ara\u00fajo e faz parte do grupo do governador Rui Costa (PT). A sa\u00edda\" \/>\n\t\t<meta property=\"og:url\" content=\"https:\/\/newsinfoco.com.br\/inicio\/iraci-gama-troca-pv-por-pl-e-marchara-com-joaquim-neto-no-projeto-de-reeleicao\/\" \/>\n\t\t<meta property=\"article:published_time\" content=\"2020-04-01T22:40:14+00:00\" \/>\n\t\t<meta property=\"article:modified_time\" content=\"2020-04-01T22:40:14+00:00\" \/>\n\t\t<meta name=\"twitter:card\" content=\"summary_large_image\" \/>\n\t\t<meta name=\"twitter:title\" content=\"Iraci Gama troca PV por PL e marchar\u00e1 com Joaquim Neto no projeto de reelei\u00e7\u00e3o - News In Foco - Editado por Caio Pimenta\" \/>\n\t\t<meta name=\"twitter:description\" content=\"Desfiliada do PV, a vice prefeita Iraci Gama ingressa no PL, presidido por M\u00e1rcio da Linha Verde, e pode repetir a chapa com Joaquim Neto nas pr\u00f3ximas elei\u00e7\u00f5es de Alagoinhas. A n\u00edvel estadual, o PL \u00e9 comandado pelo ex deputado Jos\u00e9 Carlos Ara\u00fajo e faz parte do grupo do governador Rui Costa (PT). A sa\u00edda\" \/>\n\t\t<script type=\"application\/ld+json\" class=\"aioseo-schema\">\n\t\t\t{\"@context\":\"https:\\\/\\\/schema.org\",\"@graph\":[{\"@type\":\"BlogPosting\",\"@id\":\"https:\\\/\\\/newsinfoco.com.br\\\/inicio\\\/iraci-gama-troca-pv-por-pl-e-marchara-com-joaquim-neto-no-projeto-de-reeleicao\\\/#blogposting\",\"name\":\"Iraci Gama troca PV por PL e marchar\\u00e1 com Joaquim Neto no projeto de reelei\\u00e7\\u00e3o - News In Foco - Editado por Caio Pimenta\",\"headline\":\"Iraci Gama troca PV por PL e marchar\\u00e1 com Joaquim Neto no projeto de reelei\\u00e7\\u00e3o\",\"author\":{\"@id\":\"https:\\\/\\\/newsinfoco.com.br\\\/inicio\\\/author\\\/administrador\\\/#author\"},\"publisher\":{\"@id\":\"https:\\\/\\\/newsinfoco.com.br\\\/inicio\\\/#organization\"},\"image\":{\"@type\":\"ImageObject\",\"url\":\"https:\\\/\\\/newsinfoco.com.br\\\/inicio\\\/wp-content\\\/uploads\\\/2018\\\/10\\\/Iraci-Gama.jpg\",\"width\":640,\"height\":424},\"datePublished\":\"2020-04-01T19:40:14-03:00\",\"dateModified\":\"2020-04-01T19:40:14-03:00\",\"inLanguage\":\"pt-BR\",\"mainEntityOfPage\":{\"@id\":\"https:\\\/\\\/newsinfoco.com.br\\\/inicio\\\/iraci-gama-troca-pv-por-pl-e-marchara-com-joaquim-neto-no-projeto-de-reeleicao\\\/#webpage\"},\"isPartOf\":{\"@id\":\"https:\\\/\\\/newsinfoco.com.br\\\/inicio\\\/iraci-gama-troca-pv-por-pl-e-marchara-com-joaquim-neto-no-projeto-de-reeleicao\\\/#webpage\"},\"articleSection\":\"Manchete\"},{\"@type\":\"BreadcrumbList\",\"@id\":\"https:\\\/\\\/newsinfoco.com.br\\\/inicio\\\/iraci-gama-troca-pv-por-pl-e-marchara-com-joaquim-neto-no-projeto-de-reeleicao\\\/#breadcrumblist\",\"itemListElement\":[{\"@type\":\"ListItem\",\"@id\":\"https:\\\/\\\/newsinfoco.com.br\\\/inicio#listItem\",\"position\":1,\"name\":\"In\\u00edcio\",\"item\":\"https:\\\/\\\/newsinfoco.com.br\\\/inicio\",\"nextItem\":{\"@type\":\"ListItem\",\"@id\":\"https:\\\/\\\/newsinfoco.com.br\\\/inicio\\\/category\\\/exclusivas\\\/#listItem\",\"name\":\"Manchete\"}},{\"@type\":\"ListItem\",\"@id\":\"https:\\\/\\\/newsinfoco.com.br\\\/inicio\\\/category\\\/exclusivas\\\/#listItem\",\"position\":2,\"name\":\"Manchete\",\"item\":\"https:\\\/\\\/newsinfoco.com.br\\\/inicio\\\/category\\\/exclusivas\\\/\",\"nextItem\":{\"@type\":\"ListItem\",\"@id\":\"https:\\\/\\\/newsinfoco.com.br\\\/inicio\\\/iraci-gama-troca-pv-por-pl-e-marchara-com-joaquim-neto-no-projeto-de-reeleicao\\\/#listItem\",\"name\":\"Iraci Gama troca PV por PL e marchar\\u00e1 com Joaquim Neto no projeto de reelei\\u00e7\\u00e3o\"},\"previousItem\":{\"@type\":\"ListItem\",\"@id\":\"https:\\\/\\\/newsinfoco.com.br\\\/inicio#listItem\",\"name\":\"In\\u00edcio\"}},{\"@type\":\"ListItem\",\"@id\":\"https:\\\/\\\/newsinfoco.com.br\\\/inicio\\\/iraci-gama-troca-pv-por-pl-e-marchara-com-joaquim-neto-no-projeto-de-reeleicao\\\/#listItem\",\"position\":3,\"name\":\"Iraci Gama troca PV por PL e marchar\\u00e1 com Joaquim Neto no projeto de reelei\\u00e7\\u00e3o\",\"previousItem\":{\"@type\":\"ListItem\",\"@id\":\"https:\\\/\\\/newsinfoco.com.br\\\/inicio\\\/category\\\/exclusivas\\\/#listItem\",\"name\":\"Manchete\"}}]},{\"@type\":\"Organization\",\"@id\":\"https:\\\/\\\/newsinfoco.com.br\\\/inicio\\\/#organization\",\"name\":\"News In Foco - Editado por Caio Pimenta\",\"description\":\"O principal site de noticias de Alagoinhas e regi\\u00e3o\",\"url\":\"https:\\\/\\\/newsinfoco.com.br\\\/inicio\\\/\"},{\"@type\":\"Person\",\"@id\":\"https:\\\/\\\/newsinfoco.com.br\\\/inicio\\\/author\\\/administrador\\\/#author\",\"url\":\"https:\\\/\\\/newsinfoco.com.br\\\/inicio\\\/author\\\/administrador\\\/\",\"name\":\"administrador\",\"image\":{\"@type\":\"ImageObject\",\"@id\":\"https:\\\/\\\/newsinfoco.com.br\\\/inicio\\\/iraci-gama-troca-pv-por-pl-e-marchara-com-joaquim-neto-no-projeto-de-reeleicao\\\/#authorImage\",\"url\":\"https:\\\/\\\/secure.gravatar.com\\\/avatar\\\/c17a617433de8c1dc9584bb79aab7563b46f5bb7e1728c9b17d9cc3ce6a08e49?s=96&d=mm&r=g\",\"width\":96,\"height\":96,\"caption\":\"administrador\"}},{\"@type\":\"WebPage\",\"@id\":\"https:\\\/\\\/newsinfoco.com.br\\\/inicio\\\/iraci-gama-troca-pv-por-pl-e-marchara-com-joaquim-neto-no-projeto-de-reeleicao\\\/#webpage\",\"url\":\"https:\\\/\\\/newsinfoco.com.br\\\/inicio\\\/iraci-gama-troca-pv-por-pl-e-marchara-com-joaquim-neto-no-projeto-de-reeleicao\\\/\",\"name\":\"Iraci Gama troca PV por PL e marchar\\u00e1 com Joaquim Neto no projeto de reelei\\u00e7\\u00e3o - News In Foco - Editado por Caio Pimenta\",\"description\":\"Desfiliada do PV, a vice prefeita Iraci Gama ingressa no PL, presidido por M\\u00e1rcio da Linha Verde, e pode repetir a chapa com Joaquim Neto nas pr\\u00f3ximas elei\\u00e7\\u00f5es de Alagoinhas. A n\\u00edvel estadual, o PL \\u00e9 comandado pelo ex deputado Jos\\u00e9 Carlos Ara\\u00fajo e faz parte do grupo do governador Rui Costa (PT). A sa\\u00edda\",\"inLanguage\":\"pt-BR\",\"isPartOf\":{\"@id\":\"https:\\\/\\\/newsinfoco.com.br\\\/inicio\\\/#website\"},\"breadcrumb\":{\"@id\":\"https:\\\/\\\/newsinfoco.com.br\\\/inicio\\\/iraci-gama-troca-pv-por-pl-e-marchara-com-joaquim-neto-no-projeto-de-reeleicao\\\/#breadcrumblist\"},\"author\":{\"@id\":\"https:\\\/\\\/newsinfoco.com.br\\\/inicio\\\/author\\\/administrador\\\/#author\"},\"creator\":{\"@id\":\"https:\\\/\\\/newsinfoco.com.br\\\/inicio\\\/author\\\/administrador\\\/#author\"},\"image\":{\"@type\":\"ImageObject\",\"url\":\"https:\\\/\\\/newsinfoco.com.br\\\/inicio\\\/wp-content\\\/uploads\\\/2018\\\/10\\\/Iraci-Gama.jpg\",\"@id\":\"https:\\\/\\\/newsinfoco.com.br\\\/inicio\\\/iraci-gama-troca-pv-por-pl-e-marchara-com-joaquim-neto-no-projeto-de-reeleicao\\\/#mainImage\",\"width\":640,\"height\":424},\"primaryImageOfPage\":{\"@id\":\"https:\\\/\\\/newsinfoco.com.br\\\/inicio\\\/iraci-gama-troca-pv-por-pl-e-marchara-com-joaquim-neto-no-projeto-de-reeleicao\\\/#mainImage\"},\"datePublished\":\"2020-04-01T19:40:14-03:00\",\"dateModified\":\"2020-04-01T19:40:14-03:00\"},{\"@type\":\"WebSite\",\"@id\":\"https:\\\/\\\/newsinfoco.com.br\\\/inicio\\\/#website\",\"url\":\"https:\\\/\\\/newsinfoco.com.br\\\/inicio\\\/\",\"name\":\"News In Foco - Editado por Caio Pimenta\",\"description\":\"O principal site de noticias de Alagoinhas e regi\\u00e3o\",\"inLanguage\":\"pt-BR\",\"publisher\":{\"@id\":\"https:\\\/\\\/newsinfoco.com.br\\\/inicio\\\/#organization\"}}]}\n\t\t<\/script>\n\t\t<!-- All in One SEO -->\n\n","aioseo_head_json":{"title":"Iraci Gama troca PV por PL e marchar\u00e1 com Joaquim Neto no projeto de reelei\u00e7\u00e3o - News In Foco - Editado por Caio Pimenta","description":"Desfiliada do PV, a vice prefeita Iraci Gama ingressa no PL, presidido por M\u00e1rcio da Linha Verde, e pode repetir a chapa com Joaquim Neto nas pr\u00f3ximas elei\u00e7\u00f5es de Alagoinhas. A n\u00edvel estadual, o PL \u00e9 comandado pelo ex deputado Jos\u00e9 Carlos Ara\u00fajo e faz parte do grupo do governador Rui Costa (PT). A sa\u00edda","canonical_url":"https:\/\/newsinfoco.com.br\/inicio\/iraci-gama-troca-pv-por-pl-e-marchara-com-joaquim-neto-no-projeto-de-reeleicao\/","robots":"max-image-preview:large","keywords":"","webmasterTools":{"miscellaneous":""},"schema":{"@context":"https:\/\/schema.org","@graph":[{"@type":"BlogPosting","@id":"https:\/\/newsinfoco.com.br\/inicio\/iraci-gama-troca-pv-por-pl-e-marchara-com-joaquim-neto-no-projeto-de-reeleicao\/#blogposting","name":"Iraci Gama troca PV por PL e marchar\u00e1 com Joaquim Neto no projeto de reelei\u00e7\u00e3o - News In Foco - Editado por Caio Pimenta","headline":"Iraci Gama troca PV por PL e marchar\u00e1 com Joaquim Neto no projeto de reelei\u00e7\u00e3o","author":{"@id":"https:\/\/newsinfoco.com.br\/inicio\/author\/administrador\/#author"},"publisher":{"@id":"https:\/\/newsinfoco.com.br\/inicio\/#organization"},"image":{"@type":"ImageObject","url":"https:\/\/newsinfoco.com.br\/inicio\/wp-content\/uploads\/2018\/10\/Iraci-Gama.jpg","width":640,"height":424},"datePublished":"2020-04-01T19:40:14-03:00","dateModified":"2020-04-01T19:40:14-03:00","inLanguage":"pt-BR","mainEntityOfPage":{"@id":"https:\/\/newsinfoco.com.br\/inicio\/iraci-gama-troca-pv-por-pl-e-marchara-com-joaquim-neto-no-projeto-de-reeleicao\/#webpage"},"isPartOf":{"@id":"https:\/\/newsinfoco.com.br\/inicio\/iraci-gama-troca-pv-por-pl-e-marchara-com-joaquim-neto-no-projeto-de-reeleicao\/#webpage"},"articleSection":"Manchete"},{"@type":"BreadcrumbList","@id":"https:\/\/newsinfoco.com.br\/inicio\/iraci-gama-troca-pv-por-pl-e-marchara-com-joaquim-neto-no-projeto-de-reeleicao\/#breadcrumblist","itemListElement":[{"@type":"ListItem","@id":"https:\/\/newsinfoco.com.br\/inicio#listItem","position":1,"name":"In\u00edcio","item":"https:\/\/newsinfoco.com.br\/inicio","nextItem":{"@type":"ListItem","@id":"https:\/\/newsinfoco.com.br\/inicio\/category\/exclusivas\/#listItem","name":"Manchete"}},{"@type":"ListItem","@id":"https:\/\/newsinfoco.com.br\/inicio\/category\/exclusivas\/#listItem","position":2,"name":"Manchete","item":"https:\/\/newsinfoco.com.br\/inicio\/category\/exclusivas\/","nextItem":{"@type":"ListItem","@id":"https:\/\/newsinfoco.com.br\/inicio\/iraci-gama-troca-pv-por-pl-e-marchara-com-joaquim-neto-no-projeto-de-reeleicao\/#listItem","name":"Iraci Gama troca PV por PL e marchar\u00e1 com Joaquim Neto no projeto de reelei\u00e7\u00e3o"},"previousItem":{"@type":"ListItem","@id":"https:\/\/newsinfoco.com.br\/inicio#listItem","name":"In\u00edcio"}},{"@type":"ListItem","@id":"https:\/\/newsinfoco.com.br\/inicio\/iraci-gama-troca-pv-por-pl-e-marchara-com-joaquim-neto-no-projeto-de-reeleicao\/#listItem","position":3,"name":"Iraci Gama troca PV por PL e marchar\u00e1 com Joaquim Neto no projeto de reelei\u00e7\u00e3o","previousItem":{"@type":"ListItem","@id":"https:\/\/newsinfoco.com.br\/inicio\/category\/exclusivas\/#listItem","name":"Manchete"}}]},{"@type":"Organization","@id":"https:\/\/newsinfoco.com.br\/inicio\/#organization","name":"News In Foco - Editado por Caio Pimenta","description":"O principal site de noticias de Alagoinhas e regi\u00e3o","url":"https:\/\/newsinfoco.com.br\/inicio\/"},{"@type":"Person","@id":"https:\/\/newsinfoco.com.br\/inicio\/author\/administrador\/#author","url":"https:\/\/newsinfoco.com.br\/inicio\/author\/administrador\/","name":"administrador","image":{"@type":"ImageObject","@id":"https:\/\/newsinfoco.com.br\/inicio\/iraci-gama-troca-pv-por-pl-e-marchara-com-joaquim-neto-no-projeto-de-reeleicao\/#authorImage","url":"https:\/\/secure.gravatar.com\/avatar\/c17a617433de8c1dc9584bb79aab7563b46f5bb7e1728c9b17d9cc3ce6a08e49?s=96&d=mm&r=g","width":96,"height":96,"caption":"administrador"}},{"@type":"WebPage","@id":"https:\/\/newsinfoco.com.br\/inicio\/iraci-gama-troca-pv-por-pl-e-marchara-com-joaquim-neto-no-projeto-de-reeleicao\/#webpage","url":"https:\/\/newsinfoco.com.br\/inicio\/iraci-gama-troca-pv-por-pl-e-marchara-com-joaquim-neto-no-projeto-de-reeleicao\/","name":"Iraci Gama troca PV por PL e marchar\u00e1 com Joaquim Neto no projeto de reelei\u00e7\u00e3o - News In Foco - Editado por Caio Pimenta","description":"Desfiliada do PV, a vice prefeita Iraci Gama ingressa no PL, presidido por M\u00e1rcio da Linha Verde, e pode repetir a chapa com Joaquim Neto nas pr\u00f3ximas elei\u00e7\u00f5es de Alagoinhas. A n\u00edvel estadual, o PL \u00e9 comandado pelo ex deputado Jos\u00e9 Carlos Ara\u00fajo e faz parte do grupo do governador Rui Costa (PT). A sa\u00edda","inLanguage":"pt-BR","isPartOf":{"@id":"https:\/\/newsinfoco.com.br\/inicio\/#website"},"breadcrumb":{"@id":"https:\/\/newsinfoco.com.br\/inicio\/iraci-gama-troca-pv-por-pl-e-marchara-com-joaquim-neto-no-projeto-de-reeleicao\/#breadcrumblist"},"author":{"@id":"https:\/\/newsinfoco.com.br\/inicio\/author\/administrador\/#author"},"creator":{"@id":"https:\/\/newsinfoco.com.br\/inicio\/author\/administrador\/#author"},"image":{"@type":"ImageObject","url":"https:\/\/newsinfoco.com.br\/inicio\/wp-content\/uploads\/2018\/10\/Iraci-Gama.jpg","@id":"https:\/\/newsinfoco.com.br\/inicio\/iraci-gama-troca-pv-por-pl-e-marchara-com-joaquim-neto-no-projeto-de-reeleicao\/#mainImage","width":640,"height":424},"primaryImageOfPage":{"@id":"https:\/\/newsinfoco.com.br\/inicio\/iraci-gama-troca-pv-por-pl-e-marchara-com-joaquim-neto-no-projeto-de-reeleicao\/#mainImage"},"datePublished":"2020-04-01T19:40:14-03:00","dateModified":"2020-04-01T19:40:14-03:00"},{"@type":"WebSite","@id":"https:\/\/newsinfoco.com.br\/inicio\/#website","url":"https:\/\/newsinfoco.com.br\/inicio\/","name":"News In Foco - Editado por Caio Pimenta","description":"O principal site de noticias de Alagoinhas e regi\u00e3o","inLanguage":"pt-BR","publisher":{"@id":"https:\/\/newsinfoco.com.br\/inicio\/#organization"}}]},"og:locale":"pt_BR","og:site_name":"News In Foco - Editado por Caio Pimenta - O principal site de noticias de Alagoinhas e regi\u00e3o","og:type":"article","og:title":"Iraci Gama troca PV por PL e marchar\u00e1 com Joaquim Neto no projeto de reelei\u00e7\u00e3o - News In Foco - Editado por Caio Pimenta","og:description":"Desfiliada do PV, a vice prefeita Iraci Gama ingressa no PL, presidido por M\u00e1rcio da Linha Verde, e pode repetir a chapa com Joaquim Neto nas pr\u00f3ximas elei\u00e7\u00f5es de Alagoinhas. A n\u00edvel estadual, o PL \u00e9 comandado pelo ex deputado Jos\u00e9 Carlos Ara\u00fajo e faz parte do grupo do governador Rui Costa (PT). A sa\u00edda","og:url":"https:\/\/newsinfoco.com.br\/inicio\/iraci-gama-troca-pv-por-pl-e-marchara-com-joaquim-neto-no-projeto-de-reeleicao\/","article:published_time":"2020-04-01T22:40:14+00:00","article:modified_time":"2020-04-01T22:40:14+00:00","twitter:card":"summary_large_image","twitter:title":"Iraci Gama troca PV por PL e marchar\u00e1 com Joaquim Neto no projeto de reelei\u00e7\u00e3o - News In Foco - Editado por Caio Pimenta","twitter:description":"Desfiliada do PV, a vice prefeita Iraci Gama ingressa no PL, presidido por M\u00e1rcio da Linha Verde, e pode repetir a chapa com Joaquim Neto nas pr\u00f3ximas elei\u00e7\u00f5es de Alagoinhas. A n\u00edvel estadual, o PL \u00e9 comandado pelo ex deputado Jos\u00e9 Carlos Ara\u00fajo e faz parte do grupo do governador Rui Costa (PT). A sa\u00edda"},"aioseo_meta_data":{"post_id":"20791","title":null,"description":null,"keywords":null,"keyphrases":null,"primary_term":null,"canonical_url":null,"og_title":null,"og_description":null,"og_object_type":"default","og_image_type":"default","og_image_url":null,"og_image_width":null,"og_image_height":null,"og_image_custom_url":null,"og_image_custom_fields":null,"og_video":null,"og_custom_url":null,"og_article_section":null,"og_article_tags":null,"twitter_use_og":false,"twitter_card":"default","twitter_image_type":"default","twitter_image_url":null,"twitter_image_custom_url":null,"twitter_image_custom_fields":null,"twitter_title":null,"twitter_description":null,"schema":{"blockGraphs":[],"customGraphs":[],"default":{"data":{"Article":[],"Course":[],"Dataset":[],"FAQPage":[],"Movie":[],"Person":[],"Product":[],"ProductReview":[],"Car":[],"Recipe":[],"Service":[],"SoftwareApplication":[],"WebPage":[]},"graphName":"","isEnabled":true},"graphs":[]},"schema_type":"default","schema_type_options":null,"pillar_content":false,"robots_default":true,"robots_noindex":false,"robots_noarchive":false,"robots_nosnippet":false,"robots_nofollow":false,"robots_noimageindex":false,"robots_noodp":false,"robots_notranslate":false,"robots_max_snippet":null,"robots_max_videopreview":null,"robots_max_imagepreview":"large","priority":null,"frequency":null,"local_seo":null,"breadcrumb_settings":null,"limit_modified_date":false,"ai":null,"created":"2023-06-12 16:23:47","updated":"2025-07-11 02:58:52","seo_analyzer_scan_date":null},"aioseo_breadcrumb":"<div class=\"aioseo-breadcrumbs\"><span class=\"aioseo-breadcrumb\">\n\t\t\t<a href=\"https:\/\/newsinfoco.com.br\/inicio\" title=\"In\u00edcio\">In\u00edcio<\/a>\n\t\t<\/span><span class=\"aioseo-breadcrumb-separator\">&raquo;<\/span><span class=\"aioseo-breadcrumb\">\n\t\t\t<a href=\"https:\/\/newsinfoco.com.br\/inicio\/category\/exclusivas\/\" title=\"Manchete\">Manchete<\/a>\n\t\t<\/span><span class=\"aioseo-breadcrumb-separator\">&raquo;<\/span><span class=\"aioseo-breadcrumb\">\n\t\t\tIraci Gama troca PV por PL e marchar\u00e1 com Joaquim Neto no projeto de reelei\u00e7\u00e3o\n\t\t<\/span><\/div>","aioseo_breadcrumb_json":[{"label":"In\u00edcio","link":"https:\/\/newsinfoco.com.br\/inicio"},{"label":"Manchete","link":"https:\/\/newsinfoco.com.br\/inicio\/category\/exclusivas\/"},{"label":"Iraci Gama troca PV por PL e marchar\u00e1 com Joaquim Neto no projeto de reelei\u00e7\u00e3o","link":"https:\/\/newsinfoco.com.br\/inicio\/iraci-gama-troca-pv-por-pl-e-marchara-com-joaquim-neto-no-projeto-de-reeleicao\/"}],"_links":{"self":[{"href":"https:\/\/newsinfoco.com.br\/inicio\/wp-json\/wp\/v2\/posts\/20791","targetHints":{"allow":["GET"]}}],"collection":[{"href":"https:\/\/newsinfoco.com.br\/inicio\/wp-json\/wp\/v2\/posts"}],"about":[{"href":"https:\/\/newsinfoco.com.br\/inicio\/wp-json\/wp\/v2\/types\/post"}],"author":[{"embeddable":true,"href":"https:\/\/newsinfoco.com.br\/inicio\/wp-json\/wp\/v2\/users\/1"}],"replies":[{"embeddable":true,"href":"https:\/\/newsinfoco.com.br\/inicio\/wp-json\/wp\/v2\/comments?post=20791"}],"version-history":[{"count":0,"href":"https:\/\/newsinfoco.com.br\/inicio\/wp-json\/wp\/v2\/posts\/20791\/revisions"}],"wp:featuredmedia":[{"embeddable":true,"href":"https:\/\/newsinfoco.com.br\/inicio\/wp-json\/wp\/v2\/media\/10307"}],"wp:attachment":[{"href":"https:\/\/newsinfoco.com.br\/inicio\/wp-json\/wp\/v2\/media?parent=20791"}],"wp:term":[{"taxonomy":"category","embeddable":true,"href":"https:\/\/newsinfoco.com.br\/inicio\/wp-json\/wp\/v2\/categories?post=20791"},{"taxonomy":"post_tag","embeddable":true,"href":"https:\/\/newsinfoco.com.br\/inicio\/wp-json\/wp\/v2\/tags?post=20791"}],"curies":[{"name":"wp","href":"https:\/\/api.w.org\/{rel}","templated":true}]}}