{"id":20805,"date":"2020-04-04T11:47:01","date_gmt":"2020-04-04T14:47:01","guid":{"rendered":"http:\/\/newsinfoco.com.br\/?p=20805"},"modified":"2020-04-04T11:48:13","modified_gmt":"2020-04-04T14:48:13","slug":"clima-na-base-de-apoio-de-joaquim-neto-esta-pesado","status":"publish","type":"post","link":"https:\/\/newsinfoco.com.br\/inicio\/clima-na-base-de-apoio-de-joaquim-neto-esta-pesado\/","title":{"rendered":"Clima na base de apoio de Joaquim Neto est\u00e1 pesado"},"content":{"rendered":"<p style=\"text-align: justify;\">Est\u00e1 pesado o clima entre os partid\u00e1rios do prefeito Joaquim Neto. Hoje(04), \u00faltimo dia de filia\u00e7\u00e3o para disputa das elei\u00e7\u00f5es deste ano, vereadores de mandato da base do prefeito Joaquim Neto n\u00e3o tem certeza para onde ir\u00e3o. Segundo o News Infoco apurou, esse \u00e9 o caso, por exemplo, do vereador Juracy Nascimento.<\/p>\n<p style=\"text-align: justify;\">Dentro da base joaquinista, a rede de intrigas, aliada a falta de coleguismo e conceito de grupo imperam. \u00c9 o famoso caso, farinha pouca, meu pir\u00e3o primeiro. Por falar em Farinha, este \u00e9 o caso do vereador Jorge da Farinha, que se filiou ao PL para disputar as elei\u00e7\u00f5es municipais na base de apoio ao atual prefeito. Na filia\u00e7\u00e3o, uma exig\u00eancia, &#8216;vereador de mandato no partido, s\u00f3 eu&#8217;. A inten\u00e7\u00e3o \u00e9 clara, evitar grandes concorr\u00eancias e risco de perder, talvez, a \u00fanica vaga que o PL poder\u00e1 conquistar na Casa Legislativa este ano.<\/p>\n<p style=\"text-align: justify;\">No PSD, partido do pr\u00f3prio prefeito Joaquim Neto, a falta de trato de seus dirigentes fizeram com que a sigla esteja completamente desarrumada. Contam com a filia\u00e7\u00e3o de Cleto da Banana e a vereadora Raimunda Florencio, mas o n\u00famero de pr\u00e9-candidatos \u00e9 bem abaixo dos 26 estipulados pela legisla\u00e7\u00e3o eleitoral. Nas proje\u00e7\u00f5es, entende-se que para cada partido eleger 1 vereador em Alagoinhas, ser\u00e1 preciso pelo menos 5 mil votos. Com um n\u00famero reduzido de postulantes ao cargo se torna mais dificil atingir essa meta.<\/p>\n<p style=\"text-align: justify;\">Nos bastidores, v\u00e1rios pr\u00e9-candidatos da base Joaquinista tem acusado Gustavo Carmo e Jesse Bicodepena, tido como articuladores do projeto de reelei\u00e7\u00e3o do atual gestor, de serem os respons\u00e1veis de toda desarticula\u00e7\u00e3o dentro do grupo. Gustavo \u00e9 acusado de tentar favorecer Rivelino Carmo, seu primo, dentro do Avante ao chancelar a ideia de Ozeas Menezes de n\u00e3o aceitar vereadores de mandato no partido. Essa t\u00e1tica tamb\u00e9m favorece a filha de Ozeas, Luma Menezes, que tamb\u00e9m \u00e9 pr\u00e9-candidata pelo Avante.<\/p>\n<p style=\"text-align: justify;\">O caso de Juracy \u00e9 o exemplo mais emblem\u00e1tico da falta de uni\u00e3o e desarticula\u00e7\u00e3o entre os partidos que circundam Joaquim Neto. Como o segundo vereador mais votado da \u00faltima elei\u00e7\u00e3o, com 2093 votos, tem dificuldades em se filiar a um partido da ala jaquinista? O desprestigio de Juracy junto ao grupo \u00e9 evidente.<\/p>\n<p style=\"text-align: justify;\">\u00c9 bom lembrar que Jess\u00e9 Bicodepena e Gustavo Carmo, que cuidam da articula\u00e7\u00e3o politica do governo, foram apontados como os principais respons\u00e1veis pela mastod\u00f4ntica derrota do governo Joaquim Neto na vota\u00e7\u00e3o do empr\u00e9stimo de R$ 15 milh\u00f5es. A seguir neste ritmo, n\u00e3o seria nada anormal a derrota nas urnas.<\/p>\n<p style=\"text-align: right;\">Por Caio Pimenta para o News Infoco<\/p>\n<div class='share-to-whatsapp-wrapper'><div class='share-on-whsp'>Share on: <\/div><a data-text='Clima na base de apoio de Joaquim Neto est\u00e1 pesado' data-link='https:\/\/newsinfoco.com.br\/inicio\/clima-na-base-de-apoio-de-joaquim-neto-esta-pesado\/' class='whatsapp-button whatsapp-share'>WhatsApp<\/a><div class='clear '><\/div><\/div>","protected":false},"excerpt":{"rendered":"<p>Est\u00e1 pesado o clima entre os partid\u00e1rios do prefeito Joaquim Neto. Hoje(04), \u00faltimo dia de filia\u00e7\u00e3o para disputa das elei\u00e7\u00f5es deste ano, vereadores de mandato da base do prefeito Joaquim Neto n\u00e3o tem certeza para onde ir\u00e3o. Segundo o News Infoco apurou, esse \u00e9 o caso, por exemplo, do vereador Juracy Nascimento. Dentro da base [&hellip;]<\/p>\n","protected":false},"author":1,"featured_media":616,"comment_status":"open","ping_status":"open","sticky":false,"template":"","format":"standard","meta":{"om_disable_all_campaigns":false,"rop_custom_images_group":[],"rop_custom_messages_group":[],"rop_publish_now":"initial","rop_publish_now_accounts":[],"rop_publish_now_history":[],"rop_publish_now_status":"pending","_exactmetrics_skip_tracking":false,"footnotes":""},"categories":[167],"tags":[],"class_list":["post-20805","post","type-post","status-publish","format-standard","has-post-thumbnail","hentry","category-exclusivas"],"aioseo_notices":[],"aioseo_head":"\n\t\t<!-- All in One SEO 4.9.10 - aioseo.com -->\n\t<meta name=\"description\" content=\"Est\u00e1 pesado o clima entre os partid\u00e1rios do prefeito Joaquim Neto. Hoje(04), \u00faltimo dia de filia\u00e7\u00e3o para disputa das elei\u00e7\u00f5es deste ano, vereadores de mandato da base do prefeito Joaquim Neto n\u00e3o tem certeza para onde ir\u00e3o. Segundo o News Infoco apurou, esse \u00e9 o caso, por exemplo, do vereador Juracy Nascimento. Dentro da base\" \/>\n\t<meta name=\"robots\" content=\"max-image-preview:large\" \/>\n\t<meta name=\"author\" content=\"administrador\"\/>\n\t<link rel=\"canonical\" href=\"https:\/\/newsinfoco.com.br\/inicio\/clima-na-base-de-apoio-de-joaquim-neto-esta-pesado\/\" \/>\n\t<meta name=\"generator\" content=\"All in One SEO (AIOSEO) 4.9.10\" \/>\n\t\t<meta property=\"og:locale\" content=\"pt_BR\" \/>\n\t\t<meta property=\"og:site_name\" content=\"News In Foco - Editado por Caio Pimenta - O principal site de noticias de Alagoinhas e regi\u00e3o\" \/>\n\t\t<meta property=\"og:type\" content=\"article\" \/>\n\t\t<meta property=\"og:title\" content=\"Clima na base de apoio de Joaquim Neto est\u00e1 pesado - News In Foco - Editado por Caio Pimenta\" \/>\n\t\t<meta property=\"og:description\" content=\"Est\u00e1 pesado o clima entre os partid\u00e1rios do prefeito Joaquim Neto. Hoje(04), \u00faltimo dia de filia\u00e7\u00e3o para disputa das elei\u00e7\u00f5es deste ano, vereadores de mandato da base do prefeito Joaquim Neto n\u00e3o tem certeza para onde ir\u00e3o. Segundo o News Infoco apurou, esse \u00e9 o caso, por exemplo, do vereador Juracy Nascimento. Dentro da base\" \/>\n\t\t<meta property=\"og:url\" content=\"https:\/\/newsinfoco.com.br\/inicio\/clima-na-base-de-apoio-de-joaquim-neto-esta-pesado\/\" \/>\n\t\t<meta property=\"article:published_time\" content=\"2020-04-04T14:47:01+00:00\" \/>\n\t\t<meta property=\"article:modified_time\" content=\"2020-04-04T14:48:13+00:00\" \/>\n\t\t<meta name=\"twitter:card\" content=\"summary_large_image\" \/>\n\t\t<meta name=\"twitter:title\" content=\"Clima na base de apoio de Joaquim Neto est\u00e1 pesado - News In Foco - Editado por Caio Pimenta\" \/>\n\t\t<meta name=\"twitter:description\" content=\"Est\u00e1 pesado o clima entre os partid\u00e1rios do prefeito Joaquim Neto. Hoje(04), \u00faltimo dia de filia\u00e7\u00e3o para disputa das elei\u00e7\u00f5es deste ano, vereadores de mandato da base do prefeito Joaquim Neto n\u00e3o tem certeza para onde ir\u00e3o. Segundo o News Infoco apurou, esse \u00e9 o caso, por exemplo, do vereador Juracy Nascimento. Dentro da base\" \/>\n\t\t<script type=\"application\/ld+json\" class=\"aioseo-schema\">\n\t\t\t{\"@context\":\"https:\\\/\\\/schema.org\",\"@graph\":[{\"@type\":\"BlogPosting\",\"@id\":\"https:\\\/\\\/newsinfoco.com.br\\\/inicio\\\/clima-na-base-de-apoio-de-joaquim-neto-esta-pesado\\\/#blogposting\",\"name\":\"Clima na base de apoio de Joaquim Neto est\\u00e1 pesado - News In Foco - Editado por Caio Pimenta\",\"headline\":\"Clima na base de apoio de Joaquim Neto est\\u00e1 pesado\",\"author\":{\"@id\":\"https:\\\/\\\/newsinfoco.com.br\\\/inicio\\\/author\\\/administrador\\\/#author\"},\"publisher\":{\"@id\":\"https:\\\/\\\/newsinfoco.com.br\\\/inicio\\\/#organization\"},\"image\":{\"@type\":\"ImageObject\",\"url\":\"https:\\\/\\\/newsinfoco.com.br\\\/inicio\\\/wp-content\\\/uploads\\\/2018\\\/03\\\/Joaquim-Neto.jpg\",\"width\":800,\"height\":756},\"datePublished\":\"2020-04-04T11:47:01-03:00\",\"dateModified\":\"2020-04-04T11:48:13-03:00\",\"inLanguage\":\"pt-BR\",\"mainEntityOfPage\":{\"@id\":\"https:\\\/\\\/newsinfoco.com.br\\\/inicio\\\/clima-na-base-de-apoio-de-joaquim-neto-esta-pesado\\\/#webpage\"},\"isPartOf\":{\"@id\":\"https:\\\/\\\/newsinfoco.com.br\\\/inicio\\\/clima-na-base-de-apoio-de-joaquim-neto-esta-pesado\\\/#webpage\"},\"articleSection\":\"Manchete\"},{\"@type\":\"BreadcrumbList\",\"@id\":\"https:\\\/\\\/newsinfoco.com.br\\\/inicio\\\/clima-na-base-de-apoio-de-joaquim-neto-esta-pesado\\\/#breadcrumblist\",\"itemListElement\":[{\"@type\":\"ListItem\",\"@id\":\"https:\\\/\\\/newsinfoco.com.br\\\/inicio#listItem\",\"position\":1,\"name\":\"In\\u00edcio\",\"item\":\"https:\\\/\\\/newsinfoco.com.br\\\/inicio\",\"nextItem\":{\"@type\":\"ListItem\",\"@id\":\"https:\\\/\\\/newsinfoco.com.br\\\/inicio\\\/category\\\/exclusivas\\\/#listItem\",\"name\":\"Manchete\"}},{\"@type\":\"ListItem\",\"@id\":\"https:\\\/\\\/newsinfoco.com.br\\\/inicio\\\/category\\\/exclusivas\\\/#listItem\",\"position\":2,\"name\":\"Manchete\",\"item\":\"https:\\\/\\\/newsinfoco.com.br\\\/inicio\\\/category\\\/exclusivas\\\/\",\"nextItem\":{\"@type\":\"ListItem\",\"@id\":\"https:\\\/\\\/newsinfoco.com.br\\\/inicio\\\/clima-na-base-de-apoio-de-joaquim-neto-esta-pesado\\\/#listItem\",\"name\":\"Clima na base de apoio de Joaquim Neto est\\u00e1 pesado\"},\"previousItem\":{\"@type\":\"ListItem\",\"@id\":\"https:\\\/\\\/newsinfoco.com.br\\\/inicio#listItem\",\"name\":\"In\\u00edcio\"}},{\"@type\":\"ListItem\",\"@id\":\"https:\\\/\\\/newsinfoco.com.br\\\/inicio\\\/clima-na-base-de-apoio-de-joaquim-neto-esta-pesado\\\/#listItem\",\"position\":3,\"name\":\"Clima na base de apoio de Joaquim Neto est\\u00e1 pesado\",\"previousItem\":{\"@type\":\"ListItem\",\"@id\":\"https:\\\/\\\/newsinfoco.com.br\\\/inicio\\\/category\\\/exclusivas\\\/#listItem\",\"name\":\"Manchete\"}}]},{\"@type\":\"Organization\",\"@id\":\"https:\\\/\\\/newsinfoco.com.br\\\/inicio\\\/#organization\",\"name\":\"News In Foco - Editado por Caio Pimenta\",\"description\":\"O principal site de noticias de Alagoinhas e regi\\u00e3o\",\"url\":\"https:\\\/\\\/newsinfoco.com.br\\\/inicio\\\/\"},{\"@type\":\"Person\",\"@id\":\"https:\\\/\\\/newsinfoco.com.br\\\/inicio\\\/author\\\/administrador\\\/#author\",\"url\":\"https:\\\/\\\/newsinfoco.com.br\\\/inicio\\\/author\\\/administrador\\\/\",\"name\":\"administrador\",\"image\":{\"@type\":\"ImageObject\",\"@id\":\"https:\\\/\\\/newsinfoco.com.br\\\/inicio\\\/clima-na-base-de-apoio-de-joaquim-neto-esta-pesado\\\/#authorImage\",\"url\":\"https:\\\/\\\/secure.gravatar.com\\\/avatar\\\/c17a617433de8c1dc9584bb79aab7563b46f5bb7e1728c9b17d9cc3ce6a08e49?s=96&d=mm&r=g\",\"width\":96,\"height\":96,\"caption\":\"administrador\"}},{\"@type\":\"WebPage\",\"@id\":\"https:\\\/\\\/newsinfoco.com.br\\\/inicio\\\/clima-na-base-de-apoio-de-joaquim-neto-esta-pesado\\\/#webpage\",\"url\":\"https:\\\/\\\/newsinfoco.com.br\\\/inicio\\\/clima-na-base-de-apoio-de-joaquim-neto-esta-pesado\\\/\",\"name\":\"Clima na base de apoio de Joaquim Neto est\\u00e1 pesado - News In Foco - Editado por Caio Pimenta\",\"description\":\"Est\\u00e1 pesado o clima entre os partid\\u00e1rios do prefeito Joaquim Neto. Hoje(04), \\u00faltimo dia de filia\\u00e7\\u00e3o para disputa das elei\\u00e7\\u00f5es deste ano, vereadores de mandato da base do prefeito Joaquim Neto n\\u00e3o tem certeza para onde ir\\u00e3o. Segundo o News Infoco apurou, esse \\u00e9 o caso, por exemplo, do vereador Juracy Nascimento. Dentro da base\",\"inLanguage\":\"pt-BR\",\"isPartOf\":{\"@id\":\"https:\\\/\\\/newsinfoco.com.br\\\/inicio\\\/#website\"},\"breadcrumb\":{\"@id\":\"https:\\\/\\\/newsinfoco.com.br\\\/inicio\\\/clima-na-base-de-apoio-de-joaquim-neto-esta-pesado\\\/#breadcrumblist\"},\"author\":{\"@id\":\"https:\\\/\\\/newsinfoco.com.br\\\/inicio\\\/author\\\/administrador\\\/#author\"},\"creator\":{\"@id\":\"https:\\\/\\\/newsinfoco.com.br\\\/inicio\\\/author\\\/administrador\\\/#author\"},\"image\":{\"@type\":\"ImageObject\",\"url\":\"https:\\\/\\\/newsinfoco.com.br\\\/inicio\\\/wp-content\\\/uploads\\\/2018\\\/03\\\/Joaquim-Neto.jpg\",\"@id\":\"https:\\\/\\\/newsinfoco.com.br\\\/inicio\\\/clima-na-base-de-apoio-de-joaquim-neto-esta-pesado\\\/#mainImage\",\"width\":800,\"height\":756},\"primaryImageOfPage\":{\"@id\":\"https:\\\/\\\/newsinfoco.com.br\\\/inicio\\\/clima-na-base-de-apoio-de-joaquim-neto-esta-pesado\\\/#mainImage\"},\"datePublished\":\"2020-04-04T11:47:01-03:00\",\"dateModified\":\"2020-04-04T11:48:13-03:00\"},{\"@type\":\"WebSite\",\"@id\":\"https:\\\/\\\/newsinfoco.com.br\\\/inicio\\\/#website\",\"url\":\"https:\\\/\\\/newsinfoco.com.br\\\/inicio\\\/\",\"name\":\"News In Foco - Editado por Caio Pimenta\",\"description\":\"O principal site de noticias de Alagoinhas e regi\\u00e3o\",\"inLanguage\":\"pt-BR\",\"publisher\":{\"@id\":\"https:\\\/\\\/newsinfoco.com.br\\\/inicio\\\/#organization\"}}]}\n\t\t<\/script>\n\t\t<!-- All in One SEO -->\n\n","aioseo_head_json":{"title":"Clima na base de apoio de Joaquim Neto est\u00e1 pesado - News In Foco - Editado por Caio Pimenta","description":"Est\u00e1 pesado o clima entre os partid\u00e1rios do prefeito Joaquim Neto. Hoje(04), \u00faltimo dia de filia\u00e7\u00e3o para disputa das elei\u00e7\u00f5es deste ano, vereadores de mandato da base do prefeito Joaquim Neto n\u00e3o tem certeza para onde ir\u00e3o. Segundo o News Infoco apurou, esse \u00e9 o caso, por exemplo, do vereador Juracy Nascimento. Dentro da base","canonical_url":"https:\/\/newsinfoco.com.br\/inicio\/clima-na-base-de-apoio-de-joaquim-neto-esta-pesado\/","robots":"max-image-preview:large","keywords":"","webmasterTools":{"miscellaneous":""},"schema":{"@context":"https:\/\/schema.org","@graph":[{"@type":"BlogPosting","@id":"https:\/\/newsinfoco.com.br\/inicio\/clima-na-base-de-apoio-de-joaquim-neto-esta-pesado\/#blogposting","name":"Clima na base de apoio de Joaquim Neto est\u00e1 pesado - News In Foco - Editado por Caio Pimenta","headline":"Clima na base de apoio de Joaquim Neto est\u00e1 pesado","author":{"@id":"https:\/\/newsinfoco.com.br\/inicio\/author\/administrador\/#author"},"publisher":{"@id":"https:\/\/newsinfoco.com.br\/inicio\/#organization"},"image":{"@type":"ImageObject","url":"https:\/\/newsinfoco.com.br\/inicio\/wp-content\/uploads\/2018\/03\/Joaquim-Neto.jpg","width":800,"height":756},"datePublished":"2020-04-04T11:47:01-03:00","dateModified":"2020-04-04T11:48:13-03:00","inLanguage":"pt-BR","mainEntityOfPage":{"@id":"https:\/\/newsinfoco.com.br\/inicio\/clima-na-base-de-apoio-de-joaquim-neto-esta-pesado\/#webpage"},"isPartOf":{"@id":"https:\/\/newsinfoco.com.br\/inicio\/clima-na-base-de-apoio-de-joaquim-neto-esta-pesado\/#webpage"},"articleSection":"Manchete"},{"@type":"BreadcrumbList","@id":"https:\/\/newsinfoco.com.br\/inicio\/clima-na-base-de-apoio-de-joaquim-neto-esta-pesado\/#breadcrumblist","itemListElement":[{"@type":"ListItem","@id":"https:\/\/newsinfoco.com.br\/inicio#listItem","position":1,"name":"In\u00edcio","item":"https:\/\/newsinfoco.com.br\/inicio","nextItem":{"@type":"ListItem","@id":"https:\/\/newsinfoco.com.br\/inicio\/category\/exclusivas\/#listItem","name":"Manchete"}},{"@type":"ListItem","@id":"https:\/\/newsinfoco.com.br\/inicio\/category\/exclusivas\/#listItem","position":2,"name":"Manchete","item":"https:\/\/newsinfoco.com.br\/inicio\/category\/exclusivas\/","nextItem":{"@type":"ListItem","@id":"https:\/\/newsinfoco.com.br\/inicio\/clima-na-base-de-apoio-de-joaquim-neto-esta-pesado\/#listItem","name":"Clima na base de apoio de Joaquim Neto est\u00e1 pesado"},"previousItem":{"@type":"ListItem","@id":"https:\/\/newsinfoco.com.br\/inicio#listItem","name":"In\u00edcio"}},{"@type":"ListItem","@id":"https:\/\/newsinfoco.com.br\/inicio\/clima-na-base-de-apoio-de-joaquim-neto-esta-pesado\/#listItem","position":3,"name":"Clima na base de apoio de Joaquim Neto est\u00e1 pesado","previousItem":{"@type":"ListItem","@id":"https:\/\/newsinfoco.com.br\/inicio\/category\/exclusivas\/#listItem","name":"Manchete"}}]},{"@type":"Organization","@id":"https:\/\/newsinfoco.com.br\/inicio\/#organization","name":"News In Foco - Editado por Caio Pimenta","description":"O principal site de noticias de Alagoinhas e regi\u00e3o","url":"https:\/\/newsinfoco.com.br\/inicio\/"},{"@type":"Person","@id":"https:\/\/newsinfoco.com.br\/inicio\/author\/administrador\/#author","url":"https:\/\/newsinfoco.com.br\/inicio\/author\/administrador\/","name":"administrador","image":{"@type":"ImageObject","@id":"https:\/\/newsinfoco.com.br\/inicio\/clima-na-base-de-apoio-de-joaquim-neto-esta-pesado\/#authorImage","url":"https:\/\/secure.gravatar.com\/avatar\/c17a617433de8c1dc9584bb79aab7563b46f5bb7e1728c9b17d9cc3ce6a08e49?s=96&d=mm&r=g","width":96,"height":96,"caption":"administrador"}},{"@type":"WebPage","@id":"https:\/\/newsinfoco.com.br\/inicio\/clima-na-base-de-apoio-de-joaquim-neto-esta-pesado\/#webpage","url":"https:\/\/newsinfoco.com.br\/inicio\/clima-na-base-de-apoio-de-joaquim-neto-esta-pesado\/","name":"Clima na base de apoio de Joaquim Neto est\u00e1 pesado - News In Foco - Editado por Caio Pimenta","description":"Est\u00e1 pesado o clima entre os partid\u00e1rios do prefeito Joaquim Neto. Hoje(04), \u00faltimo dia de filia\u00e7\u00e3o para disputa das elei\u00e7\u00f5es deste ano, vereadores de mandato da base do prefeito Joaquim Neto n\u00e3o tem certeza para onde ir\u00e3o. Segundo o News Infoco apurou, esse \u00e9 o caso, por exemplo, do vereador Juracy Nascimento. Dentro da base","inLanguage":"pt-BR","isPartOf":{"@id":"https:\/\/newsinfoco.com.br\/inicio\/#website"},"breadcrumb":{"@id":"https:\/\/newsinfoco.com.br\/inicio\/clima-na-base-de-apoio-de-joaquim-neto-esta-pesado\/#breadcrumblist"},"author":{"@id":"https:\/\/newsinfoco.com.br\/inicio\/author\/administrador\/#author"},"creator":{"@id":"https:\/\/newsinfoco.com.br\/inicio\/author\/administrador\/#author"},"image":{"@type":"ImageObject","url":"https:\/\/newsinfoco.com.br\/inicio\/wp-content\/uploads\/2018\/03\/Joaquim-Neto.jpg","@id":"https:\/\/newsinfoco.com.br\/inicio\/clima-na-base-de-apoio-de-joaquim-neto-esta-pesado\/#mainImage","width":800,"height":756},"primaryImageOfPage":{"@id":"https:\/\/newsinfoco.com.br\/inicio\/clima-na-base-de-apoio-de-joaquim-neto-esta-pesado\/#mainImage"},"datePublished":"2020-04-04T11:47:01-03:00","dateModified":"2020-04-04T11:48:13-03:00"},{"@type":"WebSite","@id":"https:\/\/newsinfoco.com.br\/inicio\/#website","url":"https:\/\/newsinfoco.com.br\/inicio\/","name":"News In Foco - Editado por Caio Pimenta","description":"O principal site de noticias de Alagoinhas e regi\u00e3o","inLanguage":"pt-BR","publisher":{"@id":"https:\/\/newsinfoco.com.br\/inicio\/#organization"}}]},"og:locale":"pt_BR","og:site_name":"News In Foco - Editado por Caio Pimenta - O principal site de noticias de Alagoinhas e regi\u00e3o","og:type":"article","og:title":"Clima na base de apoio de Joaquim Neto est\u00e1 pesado - News In Foco - Editado por Caio Pimenta","og:description":"Est\u00e1 pesado o clima entre os partid\u00e1rios do prefeito Joaquim Neto. Hoje(04), \u00faltimo dia de filia\u00e7\u00e3o para disputa das elei\u00e7\u00f5es deste ano, vereadores de mandato da base do prefeito Joaquim Neto n\u00e3o tem certeza para onde ir\u00e3o. Segundo o News Infoco apurou, esse \u00e9 o caso, por exemplo, do vereador Juracy Nascimento. Dentro da base","og:url":"https:\/\/newsinfoco.com.br\/inicio\/clima-na-base-de-apoio-de-joaquim-neto-esta-pesado\/","article:published_time":"2020-04-04T14:47:01+00:00","article:modified_time":"2020-04-04T14:48:13+00:00","twitter:card":"summary_large_image","twitter:title":"Clima na base de apoio de Joaquim Neto est\u00e1 pesado - News In Foco - Editado por Caio Pimenta","twitter:description":"Est\u00e1 pesado o clima entre os partid\u00e1rios do prefeito Joaquim Neto. Hoje(04), \u00faltimo dia de filia\u00e7\u00e3o para disputa das elei\u00e7\u00f5es deste ano, vereadores de mandato da base do prefeito Joaquim Neto n\u00e3o tem certeza para onde ir\u00e3o. Segundo o News Infoco apurou, esse \u00e9 o caso, por exemplo, do vereador Juracy Nascimento. Dentro da base"},"aioseo_meta_data":{"post_id":"20805","title":null,"description":null,"keywords":null,"keyphrases":null,"primary_term":null,"canonical_url":null,"og_title":null,"og_description":null,"og_object_type":"default","og_image_type":"default","og_image_url":null,"og_image_width":null,"og_image_height":null,"og_image_custom_url":null,"og_image_custom_fields":null,"og_video":null,"og_custom_url":null,"og_article_section":null,"og_article_tags":null,"twitter_use_og":false,"twitter_card":"default","twitter_image_type":"default","twitter_image_url":null,"twitter_image_custom_url":null,"twitter_image_custom_fields":null,"twitter_title":null,"twitter_description":null,"schema":{"blockGraphs":[],"customGraphs":[],"default":{"data":{"Article":[],"Course":[],"Dataset":[],"FAQPage":[],"Movie":[],"Person":[],"Product":[],"ProductReview":[],"Car":[],"Recipe":[],"Service":[],"SoftwareApplication":[],"WebPage":[]},"graphName":"","isEnabled":true},"graphs":[]},"schema_type":"default","schema_type_options":null,"pillar_content":false,"robots_default":true,"robots_noindex":false,"robots_noarchive":false,"robots_nosnippet":false,"robots_nofollow":false,"robots_noimageindex":false,"robots_noodp":false,"robots_notranslate":false,"robots_max_snippet":null,"robots_max_videopreview":null,"robots_max_imagepreview":"large","priority":null,"frequency":null,"local_seo":null,"breadcrumb_settings":null,"limit_modified_date":false,"ai":null,"created":"2023-06-12 16:25:43","updated":"2025-07-11 02:59:48","seo_analyzer_scan_date":null},"aioseo_breadcrumb":"<div class=\"aioseo-breadcrumbs\"><span class=\"aioseo-breadcrumb\">\n\t\t\t<a href=\"https:\/\/newsinfoco.com.br\/inicio\" title=\"In\u00edcio\">In\u00edcio<\/a>\n\t\t<\/span><span class=\"aioseo-breadcrumb-separator\">&raquo;<\/span><span class=\"aioseo-breadcrumb\">\n\t\t\t<a href=\"https:\/\/newsinfoco.com.br\/inicio\/category\/exclusivas\/\" title=\"Manchete\">Manchete<\/a>\n\t\t<\/span><span class=\"aioseo-breadcrumb-separator\">&raquo;<\/span><span class=\"aioseo-breadcrumb\">\n\t\t\tClima na base de apoio de Joaquim Neto est\u00e1 pesado\n\t\t<\/span><\/div>","aioseo_breadcrumb_json":[{"label":"In\u00edcio","link":"https:\/\/newsinfoco.com.br\/inicio"},{"label":"Manchete","link":"https:\/\/newsinfoco.com.br\/inicio\/category\/exclusivas\/"},{"label":"Clima na base de apoio de Joaquim Neto est\u00e1 pesado","link":"https:\/\/newsinfoco.com.br\/inicio\/clima-na-base-de-apoio-de-joaquim-neto-esta-pesado\/"}],"_links":{"self":[{"href":"https:\/\/newsinfoco.com.br\/inicio\/wp-json\/wp\/v2\/posts\/20805","targetHints":{"allow":["GET"]}}],"collection":[{"href":"https:\/\/newsinfoco.com.br\/inicio\/wp-json\/wp\/v2\/posts"}],"about":[{"href":"https:\/\/newsinfoco.com.br\/inicio\/wp-json\/wp\/v2\/types\/post"}],"author":[{"embeddable":true,"href":"https:\/\/newsinfoco.com.br\/inicio\/wp-json\/wp\/v2\/users\/1"}],"replies":[{"embeddable":true,"href":"https:\/\/newsinfoco.com.br\/inicio\/wp-json\/wp\/v2\/comments?post=20805"}],"version-history":[{"count":0,"href":"https:\/\/newsinfoco.com.br\/inicio\/wp-json\/wp\/v2\/posts\/20805\/revisions"}],"wp:featuredmedia":[{"embeddable":true,"href":"https:\/\/newsinfoco.com.br\/inicio\/wp-json\/wp\/v2\/media\/616"}],"wp:attachment":[{"href":"https:\/\/newsinfoco.com.br\/inicio\/wp-json\/wp\/v2\/media?parent=20805"}],"wp:term":[{"taxonomy":"category","embeddable":true,"href":"https:\/\/newsinfoco.com.br\/inicio\/wp-json\/wp\/v2\/categories?post=20805"},{"taxonomy":"post_tag","embeddable":true,"href":"https:\/\/newsinfoco.com.br\/inicio\/wp-json\/wp\/v2\/tags?post=20805"}],"curies":[{"name":"wp","href":"https:\/\/api.w.org\/{rel}","templated":true}]}}