{"id":20858,"date":"2020-04-06T18:13:06","date_gmt":"2020-04-06T21:13:06","guid":{"rendered":"http:\/\/newsinfoco.com.br\/?p=20858"},"modified":"2020-04-06T18:13:06","modified_gmt":"2020-04-06T21:13:06","slug":"alagoinhas-tera-vacinacao-por-drive-thru-nesta-terca-e-quarta-feira","status":"publish","type":"post","link":"https:\/\/newsinfoco.com.br\/inicio\/alagoinhas-tera-vacinacao-por-drive-thru-nesta-terca-e-quarta-feira\/","title":{"rendered":"Alagoinhas ter\u00e1 vacina\u00e7\u00e3o por drive-thru nesta ter\u00e7a e quarta-feira"},"content":{"rendered":"<p style=\"text-align: justify;\">Nesta ter\u00e7a (07) e quarta-feira feira (08), idosos e profissionais de sa\u00fade que v\u00e3o buscar a\u00a0vacina contra a Inflenza em Alagoinhas \u00a0ter\u00e3o mais uma op\u00e7\u00e3o para fazer a imuniza\u00e7\u00e3o com seguran\u00e7a. \u00c9 que nestes dois dias, a Prefeitura ir\u00e1 disponibilizar, das\u00a08h \u00e0s 12h, na Esta\u00e7\u00e3o de Transporte Alternativo, um ponto de vacina\u00e7\u00e3o no sistema drive-thru, ou seja, sem que as pessoas precisem sair dos ve\u00edculos.<\/p>\n<p style=\"text-align: justify;\"><strong>A vacina\u00e7\u00e3o nesta ter\u00e7a-feira ser\u00e1 exclusivamente no\u00a0<em>drive thru<\/em>,<\/strong>\u00a0<strong>das 8h \u00e0s 12h.<\/strong>\u00a0Nos 16 pontos volantes, que incluem o barrac\u00e3o do ex\u00e9rcito no estacionamento da Prefeitura, as atividades foram suspensas nesta segunda-feira (06) e ser\u00e3o retomadas somente na quarta-feira (08), com a chegada de novo carregamento de vacinas. As doses s\u00e3o encaminhadas via Governo Federal e repassadas aos munic\u00edpios pelos estados, mas a equipe da Vigil\u00e2ncia Epidemiol\u00f3gica de Alagoinhas informou que a quantidade de vacinas que a cidade disp\u00f5e \u00e9 insuficiente para atender \u00e0 demanda nos pontos.<\/p>\n<p style=\"text-align: justify;\">At\u00e9 o momento, foram recebidas 14.400 doses, e a meta \u00e9 imunizar mais de 41 mil pessoas em Alagoinhas at\u00e9 23 de maio. O intuito \u00e9 assegurar a vacina\u00e7\u00e3o aos grupos priorit\u00e1rios, com o cumprimento em integralidade das medidas preventivas para evitar aglomera\u00e7\u00e3o nos locais de imuniza\u00e7\u00e3o. Para isso, a Secretaria de Sa\u00fade (SESAU) vem se organizando\u00a0para a possibilidade de agendamento e ado\u00e7\u00e3o de novas estrat\u00e9gias. A partir do dia 16 de abril, a campanha ser\u00e1 aberta tamb\u00e9m para professores e profissionais de seguran\u00e7a e salvamento.<\/p>\n<p style=\"text-align: justify;\"><strong>Os pontos de vacina\u00e7\u00e3o estar\u00e3o reabertos\u00a0a partir desta quarta-feira (08), com in\u00edcio de atendimento\u00a0\u00e0s 8h, para a imuniza\u00e7\u00e3o do p\u00fablico-alv<\/strong>o.<\/p>\n<p style=\"text-align: justify;\">PONTOS DE VACINA\u00c7\u00c3O:<\/p>\n<p style=\"text-align: justify;\">\u2013 Estacionamento da Prefeitura (Barrac\u00e3o do Ex\u00e9rcito);<br \/>\n\u2013 Centro Social Urbano (Jardim Petrolar);<br \/>\n\u2013 Escola Municipal Marco Maciel (atr\u00e1s das ru\u00ednas, em Alagoinhas Velha);<br \/>\n\u2013 Creche Municipal Ana de Oliveira Campos (pr\u00f3xima \u00e0 UBS Ma\u00edza Teles);<br \/>\n\u2013 Escola Municipal Miguel Fontes (pr\u00f3xima \u00e0 USF Pra\u00e7a Kennedy);<br \/>\n\u2013 Escola Municipal Eraldo Tinoco de Melo (ao lado da USF Santa Terezinha);<br \/>\n\u2013 Associa\u00e7\u00e3o de Moradores Avenida Silva (pr\u00f3xima \u00e0 USF S\u00e3o Jos\u00e9 Oper\u00e1rio);<br \/>\n\u2013 Associa\u00e7\u00e3o de Moradores do Pedro Braga (pr\u00f3xima \u00e0 USF do Santo Ant\u00f4nio);<br \/>\n\u2013 USF Nova Bras\u00edlia;<br \/>\n\u2013 USF S\u00e3o Crist\u00f3v\u00e3o;<br \/>\n\u2013 Clube dos 30 (pr\u00f3ximo \u00e0 USF 21 de Setembro);<br \/>\n\u2013 USF Sagrada Fam\u00edlia (Mangal\u00f4);<br \/>\n\u2013 Clube dos Ferrovi\u00e1rios (pr\u00f3ximo \u00e0 USF Nossa Senhora de F\u00e1tima);<br \/>\n\u2013 Escola Municipal Tancredo Neves (pr\u00f3xima \u00e0 USF do Barreiro);<br \/>\n\u2013 Riacho da Guia;<br \/>\n\u2013 Boa Uni\u00e3o;<br \/>\n+ lares de idosos.<\/p>\n<div class='share-to-whatsapp-wrapper'><div class='share-on-whsp'>Share on: <\/div><a data-text='Alagoinhas ter\u00e1 vacina\u00e7\u00e3o por drive-thru nesta ter\u00e7a e quarta-feira' data-link='https:\/\/newsinfoco.com.br\/inicio\/alagoinhas-tera-vacinacao-por-drive-thru-nesta-terca-e-quarta-feira\/' class='whatsapp-button whatsapp-share'>WhatsApp<\/a><div class='clear '><\/div><\/div>","protected":false},"excerpt":{"rendered":"<p>Nesta ter\u00e7a (07) e quarta-feira feira (08), idosos e profissionais de sa\u00fade que v\u00e3o buscar a\u00a0vacina contra a Inflenza em Alagoinhas \u00a0ter\u00e3o mais uma op\u00e7\u00e3o para fazer a imuniza\u00e7\u00e3o com seguran\u00e7a. \u00c9 que nestes dois dias, a Prefeitura ir\u00e1 disponibilizar, das\u00a08h \u00e0s 12h, na Esta\u00e7\u00e3o de Transporte Alternativo, um ponto de vacina\u00e7\u00e3o no sistema drive-thru, [&hellip;]<\/p>\n","protected":false},"author":1,"featured_media":20859,"comment_status":"open","ping_status":"open","sticky":false,"template":"","format":"standard","meta":{"om_disable_all_campaigns":false,"rop_custom_images_group":[],"rop_custom_messages_group":[],"rop_publish_now":"initial","rop_publish_now_accounts":[],"rop_publish_now_history":[],"rop_publish_now_status":"pending","_exactmetrics_skip_tracking":false,"footnotes":""},"categories":[38],"tags":[],"class_list":["post-20858","post","type-post","status-publish","format-standard","has-post-thumbnail","hentry","category-alagoinhas-e-regiao"],"aioseo_notices":[],"aioseo_head":"\n\t\t<!-- All in One SEO 4.9.10 - aioseo.com -->\n\t<meta name=\"description\" content=\"Nesta ter\u00e7a (07) e quarta-feira feira (08), idosos e profissionais de sa\u00fade que v\u00e3o buscar a vacina contra a Inflenza em Alagoinhas ter\u00e3o mais uma op\u00e7\u00e3o para fazer a imuniza\u00e7\u00e3o com seguran\u00e7a. \u00c9 que nestes dois dias, a Prefeitura ir\u00e1 disponibilizar, das 8h \u00e0s 12h, na Esta\u00e7\u00e3o de Transporte Alternativo, um ponto de vacina\u00e7\u00e3o no sistema drive-thru,\" \/>\n\t<meta name=\"robots\" content=\"max-image-preview:large\" \/>\n\t<meta name=\"author\" content=\"administrador\"\/>\n\t<link rel=\"canonical\" href=\"https:\/\/newsinfoco.com.br\/inicio\/alagoinhas-tera-vacinacao-por-drive-thru-nesta-terca-e-quarta-feira\/\" \/>\n\t<meta name=\"generator\" content=\"All in One SEO (AIOSEO) 4.9.10\" \/>\n\t\t<meta property=\"og:locale\" content=\"pt_BR\" \/>\n\t\t<meta property=\"og:site_name\" content=\"News In Foco - Editado por Caio Pimenta - O principal site de noticias de Alagoinhas e regi\u00e3o\" \/>\n\t\t<meta property=\"og:type\" content=\"article\" \/>\n\t\t<meta property=\"og:title\" content=\"Alagoinhas ter\u00e1 vacina\u00e7\u00e3o por drive-thru nesta ter\u00e7a e quarta-feira - News In Foco - Editado por Caio Pimenta\" \/>\n\t\t<meta property=\"og:description\" content=\"Nesta ter\u00e7a (07) e quarta-feira feira (08), idosos e profissionais de sa\u00fade que v\u00e3o buscar a vacina contra a Inflenza em Alagoinhas ter\u00e3o mais uma op\u00e7\u00e3o para fazer a imuniza\u00e7\u00e3o com seguran\u00e7a. \u00c9 que nestes dois dias, a Prefeitura ir\u00e1 disponibilizar, das 8h \u00e0s 12h, na Esta\u00e7\u00e3o de Transporte Alternativo, um ponto de vacina\u00e7\u00e3o no sistema drive-thru,\" \/>\n\t\t<meta property=\"og:url\" content=\"https:\/\/newsinfoco.com.br\/inicio\/alagoinhas-tera-vacinacao-por-drive-thru-nesta-terca-e-quarta-feira\/\" \/>\n\t\t<meta property=\"article:published_time\" content=\"2020-04-06T21:13:06+00:00\" \/>\n\t\t<meta property=\"article:modified_time\" content=\"2020-04-06T21:13:06+00:00\" \/>\n\t\t<meta name=\"twitter:card\" content=\"summary_large_image\" \/>\n\t\t<meta name=\"twitter:title\" content=\"Alagoinhas ter\u00e1 vacina\u00e7\u00e3o por drive-thru nesta ter\u00e7a e quarta-feira - News In Foco - Editado por Caio Pimenta\" \/>\n\t\t<meta name=\"twitter:description\" content=\"Nesta ter\u00e7a (07) e quarta-feira feira (08), idosos e profissionais de sa\u00fade que v\u00e3o buscar a vacina contra a Inflenza em Alagoinhas ter\u00e3o mais uma op\u00e7\u00e3o para fazer a imuniza\u00e7\u00e3o com seguran\u00e7a. \u00c9 que nestes dois dias, a Prefeitura ir\u00e1 disponibilizar, das 8h \u00e0s 12h, na Esta\u00e7\u00e3o de Transporte Alternativo, um ponto de vacina\u00e7\u00e3o no sistema drive-thru,\" \/>\n\t\t<script type=\"application\/ld+json\" class=\"aioseo-schema\">\n\t\t\t{\"@context\":\"https:\\\/\\\/schema.org\",\"@graph\":[{\"@type\":\"BlogPosting\",\"@id\":\"https:\\\/\\\/newsinfoco.com.br\\\/inicio\\\/alagoinhas-tera-vacinacao-por-drive-thru-nesta-terca-e-quarta-feira\\\/#blogposting\",\"name\":\"Alagoinhas ter\\u00e1 vacina\\u00e7\\u00e3o por drive-thru nesta ter\\u00e7a e quarta-feira - News In Foco - Editado por Caio Pimenta\",\"headline\":\"Alagoinhas ter\\u00e1 vacina\\u00e7\\u00e3o por drive-thru nesta ter\\u00e7a e quarta-feira\",\"author\":{\"@id\":\"https:\\\/\\\/newsinfoco.com.br\\\/inicio\\\/author\\\/administrador\\\/#author\"},\"publisher\":{\"@id\":\"https:\\\/\\\/newsinfoco.com.br\\\/inicio\\\/#organization\"},\"image\":{\"@type\":\"ImageObject\",\"url\":\"https:\\\/\\\/newsinfoco.com.br\\\/inicio\\\/wp-content\\\/uploads\\\/2020\\\/04\\\/WhatsApp-Image-2020-04-06-at-16.37.10-550x368-1.jpeg\",\"width\":550,\"height\":368},\"datePublished\":\"2020-04-06T18:13:06-03:00\",\"dateModified\":\"2020-04-06T18:13:06-03:00\",\"inLanguage\":\"pt-BR\",\"mainEntityOfPage\":{\"@id\":\"https:\\\/\\\/newsinfoco.com.br\\\/inicio\\\/alagoinhas-tera-vacinacao-por-drive-thru-nesta-terca-e-quarta-feira\\\/#webpage\"},\"isPartOf\":{\"@id\":\"https:\\\/\\\/newsinfoco.com.br\\\/inicio\\\/alagoinhas-tera-vacinacao-por-drive-thru-nesta-terca-e-quarta-feira\\\/#webpage\"},\"articleSection\":\"Alagoinhas e Regi\\u00e3o\"},{\"@type\":\"BreadcrumbList\",\"@id\":\"https:\\\/\\\/newsinfoco.com.br\\\/inicio\\\/alagoinhas-tera-vacinacao-por-drive-thru-nesta-terca-e-quarta-feira\\\/#breadcrumblist\",\"itemListElement\":[{\"@type\":\"ListItem\",\"@id\":\"https:\\\/\\\/newsinfoco.com.br\\\/inicio#listItem\",\"position\":1,\"name\":\"In\\u00edcio\",\"item\":\"https:\\\/\\\/newsinfoco.com.br\\\/inicio\",\"nextItem\":{\"@type\":\"ListItem\",\"@id\":\"https:\\\/\\\/newsinfoco.com.br\\\/inicio\\\/category\\\/alagoinhas-e-regiao\\\/#listItem\",\"name\":\"Alagoinhas e Regi\\u00e3o\"}},{\"@type\":\"ListItem\",\"@id\":\"https:\\\/\\\/newsinfoco.com.br\\\/inicio\\\/category\\\/alagoinhas-e-regiao\\\/#listItem\",\"position\":2,\"name\":\"Alagoinhas e Regi\\u00e3o\",\"item\":\"https:\\\/\\\/newsinfoco.com.br\\\/inicio\\\/category\\\/alagoinhas-e-regiao\\\/\",\"nextItem\":{\"@type\":\"ListItem\",\"@id\":\"https:\\\/\\\/newsinfoco.com.br\\\/inicio\\\/alagoinhas-tera-vacinacao-por-drive-thru-nesta-terca-e-quarta-feira\\\/#listItem\",\"name\":\"Alagoinhas ter\\u00e1 vacina\\u00e7\\u00e3o por drive-thru nesta ter\\u00e7a e quarta-feira\"},\"previousItem\":{\"@type\":\"ListItem\",\"@id\":\"https:\\\/\\\/newsinfoco.com.br\\\/inicio#listItem\",\"name\":\"In\\u00edcio\"}},{\"@type\":\"ListItem\",\"@id\":\"https:\\\/\\\/newsinfoco.com.br\\\/inicio\\\/alagoinhas-tera-vacinacao-por-drive-thru-nesta-terca-e-quarta-feira\\\/#listItem\",\"position\":3,\"name\":\"Alagoinhas ter\\u00e1 vacina\\u00e7\\u00e3o por drive-thru nesta ter\\u00e7a e quarta-feira\",\"previousItem\":{\"@type\":\"ListItem\",\"@id\":\"https:\\\/\\\/newsinfoco.com.br\\\/inicio\\\/category\\\/alagoinhas-e-regiao\\\/#listItem\",\"name\":\"Alagoinhas e Regi\\u00e3o\"}}]},{\"@type\":\"Organization\",\"@id\":\"https:\\\/\\\/newsinfoco.com.br\\\/inicio\\\/#organization\",\"name\":\"News In Foco - Editado por Caio Pimenta\",\"description\":\"O principal site de noticias de Alagoinhas e regi\\u00e3o\",\"url\":\"https:\\\/\\\/newsinfoco.com.br\\\/inicio\\\/\"},{\"@type\":\"Person\",\"@id\":\"https:\\\/\\\/newsinfoco.com.br\\\/inicio\\\/author\\\/administrador\\\/#author\",\"url\":\"https:\\\/\\\/newsinfoco.com.br\\\/inicio\\\/author\\\/administrador\\\/\",\"name\":\"administrador\",\"image\":{\"@type\":\"ImageObject\",\"@id\":\"https:\\\/\\\/newsinfoco.com.br\\\/inicio\\\/alagoinhas-tera-vacinacao-por-drive-thru-nesta-terca-e-quarta-feira\\\/#authorImage\",\"url\":\"https:\\\/\\\/secure.gravatar.com\\\/avatar\\\/c17a617433de8c1dc9584bb79aab7563b46f5bb7e1728c9b17d9cc3ce6a08e49?s=96&d=mm&r=g\",\"width\":96,\"height\":96,\"caption\":\"administrador\"}},{\"@type\":\"WebPage\",\"@id\":\"https:\\\/\\\/newsinfoco.com.br\\\/inicio\\\/alagoinhas-tera-vacinacao-por-drive-thru-nesta-terca-e-quarta-feira\\\/#webpage\",\"url\":\"https:\\\/\\\/newsinfoco.com.br\\\/inicio\\\/alagoinhas-tera-vacinacao-por-drive-thru-nesta-terca-e-quarta-feira\\\/\",\"name\":\"Alagoinhas ter\\u00e1 vacina\\u00e7\\u00e3o por drive-thru nesta ter\\u00e7a e quarta-feira - News In Foco - Editado por Caio Pimenta\",\"description\":\"Nesta ter\\u00e7a (07) e quarta-feira feira (08), idosos e profissionais de sa\\u00fade que v\\u00e3o buscar a vacina contra a Inflenza em Alagoinhas ter\\u00e3o mais uma op\\u00e7\\u00e3o para fazer a imuniza\\u00e7\\u00e3o com seguran\\u00e7a. \\u00c9 que nestes dois dias, a Prefeitura ir\\u00e1 disponibilizar, das 8h \\u00e0s 12h, na Esta\\u00e7\\u00e3o de Transporte Alternativo, um ponto de vacina\\u00e7\\u00e3o no sistema drive-thru,\",\"inLanguage\":\"pt-BR\",\"isPartOf\":{\"@id\":\"https:\\\/\\\/newsinfoco.com.br\\\/inicio\\\/#website\"},\"breadcrumb\":{\"@id\":\"https:\\\/\\\/newsinfoco.com.br\\\/inicio\\\/alagoinhas-tera-vacinacao-por-drive-thru-nesta-terca-e-quarta-feira\\\/#breadcrumblist\"},\"author\":{\"@id\":\"https:\\\/\\\/newsinfoco.com.br\\\/inicio\\\/author\\\/administrador\\\/#author\"},\"creator\":{\"@id\":\"https:\\\/\\\/newsinfoco.com.br\\\/inicio\\\/author\\\/administrador\\\/#author\"},\"image\":{\"@type\":\"ImageObject\",\"url\":\"https:\\\/\\\/newsinfoco.com.br\\\/inicio\\\/wp-content\\\/uploads\\\/2020\\\/04\\\/WhatsApp-Image-2020-04-06-at-16.37.10-550x368-1.jpeg\",\"@id\":\"https:\\\/\\\/newsinfoco.com.br\\\/inicio\\\/alagoinhas-tera-vacinacao-por-drive-thru-nesta-terca-e-quarta-feira\\\/#mainImage\",\"width\":550,\"height\":368},\"primaryImageOfPage\":{\"@id\":\"https:\\\/\\\/newsinfoco.com.br\\\/inicio\\\/alagoinhas-tera-vacinacao-por-drive-thru-nesta-terca-e-quarta-feira\\\/#mainImage\"},\"datePublished\":\"2020-04-06T18:13:06-03:00\",\"dateModified\":\"2020-04-06T18:13:06-03:00\"},{\"@type\":\"WebSite\",\"@id\":\"https:\\\/\\\/newsinfoco.com.br\\\/inicio\\\/#website\",\"url\":\"https:\\\/\\\/newsinfoco.com.br\\\/inicio\\\/\",\"name\":\"News In Foco - Editado por Caio Pimenta\",\"description\":\"O principal site de noticias de Alagoinhas e regi\\u00e3o\",\"inLanguage\":\"pt-BR\",\"publisher\":{\"@id\":\"https:\\\/\\\/newsinfoco.com.br\\\/inicio\\\/#organization\"}}]}\n\t\t<\/script>\n\t\t<!-- All in One SEO -->\n\n","aioseo_head_json":{"title":"Alagoinhas ter\u00e1 vacina\u00e7\u00e3o por drive-thru nesta ter\u00e7a e quarta-feira - News In Foco - Editado por Caio Pimenta","description":"Nesta ter\u00e7a (07) e quarta-feira feira (08), idosos e profissionais de sa\u00fade que v\u00e3o buscar a vacina contra a Inflenza em Alagoinhas ter\u00e3o mais uma op\u00e7\u00e3o para fazer a imuniza\u00e7\u00e3o com seguran\u00e7a. \u00c9 que nestes dois dias, a Prefeitura ir\u00e1 disponibilizar, das 8h \u00e0s 12h, na Esta\u00e7\u00e3o de Transporte Alternativo, um ponto de vacina\u00e7\u00e3o no sistema drive-thru,","canonical_url":"https:\/\/newsinfoco.com.br\/inicio\/alagoinhas-tera-vacinacao-por-drive-thru-nesta-terca-e-quarta-feira\/","robots":"max-image-preview:large","keywords":"","webmasterTools":{"miscellaneous":""},"schema":{"@context":"https:\/\/schema.org","@graph":[{"@type":"BlogPosting","@id":"https:\/\/newsinfoco.com.br\/inicio\/alagoinhas-tera-vacinacao-por-drive-thru-nesta-terca-e-quarta-feira\/#blogposting","name":"Alagoinhas ter\u00e1 vacina\u00e7\u00e3o por drive-thru nesta ter\u00e7a e quarta-feira - News In Foco - Editado por Caio Pimenta","headline":"Alagoinhas ter\u00e1 vacina\u00e7\u00e3o por drive-thru nesta ter\u00e7a e quarta-feira","author":{"@id":"https:\/\/newsinfoco.com.br\/inicio\/author\/administrador\/#author"},"publisher":{"@id":"https:\/\/newsinfoco.com.br\/inicio\/#organization"},"image":{"@type":"ImageObject","url":"https:\/\/newsinfoco.com.br\/inicio\/wp-content\/uploads\/2020\/04\/WhatsApp-Image-2020-04-06-at-16.37.10-550x368-1.jpeg","width":550,"height":368},"datePublished":"2020-04-06T18:13:06-03:00","dateModified":"2020-04-06T18:13:06-03:00","inLanguage":"pt-BR","mainEntityOfPage":{"@id":"https:\/\/newsinfoco.com.br\/inicio\/alagoinhas-tera-vacinacao-por-drive-thru-nesta-terca-e-quarta-feira\/#webpage"},"isPartOf":{"@id":"https:\/\/newsinfoco.com.br\/inicio\/alagoinhas-tera-vacinacao-por-drive-thru-nesta-terca-e-quarta-feira\/#webpage"},"articleSection":"Alagoinhas e Regi\u00e3o"},{"@type":"BreadcrumbList","@id":"https:\/\/newsinfoco.com.br\/inicio\/alagoinhas-tera-vacinacao-por-drive-thru-nesta-terca-e-quarta-feira\/#breadcrumblist","itemListElement":[{"@type":"ListItem","@id":"https:\/\/newsinfoco.com.br\/inicio#listItem","position":1,"name":"In\u00edcio","item":"https:\/\/newsinfoco.com.br\/inicio","nextItem":{"@type":"ListItem","@id":"https:\/\/newsinfoco.com.br\/inicio\/category\/alagoinhas-e-regiao\/#listItem","name":"Alagoinhas e Regi\u00e3o"}},{"@type":"ListItem","@id":"https:\/\/newsinfoco.com.br\/inicio\/category\/alagoinhas-e-regiao\/#listItem","position":2,"name":"Alagoinhas e Regi\u00e3o","item":"https:\/\/newsinfoco.com.br\/inicio\/category\/alagoinhas-e-regiao\/","nextItem":{"@type":"ListItem","@id":"https:\/\/newsinfoco.com.br\/inicio\/alagoinhas-tera-vacinacao-por-drive-thru-nesta-terca-e-quarta-feira\/#listItem","name":"Alagoinhas ter\u00e1 vacina\u00e7\u00e3o por drive-thru nesta ter\u00e7a e quarta-feira"},"previousItem":{"@type":"ListItem","@id":"https:\/\/newsinfoco.com.br\/inicio#listItem","name":"In\u00edcio"}},{"@type":"ListItem","@id":"https:\/\/newsinfoco.com.br\/inicio\/alagoinhas-tera-vacinacao-por-drive-thru-nesta-terca-e-quarta-feira\/#listItem","position":3,"name":"Alagoinhas ter\u00e1 vacina\u00e7\u00e3o por drive-thru nesta ter\u00e7a e quarta-feira","previousItem":{"@type":"ListItem","@id":"https:\/\/newsinfoco.com.br\/inicio\/category\/alagoinhas-e-regiao\/#listItem","name":"Alagoinhas e Regi\u00e3o"}}]},{"@type":"Organization","@id":"https:\/\/newsinfoco.com.br\/inicio\/#organization","name":"News In Foco - Editado por Caio Pimenta","description":"O principal site de noticias de Alagoinhas e regi\u00e3o","url":"https:\/\/newsinfoco.com.br\/inicio\/"},{"@type":"Person","@id":"https:\/\/newsinfoco.com.br\/inicio\/author\/administrador\/#author","url":"https:\/\/newsinfoco.com.br\/inicio\/author\/administrador\/","name":"administrador","image":{"@type":"ImageObject","@id":"https:\/\/newsinfoco.com.br\/inicio\/alagoinhas-tera-vacinacao-por-drive-thru-nesta-terca-e-quarta-feira\/#authorImage","url":"https:\/\/secure.gravatar.com\/avatar\/c17a617433de8c1dc9584bb79aab7563b46f5bb7e1728c9b17d9cc3ce6a08e49?s=96&d=mm&r=g","width":96,"height":96,"caption":"administrador"}},{"@type":"WebPage","@id":"https:\/\/newsinfoco.com.br\/inicio\/alagoinhas-tera-vacinacao-por-drive-thru-nesta-terca-e-quarta-feira\/#webpage","url":"https:\/\/newsinfoco.com.br\/inicio\/alagoinhas-tera-vacinacao-por-drive-thru-nesta-terca-e-quarta-feira\/","name":"Alagoinhas ter\u00e1 vacina\u00e7\u00e3o por drive-thru nesta ter\u00e7a e quarta-feira - News In Foco - Editado por Caio Pimenta","description":"Nesta ter\u00e7a (07) e quarta-feira feira (08), idosos e profissionais de sa\u00fade que v\u00e3o buscar a vacina contra a Inflenza em Alagoinhas ter\u00e3o mais uma op\u00e7\u00e3o para fazer a imuniza\u00e7\u00e3o com seguran\u00e7a. \u00c9 que nestes dois dias, a Prefeitura ir\u00e1 disponibilizar, das 8h \u00e0s 12h, na Esta\u00e7\u00e3o de Transporte Alternativo, um ponto de vacina\u00e7\u00e3o no sistema drive-thru,","inLanguage":"pt-BR","isPartOf":{"@id":"https:\/\/newsinfoco.com.br\/inicio\/#website"},"breadcrumb":{"@id":"https:\/\/newsinfoco.com.br\/inicio\/alagoinhas-tera-vacinacao-por-drive-thru-nesta-terca-e-quarta-feira\/#breadcrumblist"},"author":{"@id":"https:\/\/newsinfoco.com.br\/inicio\/author\/administrador\/#author"},"creator":{"@id":"https:\/\/newsinfoco.com.br\/inicio\/author\/administrador\/#author"},"image":{"@type":"ImageObject","url":"https:\/\/newsinfoco.com.br\/inicio\/wp-content\/uploads\/2020\/04\/WhatsApp-Image-2020-04-06-at-16.37.10-550x368-1.jpeg","@id":"https:\/\/newsinfoco.com.br\/inicio\/alagoinhas-tera-vacinacao-por-drive-thru-nesta-terca-e-quarta-feira\/#mainImage","width":550,"height":368},"primaryImageOfPage":{"@id":"https:\/\/newsinfoco.com.br\/inicio\/alagoinhas-tera-vacinacao-por-drive-thru-nesta-terca-e-quarta-feira\/#mainImage"},"datePublished":"2020-04-06T18:13:06-03:00","dateModified":"2020-04-06T18:13:06-03:00"},{"@type":"WebSite","@id":"https:\/\/newsinfoco.com.br\/inicio\/#website","url":"https:\/\/newsinfoco.com.br\/inicio\/","name":"News In Foco - Editado por Caio Pimenta","description":"O principal site de noticias de Alagoinhas e regi\u00e3o","inLanguage":"pt-BR","publisher":{"@id":"https:\/\/newsinfoco.com.br\/inicio\/#organization"}}]},"og:locale":"pt_BR","og:site_name":"News In Foco - Editado por Caio Pimenta - O principal site de noticias de Alagoinhas e regi\u00e3o","og:type":"article","og:title":"Alagoinhas ter\u00e1 vacina\u00e7\u00e3o por drive-thru nesta ter\u00e7a e quarta-feira - News In Foco - Editado por Caio Pimenta","og:description":"Nesta ter\u00e7a (07) e quarta-feira feira (08), idosos e profissionais de sa\u00fade que v\u00e3o buscar a vacina contra a Inflenza em Alagoinhas ter\u00e3o mais uma op\u00e7\u00e3o para fazer a imuniza\u00e7\u00e3o com seguran\u00e7a. \u00c9 que nestes dois dias, a Prefeitura ir\u00e1 disponibilizar, das 8h \u00e0s 12h, na Esta\u00e7\u00e3o de Transporte Alternativo, um ponto de vacina\u00e7\u00e3o no sistema drive-thru,","og:url":"https:\/\/newsinfoco.com.br\/inicio\/alagoinhas-tera-vacinacao-por-drive-thru-nesta-terca-e-quarta-feira\/","article:published_time":"2020-04-06T21:13:06+00:00","article:modified_time":"2020-04-06T21:13:06+00:00","twitter:card":"summary_large_image","twitter:title":"Alagoinhas ter\u00e1 vacina\u00e7\u00e3o por drive-thru nesta ter\u00e7a e quarta-feira - News In Foco - Editado por Caio Pimenta","twitter:description":"Nesta ter\u00e7a (07) e quarta-feira feira (08), idosos e profissionais de sa\u00fade que v\u00e3o buscar a vacina contra a Inflenza em Alagoinhas ter\u00e3o mais uma op\u00e7\u00e3o para fazer a imuniza\u00e7\u00e3o com seguran\u00e7a. \u00c9 que nestes dois dias, a Prefeitura ir\u00e1 disponibilizar, das 8h \u00e0s 12h, na Esta\u00e7\u00e3o de Transporte Alternativo, um ponto de vacina\u00e7\u00e3o no sistema drive-thru,"},"aioseo_meta_data":{"post_id":"20858","title":null,"description":null,"keywords":null,"keyphrases":null,"primary_term":null,"canonical_url":null,"og_title":null,"og_description":null,"og_object_type":"default","og_image_type":"default","og_image_url":null,"og_image_width":null,"og_image_height":null,"og_image_custom_url":null,"og_image_custom_fields":null,"og_video":null,"og_custom_url":null,"og_article_section":null,"og_article_tags":null,"twitter_use_og":false,"twitter_card":"default","twitter_image_type":"default","twitter_image_url":null,"twitter_image_custom_url":null,"twitter_image_custom_fields":null,"twitter_title":null,"twitter_description":null,"schema":{"blockGraphs":[],"customGraphs":[],"default":{"data":{"Article":[],"Course":[],"Dataset":[],"FAQPage":[],"Movie":[],"Person":[],"Product":[],"ProductReview":[],"Car":[],"Recipe":[],"Service":[],"SoftwareApplication":[],"WebPage":[]},"graphName":"","isEnabled":true},"graphs":[]},"schema_type":"default","schema_type_options":null,"pillar_content":false,"robots_default":true,"robots_noindex":false,"robots_noarchive":false,"robots_nosnippet":false,"robots_nofollow":false,"robots_noimageindex":false,"robots_noodp":false,"robots_notranslate":false,"robots_max_snippet":null,"robots_max_videopreview":null,"robots_max_imagepreview":"large","priority":null,"frequency":null,"local_seo":null,"breadcrumb_settings":null,"limit_modified_date":false,"ai":null,"created":"2023-06-12 16:26:45","updated":"2025-07-11 03:00:52","seo_analyzer_scan_date":null},"aioseo_breadcrumb":"<div class=\"aioseo-breadcrumbs\"><span class=\"aioseo-breadcrumb\">\n\t\t\t<a href=\"https:\/\/newsinfoco.com.br\/inicio\" title=\"In\u00edcio\">In\u00edcio<\/a>\n\t\t<\/span><span class=\"aioseo-breadcrumb-separator\">&raquo;<\/span><span class=\"aioseo-breadcrumb\">\n\t\t\t<a href=\"https:\/\/newsinfoco.com.br\/inicio\/category\/alagoinhas-e-regiao\/\" title=\"Alagoinhas e Regi\u00e3o\">Alagoinhas e Regi\u00e3o<\/a>\n\t\t<\/span><span class=\"aioseo-breadcrumb-separator\">&raquo;<\/span><span class=\"aioseo-breadcrumb\">\n\t\t\tAlagoinhas ter\u00e1 vacina\u00e7\u00e3o por drive-thru nesta ter\u00e7a e quarta-feira\n\t\t<\/span><\/div>","aioseo_breadcrumb_json":[{"label":"In\u00edcio","link":"https:\/\/newsinfoco.com.br\/inicio"},{"label":"Alagoinhas e Regi\u00e3o","link":"https:\/\/newsinfoco.com.br\/inicio\/category\/alagoinhas-e-regiao\/"},{"label":"Alagoinhas ter\u00e1 vacina\u00e7\u00e3o por drive-thru nesta ter\u00e7a e quarta-feira","link":"https:\/\/newsinfoco.com.br\/inicio\/alagoinhas-tera-vacinacao-por-drive-thru-nesta-terca-e-quarta-feira\/"}],"_links":{"self":[{"href":"https:\/\/newsinfoco.com.br\/inicio\/wp-json\/wp\/v2\/posts\/20858","targetHints":{"allow":["GET"]}}],"collection":[{"href":"https:\/\/newsinfoco.com.br\/inicio\/wp-json\/wp\/v2\/posts"}],"about":[{"href":"https:\/\/newsinfoco.com.br\/inicio\/wp-json\/wp\/v2\/types\/post"}],"author":[{"embeddable":true,"href":"https:\/\/newsinfoco.com.br\/inicio\/wp-json\/wp\/v2\/users\/1"}],"replies":[{"embeddable":true,"href":"https:\/\/newsinfoco.com.br\/inicio\/wp-json\/wp\/v2\/comments?post=20858"}],"version-history":[{"count":0,"href":"https:\/\/newsinfoco.com.br\/inicio\/wp-json\/wp\/v2\/posts\/20858\/revisions"}],"wp:featuredmedia":[{"embeddable":true,"href":"https:\/\/newsinfoco.com.br\/inicio\/wp-json\/wp\/v2\/media\/20859"}],"wp:attachment":[{"href":"https:\/\/newsinfoco.com.br\/inicio\/wp-json\/wp\/v2\/media?parent=20858"}],"wp:term":[{"taxonomy":"category","embeddable":true,"href":"https:\/\/newsinfoco.com.br\/inicio\/wp-json\/wp\/v2\/categories?post=20858"},{"taxonomy":"post_tag","embeddable":true,"href":"https:\/\/newsinfoco.com.br\/inicio\/wp-json\/wp\/v2\/tags?post=20858"}],"curies":[{"name":"wp","href":"https:\/\/api.w.org\/{rel}","templated":true}]}}