{"id":20873,"date":"2020-04-06T18:38:26","date_gmt":"2020-04-06T21:38:26","guid":{"rendered":"http:\/\/newsinfoco.com.br\/?p=20873"},"modified":"2020-04-06T18:38:26","modified_gmt":"2020-04-06T21:38:26","slug":"rui-sanciona-projeto-que-isenta-inscritos-na-tarifa-social-de-pagar-conta-de-agua-por-90-dias","status":"publish","type":"post","link":"https:\/\/newsinfoco.com.br\/inicio\/rui-sanciona-projeto-que-isenta-inscritos-na-tarifa-social-de-pagar-conta-de-agua-por-90-dias\/","title":{"rendered":"Rui sanciona projeto que isenta inscritos na Tarifa Social de pagar conta de \u00e1gua por 90 dias"},"content":{"rendered":"<p style=\"text-align: justify;\">O governador Rui Costa (PT) sancionou, nesta segunda-feira (6), o projeto de lei que isenta da conta de \u00e1gua, por tr\u00eas meses, fam\u00edlias inscritas na Tarifa Social da Embasa com consumo mensal inferior a 25 metros c\u00fabicos de \u00e1gua. A medida entra em vigor a partir da publica\u00e7\u00e3o do Di\u00e1rio Oficial do Estado (DOE), prevista para esta ter\u00e7a (7).<\/p>\n<p style=\"text-align: justify;\">Mais de 233 mil fam\u00edlias de baixa renda, em diversos munic\u00edpios baianos, ter\u00e3o suas contas de \u00e1gua pagas pelo Governo do Estado pelos pr\u00f3ximos 90 dias, conforme o texto do projeto. Cerca de 860 mil pessoas devem ser beneficiadas pela isen\u00e7\u00e3o tempor\u00e1ria da conta de \u00e1gua, proporcionando uma transfer\u00eancia imediata de renda \u00e0 parcela economicamente mais vulner\u00e1vel da popula\u00e7\u00e3o baiana.<\/p>\n<p style=\"text-align: justify;\">O projeto j\u00e1 havia passado pela valida\u00e7\u00e3o da Assembleia Legislativa da Bahia (Alba), onde foi aprovado por unanimidade em sess\u00e3o virtual realizada no \u00faltimo s\u00e1bado (4). A medida visa socorrer a parcela mais carente da popula\u00e7\u00e3o dos efeitos econ\u00f4micos provocados pela pandemia de coronav\u00edrus.<\/p>\n<p style=\"text-align: justify;\">Tamb\u00e9m nesta segunda-feira (6), o governador sancionou lei que disp\u00f5e sobre procedimentos complementares para enfrentamento ao coronav\u00edrus na Bahia. Conforme o documento, as contrata\u00e7\u00f5es p\u00fablicas destinadas ao atendimento de demandas relacionadas ao combate do coronav\u00edrus poder\u00e3o ser realizadas por dispensa de licita\u00e7\u00e3o, na forma da lei federal n\u00ba 13.979. Os contratos ter\u00e3o prazo de dura\u00e7\u00e3o de at\u00e9 180 dias, prorrog\u00e1veis por per\u00edodos sucessivos, enquanto perdurar a situa\u00e7\u00e3o de emerg\u00eancia.<\/p>\n<div class='share-to-whatsapp-wrapper'><div class='share-on-whsp'>Share on: <\/div><a data-text='Rui sanciona projeto que isenta inscritos na Tarifa Social de pagar conta de \u00e1gua por 90 dias' data-link='https:\/\/newsinfoco.com.br\/inicio\/rui-sanciona-projeto-que-isenta-inscritos-na-tarifa-social-de-pagar-conta-de-agua-por-90-dias\/' class='whatsapp-button whatsapp-share'>WhatsApp<\/a><div class='clear '><\/div><\/div>","protected":false},"excerpt":{"rendered":"<p>O governador Rui Costa (PT) sancionou, nesta segunda-feira (6), o projeto de lei que isenta da conta de \u00e1gua, por tr\u00eas meses, fam\u00edlias inscritas na Tarifa Social da Embasa com consumo mensal inferior a 25 metros c\u00fabicos de \u00e1gua. A medida entra em vigor a partir da publica\u00e7\u00e3o do Di\u00e1rio Oficial do Estado (DOE), prevista [&hellip;]<\/p>\n","protected":false},"author":1,"featured_media":20874,"comment_status":"open","ping_status":"open","sticky":false,"template":"","format":"standard","meta":{"om_disable_all_campaigns":false,"rop_custom_images_group":[],"rop_custom_messages_group":[],"rop_publish_now":"initial","rop_publish_now_accounts":[],"rop_publish_now_history":[],"rop_publish_now_status":"pending","_exactmetrics_skip_tracking":false,"footnotes":""},"categories":[19],"tags":[],"class_list":["post-20873","post","type-post","status-publish","format-standard","has-post-thumbnail","hentry","category-bahia"],"aioseo_notices":[],"aioseo_head":"\n\t\t<!-- All in One SEO 4.9.10 - aioseo.com -->\n\t<meta name=\"description\" content=\"O governador Rui Costa (PT) sancionou, nesta segunda-feira (6), o projeto de lei que isenta da conta de \u00e1gua, por tr\u00eas meses, fam\u00edlias inscritas na Tarifa Social da Embasa com consumo mensal inferior a 25 metros c\u00fabicos de \u00e1gua. A medida entra em vigor a partir da publica\u00e7\u00e3o do Di\u00e1rio Oficial do Estado (DOE), prevista\" \/>\n\t<meta name=\"robots\" content=\"max-image-preview:large\" \/>\n\t<meta name=\"author\" content=\"administrador\"\/>\n\t<link rel=\"canonical\" href=\"https:\/\/newsinfoco.com.br\/inicio\/rui-sanciona-projeto-que-isenta-inscritos-na-tarifa-social-de-pagar-conta-de-agua-por-90-dias\/\" \/>\n\t<meta name=\"generator\" content=\"All in One SEO (AIOSEO) 4.9.10\" \/>\n\t\t<meta property=\"og:locale\" content=\"pt_BR\" \/>\n\t\t<meta property=\"og:site_name\" content=\"News In Foco - Editado por Caio Pimenta - O principal site de noticias de Alagoinhas e regi\u00e3o\" \/>\n\t\t<meta property=\"og:type\" content=\"article\" \/>\n\t\t<meta property=\"og:title\" content=\"Rui sanciona projeto que isenta inscritos na Tarifa Social de pagar conta de \u00e1gua por 90 dias - News In Foco - Editado por Caio Pimenta\" \/>\n\t\t<meta property=\"og:description\" content=\"O governador Rui Costa (PT) sancionou, nesta segunda-feira (6), o projeto de lei que isenta da conta de \u00e1gua, por tr\u00eas meses, fam\u00edlias inscritas na Tarifa Social da Embasa com consumo mensal inferior a 25 metros c\u00fabicos de \u00e1gua. A medida entra em vigor a partir da publica\u00e7\u00e3o do Di\u00e1rio Oficial do Estado (DOE), prevista\" \/>\n\t\t<meta property=\"og:url\" content=\"https:\/\/newsinfoco.com.br\/inicio\/rui-sanciona-projeto-que-isenta-inscritos-na-tarifa-social-de-pagar-conta-de-agua-por-90-dias\/\" \/>\n\t\t<meta property=\"article:published_time\" content=\"2020-04-06T21:38:26+00:00\" \/>\n\t\t<meta property=\"article:modified_time\" content=\"2020-04-06T21:38:26+00:00\" \/>\n\t\t<meta name=\"twitter:card\" content=\"summary_large_image\" \/>\n\t\t<meta name=\"twitter:title\" content=\"Rui sanciona projeto que isenta inscritos na Tarifa Social de pagar conta de \u00e1gua por 90 dias - News In Foco - Editado por Caio Pimenta\" \/>\n\t\t<meta name=\"twitter:description\" content=\"O governador Rui Costa (PT) sancionou, nesta segunda-feira (6), o projeto de lei que isenta da conta de \u00e1gua, por tr\u00eas meses, fam\u00edlias inscritas na Tarifa Social da Embasa com consumo mensal inferior a 25 metros c\u00fabicos de \u00e1gua. A medida entra em vigor a partir da publica\u00e7\u00e3o do Di\u00e1rio Oficial do Estado (DOE), prevista\" \/>\n\t\t<script type=\"application\/ld+json\" class=\"aioseo-schema\">\n\t\t\t{\"@context\":\"https:\\\/\\\/schema.org\",\"@graph\":[{\"@type\":\"BlogPosting\",\"@id\":\"https:\\\/\\\/newsinfoco.com.br\\\/inicio\\\/rui-sanciona-projeto-que-isenta-inscritos-na-tarifa-social-de-pagar-conta-de-agua-por-90-dias\\\/#blogposting\",\"name\":\"Rui sanciona projeto que isenta inscritos na Tarifa Social de pagar conta de \\u00e1gua por 90 dias - News In Foco - Editado por Caio Pimenta\",\"headline\":\"Rui sanciona projeto que isenta inscritos na Tarifa Social de pagar conta de \\u00e1gua por 90 dias\",\"author\":{\"@id\":\"https:\\\/\\\/newsinfoco.com.br\\\/inicio\\\/author\\\/administrador\\\/#author\"},\"publisher\":{\"@id\":\"https:\\\/\\\/newsinfoco.com.br\\\/inicio\\\/#organization\"},\"image\":{\"@type\":\"ImageObject\",\"url\":\"https:\\\/\\\/newsinfoco.com.br\\\/inicio\\\/wp-content\\\/uploads\\\/2020\\\/04\\\/IMAGEM_NOTICIA_5-4.jpg\",\"width\":380,\"height\":280},\"datePublished\":\"2020-04-06T18:38:26-03:00\",\"dateModified\":\"2020-04-06T18:38:26-03:00\",\"inLanguage\":\"pt-BR\",\"mainEntityOfPage\":{\"@id\":\"https:\\\/\\\/newsinfoco.com.br\\\/inicio\\\/rui-sanciona-projeto-que-isenta-inscritos-na-tarifa-social-de-pagar-conta-de-agua-por-90-dias\\\/#webpage\"},\"isPartOf\":{\"@id\":\"https:\\\/\\\/newsinfoco.com.br\\\/inicio\\\/rui-sanciona-projeto-que-isenta-inscritos-na-tarifa-social-de-pagar-conta-de-agua-por-90-dias\\\/#webpage\"},\"articleSection\":\"Bahia\"},{\"@type\":\"BreadcrumbList\",\"@id\":\"https:\\\/\\\/newsinfoco.com.br\\\/inicio\\\/rui-sanciona-projeto-que-isenta-inscritos-na-tarifa-social-de-pagar-conta-de-agua-por-90-dias\\\/#breadcrumblist\",\"itemListElement\":[{\"@type\":\"ListItem\",\"@id\":\"https:\\\/\\\/newsinfoco.com.br\\\/inicio#listItem\",\"position\":1,\"name\":\"In\\u00edcio\",\"item\":\"https:\\\/\\\/newsinfoco.com.br\\\/inicio\",\"nextItem\":{\"@type\":\"ListItem\",\"@id\":\"https:\\\/\\\/newsinfoco.com.br\\\/inicio\\\/category\\\/bahia\\\/#listItem\",\"name\":\"Bahia\"}},{\"@type\":\"ListItem\",\"@id\":\"https:\\\/\\\/newsinfoco.com.br\\\/inicio\\\/category\\\/bahia\\\/#listItem\",\"position\":2,\"name\":\"Bahia\",\"item\":\"https:\\\/\\\/newsinfoco.com.br\\\/inicio\\\/category\\\/bahia\\\/\",\"nextItem\":{\"@type\":\"ListItem\",\"@id\":\"https:\\\/\\\/newsinfoco.com.br\\\/inicio\\\/rui-sanciona-projeto-que-isenta-inscritos-na-tarifa-social-de-pagar-conta-de-agua-por-90-dias\\\/#listItem\",\"name\":\"Rui sanciona projeto que isenta inscritos na Tarifa Social de pagar conta de \\u00e1gua por 90 dias\"},\"previousItem\":{\"@type\":\"ListItem\",\"@id\":\"https:\\\/\\\/newsinfoco.com.br\\\/inicio#listItem\",\"name\":\"In\\u00edcio\"}},{\"@type\":\"ListItem\",\"@id\":\"https:\\\/\\\/newsinfoco.com.br\\\/inicio\\\/rui-sanciona-projeto-que-isenta-inscritos-na-tarifa-social-de-pagar-conta-de-agua-por-90-dias\\\/#listItem\",\"position\":3,\"name\":\"Rui sanciona projeto que isenta inscritos na Tarifa Social de pagar conta de \\u00e1gua por 90 dias\",\"previousItem\":{\"@type\":\"ListItem\",\"@id\":\"https:\\\/\\\/newsinfoco.com.br\\\/inicio\\\/category\\\/bahia\\\/#listItem\",\"name\":\"Bahia\"}}]},{\"@type\":\"Organization\",\"@id\":\"https:\\\/\\\/newsinfoco.com.br\\\/inicio\\\/#organization\",\"name\":\"News In Foco - Editado por Caio Pimenta\",\"description\":\"O principal site de noticias de Alagoinhas e regi\\u00e3o\",\"url\":\"https:\\\/\\\/newsinfoco.com.br\\\/inicio\\\/\"},{\"@type\":\"Person\",\"@id\":\"https:\\\/\\\/newsinfoco.com.br\\\/inicio\\\/author\\\/administrador\\\/#author\",\"url\":\"https:\\\/\\\/newsinfoco.com.br\\\/inicio\\\/author\\\/administrador\\\/\",\"name\":\"administrador\",\"image\":{\"@type\":\"ImageObject\",\"@id\":\"https:\\\/\\\/newsinfoco.com.br\\\/inicio\\\/rui-sanciona-projeto-que-isenta-inscritos-na-tarifa-social-de-pagar-conta-de-agua-por-90-dias\\\/#authorImage\",\"url\":\"https:\\\/\\\/secure.gravatar.com\\\/avatar\\\/c17a617433de8c1dc9584bb79aab7563b46f5bb7e1728c9b17d9cc3ce6a08e49?s=96&d=mm&r=g\",\"width\":96,\"height\":96,\"caption\":\"administrador\"}},{\"@type\":\"WebPage\",\"@id\":\"https:\\\/\\\/newsinfoco.com.br\\\/inicio\\\/rui-sanciona-projeto-que-isenta-inscritos-na-tarifa-social-de-pagar-conta-de-agua-por-90-dias\\\/#webpage\",\"url\":\"https:\\\/\\\/newsinfoco.com.br\\\/inicio\\\/rui-sanciona-projeto-que-isenta-inscritos-na-tarifa-social-de-pagar-conta-de-agua-por-90-dias\\\/\",\"name\":\"Rui sanciona projeto que isenta inscritos na Tarifa Social de pagar conta de \\u00e1gua por 90 dias - News In Foco - Editado por Caio Pimenta\",\"description\":\"O governador Rui Costa (PT) sancionou, nesta segunda-feira (6), o projeto de lei que isenta da conta de \\u00e1gua, por tr\\u00eas meses, fam\\u00edlias inscritas na Tarifa Social da Embasa com consumo mensal inferior a 25 metros c\\u00fabicos de \\u00e1gua. A medida entra em vigor a partir da publica\\u00e7\\u00e3o do Di\\u00e1rio Oficial do Estado (DOE), prevista\",\"inLanguage\":\"pt-BR\",\"isPartOf\":{\"@id\":\"https:\\\/\\\/newsinfoco.com.br\\\/inicio\\\/#website\"},\"breadcrumb\":{\"@id\":\"https:\\\/\\\/newsinfoco.com.br\\\/inicio\\\/rui-sanciona-projeto-que-isenta-inscritos-na-tarifa-social-de-pagar-conta-de-agua-por-90-dias\\\/#breadcrumblist\"},\"author\":{\"@id\":\"https:\\\/\\\/newsinfoco.com.br\\\/inicio\\\/author\\\/administrador\\\/#author\"},\"creator\":{\"@id\":\"https:\\\/\\\/newsinfoco.com.br\\\/inicio\\\/author\\\/administrador\\\/#author\"},\"image\":{\"@type\":\"ImageObject\",\"url\":\"https:\\\/\\\/newsinfoco.com.br\\\/inicio\\\/wp-content\\\/uploads\\\/2020\\\/04\\\/IMAGEM_NOTICIA_5-4.jpg\",\"@id\":\"https:\\\/\\\/newsinfoco.com.br\\\/inicio\\\/rui-sanciona-projeto-que-isenta-inscritos-na-tarifa-social-de-pagar-conta-de-agua-por-90-dias\\\/#mainImage\",\"width\":380,\"height\":280},\"primaryImageOfPage\":{\"@id\":\"https:\\\/\\\/newsinfoco.com.br\\\/inicio\\\/rui-sanciona-projeto-que-isenta-inscritos-na-tarifa-social-de-pagar-conta-de-agua-por-90-dias\\\/#mainImage\"},\"datePublished\":\"2020-04-06T18:38:26-03:00\",\"dateModified\":\"2020-04-06T18:38:26-03:00\"},{\"@type\":\"WebSite\",\"@id\":\"https:\\\/\\\/newsinfoco.com.br\\\/inicio\\\/#website\",\"url\":\"https:\\\/\\\/newsinfoco.com.br\\\/inicio\\\/\",\"name\":\"News In Foco - Editado por Caio Pimenta\",\"description\":\"O principal site de noticias de Alagoinhas e regi\\u00e3o\",\"inLanguage\":\"pt-BR\",\"publisher\":{\"@id\":\"https:\\\/\\\/newsinfoco.com.br\\\/inicio\\\/#organization\"}}]}\n\t\t<\/script>\n\t\t<!-- All in One SEO -->\n\n","aioseo_head_json":{"title":"Rui sanciona projeto que isenta inscritos na Tarifa Social de pagar conta de \u00e1gua por 90 dias - News In Foco - Editado por Caio Pimenta","description":"O governador Rui Costa (PT) sancionou, nesta segunda-feira (6), o projeto de lei que isenta da conta de \u00e1gua, por tr\u00eas meses, fam\u00edlias inscritas na Tarifa Social da Embasa com consumo mensal inferior a 25 metros c\u00fabicos de \u00e1gua. A medida entra em vigor a partir da publica\u00e7\u00e3o do Di\u00e1rio Oficial do Estado (DOE), prevista","canonical_url":"https:\/\/newsinfoco.com.br\/inicio\/rui-sanciona-projeto-que-isenta-inscritos-na-tarifa-social-de-pagar-conta-de-agua-por-90-dias\/","robots":"max-image-preview:large","keywords":"","webmasterTools":{"miscellaneous":""},"schema":{"@context":"https:\/\/schema.org","@graph":[{"@type":"BlogPosting","@id":"https:\/\/newsinfoco.com.br\/inicio\/rui-sanciona-projeto-que-isenta-inscritos-na-tarifa-social-de-pagar-conta-de-agua-por-90-dias\/#blogposting","name":"Rui sanciona projeto que isenta inscritos na Tarifa Social de pagar conta de \u00e1gua por 90 dias - News In Foco - Editado por Caio Pimenta","headline":"Rui sanciona projeto que isenta inscritos na Tarifa Social de pagar conta de \u00e1gua por 90 dias","author":{"@id":"https:\/\/newsinfoco.com.br\/inicio\/author\/administrador\/#author"},"publisher":{"@id":"https:\/\/newsinfoco.com.br\/inicio\/#organization"},"image":{"@type":"ImageObject","url":"https:\/\/newsinfoco.com.br\/inicio\/wp-content\/uploads\/2020\/04\/IMAGEM_NOTICIA_5-4.jpg","width":380,"height":280},"datePublished":"2020-04-06T18:38:26-03:00","dateModified":"2020-04-06T18:38:26-03:00","inLanguage":"pt-BR","mainEntityOfPage":{"@id":"https:\/\/newsinfoco.com.br\/inicio\/rui-sanciona-projeto-que-isenta-inscritos-na-tarifa-social-de-pagar-conta-de-agua-por-90-dias\/#webpage"},"isPartOf":{"@id":"https:\/\/newsinfoco.com.br\/inicio\/rui-sanciona-projeto-que-isenta-inscritos-na-tarifa-social-de-pagar-conta-de-agua-por-90-dias\/#webpage"},"articleSection":"Bahia"},{"@type":"BreadcrumbList","@id":"https:\/\/newsinfoco.com.br\/inicio\/rui-sanciona-projeto-que-isenta-inscritos-na-tarifa-social-de-pagar-conta-de-agua-por-90-dias\/#breadcrumblist","itemListElement":[{"@type":"ListItem","@id":"https:\/\/newsinfoco.com.br\/inicio#listItem","position":1,"name":"In\u00edcio","item":"https:\/\/newsinfoco.com.br\/inicio","nextItem":{"@type":"ListItem","@id":"https:\/\/newsinfoco.com.br\/inicio\/category\/bahia\/#listItem","name":"Bahia"}},{"@type":"ListItem","@id":"https:\/\/newsinfoco.com.br\/inicio\/category\/bahia\/#listItem","position":2,"name":"Bahia","item":"https:\/\/newsinfoco.com.br\/inicio\/category\/bahia\/","nextItem":{"@type":"ListItem","@id":"https:\/\/newsinfoco.com.br\/inicio\/rui-sanciona-projeto-que-isenta-inscritos-na-tarifa-social-de-pagar-conta-de-agua-por-90-dias\/#listItem","name":"Rui sanciona projeto que isenta inscritos na Tarifa Social de pagar conta de \u00e1gua por 90 dias"},"previousItem":{"@type":"ListItem","@id":"https:\/\/newsinfoco.com.br\/inicio#listItem","name":"In\u00edcio"}},{"@type":"ListItem","@id":"https:\/\/newsinfoco.com.br\/inicio\/rui-sanciona-projeto-que-isenta-inscritos-na-tarifa-social-de-pagar-conta-de-agua-por-90-dias\/#listItem","position":3,"name":"Rui sanciona projeto que isenta inscritos na Tarifa Social de pagar conta de \u00e1gua por 90 dias","previousItem":{"@type":"ListItem","@id":"https:\/\/newsinfoco.com.br\/inicio\/category\/bahia\/#listItem","name":"Bahia"}}]},{"@type":"Organization","@id":"https:\/\/newsinfoco.com.br\/inicio\/#organization","name":"News In Foco - Editado por Caio Pimenta","description":"O principal site de noticias de Alagoinhas e regi\u00e3o","url":"https:\/\/newsinfoco.com.br\/inicio\/"},{"@type":"Person","@id":"https:\/\/newsinfoco.com.br\/inicio\/author\/administrador\/#author","url":"https:\/\/newsinfoco.com.br\/inicio\/author\/administrador\/","name":"administrador","image":{"@type":"ImageObject","@id":"https:\/\/newsinfoco.com.br\/inicio\/rui-sanciona-projeto-que-isenta-inscritos-na-tarifa-social-de-pagar-conta-de-agua-por-90-dias\/#authorImage","url":"https:\/\/secure.gravatar.com\/avatar\/c17a617433de8c1dc9584bb79aab7563b46f5bb7e1728c9b17d9cc3ce6a08e49?s=96&d=mm&r=g","width":96,"height":96,"caption":"administrador"}},{"@type":"WebPage","@id":"https:\/\/newsinfoco.com.br\/inicio\/rui-sanciona-projeto-que-isenta-inscritos-na-tarifa-social-de-pagar-conta-de-agua-por-90-dias\/#webpage","url":"https:\/\/newsinfoco.com.br\/inicio\/rui-sanciona-projeto-que-isenta-inscritos-na-tarifa-social-de-pagar-conta-de-agua-por-90-dias\/","name":"Rui sanciona projeto que isenta inscritos na Tarifa Social de pagar conta de \u00e1gua por 90 dias - News In Foco - Editado por Caio Pimenta","description":"O governador Rui Costa (PT) sancionou, nesta segunda-feira (6), o projeto de lei que isenta da conta de \u00e1gua, por tr\u00eas meses, fam\u00edlias inscritas na Tarifa Social da Embasa com consumo mensal inferior a 25 metros c\u00fabicos de \u00e1gua. A medida entra em vigor a partir da publica\u00e7\u00e3o do Di\u00e1rio Oficial do Estado (DOE), prevista","inLanguage":"pt-BR","isPartOf":{"@id":"https:\/\/newsinfoco.com.br\/inicio\/#website"},"breadcrumb":{"@id":"https:\/\/newsinfoco.com.br\/inicio\/rui-sanciona-projeto-que-isenta-inscritos-na-tarifa-social-de-pagar-conta-de-agua-por-90-dias\/#breadcrumblist"},"author":{"@id":"https:\/\/newsinfoco.com.br\/inicio\/author\/administrador\/#author"},"creator":{"@id":"https:\/\/newsinfoco.com.br\/inicio\/author\/administrador\/#author"},"image":{"@type":"ImageObject","url":"https:\/\/newsinfoco.com.br\/inicio\/wp-content\/uploads\/2020\/04\/IMAGEM_NOTICIA_5-4.jpg","@id":"https:\/\/newsinfoco.com.br\/inicio\/rui-sanciona-projeto-que-isenta-inscritos-na-tarifa-social-de-pagar-conta-de-agua-por-90-dias\/#mainImage","width":380,"height":280},"primaryImageOfPage":{"@id":"https:\/\/newsinfoco.com.br\/inicio\/rui-sanciona-projeto-que-isenta-inscritos-na-tarifa-social-de-pagar-conta-de-agua-por-90-dias\/#mainImage"},"datePublished":"2020-04-06T18:38:26-03:00","dateModified":"2020-04-06T18:38:26-03:00"},{"@type":"WebSite","@id":"https:\/\/newsinfoco.com.br\/inicio\/#website","url":"https:\/\/newsinfoco.com.br\/inicio\/","name":"News In Foco - Editado por Caio Pimenta","description":"O principal site de noticias de Alagoinhas e regi\u00e3o","inLanguage":"pt-BR","publisher":{"@id":"https:\/\/newsinfoco.com.br\/inicio\/#organization"}}]},"og:locale":"pt_BR","og:site_name":"News In Foco - Editado por Caio Pimenta - O principal site de noticias de Alagoinhas e regi\u00e3o","og:type":"article","og:title":"Rui sanciona projeto que isenta inscritos na Tarifa Social de pagar conta de \u00e1gua por 90 dias - News In Foco - Editado por Caio Pimenta","og:description":"O governador Rui Costa (PT) sancionou, nesta segunda-feira (6), o projeto de lei que isenta da conta de \u00e1gua, por tr\u00eas meses, fam\u00edlias inscritas na Tarifa Social da Embasa com consumo mensal inferior a 25 metros c\u00fabicos de \u00e1gua. A medida entra em vigor a partir da publica\u00e7\u00e3o do Di\u00e1rio Oficial do Estado (DOE), prevista","og:url":"https:\/\/newsinfoco.com.br\/inicio\/rui-sanciona-projeto-que-isenta-inscritos-na-tarifa-social-de-pagar-conta-de-agua-por-90-dias\/","article:published_time":"2020-04-06T21:38:26+00:00","article:modified_time":"2020-04-06T21:38:26+00:00","twitter:card":"summary_large_image","twitter:title":"Rui sanciona projeto que isenta inscritos na Tarifa Social de pagar conta de \u00e1gua por 90 dias - News In Foco - Editado por Caio Pimenta","twitter:description":"O governador Rui Costa (PT) sancionou, nesta segunda-feira (6), o projeto de lei que isenta da conta de \u00e1gua, por tr\u00eas meses, fam\u00edlias inscritas na Tarifa Social da Embasa com consumo mensal inferior a 25 metros c\u00fabicos de \u00e1gua. A medida entra em vigor a partir da publica\u00e7\u00e3o do Di\u00e1rio Oficial do Estado (DOE), prevista"},"aioseo_meta_data":{"post_id":"20873","title":null,"description":null,"keywords":null,"keyphrases":null,"primary_term":null,"canonical_url":null,"og_title":null,"og_description":null,"og_object_type":"default","og_image_type":"default","og_image_url":null,"og_image_width":null,"og_image_height":null,"og_image_custom_url":null,"og_image_custom_fields":null,"og_video":null,"og_custom_url":null,"og_article_section":null,"og_article_tags":null,"twitter_use_og":false,"twitter_card":"default","twitter_image_type":"default","twitter_image_url":null,"twitter_image_custom_url":null,"twitter_image_custom_fields":null,"twitter_title":null,"twitter_description":null,"schema":{"blockGraphs":[],"customGraphs":[],"default":{"data":{"Article":[],"Course":[],"Dataset":[],"FAQPage":[],"Movie":[],"Person":[],"Product":[],"ProductReview":[],"Car":[],"Recipe":[],"Service":[],"SoftwareApplication":[],"WebPage":[]},"graphName":"","isEnabled":true},"graphs":[]},"schema_type":"default","schema_type_options":null,"pillar_content":false,"robots_default":true,"robots_noindex":false,"robots_noarchive":false,"robots_nosnippet":false,"robots_nofollow":false,"robots_noimageindex":false,"robots_noodp":false,"robots_notranslate":false,"robots_max_snippet":null,"robots_max_videopreview":null,"robots_max_imagepreview":"large","priority":null,"frequency":null,"local_seo":null,"breadcrumb_settings":null,"limit_modified_date":false,"ai":null,"created":"2023-06-12 16:27:50","updated":"2025-07-11 03:02:24","seo_analyzer_scan_date":null},"aioseo_breadcrumb":"<div class=\"aioseo-breadcrumbs\"><span class=\"aioseo-breadcrumb\">\n\t\t\t<a href=\"https:\/\/newsinfoco.com.br\/inicio\" title=\"In\u00edcio\">In\u00edcio<\/a>\n\t\t<\/span><span class=\"aioseo-breadcrumb-separator\">&raquo;<\/span><span class=\"aioseo-breadcrumb\">\n\t\t\t<a href=\"https:\/\/newsinfoco.com.br\/inicio\/category\/bahia\/\" title=\"Bahia\">Bahia<\/a>\n\t\t<\/span><span class=\"aioseo-breadcrumb-separator\">&raquo;<\/span><span class=\"aioseo-breadcrumb\">\n\t\t\tRui sanciona projeto que isenta inscritos na Tarifa Social de pagar conta de \u00e1gua por 90 dias\n\t\t<\/span><\/div>","aioseo_breadcrumb_json":[{"label":"In\u00edcio","link":"https:\/\/newsinfoco.com.br\/inicio"},{"label":"Bahia","link":"https:\/\/newsinfoco.com.br\/inicio\/category\/bahia\/"},{"label":"Rui sanciona projeto que isenta inscritos na Tarifa Social de pagar conta de \u00e1gua por 90 dias","link":"https:\/\/newsinfoco.com.br\/inicio\/rui-sanciona-projeto-que-isenta-inscritos-na-tarifa-social-de-pagar-conta-de-agua-por-90-dias\/"}],"_links":{"self":[{"href":"https:\/\/newsinfoco.com.br\/inicio\/wp-json\/wp\/v2\/posts\/20873","targetHints":{"allow":["GET"]}}],"collection":[{"href":"https:\/\/newsinfoco.com.br\/inicio\/wp-json\/wp\/v2\/posts"}],"about":[{"href":"https:\/\/newsinfoco.com.br\/inicio\/wp-json\/wp\/v2\/types\/post"}],"author":[{"embeddable":true,"href":"https:\/\/newsinfoco.com.br\/inicio\/wp-json\/wp\/v2\/users\/1"}],"replies":[{"embeddable":true,"href":"https:\/\/newsinfoco.com.br\/inicio\/wp-json\/wp\/v2\/comments?post=20873"}],"version-history":[{"count":0,"href":"https:\/\/newsinfoco.com.br\/inicio\/wp-json\/wp\/v2\/posts\/20873\/revisions"}],"wp:featuredmedia":[{"embeddable":true,"href":"https:\/\/newsinfoco.com.br\/inicio\/wp-json\/wp\/v2\/media\/20874"}],"wp:attachment":[{"href":"https:\/\/newsinfoco.com.br\/inicio\/wp-json\/wp\/v2\/media?parent=20873"}],"wp:term":[{"taxonomy":"category","embeddable":true,"href":"https:\/\/newsinfoco.com.br\/inicio\/wp-json\/wp\/v2\/categories?post=20873"},{"taxonomy":"post_tag","embeddable":true,"href":"https:\/\/newsinfoco.com.br\/inicio\/wp-json\/wp\/v2\/tags?post=20873"}],"curies":[{"name":"wp","href":"https:\/\/api.w.org\/{rel}","templated":true}]}}