{"id":20876,"date":"2020-04-06T18:56:48","date_gmt":"2020-04-06T21:56:48","guid":{"rendered":"http:\/\/newsinfoco.com.br\/?p=20876"},"modified":"2020-04-06T18:56:48","modified_gmt":"2020-04-06T21:56:48","slug":"weintraub-condiciona-pedido-de-desculpas-a-china-a-venda-de-respiradores-ao-brasil","status":"publish","type":"post","link":"https:\/\/newsinfoco.com.br\/inicio\/weintraub-condiciona-pedido-de-desculpas-a-china-a-venda-de-respiradores-ao-brasil\/","title":{"rendered":"Weintraub condiciona pedido de desculpas \u00e0 China a venda de respiradores ao Brasil"},"content":{"rendered":"<p style=\"text-align: justify;\">O ministro da Educa\u00e7\u00e3o, Abraham Weintraub, condicionou o seu pedido de desculpa ao povo chin\u00eas, ap\u00f3s postagem considerada racista em seu perfil oficial no Twitter, a venda de respiradores para o Brasil pelo pa\u00eds asi\u00e1tico. &#8220;Dado que a Embaixada chinesa ficou t\u00e3o ofendida, e eu sei como \u00e9 a negocia\u00e7\u00e3o dos chineses, esse processo cultural, estou extremamente ofendido, venha pedir desculpas de joelhos aqui, (&#8230;) eu vou fazer o seguinte, meu acordo: Eu vou l\u00e1, eu pe\u00e7o desculpas, pe\u00e7o por favor, me perdoem pela minha imbecilidade. A \u00fanica coisa que eu pe\u00e7o \u00e9 que dos 60 mil respiradores que est\u00e3o dispon\u00edveis, eles vendam mil para o MEC, para salvar vida de brasileiros, pelo pre\u00e7o de custo. Manda a embaixada colocar aqui nos meus hospitais, e eu vou l\u00e1 \u00e0 Embaixada e falo &#8216;eu sou um idiota, me desculpem&#8221;, afirmou o ministro em entrevista ao programa do jornalista Jos\u00e9 Luiz Datena, na R\u00e1dio Bandeirantes.<\/p>\n<p style=\"text-align: justify;\">Na entrevista, Weintraub negou que tenha sido preconceituoso e atacou o governo chin\u00eas, afirmando que o pa\u00eds teria retido informa\u00e7\u00f5es sobre a pandemia do novo coronav\u00edrus para agora vender respiradores e equipamentos de prote\u00e7\u00e3o individual, como m\u00e1scaras, a pre\u00e7o de leil\u00e3o, e condicionou um pedido de desculpas \u00e0 venda de 1 mil respiradores da China para o Brasil.<\/p>\n<p style=\"text-align: justify;\">&#8220;O governo da rep\u00fablica chinesa, aonde come\u00e7ou o coronav\u00edrus, poderia ter alertado o mundo inteiro que ia faltar respirador. Que n\u00f3s ter\u00edamos 3 meses para fazer respirador. Isso n\u00e3o foi feito. Agora, que estamos desesperados correndo atr\u00e1s de respirador, o que \u00e9 que acontece? Aparece 60 mil respiradores na China e eles est\u00e3o leiloando. Aparece um monte de equipamento, de prote\u00e7\u00e3o, de m\u00e1scara, e eles est\u00e3o leiloando. Ent\u00e3o assim, teve tempo deles se prepararem para vender para o mundo, pelo pre\u00e7o mais alto, respirador e m\u00e1scara&#8221;, refor\u00e7ou o ministro.<\/p>\n<div class='share-to-whatsapp-wrapper'><div class='share-on-whsp'>Share on: <\/div><a data-text='Weintraub condiciona pedido de desculpas \u00e0 China a venda de respiradores ao Brasil' data-link='https:\/\/newsinfoco.com.br\/inicio\/weintraub-condiciona-pedido-de-desculpas-a-china-a-venda-de-respiradores-ao-brasil\/' class='whatsapp-button whatsapp-share'>WhatsApp<\/a><div class='clear '><\/div><\/div>","protected":false},"excerpt":{"rendered":"<p>O ministro da Educa\u00e7\u00e3o, Abraham Weintraub, condicionou o seu pedido de desculpa ao povo chin\u00eas, ap\u00f3s postagem considerada racista em seu perfil oficial no Twitter, a venda de respiradores para o Brasil pelo pa\u00eds asi\u00e1tico. &#8220;Dado que a Embaixada chinesa ficou t\u00e3o ofendida, e eu sei como \u00e9 a negocia\u00e7\u00e3o dos chineses, esse processo cultural, [&hellip;]<\/p>\n","protected":false},"author":1,"featured_media":20877,"comment_status":"open","ping_status":"open","sticky":false,"template":"","format":"standard","meta":{"om_disable_all_campaigns":false,"rop_custom_images_group":[],"rop_custom_messages_group":[],"rop_publish_now":"initial","rop_publish_now_accounts":[],"rop_publish_now_history":[],"rop_publish_now_status":"pending","_exactmetrics_skip_tracking":false,"footnotes":""},"categories":[21],"tags":[],"class_list":["post-20876","post","type-post","status-publish","format-standard","has-post-thumbnail","hentry","category-brasil"],"aioseo_notices":[],"aioseo_head":"\n\t\t<!-- All in One SEO 4.9.10 - aioseo.com -->\n\t<meta name=\"description\" content=\"O ministro da Educa\u00e7\u00e3o, Abraham Weintraub, condicionou o seu pedido de desculpa ao povo chin\u00eas, ap\u00f3s postagem considerada racista em seu perfil oficial no Twitter, a venda de respiradores para o Brasil pelo pa\u00eds asi\u00e1tico. &quot;Dado que a Embaixada chinesa ficou t\u00e3o ofendida, e eu sei como \u00e9 a negocia\u00e7\u00e3o dos chineses, esse processo cultural,\" \/>\n\t<meta name=\"robots\" content=\"max-image-preview:large\" \/>\n\t<meta name=\"author\" content=\"administrador\"\/>\n\t<link rel=\"canonical\" href=\"https:\/\/newsinfoco.com.br\/inicio\/weintraub-condiciona-pedido-de-desculpas-a-china-a-venda-de-respiradores-ao-brasil\/\" \/>\n\t<meta name=\"generator\" content=\"All in One SEO (AIOSEO) 4.9.10\" \/>\n\t\t<meta property=\"og:locale\" content=\"pt_BR\" \/>\n\t\t<meta property=\"og:site_name\" content=\"News In Foco - Editado por Caio Pimenta - O principal site de noticias de Alagoinhas e regi\u00e3o\" \/>\n\t\t<meta property=\"og:type\" content=\"article\" \/>\n\t\t<meta property=\"og:title\" content=\"Weintraub condiciona pedido de desculpas \u00e0 China a venda de respiradores ao Brasil - News In Foco - Editado por Caio Pimenta\" \/>\n\t\t<meta property=\"og:description\" content=\"O ministro da Educa\u00e7\u00e3o, Abraham Weintraub, condicionou o seu pedido de desculpa ao povo chin\u00eas, ap\u00f3s postagem considerada racista em seu perfil oficial no Twitter, a venda de respiradores para o Brasil pelo pa\u00eds asi\u00e1tico. &quot;Dado que a Embaixada chinesa ficou t\u00e3o ofendida, e eu sei como \u00e9 a negocia\u00e7\u00e3o dos chineses, esse processo cultural,\" \/>\n\t\t<meta property=\"og:url\" content=\"https:\/\/newsinfoco.com.br\/inicio\/weintraub-condiciona-pedido-de-desculpas-a-china-a-venda-de-respiradores-ao-brasil\/\" \/>\n\t\t<meta property=\"article:published_time\" content=\"2020-04-06T21:56:48+00:00\" \/>\n\t\t<meta property=\"article:modified_time\" content=\"2020-04-06T21:56:48+00:00\" \/>\n\t\t<meta name=\"twitter:card\" content=\"summary_large_image\" \/>\n\t\t<meta name=\"twitter:title\" content=\"Weintraub condiciona pedido de desculpas \u00e0 China a venda de respiradores ao Brasil - News In Foco - Editado por Caio Pimenta\" \/>\n\t\t<meta name=\"twitter:description\" content=\"O ministro da Educa\u00e7\u00e3o, Abraham Weintraub, condicionou o seu pedido de desculpa ao povo chin\u00eas, ap\u00f3s postagem considerada racista em seu perfil oficial no Twitter, a venda de respiradores para o Brasil pelo pa\u00eds asi\u00e1tico. &quot;Dado que a Embaixada chinesa ficou t\u00e3o ofendida, e eu sei como \u00e9 a negocia\u00e7\u00e3o dos chineses, esse processo cultural,\" \/>\n\t\t<script type=\"application\/ld+json\" class=\"aioseo-schema\">\n\t\t\t{\"@context\":\"https:\\\/\\\/schema.org\",\"@graph\":[{\"@type\":\"BlogPosting\",\"@id\":\"https:\\\/\\\/newsinfoco.com.br\\\/inicio\\\/weintraub-condiciona-pedido-de-desculpas-a-china-a-venda-de-respiradores-ao-brasil\\\/#blogposting\",\"name\":\"Weintraub condiciona pedido de desculpas \\u00e0 China a venda de respiradores ao Brasil - News In Foco - Editado por Caio Pimenta\",\"headline\":\"Weintraub condiciona pedido de desculpas \\u00e0 China a venda de respiradores ao Brasil\",\"author\":{\"@id\":\"https:\\\/\\\/newsinfoco.com.br\\\/inicio\\\/author\\\/administrador\\\/#author\"},\"publisher\":{\"@id\":\"https:\\\/\\\/newsinfoco.com.br\\\/inicio\\\/#organization\"},\"image\":{\"@type\":\"ImageObject\",\"url\":\"https:\\\/\\\/newsinfoco.com.br\\\/inicio\\\/wp-content\\\/uploads\\\/2020\\\/04\\\/IMAGEM_NOTICIA_5-5.jpg\",\"width\":380,\"height\":280},\"datePublished\":\"2020-04-06T18:56:48-03:00\",\"dateModified\":\"2020-04-06T18:56:48-03:00\",\"inLanguage\":\"pt-BR\",\"mainEntityOfPage\":{\"@id\":\"https:\\\/\\\/newsinfoco.com.br\\\/inicio\\\/weintraub-condiciona-pedido-de-desculpas-a-china-a-venda-de-respiradores-ao-brasil\\\/#webpage\"},\"isPartOf\":{\"@id\":\"https:\\\/\\\/newsinfoco.com.br\\\/inicio\\\/weintraub-condiciona-pedido-de-desculpas-a-china-a-venda-de-respiradores-ao-brasil\\\/#webpage\"},\"articleSection\":\"Brasil\"},{\"@type\":\"BreadcrumbList\",\"@id\":\"https:\\\/\\\/newsinfoco.com.br\\\/inicio\\\/weintraub-condiciona-pedido-de-desculpas-a-china-a-venda-de-respiradores-ao-brasil\\\/#breadcrumblist\",\"itemListElement\":[{\"@type\":\"ListItem\",\"@id\":\"https:\\\/\\\/newsinfoco.com.br\\\/inicio#listItem\",\"position\":1,\"name\":\"In\\u00edcio\",\"item\":\"https:\\\/\\\/newsinfoco.com.br\\\/inicio\",\"nextItem\":{\"@type\":\"ListItem\",\"@id\":\"https:\\\/\\\/newsinfoco.com.br\\\/inicio\\\/category\\\/brasil\\\/#listItem\",\"name\":\"Brasil\"}},{\"@type\":\"ListItem\",\"@id\":\"https:\\\/\\\/newsinfoco.com.br\\\/inicio\\\/category\\\/brasil\\\/#listItem\",\"position\":2,\"name\":\"Brasil\",\"item\":\"https:\\\/\\\/newsinfoco.com.br\\\/inicio\\\/category\\\/brasil\\\/\",\"nextItem\":{\"@type\":\"ListItem\",\"@id\":\"https:\\\/\\\/newsinfoco.com.br\\\/inicio\\\/weintraub-condiciona-pedido-de-desculpas-a-china-a-venda-de-respiradores-ao-brasil\\\/#listItem\",\"name\":\"Weintraub condiciona pedido de desculpas \\u00e0 China a venda de respiradores ao Brasil\"},\"previousItem\":{\"@type\":\"ListItem\",\"@id\":\"https:\\\/\\\/newsinfoco.com.br\\\/inicio#listItem\",\"name\":\"In\\u00edcio\"}},{\"@type\":\"ListItem\",\"@id\":\"https:\\\/\\\/newsinfoco.com.br\\\/inicio\\\/weintraub-condiciona-pedido-de-desculpas-a-china-a-venda-de-respiradores-ao-brasil\\\/#listItem\",\"position\":3,\"name\":\"Weintraub condiciona pedido de desculpas \\u00e0 China a venda de respiradores ao Brasil\",\"previousItem\":{\"@type\":\"ListItem\",\"@id\":\"https:\\\/\\\/newsinfoco.com.br\\\/inicio\\\/category\\\/brasil\\\/#listItem\",\"name\":\"Brasil\"}}]},{\"@type\":\"Organization\",\"@id\":\"https:\\\/\\\/newsinfoco.com.br\\\/inicio\\\/#organization\",\"name\":\"News In Foco - Editado por Caio Pimenta\",\"description\":\"O principal site de noticias de Alagoinhas e regi\\u00e3o\",\"url\":\"https:\\\/\\\/newsinfoco.com.br\\\/inicio\\\/\"},{\"@type\":\"Person\",\"@id\":\"https:\\\/\\\/newsinfoco.com.br\\\/inicio\\\/author\\\/administrador\\\/#author\",\"url\":\"https:\\\/\\\/newsinfoco.com.br\\\/inicio\\\/author\\\/administrador\\\/\",\"name\":\"administrador\",\"image\":{\"@type\":\"ImageObject\",\"@id\":\"https:\\\/\\\/newsinfoco.com.br\\\/inicio\\\/weintraub-condiciona-pedido-de-desculpas-a-china-a-venda-de-respiradores-ao-brasil\\\/#authorImage\",\"url\":\"https:\\\/\\\/secure.gravatar.com\\\/avatar\\\/c17a617433de8c1dc9584bb79aab7563b46f5bb7e1728c9b17d9cc3ce6a08e49?s=96&d=mm&r=g\",\"width\":96,\"height\":96,\"caption\":\"administrador\"}},{\"@type\":\"WebPage\",\"@id\":\"https:\\\/\\\/newsinfoco.com.br\\\/inicio\\\/weintraub-condiciona-pedido-de-desculpas-a-china-a-venda-de-respiradores-ao-brasil\\\/#webpage\",\"url\":\"https:\\\/\\\/newsinfoco.com.br\\\/inicio\\\/weintraub-condiciona-pedido-de-desculpas-a-china-a-venda-de-respiradores-ao-brasil\\\/\",\"name\":\"Weintraub condiciona pedido de desculpas \\u00e0 China a venda de respiradores ao Brasil - News In Foco - Editado por Caio Pimenta\",\"description\":\"O ministro da Educa\\u00e7\\u00e3o, Abraham Weintraub, condicionou o seu pedido de desculpa ao povo chin\\u00eas, ap\\u00f3s postagem considerada racista em seu perfil oficial no Twitter, a venda de respiradores para o Brasil pelo pa\\u00eds asi\\u00e1tico. \\\"Dado que a Embaixada chinesa ficou t\\u00e3o ofendida, e eu sei como \\u00e9 a negocia\\u00e7\\u00e3o dos chineses, esse processo cultural,\",\"inLanguage\":\"pt-BR\",\"isPartOf\":{\"@id\":\"https:\\\/\\\/newsinfoco.com.br\\\/inicio\\\/#website\"},\"breadcrumb\":{\"@id\":\"https:\\\/\\\/newsinfoco.com.br\\\/inicio\\\/weintraub-condiciona-pedido-de-desculpas-a-china-a-venda-de-respiradores-ao-brasil\\\/#breadcrumblist\"},\"author\":{\"@id\":\"https:\\\/\\\/newsinfoco.com.br\\\/inicio\\\/author\\\/administrador\\\/#author\"},\"creator\":{\"@id\":\"https:\\\/\\\/newsinfoco.com.br\\\/inicio\\\/author\\\/administrador\\\/#author\"},\"image\":{\"@type\":\"ImageObject\",\"url\":\"https:\\\/\\\/newsinfoco.com.br\\\/inicio\\\/wp-content\\\/uploads\\\/2020\\\/04\\\/IMAGEM_NOTICIA_5-5.jpg\",\"@id\":\"https:\\\/\\\/newsinfoco.com.br\\\/inicio\\\/weintraub-condiciona-pedido-de-desculpas-a-china-a-venda-de-respiradores-ao-brasil\\\/#mainImage\",\"width\":380,\"height\":280},\"primaryImageOfPage\":{\"@id\":\"https:\\\/\\\/newsinfoco.com.br\\\/inicio\\\/weintraub-condiciona-pedido-de-desculpas-a-china-a-venda-de-respiradores-ao-brasil\\\/#mainImage\"},\"datePublished\":\"2020-04-06T18:56:48-03:00\",\"dateModified\":\"2020-04-06T18:56:48-03:00\"},{\"@type\":\"WebSite\",\"@id\":\"https:\\\/\\\/newsinfoco.com.br\\\/inicio\\\/#website\",\"url\":\"https:\\\/\\\/newsinfoco.com.br\\\/inicio\\\/\",\"name\":\"News In Foco - Editado por Caio Pimenta\",\"description\":\"O principal site de noticias de Alagoinhas e regi\\u00e3o\",\"inLanguage\":\"pt-BR\",\"publisher\":{\"@id\":\"https:\\\/\\\/newsinfoco.com.br\\\/inicio\\\/#organization\"}}]}\n\t\t<\/script>\n\t\t<!-- All in One SEO -->\n\n","aioseo_head_json":{"title":"Weintraub condiciona pedido de desculpas \u00e0 China a venda de respiradores ao Brasil - News In Foco - Editado por Caio Pimenta","description":"O ministro da Educa\u00e7\u00e3o, Abraham Weintraub, condicionou o seu pedido de desculpa ao povo chin\u00eas, ap\u00f3s postagem considerada racista em seu perfil oficial no Twitter, a venda de respiradores para o Brasil pelo pa\u00eds asi\u00e1tico. \"Dado que a Embaixada chinesa ficou t\u00e3o ofendida, e eu sei como \u00e9 a negocia\u00e7\u00e3o dos chineses, esse processo cultural,","canonical_url":"https:\/\/newsinfoco.com.br\/inicio\/weintraub-condiciona-pedido-de-desculpas-a-china-a-venda-de-respiradores-ao-brasil\/","robots":"max-image-preview:large","keywords":"","webmasterTools":{"miscellaneous":""},"schema":{"@context":"https:\/\/schema.org","@graph":[{"@type":"BlogPosting","@id":"https:\/\/newsinfoco.com.br\/inicio\/weintraub-condiciona-pedido-de-desculpas-a-china-a-venda-de-respiradores-ao-brasil\/#blogposting","name":"Weintraub condiciona pedido de desculpas \u00e0 China a venda de respiradores ao Brasil - News In Foco - Editado por Caio Pimenta","headline":"Weintraub condiciona pedido de desculpas \u00e0 China a venda de respiradores ao Brasil","author":{"@id":"https:\/\/newsinfoco.com.br\/inicio\/author\/administrador\/#author"},"publisher":{"@id":"https:\/\/newsinfoco.com.br\/inicio\/#organization"},"image":{"@type":"ImageObject","url":"https:\/\/newsinfoco.com.br\/inicio\/wp-content\/uploads\/2020\/04\/IMAGEM_NOTICIA_5-5.jpg","width":380,"height":280},"datePublished":"2020-04-06T18:56:48-03:00","dateModified":"2020-04-06T18:56:48-03:00","inLanguage":"pt-BR","mainEntityOfPage":{"@id":"https:\/\/newsinfoco.com.br\/inicio\/weintraub-condiciona-pedido-de-desculpas-a-china-a-venda-de-respiradores-ao-brasil\/#webpage"},"isPartOf":{"@id":"https:\/\/newsinfoco.com.br\/inicio\/weintraub-condiciona-pedido-de-desculpas-a-china-a-venda-de-respiradores-ao-brasil\/#webpage"},"articleSection":"Brasil"},{"@type":"BreadcrumbList","@id":"https:\/\/newsinfoco.com.br\/inicio\/weintraub-condiciona-pedido-de-desculpas-a-china-a-venda-de-respiradores-ao-brasil\/#breadcrumblist","itemListElement":[{"@type":"ListItem","@id":"https:\/\/newsinfoco.com.br\/inicio#listItem","position":1,"name":"In\u00edcio","item":"https:\/\/newsinfoco.com.br\/inicio","nextItem":{"@type":"ListItem","@id":"https:\/\/newsinfoco.com.br\/inicio\/category\/brasil\/#listItem","name":"Brasil"}},{"@type":"ListItem","@id":"https:\/\/newsinfoco.com.br\/inicio\/category\/brasil\/#listItem","position":2,"name":"Brasil","item":"https:\/\/newsinfoco.com.br\/inicio\/category\/brasil\/","nextItem":{"@type":"ListItem","@id":"https:\/\/newsinfoco.com.br\/inicio\/weintraub-condiciona-pedido-de-desculpas-a-china-a-venda-de-respiradores-ao-brasil\/#listItem","name":"Weintraub condiciona pedido de desculpas \u00e0 China a venda de respiradores ao Brasil"},"previousItem":{"@type":"ListItem","@id":"https:\/\/newsinfoco.com.br\/inicio#listItem","name":"In\u00edcio"}},{"@type":"ListItem","@id":"https:\/\/newsinfoco.com.br\/inicio\/weintraub-condiciona-pedido-de-desculpas-a-china-a-venda-de-respiradores-ao-brasil\/#listItem","position":3,"name":"Weintraub condiciona pedido de desculpas \u00e0 China a venda de respiradores ao Brasil","previousItem":{"@type":"ListItem","@id":"https:\/\/newsinfoco.com.br\/inicio\/category\/brasil\/#listItem","name":"Brasil"}}]},{"@type":"Organization","@id":"https:\/\/newsinfoco.com.br\/inicio\/#organization","name":"News In Foco - Editado por Caio Pimenta","description":"O principal site de noticias de Alagoinhas e regi\u00e3o","url":"https:\/\/newsinfoco.com.br\/inicio\/"},{"@type":"Person","@id":"https:\/\/newsinfoco.com.br\/inicio\/author\/administrador\/#author","url":"https:\/\/newsinfoco.com.br\/inicio\/author\/administrador\/","name":"administrador","image":{"@type":"ImageObject","@id":"https:\/\/newsinfoco.com.br\/inicio\/weintraub-condiciona-pedido-de-desculpas-a-china-a-venda-de-respiradores-ao-brasil\/#authorImage","url":"https:\/\/secure.gravatar.com\/avatar\/c17a617433de8c1dc9584bb79aab7563b46f5bb7e1728c9b17d9cc3ce6a08e49?s=96&d=mm&r=g","width":96,"height":96,"caption":"administrador"}},{"@type":"WebPage","@id":"https:\/\/newsinfoco.com.br\/inicio\/weintraub-condiciona-pedido-de-desculpas-a-china-a-venda-de-respiradores-ao-brasil\/#webpage","url":"https:\/\/newsinfoco.com.br\/inicio\/weintraub-condiciona-pedido-de-desculpas-a-china-a-venda-de-respiradores-ao-brasil\/","name":"Weintraub condiciona pedido de desculpas \u00e0 China a venda de respiradores ao Brasil - News In Foco - Editado por Caio Pimenta","description":"O ministro da Educa\u00e7\u00e3o, Abraham Weintraub, condicionou o seu pedido de desculpa ao povo chin\u00eas, ap\u00f3s postagem considerada racista em seu perfil oficial no Twitter, a venda de respiradores para o Brasil pelo pa\u00eds asi\u00e1tico. \"Dado que a Embaixada chinesa ficou t\u00e3o ofendida, e eu sei como \u00e9 a negocia\u00e7\u00e3o dos chineses, esse processo cultural,","inLanguage":"pt-BR","isPartOf":{"@id":"https:\/\/newsinfoco.com.br\/inicio\/#website"},"breadcrumb":{"@id":"https:\/\/newsinfoco.com.br\/inicio\/weintraub-condiciona-pedido-de-desculpas-a-china-a-venda-de-respiradores-ao-brasil\/#breadcrumblist"},"author":{"@id":"https:\/\/newsinfoco.com.br\/inicio\/author\/administrador\/#author"},"creator":{"@id":"https:\/\/newsinfoco.com.br\/inicio\/author\/administrador\/#author"},"image":{"@type":"ImageObject","url":"https:\/\/newsinfoco.com.br\/inicio\/wp-content\/uploads\/2020\/04\/IMAGEM_NOTICIA_5-5.jpg","@id":"https:\/\/newsinfoco.com.br\/inicio\/weintraub-condiciona-pedido-de-desculpas-a-china-a-venda-de-respiradores-ao-brasil\/#mainImage","width":380,"height":280},"primaryImageOfPage":{"@id":"https:\/\/newsinfoco.com.br\/inicio\/weintraub-condiciona-pedido-de-desculpas-a-china-a-venda-de-respiradores-ao-brasil\/#mainImage"},"datePublished":"2020-04-06T18:56:48-03:00","dateModified":"2020-04-06T18:56:48-03:00"},{"@type":"WebSite","@id":"https:\/\/newsinfoco.com.br\/inicio\/#website","url":"https:\/\/newsinfoco.com.br\/inicio\/","name":"News In Foco - Editado por Caio Pimenta","description":"O principal site de noticias de Alagoinhas e regi\u00e3o","inLanguage":"pt-BR","publisher":{"@id":"https:\/\/newsinfoco.com.br\/inicio\/#organization"}}]},"og:locale":"pt_BR","og:site_name":"News In Foco - Editado por Caio Pimenta - O principal site de noticias de Alagoinhas e regi\u00e3o","og:type":"article","og:title":"Weintraub condiciona pedido de desculpas \u00e0 China a venda de respiradores ao Brasil - News In Foco - Editado por Caio Pimenta","og:description":"O ministro da Educa\u00e7\u00e3o, Abraham Weintraub, condicionou o seu pedido de desculpa ao povo chin\u00eas, ap\u00f3s postagem considerada racista em seu perfil oficial no Twitter, a venda de respiradores para o Brasil pelo pa\u00eds asi\u00e1tico. &quot;Dado que a Embaixada chinesa ficou t\u00e3o ofendida, e eu sei como \u00e9 a negocia\u00e7\u00e3o dos chineses, esse processo cultural,","og:url":"https:\/\/newsinfoco.com.br\/inicio\/weintraub-condiciona-pedido-de-desculpas-a-china-a-venda-de-respiradores-ao-brasil\/","article:published_time":"2020-04-06T21:56:48+00:00","article:modified_time":"2020-04-06T21:56:48+00:00","twitter:card":"summary_large_image","twitter:title":"Weintraub condiciona pedido de desculpas \u00e0 China a venda de respiradores ao Brasil - News In Foco - Editado por Caio Pimenta","twitter:description":"O ministro da Educa\u00e7\u00e3o, Abraham Weintraub, condicionou o seu pedido de desculpa ao povo chin\u00eas, ap\u00f3s postagem considerada racista em seu perfil oficial no Twitter, a venda de respiradores para o Brasil pelo pa\u00eds asi\u00e1tico. &quot;Dado que a Embaixada chinesa ficou t\u00e3o ofendida, e eu sei como \u00e9 a negocia\u00e7\u00e3o dos chineses, esse processo cultural,"},"aioseo_meta_data":{"post_id":"20876","title":null,"description":null,"keywords":null,"keyphrases":null,"primary_term":null,"canonical_url":null,"og_title":null,"og_description":null,"og_object_type":"default","og_image_type":"default","og_image_url":null,"og_image_width":null,"og_image_height":null,"og_image_custom_url":null,"og_image_custom_fields":null,"og_video":null,"og_custom_url":null,"og_article_section":null,"og_article_tags":null,"twitter_use_og":false,"twitter_card":"default","twitter_image_type":"default","twitter_image_url":null,"twitter_image_custom_url":null,"twitter_image_custom_fields":null,"twitter_title":null,"twitter_description":null,"schema":{"blockGraphs":[],"customGraphs":[],"default":{"data":{"Article":[],"Course":[],"Dataset":[],"FAQPage":[],"Movie":[],"Person":[],"Product":[],"ProductReview":[],"Car":[],"Recipe":[],"Service":[],"SoftwareApplication":[],"WebPage":[]},"graphName":"","isEnabled":true},"graphs":[]},"schema_type":"default","schema_type_options":null,"pillar_content":false,"robots_default":true,"robots_noindex":false,"robots_noarchive":false,"robots_nosnippet":false,"robots_nofollow":false,"robots_noimageindex":false,"robots_noodp":false,"robots_notranslate":false,"robots_max_snippet":null,"robots_max_videopreview":null,"robots_max_imagepreview":"large","priority":null,"frequency":null,"local_seo":null,"breadcrumb_settings":null,"limit_modified_date":false,"ai":null,"created":"2023-06-12 16:27:50","updated":"2025-07-11 03:02:24","seo_analyzer_scan_date":null},"aioseo_breadcrumb":"<div class=\"aioseo-breadcrumbs\"><span class=\"aioseo-breadcrumb\">\n\t\t\t<a href=\"https:\/\/newsinfoco.com.br\/inicio\" title=\"In\u00edcio\">In\u00edcio<\/a>\n\t\t<\/span><span class=\"aioseo-breadcrumb-separator\">&raquo;<\/span><span class=\"aioseo-breadcrumb\">\n\t\t\t<a href=\"https:\/\/newsinfoco.com.br\/inicio\/category\/brasil\/\" title=\"Brasil\">Brasil<\/a>\n\t\t<\/span><span class=\"aioseo-breadcrumb-separator\">&raquo;<\/span><span class=\"aioseo-breadcrumb\">\n\t\t\tWeintraub condiciona pedido de desculpas \u00e0 China a venda de respiradores ao Brasil\n\t\t<\/span><\/div>","aioseo_breadcrumb_json":[{"label":"In\u00edcio","link":"https:\/\/newsinfoco.com.br\/inicio"},{"label":"Brasil","link":"https:\/\/newsinfoco.com.br\/inicio\/category\/brasil\/"},{"label":"Weintraub condiciona pedido de desculpas \u00e0 China a venda de respiradores ao Brasil","link":"https:\/\/newsinfoco.com.br\/inicio\/weintraub-condiciona-pedido-de-desculpas-a-china-a-venda-de-respiradores-ao-brasil\/"}],"_links":{"self":[{"href":"https:\/\/newsinfoco.com.br\/inicio\/wp-json\/wp\/v2\/posts\/20876","targetHints":{"allow":["GET"]}}],"collection":[{"href":"https:\/\/newsinfoco.com.br\/inicio\/wp-json\/wp\/v2\/posts"}],"about":[{"href":"https:\/\/newsinfoco.com.br\/inicio\/wp-json\/wp\/v2\/types\/post"}],"author":[{"embeddable":true,"href":"https:\/\/newsinfoco.com.br\/inicio\/wp-json\/wp\/v2\/users\/1"}],"replies":[{"embeddable":true,"href":"https:\/\/newsinfoco.com.br\/inicio\/wp-json\/wp\/v2\/comments?post=20876"}],"version-history":[{"count":0,"href":"https:\/\/newsinfoco.com.br\/inicio\/wp-json\/wp\/v2\/posts\/20876\/revisions"}],"wp:featuredmedia":[{"embeddable":true,"href":"https:\/\/newsinfoco.com.br\/inicio\/wp-json\/wp\/v2\/media\/20877"}],"wp:attachment":[{"href":"https:\/\/newsinfoco.com.br\/inicio\/wp-json\/wp\/v2\/media?parent=20876"}],"wp:term":[{"taxonomy":"category","embeddable":true,"href":"https:\/\/newsinfoco.com.br\/inicio\/wp-json\/wp\/v2\/categories?post=20876"},{"taxonomy":"post_tag","embeddable":true,"href":"https:\/\/newsinfoco.com.br\/inicio\/wp-json\/wp\/v2\/tags?post=20876"}],"curies":[{"name":"wp","href":"https:\/\/api.w.org\/{rel}","templated":true}]}}