{"id":20879,"date":"2020-04-09T11:29:57","date_gmt":"2020-04-09T14:29:57","guid":{"rendered":"http:\/\/newsinfoco.com.br\/?p=20879"},"modified":"2020-04-09T11:34:20","modified_gmt":"2020-04-09T14:34:20","slug":"paulo-azi-e-a-arquitetura-do-golpe-sobre-paulo-cezar-por-caio-pimenta","status":"publish","type":"post","link":"https:\/\/newsinfoco.com.br\/inicio\/paulo-azi-e-a-arquitetura-do-golpe-sobre-paulo-cezar-por-caio-pimenta\/","title":{"rendered":"Paulo Azi e a &#8216;arquitetura do golpe&#8217; sobre Paulo Cezar &#8211; Por Caio Pimenta"},"content":{"rendered":"<p style=\"text-align: justify;\">Amigo leitor, que o pr\u00e9-candidato a prefeitura de Alagoinhas, Paulo Cezar, \u00e9 o franco favorito para vencer as elei\u00e7\u00f5es deste ano, todo mundo sabe. Todas as pesquisas feitas at\u00e9 aqui indicam isso, apesar dos ind\u00edcios de irregularidades que pairam sob sua gest\u00e3o e do processo que responde por, supostamente, estar envolvido em um esquema de contratos fraudulentos no transporte escolar no seu governo. Paulo Cezar \u00e9 querido pela popula\u00e7\u00e3o, \u00e9 \u00e9 uma figura popular.<\/p>\n<p style=\"text-align: justify;\">Sendo praticamente o oposto, o deputado Paulo Azi, at\u00e9 aqui, tem tido uma carreira em que n\u00e3o aprece ligado em casos de corrup\u00e7\u00e3o, mas seu nome \u00e9 pesado, &#8216;um conteiner&#8217; diria o prefeito Joaquim Neto, \u00e9 impopular. Teve dificuldades na \u00faltima elei\u00e7\u00e3o para conseguir pouco mais de 6000 votos na cidade e tem que viver escorado em figuras populares para poder estar, de alguma forma, em contato com o poder em Alagoinhas. \u00c9 ai que surge seu interesse na candidatura Paulo Cezar.<\/p>\n<p style=\"text-align: justify;\">Envolto em um processo, como dito anteriormente, Paulo Cezar pode ganhar a elei\u00e7\u00e3o, mas ser demovido do cargo, caso haja condena\u00e7\u00e3o em instancia superior. Durante o processo de negocia\u00e7\u00e3o entre Pulo Cezar e o DEM foi bastante divulgado pela imprensa o interesse do deputado Paulo Azi em indicar o vice na chapa. Caso PC caia, assumiria um homem de confian\u00e7a do deputado, \u00e9 a forma que Paulo Azi teria para chegar ao poder, mesmo sem ter voto. \u00c9 o que nos bastidores est\u00e3o a chamar de &#8216;arquitetura do golpe&#8217;.<\/p>\n<p style=\"text-align: justify;\">A situa\u00e7\u00e3o de Paulo Cezar n\u00e3o \u00e9 nada confort\u00e1vel. Na cidade, juristas e advogados j\u00e1 d\u00e3o como certa sua condena\u00e7\u00e3o, que j\u00e1 est\u00e1 na mesa do juiz para senten\u00e7a. Em alguns c\u00edrculos, advogados j\u00e1 discutem at\u00e9 quantos anos de pena PC levaria, tamanha a certeza de sua condena\u00e7\u00e3o.<\/p>\n<p style=\"text-align: justify;\">Por outro lado, a influencia do dep. Paulo Azi em Brasilia tem sido sentida em v\u00e1rias ocasi\u00f5es. Se por aqui n\u00e3o conta com com a simpatia da maioria da popula\u00e7\u00e3o, que o enxerga como simbolo da velha politica, em Brasilia demonstra ter uma rede de contatos capaz de levar at\u00e9 seus prefeitos aliados verbas e recursos. Sua influencia se estende inclusive ao Tribunal Regional Federal da 1\u00ba Regi\u00e3o, \u00f3rg\u00e3o colegiado a quem caber\u00e1 analisar um poss\u00edvel recurso no processo em que Paulo Cezar \u00e9 r\u00e9u.<\/p>\n<p style=\"text-align: justify;\">Esta influencia ficou clara, quando o deputado conseguiu demover a ideia do Tribunal de retirar de Alagoinhas a subse\u00e7\u00e3o judici\u00e1ria aqui instalada. O sinal vermelho est\u00e1 aceso para Paulo Cezar e em seu \u00edntimo ele teme a possibilidade da &#8216;arquitetura do golpe&#8217; sob si. Ele sabe que de uma form ou de outra, poderia o dep. Paulo Azi acelerar o processo para sua derrocada.<\/p>\n<p style=\"text-align: justify;\">Preterido pelo governador Rui Costa, Paulo Cezar n\u00e3o teve outra alternativa a n\u00e3o ser aceitar o convite de Paulo Azi e orbitar no grupo de ACM Neto. Por\u00e9m, o inimigo pode estar morando mais ao lado do que ele imagina.<\/p>\n<p style=\"text-align: justify;\"><strong>Caio Pimenta \u00e9 Bacharel em Direito, radialista, comentarista do Programa Primeira M\u00e3o da r\u00e1dio Ouro Negro FM 100,5 FM e r\u00e1dio 2 de Julho. Ele tamb\u00e9m \u00e9 editor-chefe do site News Infoco<\/strong><\/p>\n<div class='share-to-whatsapp-wrapper'><div class='share-on-whsp'>Share on: <\/div><a data-text='Paulo Azi e a 'arquitetura do golpe' sobre Paulo Cezar - Por Caio Pimenta' data-link='https:\/\/newsinfoco.com.br\/inicio\/paulo-azi-e-a-arquitetura-do-golpe-sobre-paulo-cezar-por-caio-pimenta\/' class='whatsapp-button whatsapp-share'>WhatsApp<\/a><div class='clear '><\/div><\/div>","protected":false},"excerpt":{"rendered":"<p>Amigo leitor, que o pr\u00e9-candidato a prefeitura de Alagoinhas, Paulo Cezar, \u00e9 o franco favorito para vencer as elei\u00e7\u00f5es deste ano, todo mundo sabe. Todas as pesquisas feitas at\u00e9 aqui indicam isso, apesar dos ind\u00edcios de irregularidades que pairam sob sua gest\u00e3o e do processo que responde por, supostamente, estar envolvido em um esquema de [&hellip;]<\/p>\n","protected":false},"author":1,"featured_media":18094,"comment_status":"open","ping_status":"open","sticky":false,"template":"","format":"standard","meta":{"om_disable_all_campaigns":false,"rop_custom_images_group":[],"rop_custom_messages_group":[],"rop_publish_now":"initial","rop_publish_now_accounts":[],"rop_publish_now_history":[],"rop_publish_now_status":"pending","_exactmetrics_skip_tracking":false,"footnotes":""},"categories":[26],"tags":[],"class_list":["post-20879","post","type-post","status-publish","format-standard","has-post-thumbnail","hentry","category-caio-pimenta"],"aioseo_notices":[],"aioseo_head":"\n\t\t<!-- All in One SEO 4.9.10 - aioseo.com -->\n\t<meta name=\"description\" content=\"Amigo leitor, que o pr\u00e9-candidato a prefeitura de Alagoinhas, Paulo Cezar, \u00e9 o franco favorito para vencer as elei\u00e7\u00f5es deste ano, todo mundo sabe. Todas as pesquisas feitas at\u00e9 aqui indicam isso, apesar dos ind\u00edcios de irregularidades que pairam sob sua gest\u00e3o e do processo que responde por, supostamente, estar envolvido em um esquema de\" \/>\n\t<meta name=\"robots\" content=\"max-image-preview:large\" \/>\n\t<meta name=\"author\" content=\"administrador\"\/>\n\t<link rel=\"canonical\" href=\"https:\/\/newsinfoco.com.br\/inicio\/paulo-azi-e-a-arquitetura-do-golpe-sobre-paulo-cezar-por-caio-pimenta\/\" \/>\n\t<meta name=\"generator\" content=\"All in One SEO (AIOSEO) 4.9.10\" \/>\n\t\t<meta property=\"og:locale\" content=\"pt_BR\" \/>\n\t\t<meta property=\"og:site_name\" content=\"News In Foco - Editado por Caio Pimenta - O principal site de noticias de Alagoinhas e regi\u00e3o\" \/>\n\t\t<meta property=\"og:type\" content=\"article\" \/>\n\t\t<meta property=\"og:title\" content=\"Paulo Azi e a \u2018arquitetura do golpe\u2019 sobre Paulo Cezar \u2013 Por Caio Pimenta - News In Foco - Editado por Caio Pimenta\" \/>\n\t\t<meta property=\"og:description\" content=\"Amigo leitor, que o pr\u00e9-candidato a prefeitura de Alagoinhas, Paulo Cezar, \u00e9 o franco favorito para vencer as elei\u00e7\u00f5es deste ano, todo mundo sabe. Todas as pesquisas feitas at\u00e9 aqui indicam isso, apesar dos ind\u00edcios de irregularidades que pairam sob sua gest\u00e3o e do processo que responde por, supostamente, estar envolvido em um esquema de\" \/>\n\t\t<meta property=\"og:url\" content=\"https:\/\/newsinfoco.com.br\/inicio\/paulo-azi-e-a-arquitetura-do-golpe-sobre-paulo-cezar-por-caio-pimenta\/\" \/>\n\t\t<meta property=\"article:published_time\" content=\"2020-04-09T14:29:57+00:00\" \/>\n\t\t<meta property=\"article:modified_time\" content=\"2020-04-09T14:34:20+00:00\" \/>\n\t\t<meta name=\"twitter:card\" content=\"summary_large_image\" \/>\n\t\t<meta name=\"twitter:title\" content=\"Paulo Azi e a \u2018arquitetura do golpe\u2019 sobre Paulo Cezar \u2013 Por Caio Pimenta - News In Foco - Editado por Caio Pimenta\" \/>\n\t\t<meta name=\"twitter:description\" content=\"Amigo leitor, que o pr\u00e9-candidato a prefeitura de Alagoinhas, Paulo Cezar, \u00e9 o franco favorito para vencer as elei\u00e7\u00f5es deste ano, todo mundo sabe. Todas as pesquisas feitas at\u00e9 aqui indicam isso, apesar dos ind\u00edcios de irregularidades que pairam sob sua gest\u00e3o e do processo que responde por, supostamente, estar envolvido em um esquema de\" \/>\n\t\t<script type=\"application\/ld+json\" class=\"aioseo-schema\">\n\t\t\t{\"@context\":\"https:\\\/\\\/schema.org\",\"@graph\":[{\"@type\":\"BlogPosting\",\"@id\":\"https:\\\/\\\/newsinfoco.com.br\\\/inicio\\\/paulo-azi-e-a-arquitetura-do-golpe-sobre-paulo-cezar-por-caio-pimenta\\\/#blogposting\",\"name\":\"Paulo Azi e a \\u2018arquitetura do golpe\\u2019 sobre Paulo Cezar \\u2013 Por Caio Pimenta - News In Foco - Editado por Caio Pimenta\",\"headline\":\"Paulo Azi e a &#8216;arquitetura do golpe&#8217; sobre Paulo Cezar &#8211; Por Caio Pimenta\",\"author\":{\"@id\":\"https:\\\/\\\/newsinfoco.com.br\\\/inicio\\\/author\\\/administrador\\\/#author\"},\"publisher\":{\"@id\":\"https:\\\/\\\/newsinfoco.com.br\\\/inicio\\\/#organization\"},\"image\":{\"@type\":\"ImageObject\",\"url\":\"https:\\\/\\\/newsinfoco.com.br\\\/inicio\\\/wp-content\\\/uploads\\\/2019\\\/10\\\/caio-pimenta.jpg\",\"width\":800,\"height\":600,\"caption\":\"Caio Pimenta\"},\"datePublished\":\"2020-04-09T11:29:57-03:00\",\"dateModified\":\"2020-04-09T11:34:20-03:00\",\"inLanguage\":\"pt-BR\",\"mainEntityOfPage\":{\"@id\":\"https:\\\/\\\/newsinfoco.com.br\\\/inicio\\\/paulo-azi-e-a-arquitetura-do-golpe-sobre-paulo-cezar-por-caio-pimenta\\\/#webpage\"},\"isPartOf\":{\"@id\":\"https:\\\/\\\/newsinfoco.com.br\\\/inicio\\\/paulo-azi-e-a-arquitetura-do-golpe-sobre-paulo-cezar-por-caio-pimenta\\\/#webpage\"},\"articleSection\":\"Caio Pimenta\"},{\"@type\":\"BreadcrumbList\",\"@id\":\"https:\\\/\\\/newsinfoco.com.br\\\/inicio\\\/paulo-azi-e-a-arquitetura-do-golpe-sobre-paulo-cezar-por-caio-pimenta\\\/#breadcrumblist\",\"itemListElement\":[{\"@type\":\"ListItem\",\"@id\":\"https:\\\/\\\/newsinfoco.com.br\\\/inicio#listItem\",\"position\":1,\"name\":\"In\\u00edcio\",\"item\":\"https:\\\/\\\/newsinfoco.com.br\\\/inicio\",\"nextItem\":{\"@type\":\"ListItem\",\"@id\":\"https:\\\/\\\/newsinfoco.com.br\\\/inicio\\\/category\\\/caio-pimenta\\\/#listItem\",\"name\":\"Caio Pimenta\"}},{\"@type\":\"ListItem\",\"@id\":\"https:\\\/\\\/newsinfoco.com.br\\\/inicio\\\/category\\\/caio-pimenta\\\/#listItem\",\"position\":2,\"name\":\"Caio Pimenta\",\"item\":\"https:\\\/\\\/newsinfoco.com.br\\\/inicio\\\/category\\\/caio-pimenta\\\/\",\"nextItem\":{\"@type\":\"ListItem\",\"@id\":\"https:\\\/\\\/newsinfoco.com.br\\\/inicio\\\/paulo-azi-e-a-arquitetura-do-golpe-sobre-paulo-cezar-por-caio-pimenta\\\/#listItem\",\"name\":\"Paulo Azi e a &#8216;arquitetura do golpe&#8217; sobre Paulo Cezar &#8211; Por Caio Pimenta\"},\"previousItem\":{\"@type\":\"ListItem\",\"@id\":\"https:\\\/\\\/newsinfoco.com.br\\\/inicio#listItem\",\"name\":\"In\\u00edcio\"}},{\"@type\":\"ListItem\",\"@id\":\"https:\\\/\\\/newsinfoco.com.br\\\/inicio\\\/paulo-azi-e-a-arquitetura-do-golpe-sobre-paulo-cezar-por-caio-pimenta\\\/#listItem\",\"position\":3,\"name\":\"Paulo Azi e a &#8216;arquitetura do golpe&#8217; sobre Paulo Cezar &#8211; Por Caio Pimenta\",\"previousItem\":{\"@type\":\"ListItem\",\"@id\":\"https:\\\/\\\/newsinfoco.com.br\\\/inicio\\\/category\\\/caio-pimenta\\\/#listItem\",\"name\":\"Caio Pimenta\"}}]},{\"@type\":\"Organization\",\"@id\":\"https:\\\/\\\/newsinfoco.com.br\\\/inicio\\\/#organization\",\"name\":\"News In Foco - Editado por Caio Pimenta\",\"description\":\"O principal site de noticias de Alagoinhas e regi\\u00e3o\",\"url\":\"https:\\\/\\\/newsinfoco.com.br\\\/inicio\\\/\"},{\"@type\":\"Person\",\"@id\":\"https:\\\/\\\/newsinfoco.com.br\\\/inicio\\\/author\\\/administrador\\\/#author\",\"url\":\"https:\\\/\\\/newsinfoco.com.br\\\/inicio\\\/author\\\/administrador\\\/\",\"name\":\"administrador\",\"image\":{\"@type\":\"ImageObject\",\"@id\":\"https:\\\/\\\/newsinfoco.com.br\\\/inicio\\\/paulo-azi-e-a-arquitetura-do-golpe-sobre-paulo-cezar-por-caio-pimenta\\\/#authorImage\",\"url\":\"https:\\\/\\\/secure.gravatar.com\\\/avatar\\\/c17a617433de8c1dc9584bb79aab7563b46f5bb7e1728c9b17d9cc3ce6a08e49?s=96&d=mm&r=g\",\"width\":96,\"height\":96,\"caption\":\"administrador\"}},{\"@type\":\"WebPage\",\"@id\":\"https:\\\/\\\/newsinfoco.com.br\\\/inicio\\\/paulo-azi-e-a-arquitetura-do-golpe-sobre-paulo-cezar-por-caio-pimenta\\\/#webpage\",\"url\":\"https:\\\/\\\/newsinfoco.com.br\\\/inicio\\\/paulo-azi-e-a-arquitetura-do-golpe-sobre-paulo-cezar-por-caio-pimenta\\\/\",\"name\":\"Paulo Azi e a \\u2018arquitetura do golpe\\u2019 sobre Paulo Cezar \\u2013 Por Caio Pimenta - News In Foco - Editado por Caio Pimenta\",\"description\":\"Amigo leitor, que o pr\\u00e9-candidato a prefeitura de Alagoinhas, Paulo Cezar, \\u00e9 o franco favorito para vencer as elei\\u00e7\\u00f5es deste ano, todo mundo sabe. Todas as pesquisas feitas at\\u00e9 aqui indicam isso, apesar dos ind\\u00edcios de irregularidades que pairam sob sua gest\\u00e3o e do processo que responde por, supostamente, estar envolvido em um esquema de\",\"inLanguage\":\"pt-BR\",\"isPartOf\":{\"@id\":\"https:\\\/\\\/newsinfoco.com.br\\\/inicio\\\/#website\"},\"breadcrumb\":{\"@id\":\"https:\\\/\\\/newsinfoco.com.br\\\/inicio\\\/paulo-azi-e-a-arquitetura-do-golpe-sobre-paulo-cezar-por-caio-pimenta\\\/#breadcrumblist\"},\"author\":{\"@id\":\"https:\\\/\\\/newsinfoco.com.br\\\/inicio\\\/author\\\/administrador\\\/#author\"},\"creator\":{\"@id\":\"https:\\\/\\\/newsinfoco.com.br\\\/inicio\\\/author\\\/administrador\\\/#author\"},\"image\":{\"@type\":\"ImageObject\",\"url\":\"https:\\\/\\\/newsinfoco.com.br\\\/inicio\\\/wp-content\\\/uploads\\\/2019\\\/10\\\/caio-pimenta.jpg\",\"@id\":\"https:\\\/\\\/newsinfoco.com.br\\\/inicio\\\/paulo-azi-e-a-arquitetura-do-golpe-sobre-paulo-cezar-por-caio-pimenta\\\/#mainImage\",\"width\":800,\"height\":600,\"caption\":\"Caio Pimenta\"},\"primaryImageOfPage\":{\"@id\":\"https:\\\/\\\/newsinfoco.com.br\\\/inicio\\\/paulo-azi-e-a-arquitetura-do-golpe-sobre-paulo-cezar-por-caio-pimenta\\\/#mainImage\"},\"datePublished\":\"2020-04-09T11:29:57-03:00\",\"dateModified\":\"2020-04-09T11:34:20-03:00\"},{\"@type\":\"WebSite\",\"@id\":\"https:\\\/\\\/newsinfoco.com.br\\\/inicio\\\/#website\",\"url\":\"https:\\\/\\\/newsinfoco.com.br\\\/inicio\\\/\",\"name\":\"News In Foco - Editado por Caio Pimenta\",\"description\":\"O principal site de noticias de Alagoinhas e regi\\u00e3o\",\"inLanguage\":\"pt-BR\",\"publisher\":{\"@id\":\"https:\\\/\\\/newsinfoco.com.br\\\/inicio\\\/#organization\"}}]}\n\t\t<\/script>\n\t\t<!-- All in One SEO -->\n\n","aioseo_head_json":{"title":"Paulo Azi e a \u2018arquitetura do golpe\u2019 sobre Paulo Cezar \u2013 Por Caio Pimenta - News In Foco - Editado por Caio Pimenta","description":"Amigo leitor, que o pr\u00e9-candidato a prefeitura de Alagoinhas, Paulo Cezar, \u00e9 o franco favorito para vencer as elei\u00e7\u00f5es deste ano, todo mundo sabe. Todas as pesquisas feitas at\u00e9 aqui indicam isso, apesar dos ind\u00edcios de irregularidades que pairam sob sua gest\u00e3o e do processo que responde por, supostamente, estar envolvido em um esquema de","canonical_url":"https:\/\/newsinfoco.com.br\/inicio\/paulo-azi-e-a-arquitetura-do-golpe-sobre-paulo-cezar-por-caio-pimenta\/","robots":"max-image-preview:large","keywords":"","webmasterTools":{"miscellaneous":""},"schema":{"@context":"https:\/\/schema.org","@graph":[{"@type":"BlogPosting","@id":"https:\/\/newsinfoco.com.br\/inicio\/paulo-azi-e-a-arquitetura-do-golpe-sobre-paulo-cezar-por-caio-pimenta\/#blogposting","name":"Paulo Azi e a \u2018arquitetura do golpe\u2019 sobre Paulo Cezar \u2013 Por Caio Pimenta - News In Foco - Editado por Caio Pimenta","headline":"Paulo Azi e a &#8216;arquitetura do golpe&#8217; sobre Paulo Cezar &#8211; Por Caio Pimenta","author":{"@id":"https:\/\/newsinfoco.com.br\/inicio\/author\/administrador\/#author"},"publisher":{"@id":"https:\/\/newsinfoco.com.br\/inicio\/#organization"},"image":{"@type":"ImageObject","url":"https:\/\/newsinfoco.com.br\/inicio\/wp-content\/uploads\/2019\/10\/caio-pimenta.jpg","width":800,"height":600,"caption":"Caio Pimenta"},"datePublished":"2020-04-09T11:29:57-03:00","dateModified":"2020-04-09T11:34:20-03:00","inLanguage":"pt-BR","mainEntityOfPage":{"@id":"https:\/\/newsinfoco.com.br\/inicio\/paulo-azi-e-a-arquitetura-do-golpe-sobre-paulo-cezar-por-caio-pimenta\/#webpage"},"isPartOf":{"@id":"https:\/\/newsinfoco.com.br\/inicio\/paulo-azi-e-a-arquitetura-do-golpe-sobre-paulo-cezar-por-caio-pimenta\/#webpage"},"articleSection":"Caio Pimenta"},{"@type":"BreadcrumbList","@id":"https:\/\/newsinfoco.com.br\/inicio\/paulo-azi-e-a-arquitetura-do-golpe-sobre-paulo-cezar-por-caio-pimenta\/#breadcrumblist","itemListElement":[{"@type":"ListItem","@id":"https:\/\/newsinfoco.com.br\/inicio#listItem","position":1,"name":"In\u00edcio","item":"https:\/\/newsinfoco.com.br\/inicio","nextItem":{"@type":"ListItem","@id":"https:\/\/newsinfoco.com.br\/inicio\/category\/caio-pimenta\/#listItem","name":"Caio Pimenta"}},{"@type":"ListItem","@id":"https:\/\/newsinfoco.com.br\/inicio\/category\/caio-pimenta\/#listItem","position":2,"name":"Caio Pimenta","item":"https:\/\/newsinfoco.com.br\/inicio\/category\/caio-pimenta\/","nextItem":{"@type":"ListItem","@id":"https:\/\/newsinfoco.com.br\/inicio\/paulo-azi-e-a-arquitetura-do-golpe-sobre-paulo-cezar-por-caio-pimenta\/#listItem","name":"Paulo Azi e a &#8216;arquitetura do golpe&#8217; sobre Paulo Cezar &#8211; Por Caio Pimenta"},"previousItem":{"@type":"ListItem","@id":"https:\/\/newsinfoco.com.br\/inicio#listItem","name":"In\u00edcio"}},{"@type":"ListItem","@id":"https:\/\/newsinfoco.com.br\/inicio\/paulo-azi-e-a-arquitetura-do-golpe-sobre-paulo-cezar-por-caio-pimenta\/#listItem","position":3,"name":"Paulo Azi e a &#8216;arquitetura do golpe&#8217; sobre Paulo Cezar &#8211; Por Caio Pimenta","previousItem":{"@type":"ListItem","@id":"https:\/\/newsinfoco.com.br\/inicio\/category\/caio-pimenta\/#listItem","name":"Caio Pimenta"}}]},{"@type":"Organization","@id":"https:\/\/newsinfoco.com.br\/inicio\/#organization","name":"News In Foco - Editado por Caio Pimenta","description":"O principal site de noticias de Alagoinhas e regi\u00e3o","url":"https:\/\/newsinfoco.com.br\/inicio\/"},{"@type":"Person","@id":"https:\/\/newsinfoco.com.br\/inicio\/author\/administrador\/#author","url":"https:\/\/newsinfoco.com.br\/inicio\/author\/administrador\/","name":"administrador","image":{"@type":"ImageObject","@id":"https:\/\/newsinfoco.com.br\/inicio\/paulo-azi-e-a-arquitetura-do-golpe-sobre-paulo-cezar-por-caio-pimenta\/#authorImage","url":"https:\/\/secure.gravatar.com\/avatar\/c17a617433de8c1dc9584bb79aab7563b46f5bb7e1728c9b17d9cc3ce6a08e49?s=96&d=mm&r=g","width":96,"height":96,"caption":"administrador"}},{"@type":"WebPage","@id":"https:\/\/newsinfoco.com.br\/inicio\/paulo-azi-e-a-arquitetura-do-golpe-sobre-paulo-cezar-por-caio-pimenta\/#webpage","url":"https:\/\/newsinfoco.com.br\/inicio\/paulo-azi-e-a-arquitetura-do-golpe-sobre-paulo-cezar-por-caio-pimenta\/","name":"Paulo Azi e a \u2018arquitetura do golpe\u2019 sobre Paulo Cezar \u2013 Por Caio Pimenta - News In Foco - Editado por Caio Pimenta","description":"Amigo leitor, que o pr\u00e9-candidato a prefeitura de Alagoinhas, Paulo Cezar, \u00e9 o franco favorito para vencer as elei\u00e7\u00f5es deste ano, todo mundo sabe. Todas as pesquisas feitas at\u00e9 aqui indicam isso, apesar dos ind\u00edcios de irregularidades que pairam sob sua gest\u00e3o e do processo que responde por, supostamente, estar envolvido em um esquema de","inLanguage":"pt-BR","isPartOf":{"@id":"https:\/\/newsinfoco.com.br\/inicio\/#website"},"breadcrumb":{"@id":"https:\/\/newsinfoco.com.br\/inicio\/paulo-azi-e-a-arquitetura-do-golpe-sobre-paulo-cezar-por-caio-pimenta\/#breadcrumblist"},"author":{"@id":"https:\/\/newsinfoco.com.br\/inicio\/author\/administrador\/#author"},"creator":{"@id":"https:\/\/newsinfoco.com.br\/inicio\/author\/administrador\/#author"},"image":{"@type":"ImageObject","url":"https:\/\/newsinfoco.com.br\/inicio\/wp-content\/uploads\/2019\/10\/caio-pimenta.jpg","@id":"https:\/\/newsinfoco.com.br\/inicio\/paulo-azi-e-a-arquitetura-do-golpe-sobre-paulo-cezar-por-caio-pimenta\/#mainImage","width":800,"height":600,"caption":"Caio Pimenta"},"primaryImageOfPage":{"@id":"https:\/\/newsinfoco.com.br\/inicio\/paulo-azi-e-a-arquitetura-do-golpe-sobre-paulo-cezar-por-caio-pimenta\/#mainImage"},"datePublished":"2020-04-09T11:29:57-03:00","dateModified":"2020-04-09T11:34:20-03:00"},{"@type":"WebSite","@id":"https:\/\/newsinfoco.com.br\/inicio\/#website","url":"https:\/\/newsinfoco.com.br\/inicio\/","name":"News In Foco - Editado por Caio Pimenta","description":"O principal site de noticias de Alagoinhas e regi\u00e3o","inLanguage":"pt-BR","publisher":{"@id":"https:\/\/newsinfoco.com.br\/inicio\/#organization"}}]},"og:locale":"pt_BR","og:site_name":"News In Foco - Editado por Caio Pimenta - O principal site de noticias de Alagoinhas e regi\u00e3o","og:type":"article","og:title":"Paulo Azi e a \u2018arquitetura do golpe\u2019 sobre Paulo Cezar \u2013 Por Caio Pimenta - News In Foco - Editado por Caio Pimenta","og:description":"Amigo leitor, que o pr\u00e9-candidato a prefeitura de Alagoinhas, Paulo Cezar, \u00e9 o franco favorito para vencer as elei\u00e7\u00f5es deste ano, todo mundo sabe. Todas as pesquisas feitas at\u00e9 aqui indicam isso, apesar dos ind\u00edcios de irregularidades que pairam sob sua gest\u00e3o e do processo que responde por, supostamente, estar envolvido em um esquema de","og:url":"https:\/\/newsinfoco.com.br\/inicio\/paulo-azi-e-a-arquitetura-do-golpe-sobre-paulo-cezar-por-caio-pimenta\/","article:published_time":"2020-04-09T14:29:57+00:00","article:modified_time":"2020-04-09T14:34:20+00:00","twitter:card":"summary_large_image","twitter:title":"Paulo Azi e a \u2018arquitetura do golpe\u2019 sobre Paulo Cezar \u2013 Por Caio Pimenta - News In Foco - Editado por Caio Pimenta","twitter:description":"Amigo leitor, que o pr\u00e9-candidato a prefeitura de Alagoinhas, Paulo Cezar, \u00e9 o franco favorito para vencer as elei\u00e7\u00f5es deste ano, todo mundo sabe. Todas as pesquisas feitas at\u00e9 aqui indicam isso, apesar dos ind\u00edcios de irregularidades que pairam sob sua gest\u00e3o e do processo que responde por, supostamente, estar envolvido em um esquema de"},"aioseo_meta_data":{"post_id":"20879","title":null,"description":null,"keywords":null,"keyphrases":null,"primary_term":null,"canonical_url":null,"og_title":null,"og_description":null,"og_object_type":"default","og_image_type":"default","og_image_url":null,"og_image_width":null,"og_image_height":null,"og_image_custom_url":null,"og_image_custom_fields":null,"og_video":null,"og_custom_url":null,"og_article_section":null,"og_article_tags":null,"twitter_use_og":false,"twitter_card":"default","twitter_image_type":"default","twitter_image_url":null,"twitter_image_custom_url":null,"twitter_image_custom_fields":null,"twitter_title":null,"twitter_description":null,"schema":{"blockGraphs":[],"customGraphs":[],"default":{"data":{"Article":[],"Course":[],"Dataset":[],"FAQPage":[],"Movie":[],"Person":[],"Product":[],"ProductReview":[],"Car":[],"Recipe":[],"Service":[],"SoftwareApplication":[],"WebPage":[]},"graphName":"","isEnabled":true},"graphs":[]},"schema_type":"default","schema_type_options":null,"pillar_content":false,"robots_default":true,"robots_noindex":false,"robots_noarchive":false,"robots_nosnippet":false,"robots_nofollow":false,"robots_noimageindex":false,"robots_noodp":false,"robots_notranslate":false,"robots_max_snippet":null,"robots_max_videopreview":null,"robots_max_imagepreview":"large","priority":null,"frequency":null,"local_seo":null,"breadcrumb_settings":null,"limit_modified_date":false,"ai":null,"created":"2023-06-12 16:27:50","updated":"2025-07-11 03:02:24","seo_analyzer_scan_date":null},"aioseo_breadcrumb":"<div class=\"aioseo-breadcrumbs\"><span class=\"aioseo-breadcrumb\">\n\t\t\t<a href=\"https:\/\/newsinfoco.com.br\/inicio\" title=\"In\u00edcio\">In\u00edcio<\/a>\n\t\t<\/span><span class=\"aioseo-breadcrumb-separator\">&raquo;<\/span><span class=\"aioseo-breadcrumb\">\n\t\t\t<a href=\"https:\/\/newsinfoco.com.br\/inicio\/category\/caio-pimenta\/\" title=\"Caio Pimenta\">Caio Pimenta<\/a>\n\t\t<\/span><span class=\"aioseo-breadcrumb-separator\">&raquo;<\/span><span class=\"aioseo-breadcrumb\">\n\t\t\tPaulo Azi e a \u2018arquitetura do golpe\u2019 sobre Paulo Cezar \u2013 Por Caio Pimenta\n\t\t<\/span><\/div>","aioseo_breadcrumb_json":[{"label":"In\u00edcio","link":"https:\/\/newsinfoco.com.br\/inicio"},{"label":"Caio Pimenta","link":"https:\/\/newsinfoco.com.br\/inicio\/category\/caio-pimenta\/"},{"label":"Paulo Azi e a &#8216;arquitetura do golpe&#8217; sobre Paulo Cezar &#8211; Por Caio Pimenta","link":"https:\/\/newsinfoco.com.br\/inicio\/paulo-azi-e-a-arquitetura-do-golpe-sobre-paulo-cezar-por-caio-pimenta\/"}],"_links":{"self":[{"href":"https:\/\/newsinfoco.com.br\/inicio\/wp-json\/wp\/v2\/posts\/20879","targetHints":{"allow":["GET"]}}],"collection":[{"href":"https:\/\/newsinfoco.com.br\/inicio\/wp-json\/wp\/v2\/posts"}],"about":[{"href":"https:\/\/newsinfoco.com.br\/inicio\/wp-json\/wp\/v2\/types\/post"}],"author":[{"embeddable":true,"href":"https:\/\/newsinfoco.com.br\/inicio\/wp-json\/wp\/v2\/users\/1"}],"replies":[{"embeddable":true,"href":"https:\/\/newsinfoco.com.br\/inicio\/wp-json\/wp\/v2\/comments?post=20879"}],"version-history":[{"count":0,"href":"https:\/\/newsinfoco.com.br\/inicio\/wp-json\/wp\/v2\/posts\/20879\/revisions"}],"wp:featuredmedia":[{"embeddable":true,"href":"https:\/\/newsinfoco.com.br\/inicio\/wp-json\/wp\/v2\/media\/18094"}],"wp:attachment":[{"href":"https:\/\/newsinfoco.com.br\/inicio\/wp-json\/wp\/v2\/media?parent=20879"}],"wp:term":[{"taxonomy":"category","embeddable":true,"href":"https:\/\/newsinfoco.com.br\/inicio\/wp-json\/wp\/v2\/categories?post=20879"},{"taxonomy":"post_tag","embeddable":true,"href":"https:\/\/newsinfoco.com.br\/inicio\/wp-json\/wp\/v2\/tags?post=20879"}],"curies":[{"name":"wp","href":"https:\/\/api.w.org\/{rel}","templated":true}]}}