{"id":20891,"date":"2020-04-12T20:32:11","date_gmt":"2020-04-12T23:32:11","guid":{"rendered":"http:\/\/newsinfoco.com.br\/?p=20891"},"modified":"2020-04-12T20:32:11","modified_gmt":"2020-04-12T23:32:11","slug":"bolsonaro-publica-video-de-apoiador-e-volta-a-criticar-medidas-de-isolamento-assista","status":"publish","type":"post","link":"https:\/\/newsinfoco.com.br\/inicio\/bolsonaro-publica-video-de-apoiador-e-volta-a-criticar-medidas-de-isolamento-assista\/","title":{"rendered":"Bolsonaro publica v\u00eddeo de apoiador e volta a criticar medidas de isolamento; assista"},"content":{"rendered":"<p>O presidente Jair Bolsonaro (sem partido) voltou a criticar as medidas de isolamento, neste domingo (12). No Twitter, o presidente compartilhou o v\u00eddeo de um apoiador, que reclama do fechamento das estradas no Par\u00e1 e mostra uma via travada por carros de passeio.<\/p>\n<p>&#8220;Al\u00e9m do v\u00edrus, agora tamb\u00e9m temos o desemprego, fruto do &#8216;fecha tudo&#8217; e &#8216;fica em casa&#8217;, ou ainda o &#8216;te prendo&#8217;.Para toda a\u00e7\u00e3o desproporcional a rea\u00e7\u00e3o tamb\u00e9m \u00e9 forte. O Governo Federal busca o di\u00e1logo e solu\u00e7\u00e3o para todos os problemas, e n\u00e3o apenas um&#8221;, escreve Bolsonaro.<\/p>\n<p>No v\u00eddeo, o apoiador segue o tom do presidente e tamb\u00e9m contesta as medidas estaduais: &#8220;Um ato ditator, lutando contra nosso presidente jair Messias Bolsonaro. Fazendo diferente do nosso presidente. Est\u00e1 a\u00ed, agora a comunidade se revoltou e fechou foi tudo&#8221;, diz a narra\u00e7\u00e3o.<\/p>\n<p><a class=\"twitter-timeline\" data-width=\"696\" data-height=\"1000\" data-dnt=\"true\" href=\"https:\/\/twitter.com\/jairbolsonaro?ref_src=twsrc%5Etfw\">Tweets by jairbolsonaro<\/a><script async src=\"https:\/\/platform.twitter.com\/widgets.js\" charset=\"utf-8\"><\/script><\/p>\n<p>&nbsp;<\/p>\n<div class='share-to-whatsapp-wrapper'><div class='share-on-whsp'>Share on: <\/div><a data-text='Bolsonaro publica v\u00eddeo de apoiador e volta a criticar medidas de isolamento; assista' data-link='https:\/\/newsinfoco.com.br\/inicio\/bolsonaro-publica-video-de-apoiador-e-volta-a-criticar-medidas-de-isolamento-assista\/' class='whatsapp-button whatsapp-share'>WhatsApp<\/a><div class='clear '><\/div><\/div>","protected":false},"excerpt":{"rendered":"<p>O presidente Jair Bolsonaro (sem partido) voltou a criticar as medidas de isolamento, neste domingo (12). No Twitter, o presidente compartilhou o v\u00eddeo de um apoiador, que reclama do fechamento das estradas no Par\u00e1 e mostra uma via travada por carros de passeio. &#8220;Al\u00e9m do v\u00edrus, agora tamb\u00e9m temos o desemprego, fruto do &#8216;fecha tudo&#8217; [&hellip;]<\/p>\n","protected":false},"author":1,"featured_media":20892,"comment_status":"open","ping_status":"open","sticky":false,"template":"","format":"standard","meta":{"om_disable_all_campaigns":false,"rop_custom_images_group":[],"rop_custom_messages_group":[],"rop_publish_now":"initial","rop_publish_now_accounts":[],"rop_publish_now_history":[],"rop_publish_now_status":"pending","_exactmetrics_skip_tracking":false,"footnotes":""},"categories":[21],"tags":[],"class_list":["post-20891","post","type-post","status-publish","format-standard","has-post-thumbnail","hentry","category-brasil"],"aioseo_notices":[],"aioseo_head":"\n\t\t<!-- All in One SEO 4.9.10 - aioseo.com -->\n\t<meta name=\"description\" content=\"O presidente Jair Bolsonaro (sem partido) voltou a criticar as medidas de isolamento, neste domingo (12). No Twitter, o presidente compartilhou o v\u00eddeo de um apoiador, que reclama do fechamento das estradas no Par\u00e1 e mostra uma via travada por carros de passeio. &quot;Al\u00e9m do v\u00edrus, agora tamb\u00e9m temos o desemprego, fruto do &#039;fecha tudo&#039;\" \/>\n\t<meta name=\"robots\" content=\"max-image-preview:large\" \/>\n\t<meta name=\"author\" content=\"administrador\"\/>\n\t<link rel=\"canonical\" href=\"https:\/\/newsinfoco.com.br\/inicio\/bolsonaro-publica-video-de-apoiador-e-volta-a-criticar-medidas-de-isolamento-assista\/\" \/>\n\t<meta name=\"generator\" content=\"All in One SEO (AIOSEO) 4.9.10\" \/>\n\t\t<meta property=\"og:locale\" content=\"pt_BR\" \/>\n\t\t<meta property=\"og:site_name\" content=\"News In Foco - Editado por Caio Pimenta - O principal site de noticias de Alagoinhas e regi\u00e3o\" \/>\n\t\t<meta property=\"og:type\" content=\"article\" \/>\n\t\t<meta property=\"og:title\" content=\"Bolsonaro publica v\u00eddeo de apoiador e volta a criticar medidas de isolamento; assista - News In Foco - Editado por Caio Pimenta\" \/>\n\t\t<meta property=\"og:description\" content=\"O presidente Jair Bolsonaro (sem partido) voltou a criticar as medidas de isolamento, neste domingo (12). No Twitter, o presidente compartilhou o v\u00eddeo de um apoiador, que reclama do fechamento das estradas no Par\u00e1 e mostra uma via travada por carros de passeio. &quot;Al\u00e9m do v\u00edrus, agora tamb\u00e9m temos o desemprego, fruto do &#039;fecha tudo&#039;\" \/>\n\t\t<meta property=\"og:url\" content=\"https:\/\/newsinfoco.com.br\/inicio\/bolsonaro-publica-video-de-apoiador-e-volta-a-criticar-medidas-de-isolamento-assista\/\" \/>\n\t\t<meta property=\"article:published_time\" content=\"2020-04-12T23:32:11+00:00\" \/>\n\t\t<meta property=\"article:modified_time\" content=\"2020-04-12T23:32:11+00:00\" \/>\n\t\t<meta name=\"twitter:card\" content=\"summary_large_image\" \/>\n\t\t<meta name=\"twitter:title\" content=\"Bolsonaro publica v\u00eddeo de apoiador e volta a criticar medidas de isolamento; assista - News In Foco - Editado por Caio Pimenta\" \/>\n\t\t<meta name=\"twitter:description\" content=\"O presidente Jair Bolsonaro (sem partido) voltou a criticar as medidas de isolamento, neste domingo (12). No Twitter, o presidente compartilhou o v\u00eddeo de um apoiador, que reclama do fechamento das estradas no Par\u00e1 e mostra uma via travada por carros de passeio. &quot;Al\u00e9m do v\u00edrus, agora tamb\u00e9m temos o desemprego, fruto do &#039;fecha tudo&#039;\" \/>\n\t\t<script type=\"application\/ld+json\" class=\"aioseo-schema\">\n\t\t\t{\"@context\":\"https:\\\/\\\/schema.org\",\"@graph\":[{\"@type\":\"BlogPosting\",\"@id\":\"https:\\\/\\\/newsinfoco.com.br\\\/inicio\\\/bolsonaro-publica-video-de-apoiador-e-volta-a-criticar-medidas-de-isolamento-assista\\\/#blogposting\",\"name\":\"Bolsonaro publica v\\u00eddeo de apoiador e volta a criticar medidas de isolamento; assista - News In Foco - Editado por Caio Pimenta\",\"headline\":\"Bolsonaro publica v\\u00eddeo de apoiador e volta a criticar medidas de isolamento; assista\",\"author\":{\"@id\":\"https:\\\/\\\/newsinfoco.com.br\\\/inicio\\\/author\\\/administrador\\\/#author\"},\"publisher\":{\"@id\":\"https:\\\/\\\/newsinfoco.com.br\\\/inicio\\\/#organization\"},\"image\":{\"@type\":\"ImageObject\",\"url\":\"https:\\\/\\\/newsinfoco.com.br\\\/inicio\\\/wp-content\\\/uploads\\\/2020\\\/04\\\/IMAGEM_NOTICIA_5-7.jpg\",\"width\":380,\"height\":280},\"datePublished\":\"2020-04-12T20:32:11-03:00\",\"dateModified\":\"2020-04-12T20:32:11-03:00\",\"inLanguage\":\"pt-BR\",\"mainEntityOfPage\":{\"@id\":\"https:\\\/\\\/newsinfoco.com.br\\\/inicio\\\/bolsonaro-publica-video-de-apoiador-e-volta-a-criticar-medidas-de-isolamento-assista\\\/#webpage\"},\"isPartOf\":{\"@id\":\"https:\\\/\\\/newsinfoco.com.br\\\/inicio\\\/bolsonaro-publica-video-de-apoiador-e-volta-a-criticar-medidas-de-isolamento-assista\\\/#webpage\"},\"articleSection\":\"Brasil\"},{\"@type\":\"BreadcrumbList\",\"@id\":\"https:\\\/\\\/newsinfoco.com.br\\\/inicio\\\/bolsonaro-publica-video-de-apoiador-e-volta-a-criticar-medidas-de-isolamento-assista\\\/#breadcrumblist\",\"itemListElement\":[{\"@type\":\"ListItem\",\"@id\":\"https:\\\/\\\/newsinfoco.com.br\\\/inicio#listItem\",\"position\":1,\"name\":\"In\\u00edcio\",\"item\":\"https:\\\/\\\/newsinfoco.com.br\\\/inicio\",\"nextItem\":{\"@type\":\"ListItem\",\"@id\":\"https:\\\/\\\/newsinfoco.com.br\\\/inicio\\\/category\\\/brasil\\\/#listItem\",\"name\":\"Brasil\"}},{\"@type\":\"ListItem\",\"@id\":\"https:\\\/\\\/newsinfoco.com.br\\\/inicio\\\/category\\\/brasil\\\/#listItem\",\"position\":2,\"name\":\"Brasil\",\"item\":\"https:\\\/\\\/newsinfoco.com.br\\\/inicio\\\/category\\\/brasil\\\/\",\"nextItem\":{\"@type\":\"ListItem\",\"@id\":\"https:\\\/\\\/newsinfoco.com.br\\\/inicio\\\/bolsonaro-publica-video-de-apoiador-e-volta-a-criticar-medidas-de-isolamento-assista\\\/#listItem\",\"name\":\"Bolsonaro publica v\\u00eddeo de apoiador e volta a criticar medidas de isolamento; assista\"},\"previousItem\":{\"@type\":\"ListItem\",\"@id\":\"https:\\\/\\\/newsinfoco.com.br\\\/inicio#listItem\",\"name\":\"In\\u00edcio\"}},{\"@type\":\"ListItem\",\"@id\":\"https:\\\/\\\/newsinfoco.com.br\\\/inicio\\\/bolsonaro-publica-video-de-apoiador-e-volta-a-criticar-medidas-de-isolamento-assista\\\/#listItem\",\"position\":3,\"name\":\"Bolsonaro publica v\\u00eddeo de apoiador e volta a criticar medidas de isolamento; assista\",\"previousItem\":{\"@type\":\"ListItem\",\"@id\":\"https:\\\/\\\/newsinfoco.com.br\\\/inicio\\\/category\\\/brasil\\\/#listItem\",\"name\":\"Brasil\"}}]},{\"@type\":\"Organization\",\"@id\":\"https:\\\/\\\/newsinfoco.com.br\\\/inicio\\\/#organization\",\"name\":\"News In Foco - Editado por Caio Pimenta\",\"description\":\"O principal site de noticias de Alagoinhas e regi\\u00e3o\",\"url\":\"https:\\\/\\\/newsinfoco.com.br\\\/inicio\\\/\"},{\"@type\":\"Person\",\"@id\":\"https:\\\/\\\/newsinfoco.com.br\\\/inicio\\\/author\\\/administrador\\\/#author\",\"url\":\"https:\\\/\\\/newsinfoco.com.br\\\/inicio\\\/author\\\/administrador\\\/\",\"name\":\"administrador\",\"image\":{\"@type\":\"ImageObject\",\"@id\":\"https:\\\/\\\/newsinfoco.com.br\\\/inicio\\\/bolsonaro-publica-video-de-apoiador-e-volta-a-criticar-medidas-de-isolamento-assista\\\/#authorImage\",\"url\":\"https:\\\/\\\/secure.gravatar.com\\\/avatar\\\/c17a617433de8c1dc9584bb79aab7563b46f5bb7e1728c9b17d9cc3ce6a08e49?s=96&d=mm&r=g\",\"width\":96,\"height\":96,\"caption\":\"administrador\"}},{\"@type\":\"WebPage\",\"@id\":\"https:\\\/\\\/newsinfoco.com.br\\\/inicio\\\/bolsonaro-publica-video-de-apoiador-e-volta-a-criticar-medidas-de-isolamento-assista\\\/#webpage\",\"url\":\"https:\\\/\\\/newsinfoco.com.br\\\/inicio\\\/bolsonaro-publica-video-de-apoiador-e-volta-a-criticar-medidas-de-isolamento-assista\\\/\",\"name\":\"Bolsonaro publica v\\u00eddeo de apoiador e volta a criticar medidas de isolamento; assista - News In Foco - Editado por Caio Pimenta\",\"description\":\"O presidente Jair Bolsonaro (sem partido) voltou a criticar as medidas de isolamento, neste domingo (12). No Twitter, o presidente compartilhou o v\\u00eddeo de um apoiador, que reclama do fechamento das estradas no Par\\u00e1 e mostra uma via travada por carros de passeio. \\\"Al\\u00e9m do v\\u00edrus, agora tamb\\u00e9m temos o desemprego, fruto do 'fecha tudo'\",\"inLanguage\":\"pt-BR\",\"isPartOf\":{\"@id\":\"https:\\\/\\\/newsinfoco.com.br\\\/inicio\\\/#website\"},\"breadcrumb\":{\"@id\":\"https:\\\/\\\/newsinfoco.com.br\\\/inicio\\\/bolsonaro-publica-video-de-apoiador-e-volta-a-criticar-medidas-de-isolamento-assista\\\/#breadcrumblist\"},\"author\":{\"@id\":\"https:\\\/\\\/newsinfoco.com.br\\\/inicio\\\/author\\\/administrador\\\/#author\"},\"creator\":{\"@id\":\"https:\\\/\\\/newsinfoco.com.br\\\/inicio\\\/author\\\/administrador\\\/#author\"},\"image\":{\"@type\":\"ImageObject\",\"url\":\"https:\\\/\\\/newsinfoco.com.br\\\/inicio\\\/wp-content\\\/uploads\\\/2020\\\/04\\\/IMAGEM_NOTICIA_5-7.jpg\",\"@id\":\"https:\\\/\\\/newsinfoco.com.br\\\/inicio\\\/bolsonaro-publica-video-de-apoiador-e-volta-a-criticar-medidas-de-isolamento-assista\\\/#mainImage\",\"width\":380,\"height\":280},\"primaryImageOfPage\":{\"@id\":\"https:\\\/\\\/newsinfoco.com.br\\\/inicio\\\/bolsonaro-publica-video-de-apoiador-e-volta-a-criticar-medidas-de-isolamento-assista\\\/#mainImage\"},\"datePublished\":\"2020-04-12T20:32:11-03:00\",\"dateModified\":\"2020-04-12T20:32:11-03:00\"},{\"@type\":\"WebSite\",\"@id\":\"https:\\\/\\\/newsinfoco.com.br\\\/inicio\\\/#website\",\"url\":\"https:\\\/\\\/newsinfoco.com.br\\\/inicio\\\/\",\"name\":\"News In Foco - Editado por Caio Pimenta\",\"description\":\"O principal site de noticias de Alagoinhas e regi\\u00e3o\",\"inLanguage\":\"pt-BR\",\"publisher\":{\"@id\":\"https:\\\/\\\/newsinfoco.com.br\\\/inicio\\\/#organization\"}}]}\n\t\t<\/script>\n\t\t<!-- All in One SEO -->\n\n","aioseo_head_json":{"title":"Bolsonaro publica v\u00eddeo de apoiador e volta a criticar medidas de isolamento; assista - News In Foco - Editado por Caio Pimenta","description":"O presidente Jair Bolsonaro (sem partido) voltou a criticar as medidas de isolamento, neste domingo (12). No Twitter, o presidente compartilhou o v\u00eddeo de um apoiador, que reclama do fechamento das estradas no Par\u00e1 e mostra uma via travada por carros de passeio. \"Al\u00e9m do v\u00edrus, agora tamb\u00e9m temos o desemprego, fruto do 'fecha tudo'","canonical_url":"https:\/\/newsinfoco.com.br\/inicio\/bolsonaro-publica-video-de-apoiador-e-volta-a-criticar-medidas-de-isolamento-assista\/","robots":"max-image-preview:large","keywords":"","webmasterTools":{"miscellaneous":""},"schema":{"@context":"https:\/\/schema.org","@graph":[{"@type":"BlogPosting","@id":"https:\/\/newsinfoco.com.br\/inicio\/bolsonaro-publica-video-de-apoiador-e-volta-a-criticar-medidas-de-isolamento-assista\/#blogposting","name":"Bolsonaro publica v\u00eddeo de apoiador e volta a criticar medidas de isolamento; assista - News In Foco - Editado por Caio Pimenta","headline":"Bolsonaro publica v\u00eddeo de apoiador e volta a criticar medidas de isolamento; assista","author":{"@id":"https:\/\/newsinfoco.com.br\/inicio\/author\/administrador\/#author"},"publisher":{"@id":"https:\/\/newsinfoco.com.br\/inicio\/#organization"},"image":{"@type":"ImageObject","url":"https:\/\/newsinfoco.com.br\/inicio\/wp-content\/uploads\/2020\/04\/IMAGEM_NOTICIA_5-7.jpg","width":380,"height":280},"datePublished":"2020-04-12T20:32:11-03:00","dateModified":"2020-04-12T20:32:11-03:00","inLanguage":"pt-BR","mainEntityOfPage":{"@id":"https:\/\/newsinfoco.com.br\/inicio\/bolsonaro-publica-video-de-apoiador-e-volta-a-criticar-medidas-de-isolamento-assista\/#webpage"},"isPartOf":{"@id":"https:\/\/newsinfoco.com.br\/inicio\/bolsonaro-publica-video-de-apoiador-e-volta-a-criticar-medidas-de-isolamento-assista\/#webpage"},"articleSection":"Brasil"},{"@type":"BreadcrumbList","@id":"https:\/\/newsinfoco.com.br\/inicio\/bolsonaro-publica-video-de-apoiador-e-volta-a-criticar-medidas-de-isolamento-assista\/#breadcrumblist","itemListElement":[{"@type":"ListItem","@id":"https:\/\/newsinfoco.com.br\/inicio#listItem","position":1,"name":"In\u00edcio","item":"https:\/\/newsinfoco.com.br\/inicio","nextItem":{"@type":"ListItem","@id":"https:\/\/newsinfoco.com.br\/inicio\/category\/brasil\/#listItem","name":"Brasil"}},{"@type":"ListItem","@id":"https:\/\/newsinfoco.com.br\/inicio\/category\/brasil\/#listItem","position":2,"name":"Brasil","item":"https:\/\/newsinfoco.com.br\/inicio\/category\/brasil\/","nextItem":{"@type":"ListItem","@id":"https:\/\/newsinfoco.com.br\/inicio\/bolsonaro-publica-video-de-apoiador-e-volta-a-criticar-medidas-de-isolamento-assista\/#listItem","name":"Bolsonaro publica v\u00eddeo de apoiador e volta a criticar medidas de isolamento; assista"},"previousItem":{"@type":"ListItem","@id":"https:\/\/newsinfoco.com.br\/inicio#listItem","name":"In\u00edcio"}},{"@type":"ListItem","@id":"https:\/\/newsinfoco.com.br\/inicio\/bolsonaro-publica-video-de-apoiador-e-volta-a-criticar-medidas-de-isolamento-assista\/#listItem","position":3,"name":"Bolsonaro publica v\u00eddeo de apoiador e volta a criticar medidas de isolamento; assista","previousItem":{"@type":"ListItem","@id":"https:\/\/newsinfoco.com.br\/inicio\/category\/brasil\/#listItem","name":"Brasil"}}]},{"@type":"Organization","@id":"https:\/\/newsinfoco.com.br\/inicio\/#organization","name":"News In Foco - Editado por Caio Pimenta","description":"O principal site de noticias de Alagoinhas e regi\u00e3o","url":"https:\/\/newsinfoco.com.br\/inicio\/"},{"@type":"Person","@id":"https:\/\/newsinfoco.com.br\/inicio\/author\/administrador\/#author","url":"https:\/\/newsinfoco.com.br\/inicio\/author\/administrador\/","name":"administrador","image":{"@type":"ImageObject","@id":"https:\/\/newsinfoco.com.br\/inicio\/bolsonaro-publica-video-de-apoiador-e-volta-a-criticar-medidas-de-isolamento-assista\/#authorImage","url":"https:\/\/secure.gravatar.com\/avatar\/c17a617433de8c1dc9584bb79aab7563b46f5bb7e1728c9b17d9cc3ce6a08e49?s=96&d=mm&r=g","width":96,"height":96,"caption":"administrador"}},{"@type":"WebPage","@id":"https:\/\/newsinfoco.com.br\/inicio\/bolsonaro-publica-video-de-apoiador-e-volta-a-criticar-medidas-de-isolamento-assista\/#webpage","url":"https:\/\/newsinfoco.com.br\/inicio\/bolsonaro-publica-video-de-apoiador-e-volta-a-criticar-medidas-de-isolamento-assista\/","name":"Bolsonaro publica v\u00eddeo de apoiador e volta a criticar medidas de isolamento; assista - News In Foco - Editado por Caio Pimenta","description":"O presidente Jair Bolsonaro (sem partido) voltou a criticar as medidas de isolamento, neste domingo (12). No Twitter, o presidente compartilhou o v\u00eddeo de um apoiador, que reclama do fechamento das estradas no Par\u00e1 e mostra uma via travada por carros de passeio. \"Al\u00e9m do v\u00edrus, agora tamb\u00e9m temos o desemprego, fruto do 'fecha tudo'","inLanguage":"pt-BR","isPartOf":{"@id":"https:\/\/newsinfoco.com.br\/inicio\/#website"},"breadcrumb":{"@id":"https:\/\/newsinfoco.com.br\/inicio\/bolsonaro-publica-video-de-apoiador-e-volta-a-criticar-medidas-de-isolamento-assista\/#breadcrumblist"},"author":{"@id":"https:\/\/newsinfoco.com.br\/inicio\/author\/administrador\/#author"},"creator":{"@id":"https:\/\/newsinfoco.com.br\/inicio\/author\/administrador\/#author"},"image":{"@type":"ImageObject","url":"https:\/\/newsinfoco.com.br\/inicio\/wp-content\/uploads\/2020\/04\/IMAGEM_NOTICIA_5-7.jpg","@id":"https:\/\/newsinfoco.com.br\/inicio\/bolsonaro-publica-video-de-apoiador-e-volta-a-criticar-medidas-de-isolamento-assista\/#mainImage","width":380,"height":280},"primaryImageOfPage":{"@id":"https:\/\/newsinfoco.com.br\/inicio\/bolsonaro-publica-video-de-apoiador-e-volta-a-criticar-medidas-de-isolamento-assista\/#mainImage"},"datePublished":"2020-04-12T20:32:11-03:00","dateModified":"2020-04-12T20:32:11-03:00"},{"@type":"WebSite","@id":"https:\/\/newsinfoco.com.br\/inicio\/#website","url":"https:\/\/newsinfoco.com.br\/inicio\/","name":"News In Foco - Editado por Caio Pimenta","description":"O principal site de noticias de Alagoinhas e regi\u00e3o","inLanguage":"pt-BR","publisher":{"@id":"https:\/\/newsinfoco.com.br\/inicio\/#organization"}}]},"og:locale":"pt_BR","og:site_name":"News In Foco - Editado por Caio Pimenta - O principal site de noticias de Alagoinhas e regi\u00e3o","og:type":"article","og:title":"Bolsonaro publica v\u00eddeo de apoiador e volta a criticar medidas de isolamento; assista - News In Foco - Editado por Caio Pimenta","og:description":"O presidente Jair Bolsonaro (sem partido) voltou a criticar as medidas de isolamento, neste domingo (12). No Twitter, o presidente compartilhou o v\u00eddeo de um apoiador, que reclama do fechamento das estradas no Par\u00e1 e mostra uma via travada por carros de passeio. &quot;Al\u00e9m do v\u00edrus, agora tamb\u00e9m temos o desemprego, fruto do 'fecha tudo'","og:url":"https:\/\/newsinfoco.com.br\/inicio\/bolsonaro-publica-video-de-apoiador-e-volta-a-criticar-medidas-de-isolamento-assista\/","article:published_time":"2020-04-12T23:32:11+00:00","article:modified_time":"2020-04-12T23:32:11+00:00","twitter:card":"summary_large_image","twitter:title":"Bolsonaro publica v\u00eddeo de apoiador e volta a criticar medidas de isolamento; assista - News In Foco - Editado por Caio Pimenta","twitter:description":"O presidente Jair Bolsonaro (sem partido) voltou a criticar as medidas de isolamento, neste domingo (12). No Twitter, o presidente compartilhou o v\u00eddeo de um apoiador, que reclama do fechamento das estradas no Par\u00e1 e mostra uma via travada por carros de passeio. &quot;Al\u00e9m do v\u00edrus, agora tamb\u00e9m temos o desemprego, fruto do 'fecha tudo'"},"aioseo_meta_data":{"post_id":"20891","title":null,"description":null,"keywords":null,"keyphrases":null,"primary_term":null,"canonical_url":null,"og_title":null,"og_description":null,"og_object_type":"default","og_image_type":"default","og_image_url":null,"og_image_width":null,"og_image_height":null,"og_image_custom_url":null,"og_image_custom_fields":null,"og_video":null,"og_custom_url":null,"og_article_section":null,"og_article_tags":null,"twitter_use_og":false,"twitter_card":"default","twitter_image_type":"default","twitter_image_url":null,"twitter_image_custom_url":null,"twitter_image_custom_fields":null,"twitter_title":null,"twitter_description":null,"schema":{"blockGraphs":[],"customGraphs":[],"default":{"data":{"Article":[],"Course":[],"Dataset":[],"FAQPage":[],"Movie":[],"Person":[],"Product":[],"ProductReview":[],"Car":[],"Recipe":[],"Service":[],"SoftwareApplication":[],"WebPage":[]},"graphName":"","isEnabled":true},"graphs":[]},"schema_type":"default","schema_type_options":null,"pillar_content":false,"robots_default":true,"robots_noindex":false,"robots_noarchive":false,"robots_nosnippet":false,"robots_nofollow":false,"robots_noimageindex":false,"robots_noodp":false,"robots_notranslate":false,"robots_max_snippet":null,"robots_max_videopreview":null,"robots_max_imagepreview":"large","priority":null,"frequency":null,"local_seo":null,"breadcrumb_settings":null,"limit_modified_date":false,"ai":null,"created":"2023-06-12 16:27:50","updated":"2025-07-11 03:02:24","seo_analyzer_scan_date":null},"aioseo_breadcrumb":"<div class=\"aioseo-breadcrumbs\"><span class=\"aioseo-breadcrumb\">\n\t\t\t<a href=\"https:\/\/newsinfoco.com.br\/inicio\" title=\"In\u00edcio\">In\u00edcio<\/a>\n\t\t<\/span><span class=\"aioseo-breadcrumb-separator\">&raquo;<\/span><span class=\"aioseo-breadcrumb\">\n\t\t\t<a href=\"https:\/\/newsinfoco.com.br\/inicio\/category\/brasil\/\" title=\"Brasil\">Brasil<\/a>\n\t\t<\/span><span class=\"aioseo-breadcrumb-separator\">&raquo;<\/span><span class=\"aioseo-breadcrumb\">\n\t\t\tBolsonaro publica v\u00eddeo de apoiador e volta a criticar medidas de isolamento; assista\n\t\t<\/span><\/div>","aioseo_breadcrumb_json":[{"label":"In\u00edcio","link":"https:\/\/newsinfoco.com.br\/inicio"},{"label":"Brasil","link":"https:\/\/newsinfoco.com.br\/inicio\/category\/brasil\/"},{"label":"Bolsonaro publica v\u00eddeo de apoiador e volta a criticar medidas de isolamento; assista","link":"https:\/\/newsinfoco.com.br\/inicio\/bolsonaro-publica-video-de-apoiador-e-volta-a-criticar-medidas-de-isolamento-assista\/"}],"_links":{"self":[{"href":"https:\/\/newsinfoco.com.br\/inicio\/wp-json\/wp\/v2\/posts\/20891","targetHints":{"allow":["GET"]}}],"collection":[{"href":"https:\/\/newsinfoco.com.br\/inicio\/wp-json\/wp\/v2\/posts"}],"about":[{"href":"https:\/\/newsinfoco.com.br\/inicio\/wp-json\/wp\/v2\/types\/post"}],"author":[{"embeddable":true,"href":"https:\/\/newsinfoco.com.br\/inicio\/wp-json\/wp\/v2\/users\/1"}],"replies":[{"embeddable":true,"href":"https:\/\/newsinfoco.com.br\/inicio\/wp-json\/wp\/v2\/comments?post=20891"}],"version-history":[{"count":0,"href":"https:\/\/newsinfoco.com.br\/inicio\/wp-json\/wp\/v2\/posts\/20891\/revisions"}],"wp:featuredmedia":[{"embeddable":true,"href":"https:\/\/newsinfoco.com.br\/inicio\/wp-json\/wp\/v2\/media\/20892"}],"wp:attachment":[{"href":"https:\/\/newsinfoco.com.br\/inicio\/wp-json\/wp\/v2\/media?parent=20891"}],"wp:term":[{"taxonomy":"category","embeddable":true,"href":"https:\/\/newsinfoco.com.br\/inicio\/wp-json\/wp\/v2\/categories?post=20891"},{"taxonomy":"post_tag","embeddable":true,"href":"https:\/\/newsinfoco.com.br\/inicio\/wp-json\/wp\/v2\/tags?post=20891"}],"curies":[{"name":"wp","href":"https:\/\/api.w.org\/{rel}","templated":true}]}}