{"id":20911,"date":"2020-04-15T08:58:21","date_gmt":"2020-04-15T11:58:21","guid":{"rendered":"http:\/\/newsinfoco.com.br\/?p=20911"},"modified":"2020-04-15T09:23:23","modified_gmt":"2020-04-15T12:23:23","slug":"prefeito-joaquim-neto-decide-prorrogar-fechamento-do-comercio-de-alagoinhas-ate-segunda-feira20","status":"publish","type":"post","link":"https:\/\/newsinfoco.com.br\/inicio\/prefeito-joaquim-neto-decide-prorrogar-fechamento-do-comercio-de-alagoinhas-ate-segunda-feira20\/","title":{"rendered":"Prefeito Joaquim Neto decide prorrogar fechamento do com\u00e9rcio de Alagoinhas at\u00e9 segunda-feira(20)"},"content":{"rendered":"<p style=\"text-align: justify;\">O prefeito de Alagoinhas, Joaquim Neto(PSD), decidiu prorrogar o fechamento do com\u00e9rcio at\u00e9 segunda-feira(20). A informa\u00e7\u00e3o foi dada agora pela manh\u00e3 pelo comentarista do Programa Primeira M\u00e3o, Caio Pimenta, e confirmada a este News Infoco pelo secret\u00e1rio municipal de Governo, Gustavo Carmo(Avante). O decreto deve ser publicado ainda hoje no di\u00e1rio oficial do munic\u00edpio.<\/p>\n<p style=\"text-align: justify;\">Os comerciantes que permaneceram com os seu empreendimentos fechados durante a semana santa, chegaram a fazer campanha pela abertura do com\u00e9rcio. Um grupo de comerciantes promoveram uma carreata at\u00e9 prefeitura, onde entregaram formalmente o pedido de revoga\u00e7\u00e3o do decreto.<\/p>\n<p style=\"text-align: justify;\">Por\u00e9m, o Minist\u00e9rio P\u00fablico e o N\u00facleo Regional de Sa\u00fade tem pressionado o governo a continuar com a medida, que \u00e9 referendada pela Organiza\u00e7\u00e3o Mundial de Sa\u00fade. O prefeito Joaquim Neto, que \u00e9 m\u00e9dico, decidiu ent\u00e3o prorrogar o fechamento do com\u00e9rcio at\u00e9 segunda-feira, prometendo fazer uma avalia\u00e7\u00e3o neste \u00ednterim para decidir pela prorroga\u00e7\u00e3o ou n\u00e3o da medida.<\/p>\n<ul>\n<li style=\"text-align: justify;\"><em>A mat\u00e9ria inicialmente informava que as for\u00e7as empresariais promoveram uma carreata at\u00e9 prefeitura, onde entregaram formalmente o pedido de revoga\u00e7\u00e3o do decreto. Na verdade a carreata foi promovida por comerciantes sem o envolvimento das for\u00e7as empresariais. A informa\u00e7\u00e3o j\u00e1 foi corrigida<\/em><\/li>\n<\/ul>\n<p style=\"text-align: right;\">Por Caio Pimenta para o News Infoco<\/p>\n<p style=\"text-align: justify;\">\n<div class='share-to-whatsapp-wrapper'><div class='share-on-whsp'>Share on: <\/div><a data-text='Prefeito Joaquim Neto decide prorrogar fechamento do com\u00e9rcio de Alagoinhas at\u00e9 segunda-feira(20)' data-link='https:\/\/newsinfoco.com.br\/inicio\/prefeito-joaquim-neto-decide-prorrogar-fechamento-do-comercio-de-alagoinhas-ate-segunda-feira20\/' class='whatsapp-button whatsapp-share'>WhatsApp<\/a><div class='clear '><\/div><\/div>","protected":false},"excerpt":{"rendered":"<p>O prefeito de Alagoinhas, Joaquim Neto(PSD), decidiu prorrogar o fechamento do com\u00e9rcio at\u00e9 segunda-feira(20). A informa\u00e7\u00e3o foi dada agora pela manh\u00e3 pelo comentarista do Programa Primeira M\u00e3o, Caio Pimenta, e confirmada a este News Infoco pelo secret\u00e1rio municipal de Governo, Gustavo Carmo(Avante). O decreto deve ser publicado ainda hoje no di\u00e1rio oficial do munic\u00edpio. Os [&hellip;]<\/p>\n","protected":false},"author":1,"featured_media":12496,"comment_status":"open","ping_status":"open","sticky":false,"template":"","format":"standard","meta":{"om_disable_all_campaigns":false,"rop_custom_images_group":[],"rop_custom_messages_group":[],"rop_publish_now":"initial","rop_publish_now_accounts":[],"rop_publish_now_history":[],"rop_publish_now_status":"pending","_exactmetrics_skip_tracking":false,"footnotes":""},"categories":[167],"tags":[],"class_list":["post-20911","post","type-post","status-publish","format-standard","has-post-thumbnail","hentry","category-exclusivas"],"aioseo_notices":[],"aioseo_head":"\n\t\t<!-- All in One SEO 4.9.10 - aioseo.com -->\n\t<meta name=\"description\" content=\"O prefeito de Alagoinhas, Joaquim Neto(PSD), decidiu prorrogar o fechamento do com\u00e9rcio at\u00e9 segunda-feira(20). A informa\u00e7\u00e3o foi dada agora pela manh\u00e3 pelo comentarista do Programa Primeira M\u00e3o, Caio Pimenta, e confirmada a este News Infoco pelo secret\u00e1rio municipal de Governo, Gustavo Carmo(Avante). O decreto deve ser publicado ainda hoje no di\u00e1rio oficial do munic\u00edpio. Os\" \/>\n\t<meta name=\"robots\" content=\"max-image-preview:large\" \/>\n\t<meta name=\"author\" content=\"administrador\"\/>\n\t<link rel=\"canonical\" href=\"https:\/\/newsinfoco.com.br\/inicio\/prefeito-joaquim-neto-decide-prorrogar-fechamento-do-comercio-de-alagoinhas-ate-segunda-feira20\/\" \/>\n\t<meta name=\"generator\" content=\"All in One SEO (AIOSEO) 4.9.10\" \/>\n\t\t<meta property=\"og:locale\" content=\"pt_BR\" \/>\n\t\t<meta property=\"og:site_name\" content=\"News In Foco - Editado por Caio Pimenta - O principal site de noticias de Alagoinhas e regi\u00e3o\" \/>\n\t\t<meta property=\"og:type\" content=\"article\" \/>\n\t\t<meta property=\"og:title\" content=\"Prefeito Joaquim Neto decide prorrogar fechamento do com\u00e9rcio de Alagoinhas at\u00e9 segunda-feira(20) - News In Foco - Editado por Caio Pimenta\" \/>\n\t\t<meta property=\"og:description\" content=\"O prefeito de Alagoinhas, Joaquim Neto(PSD), decidiu prorrogar o fechamento do com\u00e9rcio at\u00e9 segunda-feira(20). A informa\u00e7\u00e3o foi dada agora pela manh\u00e3 pelo comentarista do Programa Primeira M\u00e3o, Caio Pimenta, e confirmada a este News Infoco pelo secret\u00e1rio municipal de Governo, Gustavo Carmo(Avante). O decreto deve ser publicado ainda hoje no di\u00e1rio oficial do munic\u00edpio. Os\" \/>\n\t\t<meta property=\"og:url\" content=\"https:\/\/newsinfoco.com.br\/inicio\/prefeito-joaquim-neto-decide-prorrogar-fechamento-do-comercio-de-alagoinhas-ate-segunda-feira20\/\" \/>\n\t\t<meta property=\"article:published_time\" content=\"2020-04-15T11:58:21+00:00\" \/>\n\t\t<meta property=\"article:modified_time\" content=\"2020-04-15T12:23:23+00:00\" \/>\n\t\t<meta name=\"twitter:card\" content=\"summary_large_image\" \/>\n\t\t<meta name=\"twitter:title\" content=\"Prefeito Joaquim Neto decide prorrogar fechamento do com\u00e9rcio de Alagoinhas at\u00e9 segunda-feira(20) - News In Foco - Editado por Caio Pimenta\" \/>\n\t\t<meta name=\"twitter:description\" content=\"O prefeito de Alagoinhas, Joaquim Neto(PSD), decidiu prorrogar o fechamento do com\u00e9rcio at\u00e9 segunda-feira(20). A informa\u00e7\u00e3o foi dada agora pela manh\u00e3 pelo comentarista do Programa Primeira M\u00e3o, Caio Pimenta, e confirmada a este News Infoco pelo secret\u00e1rio municipal de Governo, Gustavo Carmo(Avante). O decreto deve ser publicado ainda hoje no di\u00e1rio oficial do munic\u00edpio. Os\" \/>\n\t\t<script type=\"application\/ld+json\" class=\"aioseo-schema\">\n\t\t\t{\"@context\":\"https:\\\/\\\/schema.org\",\"@graph\":[{\"@type\":\"BlogPosting\",\"@id\":\"https:\\\/\\\/newsinfoco.com.br\\\/inicio\\\/prefeito-joaquim-neto-decide-prorrogar-fechamento-do-comercio-de-alagoinhas-ate-segunda-feira20\\\/#blogposting\",\"name\":\"Prefeito Joaquim Neto decide prorrogar fechamento do com\\u00e9rcio de Alagoinhas at\\u00e9 segunda-feira(20) - News In Foco - Editado por Caio Pimenta\",\"headline\":\"Prefeito Joaquim Neto decide prorrogar fechamento do com\\u00e9rcio de Alagoinhas at\\u00e9 segunda-feira(20)\",\"author\":{\"@id\":\"https:\\\/\\\/newsinfoco.com.br\\\/inicio\\\/author\\\/administrador\\\/#author\"},\"publisher\":{\"@id\":\"https:\\\/\\\/newsinfoco.com.br\\\/inicio\\\/#organization\"},\"image\":{\"@type\":\"ImageObject\",\"url\":\"https:\\\/\\\/newsinfoco.com.br\\\/inicio\\\/wp-content\\\/uploads\\\/2019\\\/01\\\/38685241841_e8d99b4dcc_b.jpg\",\"width\":800,\"height\":529,\"caption\":\"prefeito Joaquim Neto\"},\"datePublished\":\"2020-04-15T08:58:21-03:00\",\"dateModified\":\"2020-04-15T09:23:23-03:00\",\"inLanguage\":\"pt-BR\",\"mainEntityOfPage\":{\"@id\":\"https:\\\/\\\/newsinfoco.com.br\\\/inicio\\\/prefeito-joaquim-neto-decide-prorrogar-fechamento-do-comercio-de-alagoinhas-ate-segunda-feira20\\\/#webpage\"},\"isPartOf\":{\"@id\":\"https:\\\/\\\/newsinfoco.com.br\\\/inicio\\\/prefeito-joaquim-neto-decide-prorrogar-fechamento-do-comercio-de-alagoinhas-ate-segunda-feira20\\\/#webpage\"},\"articleSection\":\"Manchete\"},{\"@type\":\"BreadcrumbList\",\"@id\":\"https:\\\/\\\/newsinfoco.com.br\\\/inicio\\\/prefeito-joaquim-neto-decide-prorrogar-fechamento-do-comercio-de-alagoinhas-ate-segunda-feira20\\\/#breadcrumblist\",\"itemListElement\":[{\"@type\":\"ListItem\",\"@id\":\"https:\\\/\\\/newsinfoco.com.br\\\/inicio#listItem\",\"position\":1,\"name\":\"In\\u00edcio\",\"item\":\"https:\\\/\\\/newsinfoco.com.br\\\/inicio\",\"nextItem\":{\"@type\":\"ListItem\",\"@id\":\"https:\\\/\\\/newsinfoco.com.br\\\/inicio\\\/category\\\/exclusivas\\\/#listItem\",\"name\":\"Manchete\"}},{\"@type\":\"ListItem\",\"@id\":\"https:\\\/\\\/newsinfoco.com.br\\\/inicio\\\/category\\\/exclusivas\\\/#listItem\",\"position\":2,\"name\":\"Manchete\",\"item\":\"https:\\\/\\\/newsinfoco.com.br\\\/inicio\\\/category\\\/exclusivas\\\/\",\"nextItem\":{\"@type\":\"ListItem\",\"@id\":\"https:\\\/\\\/newsinfoco.com.br\\\/inicio\\\/prefeito-joaquim-neto-decide-prorrogar-fechamento-do-comercio-de-alagoinhas-ate-segunda-feira20\\\/#listItem\",\"name\":\"Prefeito Joaquim Neto decide prorrogar fechamento do com\\u00e9rcio de Alagoinhas at\\u00e9 segunda-feira(20)\"},\"previousItem\":{\"@type\":\"ListItem\",\"@id\":\"https:\\\/\\\/newsinfoco.com.br\\\/inicio#listItem\",\"name\":\"In\\u00edcio\"}},{\"@type\":\"ListItem\",\"@id\":\"https:\\\/\\\/newsinfoco.com.br\\\/inicio\\\/prefeito-joaquim-neto-decide-prorrogar-fechamento-do-comercio-de-alagoinhas-ate-segunda-feira20\\\/#listItem\",\"position\":3,\"name\":\"Prefeito Joaquim Neto decide prorrogar fechamento do com\\u00e9rcio de Alagoinhas at\\u00e9 segunda-feira(20)\",\"previousItem\":{\"@type\":\"ListItem\",\"@id\":\"https:\\\/\\\/newsinfoco.com.br\\\/inicio\\\/category\\\/exclusivas\\\/#listItem\",\"name\":\"Manchete\"}}]},{\"@type\":\"Organization\",\"@id\":\"https:\\\/\\\/newsinfoco.com.br\\\/inicio\\\/#organization\",\"name\":\"News In Foco - Editado por Caio Pimenta\",\"description\":\"O principal site de noticias de Alagoinhas e regi\\u00e3o\",\"url\":\"https:\\\/\\\/newsinfoco.com.br\\\/inicio\\\/\"},{\"@type\":\"Person\",\"@id\":\"https:\\\/\\\/newsinfoco.com.br\\\/inicio\\\/author\\\/administrador\\\/#author\",\"url\":\"https:\\\/\\\/newsinfoco.com.br\\\/inicio\\\/author\\\/administrador\\\/\",\"name\":\"administrador\",\"image\":{\"@type\":\"ImageObject\",\"@id\":\"https:\\\/\\\/newsinfoco.com.br\\\/inicio\\\/prefeito-joaquim-neto-decide-prorrogar-fechamento-do-comercio-de-alagoinhas-ate-segunda-feira20\\\/#authorImage\",\"url\":\"https:\\\/\\\/secure.gravatar.com\\\/avatar\\\/c17a617433de8c1dc9584bb79aab7563b46f5bb7e1728c9b17d9cc3ce6a08e49?s=96&d=mm&r=g\",\"width\":96,\"height\":96,\"caption\":\"administrador\"}},{\"@type\":\"WebPage\",\"@id\":\"https:\\\/\\\/newsinfoco.com.br\\\/inicio\\\/prefeito-joaquim-neto-decide-prorrogar-fechamento-do-comercio-de-alagoinhas-ate-segunda-feira20\\\/#webpage\",\"url\":\"https:\\\/\\\/newsinfoco.com.br\\\/inicio\\\/prefeito-joaquim-neto-decide-prorrogar-fechamento-do-comercio-de-alagoinhas-ate-segunda-feira20\\\/\",\"name\":\"Prefeito Joaquim Neto decide prorrogar fechamento do com\\u00e9rcio de Alagoinhas at\\u00e9 segunda-feira(20) - News In Foco - Editado por Caio Pimenta\",\"description\":\"O prefeito de Alagoinhas, Joaquim Neto(PSD), decidiu prorrogar o fechamento do com\\u00e9rcio at\\u00e9 segunda-feira(20). A informa\\u00e7\\u00e3o foi dada agora pela manh\\u00e3 pelo comentarista do Programa Primeira M\\u00e3o, Caio Pimenta, e confirmada a este News Infoco pelo secret\\u00e1rio municipal de Governo, Gustavo Carmo(Avante). O decreto deve ser publicado ainda hoje no di\\u00e1rio oficial do munic\\u00edpio. Os\",\"inLanguage\":\"pt-BR\",\"isPartOf\":{\"@id\":\"https:\\\/\\\/newsinfoco.com.br\\\/inicio\\\/#website\"},\"breadcrumb\":{\"@id\":\"https:\\\/\\\/newsinfoco.com.br\\\/inicio\\\/prefeito-joaquim-neto-decide-prorrogar-fechamento-do-comercio-de-alagoinhas-ate-segunda-feira20\\\/#breadcrumblist\"},\"author\":{\"@id\":\"https:\\\/\\\/newsinfoco.com.br\\\/inicio\\\/author\\\/administrador\\\/#author\"},\"creator\":{\"@id\":\"https:\\\/\\\/newsinfoco.com.br\\\/inicio\\\/author\\\/administrador\\\/#author\"},\"image\":{\"@type\":\"ImageObject\",\"url\":\"https:\\\/\\\/newsinfoco.com.br\\\/inicio\\\/wp-content\\\/uploads\\\/2019\\\/01\\\/38685241841_e8d99b4dcc_b.jpg\",\"@id\":\"https:\\\/\\\/newsinfoco.com.br\\\/inicio\\\/prefeito-joaquim-neto-decide-prorrogar-fechamento-do-comercio-de-alagoinhas-ate-segunda-feira20\\\/#mainImage\",\"width\":800,\"height\":529,\"caption\":\"prefeito Joaquim Neto\"},\"primaryImageOfPage\":{\"@id\":\"https:\\\/\\\/newsinfoco.com.br\\\/inicio\\\/prefeito-joaquim-neto-decide-prorrogar-fechamento-do-comercio-de-alagoinhas-ate-segunda-feira20\\\/#mainImage\"},\"datePublished\":\"2020-04-15T08:58:21-03:00\",\"dateModified\":\"2020-04-15T09:23:23-03:00\"},{\"@type\":\"WebSite\",\"@id\":\"https:\\\/\\\/newsinfoco.com.br\\\/inicio\\\/#website\",\"url\":\"https:\\\/\\\/newsinfoco.com.br\\\/inicio\\\/\",\"name\":\"News In Foco - Editado por Caio Pimenta\",\"description\":\"O principal site de noticias de Alagoinhas e regi\\u00e3o\",\"inLanguage\":\"pt-BR\",\"publisher\":{\"@id\":\"https:\\\/\\\/newsinfoco.com.br\\\/inicio\\\/#organization\"}}]}\n\t\t<\/script>\n\t\t<!-- All in One SEO -->\n\n","aioseo_head_json":{"title":"Prefeito Joaquim Neto decide prorrogar fechamento do com\u00e9rcio de Alagoinhas at\u00e9 segunda-feira(20) - News In Foco - Editado por Caio Pimenta","description":"O prefeito de Alagoinhas, Joaquim Neto(PSD), decidiu prorrogar o fechamento do com\u00e9rcio at\u00e9 segunda-feira(20). A informa\u00e7\u00e3o foi dada agora pela manh\u00e3 pelo comentarista do Programa Primeira M\u00e3o, Caio Pimenta, e confirmada a este News Infoco pelo secret\u00e1rio municipal de Governo, Gustavo Carmo(Avante). O decreto deve ser publicado ainda hoje no di\u00e1rio oficial do munic\u00edpio. Os","canonical_url":"https:\/\/newsinfoco.com.br\/inicio\/prefeito-joaquim-neto-decide-prorrogar-fechamento-do-comercio-de-alagoinhas-ate-segunda-feira20\/","robots":"max-image-preview:large","keywords":"","webmasterTools":{"miscellaneous":""},"schema":{"@context":"https:\/\/schema.org","@graph":[{"@type":"BlogPosting","@id":"https:\/\/newsinfoco.com.br\/inicio\/prefeito-joaquim-neto-decide-prorrogar-fechamento-do-comercio-de-alagoinhas-ate-segunda-feira20\/#blogposting","name":"Prefeito Joaquim Neto decide prorrogar fechamento do com\u00e9rcio de Alagoinhas at\u00e9 segunda-feira(20) - News In Foco - Editado por Caio Pimenta","headline":"Prefeito Joaquim Neto decide prorrogar fechamento do com\u00e9rcio de Alagoinhas at\u00e9 segunda-feira(20)","author":{"@id":"https:\/\/newsinfoco.com.br\/inicio\/author\/administrador\/#author"},"publisher":{"@id":"https:\/\/newsinfoco.com.br\/inicio\/#organization"},"image":{"@type":"ImageObject","url":"https:\/\/newsinfoco.com.br\/inicio\/wp-content\/uploads\/2019\/01\/38685241841_e8d99b4dcc_b.jpg","width":800,"height":529,"caption":"prefeito Joaquim Neto"},"datePublished":"2020-04-15T08:58:21-03:00","dateModified":"2020-04-15T09:23:23-03:00","inLanguage":"pt-BR","mainEntityOfPage":{"@id":"https:\/\/newsinfoco.com.br\/inicio\/prefeito-joaquim-neto-decide-prorrogar-fechamento-do-comercio-de-alagoinhas-ate-segunda-feira20\/#webpage"},"isPartOf":{"@id":"https:\/\/newsinfoco.com.br\/inicio\/prefeito-joaquim-neto-decide-prorrogar-fechamento-do-comercio-de-alagoinhas-ate-segunda-feira20\/#webpage"},"articleSection":"Manchete"},{"@type":"BreadcrumbList","@id":"https:\/\/newsinfoco.com.br\/inicio\/prefeito-joaquim-neto-decide-prorrogar-fechamento-do-comercio-de-alagoinhas-ate-segunda-feira20\/#breadcrumblist","itemListElement":[{"@type":"ListItem","@id":"https:\/\/newsinfoco.com.br\/inicio#listItem","position":1,"name":"In\u00edcio","item":"https:\/\/newsinfoco.com.br\/inicio","nextItem":{"@type":"ListItem","@id":"https:\/\/newsinfoco.com.br\/inicio\/category\/exclusivas\/#listItem","name":"Manchete"}},{"@type":"ListItem","@id":"https:\/\/newsinfoco.com.br\/inicio\/category\/exclusivas\/#listItem","position":2,"name":"Manchete","item":"https:\/\/newsinfoco.com.br\/inicio\/category\/exclusivas\/","nextItem":{"@type":"ListItem","@id":"https:\/\/newsinfoco.com.br\/inicio\/prefeito-joaquim-neto-decide-prorrogar-fechamento-do-comercio-de-alagoinhas-ate-segunda-feira20\/#listItem","name":"Prefeito Joaquim Neto decide prorrogar fechamento do com\u00e9rcio de Alagoinhas at\u00e9 segunda-feira(20)"},"previousItem":{"@type":"ListItem","@id":"https:\/\/newsinfoco.com.br\/inicio#listItem","name":"In\u00edcio"}},{"@type":"ListItem","@id":"https:\/\/newsinfoco.com.br\/inicio\/prefeito-joaquim-neto-decide-prorrogar-fechamento-do-comercio-de-alagoinhas-ate-segunda-feira20\/#listItem","position":3,"name":"Prefeito Joaquim Neto decide prorrogar fechamento do com\u00e9rcio de Alagoinhas at\u00e9 segunda-feira(20)","previousItem":{"@type":"ListItem","@id":"https:\/\/newsinfoco.com.br\/inicio\/category\/exclusivas\/#listItem","name":"Manchete"}}]},{"@type":"Organization","@id":"https:\/\/newsinfoco.com.br\/inicio\/#organization","name":"News In Foco - Editado por Caio Pimenta","description":"O principal site de noticias de Alagoinhas e regi\u00e3o","url":"https:\/\/newsinfoco.com.br\/inicio\/"},{"@type":"Person","@id":"https:\/\/newsinfoco.com.br\/inicio\/author\/administrador\/#author","url":"https:\/\/newsinfoco.com.br\/inicio\/author\/administrador\/","name":"administrador","image":{"@type":"ImageObject","@id":"https:\/\/newsinfoco.com.br\/inicio\/prefeito-joaquim-neto-decide-prorrogar-fechamento-do-comercio-de-alagoinhas-ate-segunda-feira20\/#authorImage","url":"https:\/\/secure.gravatar.com\/avatar\/c17a617433de8c1dc9584bb79aab7563b46f5bb7e1728c9b17d9cc3ce6a08e49?s=96&d=mm&r=g","width":96,"height":96,"caption":"administrador"}},{"@type":"WebPage","@id":"https:\/\/newsinfoco.com.br\/inicio\/prefeito-joaquim-neto-decide-prorrogar-fechamento-do-comercio-de-alagoinhas-ate-segunda-feira20\/#webpage","url":"https:\/\/newsinfoco.com.br\/inicio\/prefeito-joaquim-neto-decide-prorrogar-fechamento-do-comercio-de-alagoinhas-ate-segunda-feira20\/","name":"Prefeito Joaquim Neto decide prorrogar fechamento do com\u00e9rcio de Alagoinhas at\u00e9 segunda-feira(20) - News In Foco - Editado por Caio Pimenta","description":"O prefeito de Alagoinhas, Joaquim Neto(PSD), decidiu prorrogar o fechamento do com\u00e9rcio at\u00e9 segunda-feira(20). A informa\u00e7\u00e3o foi dada agora pela manh\u00e3 pelo comentarista do Programa Primeira M\u00e3o, Caio Pimenta, e confirmada a este News Infoco pelo secret\u00e1rio municipal de Governo, Gustavo Carmo(Avante). O decreto deve ser publicado ainda hoje no di\u00e1rio oficial do munic\u00edpio. Os","inLanguage":"pt-BR","isPartOf":{"@id":"https:\/\/newsinfoco.com.br\/inicio\/#website"},"breadcrumb":{"@id":"https:\/\/newsinfoco.com.br\/inicio\/prefeito-joaquim-neto-decide-prorrogar-fechamento-do-comercio-de-alagoinhas-ate-segunda-feira20\/#breadcrumblist"},"author":{"@id":"https:\/\/newsinfoco.com.br\/inicio\/author\/administrador\/#author"},"creator":{"@id":"https:\/\/newsinfoco.com.br\/inicio\/author\/administrador\/#author"},"image":{"@type":"ImageObject","url":"https:\/\/newsinfoco.com.br\/inicio\/wp-content\/uploads\/2019\/01\/38685241841_e8d99b4dcc_b.jpg","@id":"https:\/\/newsinfoco.com.br\/inicio\/prefeito-joaquim-neto-decide-prorrogar-fechamento-do-comercio-de-alagoinhas-ate-segunda-feira20\/#mainImage","width":800,"height":529,"caption":"prefeito Joaquim Neto"},"primaryImageOfPage":{"@id":"https:\/\/newsinfoco.com.br\/inicio\/prefeito-joaquim-neto-decide-prorrogar-fechamento-do-comercio-de-alagoinhas-ate-segunda-feira20\/#mainImage"},"datePublished":"2020-04-15T08:58:21-03:00","dateModified":"2020-04-15T09:23:23-03:00"},{"@type":"WebSite","@id":"https:\/\/newsinfoco.com.br\/inicio\/#website","url":"https:\/\/newsinfoco.com.br\/inicio\/","name":"News In Foco - Editado por Caio Pimenta","description":"O principal site de noticias de Alagoinhas e regi\u00e3o","inLanguage":"pt-BR","publisher":{"@id":"https:\/\/newsinfoco.com.br\/inicio\/#organization"}}]},"og:locale":"pt_BR","og:site_name":"News In Foco - Editado por Caio Pimenta - O principal site de noticias de Alagoinhas e regi\u00e3o","og:type":"article","og:title":"Prefeito Joaquim Neto decide prorrogar fechamento do com\u00e9rcio de Alagoinhas at\u00e9 segunda-feira(20) - News In Foco - Editado por Caio Pimenta","og:description":"O prefeito de Alagoinhas, Joaquim Neto(PSD), decidiu prorrogar o fechamento do com\u00e9rcio at\u00e9 segunda-feira(20). A informa\u00e7\u00e3o foi dada agora pela manh\u00e3 pelo comentarista do Programa Primeira M\u00e3o, Caio Pimenta, e confirmada a este News Infoco pelo secret\u00e1rio municipal de Governo, Gustavo Carmo(Avante). O decreto deve ser publicado ainda hoje no di\u00e1rio oficial do munic\u00edpio. Os","og:url":"https:\/\/newsinfoco.com.br\/inicio\/prefeito-joaquim-neto-decide-prorrogar-fechamento-do-comercio-de-alagoinhas-ate-segunda-feira20\/","article:published_time":"2020-04-15T11:58:21+00:00","article:modified_time":"2020-04-15T12:23:23+00:00","twitter:card":"summary_large_image","twitter:title":"Prefeito Joaquim Neto decide prorrogar fechamento do com\u00e9rcio de Alagoinhas at\u00e9 segunda-feira(20) - News In Foco - Editado por Caio Pimenta","twitter:description":"O prefeito de Alagoinhas, Joaquim Neto(PSD), decidiu prorrogar o fechamento do com\u00e9rcio at\u00e9 segunda-feira(20). A informa\u00e7\u00e3o foi dada agora pela manh\u00e3 pelo comentarista do Programa Primeira M\u00e3o, Caio Pimenta, e confirmada a este News Infoco pelo secret\u00e1rio municipal de Governo, Gustavo Carmo(Avante). O decreto deve ser publicado ainda hoje no di\u00e1rio oficial do munic\u00edpio. Os"},"aioseo_meta_data":{"post_id":"20911","title":null,"description":null,"keywords":null,"keyphrases":null,"primary_term":null,"canonical_url":null,"og_title":null,"og_description":null,"og_object_type":"default","og_image_type":"default","og_image_url":null,"og_image_width":null,"og_image_height":null,"og_image_custom_url":null,"og_image_custom_fields":null,"og_video":null,"og_custom_url":null,"og_article_section":null,"og_article_tags":null,"twitter_use_og":false,"twitter_card":"default","twitter_image_type":"default","twitter_image_url":null,"twitter_image_custom_url":null,"twitter_image_custom_fields":null,"twitter_title":null,"twitter_description":null,"schema":{"blockGraphs":[],"customGraphs":[],"default":{"data":{"Article":[],"Course":[],"Dataset":[],"FAQPage":[],"Movie":[],"Person":[],"Product":[],"ProductReview":[],"Car":[],"Recipe":[],"Service":[],"SoftwareApplication":[],"WebPage":[]},"graphName":"","isEnabled":true},"graphs":[]},"schema_type":"default","schema_type_options":null,"pillar_content":false,"robots_default":true,"robots_noindex":false,"robots_noarchive":false,"robots_nosnippet":false,"robots_nofollow":false,"robots_noimageindex":false,"robots_noodp":false,"robots_notranslate":false,"robots_max_snippet":null,"robots_max_videopreview":null,"robots_max_imagepreview":"large","priority":null,"frequency":null,"local_seo":null,"breadcrumb_settings":null,"limit_modified_date":false,"ai":null,"created":"2023-06-12 16:29:20","updated":"2025-07-11 03:02:55","seo_analyzer_scan_date":null},"aioseo_breadcrumb":"<div class=\"aioseo-breadcrumbs\"><span class=\"aioseo-breadcrumb\">\n\t\t\t<a href=\"https:\/\/newsinfoco.com.br\/inicio\" title=\"In\u00edcio\">In\u00edcio<\/a>\n\t\t<\/span><span class=\"aioseo-breadcrumb-separator\">&raquo;<\/span><span class=\"aioseo-breadcrumb\">\n\t\t\t<a href=\"https:\/\/newsinfoco.com.br\/inicio\/category\/exclusivas\/\" title=\"Manchete\">Manchete<\/a>\n\t\t<\/span><span class=\"aioseo-breadcrumb-separator\">&raquo;<\/span><span class=\"aioseo-breadcrumb\">\n\t\t\tPrefeito Joaquim Neto decide prorrogar fechamento do com\u00e9rcio de Alagoinhas at\u00e9 segunda-feira(20)\n\t\t<\/span><\/div>","aioseo_breadcrumb_json":[{"label":"In\u00edcio","link":"https:\/\/newsinfoco.com.br\/inicio"},{"label":"Manchete","link":"https:\/\/newsinfoco.com.br\/inicio\/category\/exclusivas\/"},{"label":"Prefeito Joaquim Neto decide prorrogar fechamento do com\u00e9rcio de Alagoinhas at\u00e9 segunda-feira(20)","link":"https:\/\/newsinfoco.com.br\/inicio\/prefeito-joaquim-neto-decide-prorrogar-fechamento-do-comercio-de-alagoinhas-ate-segunda-feira20\/"}],"_links":{"self":[{"href":"https:\/\/newsinfoco.com.br\/inicio\/wp-json\/wp\/v2\/posts\/20911","targetHints":{"allow":["GET"]}}],"collection":[{"href":"https:\/\/newsinfoco.com.br\/inicio\/wp-json\/wp\/v2\/posts"}],"about":[{"href":"https:\/\/newsinfoco.com.br\/inicio\/wp-json\/wp\/v2\/types\/post"}],"author":[{"embeddable":true,"href":"https:\/\/newsinfoco.com.br\/inicio\/wp-json\/wp\/v2\/users\/1"}],"replies":[{"embeddable":true,"href":"https:\/\/newsinfoco.com.br\/inicio\/wp-json\/wp\/v2\/comments?post=20911"}],"version-history":[{"count":0,"href":"https:\/\/newsinfoco.com.br\/inicio\/wp-json\/wp\/v2\/posts\/20911\/revisions"}],"wp:featuredmedia":[{"embeddable":true,"href":"https:\/\/newsinfoco.com.br\/inicio\/wp-json\/wp\/v2\/media\/12496"}],"wp:attachment":[{"href":"https:\/\/newsinfoco.com.br\/inicio\/wp-json\/wp\/v2\/media?parent=20911"}],"wp:term":[{"taxonomy":"category","embeddable":true,"href":"https:\/\/newsinfoco.com.br\/inicio\/wp-json\/wp\/v2\/categories?post=20911"},{"taxonomy":"post_tag","embeddable":true,"href":"https:\/\/newsinfoco.com.br\/inicio\/wp-json\/wp\/v2\/tags?post=20911"}],"curies":[{"name":"wp","href":"https:\/\/api.w.org\/{rel}","templated":true}]}}