{"id":2095,"date":"2018-04-04T22:38:13","date_gmt":"2018-04-05T01:38:13","guid":{"rendered":"http:\/\/newsinfoco.com.br\/?p=2095"},"modified":"2018-04-04T22:38:13","modified_gmt":"2018-04-05T01:38:13","slug":"membros-da-cipa-sao-empossados-na-manha-desta-quarta-4-em-alagoinhas","status":"publish","type":"post","link":"https:\/\/newsinfoco.com.br\/inicio\/membros-da-cipa-sao-empossados-na-manha-desta-quarta-4-em-alagoinhas\/","title":{"rendered":"Membros da CIPA s\u00e3o empossados na manh\u00e3 desta quarta (4) em Alagoinhas"},"content":{"rendered":"<p style=\"text-align: justify;\"><span style=\"color: #000000;\">Dando continuidade a uma s\u00e9rie de a\u00e7\u00f5es a fim de garantir o bem estar dos servidores, o Servi\u00e7o Aut\u00f4nomo de \u00c1gua e Esgoto (SAAE) Alagoinhas realizou, na manh\u00e3 desta quarta-feira (4), na Capta\u00e7\u00e3o Soboc\u00f3, a oficializa\u00e7\u00e3o da Comiss\u00e3o Interna de Preven\u00e7\u00e3o de Acidentes (CIPA).<\/span><\/p>\n<p style=\"text-align: justify;\"><span style=\"color: #000000;\">Na ocasi\u00e3o, tomaram posse da Comiss\u00e3o quatro membros eleitos pelos servidores e outros quatro indicados pela diretoria, conforme a Norma Regulamentadora N\u00famero 5 \u2013 NR05 e o n\u00famero de colaboradores da autarquia.<\/span><\/p><div class=\"newsi-conteudo_19\" id=\"newsi-3868771473\"><a href=\"https:\/\/www.instagram.com\/prefeituraalagoinhas?igsh=YzgzdDJ1bWR3aWI4\" aria-label=\"SAVE_20251006_221555\"><img loading=\"lazy\" decoding=\"async\" src=\"https:\/\/newsinfoco.com.br\/inicio\/wp-content\/uploads\/2025\/10\/SAVE_20251006_221555-rotated.jpg\" alt=\"\"  srcset=\"https:\/\/newsinfoco.com.br\/inicio\/wp-content\/uploads\/2025\/10\/SAVE_20251006_221555-rotated.jpg 1140w, https:\/\/newsinfoco.com.br\/inicio\/wp-content\/uploads\/2025\/10\/SAVE_20251006_221555-300x52.jpg 300w, https:\/\/newsinfoco.com.br\/inicio\/wp-content\/uploads\/2025\/10\/SAVE_20251006_221555-1024x177.jpg 1024w, https:\/\/newsinfoco.com.br\/inicio\/wp-content\/uploads\/2025\/10\/SAVE_20251006_221555-768x133.jpg 768w, https:\/\/newsinfoco.com.br\/inicio\/wp-content\/uploads\/2025\/10\/SAVE_20251006_221555-600x104.jpg 600w, https:\/\/newsinfoco.com.br\/inicio\/wp-content\/uploads\/2025\/10\/SAVE_20251006_221555-696x120.jpg 696w, https:\/\/newsinfoco.com.br\/inicio\/wp-content\/uploads\/2025\/10\/SAVE_20251006_221555-1068x185.jpg 1068w\" sizes=\"(max-width: 1140px) 100vw, 1140px\" width=\"1140\" height=\"197\"   \/><\/a><\/div>\n<p style=\"text-align: justify;\"><span style=\"color: #000000;\">Para a diretora geral do SAAE, Maria das Gra\u00e7as Reis, esse \u00e9 um momento de felicidade para a autarquia, principalmente pela garantia de que a implanta\u00e7\u00e3o aconteceu dentro de um processo democr\u00e1tico. \u201cVamos trabalhar como parceiros, como deve ser, na busca pela melhoria da qualidade de vida dos nossos servidores. Tenho total confian\u00e7a na Comiss\u00e3o e no trabalho que voc\u00eas iniciar\u00e3o a partir de agora\u201d, enfatizou a diretora.<\/span><\/p>\n<p style=\"text-align: justify;\"><span style=\"color: #000000;\">O presidente da CIPA, Adson Silva, disse se sentir honrado pela oportunidade concedida e garantiu trabalhar e \u201cencarar os desafios com serenidade para que possamos ter um ambiente saud\u00e1vel para exercer as nossas fun\u00e7\u00f5es\u201d. O presidente refor\u00e7ou, ainda, a import\u00e2ncia de ter todos os servidores empenhados nessa causa e acreditando que vivemos um novo tempo no SAAE.<\/span><\/p>\n<p style=\"text-align: justify;\"><span style=\"color: #000000;\">A forma\u00e7\u00e3o da CIPA, uma das metas do Plano de A\u00e7\u00e3o 2018, foi coordenada pelo tecn\u00f3logo em Seguran\u00e7a do Trabalho do SAAE, Cosme Cristo. Durante a posse, Cristo refor\u00e7ou a import\u00e2ncia e autonomia da Comiss\u00e3o dentro da estrutura organizacional, al\u00e9m de explicar que todos os membros passar\u00e3o por um treinamento para que se tornem aptos a exercerem suas fun\u00e7\u00f5es enquanto membros da Comiss\u00e3o.<\/span><\/p>\n<p style=\"text-align: justify;\"><span style=\"color: #000000;\"><strong>Abaixo, os nomes dos membros da CIPA:<\/strong><\/span><\/p>\n<p style=\"text-align: justify;\">\n<p style=\"text-align: justify;\"><span style=\"color: #000000;\"><strong>REPRESENTANTES DOS FUNCION\u00c1RIOS:<\/strong><\/span><\/p>\n<p style=\"text-align: justify;\"><span style=\"color: #000000;\">Adriano Almeida da Silva<\/span><\/p>\n<p style=\"text-align: justify;\"><span style=\"color: #000000;\">Edson Ara\u00fajo dos Santos<\/span><\/p>\n<p style=\"text-align: justify;\"><span style=\"color: #000000;\">Flavio Nery de Santana<\/span><\/p>\n<p style=\"text-align: justify;\"><span style=\"color: #000000;\">Ismael Silva Santos<\/span><\/p>\n<p style=\"text-align: justify;\">\n<p style=\"text-align: justify;\"><span style=\"color: #000000;\"><strong>SUPLENTES REPRES. DOS FUNCION\u00c1RIOS:<\/strong><\/span><\/p>\n<p style=\"text-align: justify;\"><span style=\"color: #000000;\">Djalma Souza Lima Filho \u2013 08 votos<\/span><\/p>\n<p style=\"text-align: justify;\"><span style=\"color: #000000;\">Rita da Concei\u00e7\u00e3o Silva \u2013 04 votos<\/span><\/p>\n<p style=\"text-align: justify;\"><span style=\"color: #000000;\">Adenilton Ferreira Santos 03 votos<\/span><\/p>\n<p style=\"text-align: justify;\">\n<p style=\"text-align: justify;\"><span style=\"color: #000000;\"><strong>REPRESENTANTES DA DIRETORIA:<\/strong><\/span><\/p>\n<p style=\"text-align: justify;\"><span style=\"color: #000000;\">Adson Silva dos Santos Silva<\/span><\/p>\n<p style=\"text-align: justify;\"><span style=\"color: #000000;\">Antonio Roberto Pontes da Costa<\/span><\/p>\n<p style=\"text-align: justify;\"><span style=\"color: #000000;\">Luciano da Cruz Santos<\/span><\/p>\n<p style=\"text-align: justify;\"><span style=\"color: #000000;\">Jos\u00e9 Petr\u00f4nio de Jesus Santos<\/span><\/p>\n<p style=\"text-align: justify;\">\n<p style=\"text-align: justify;\"><span style=\"color: #000000;\"><strong>SUPLENTES REPRE. DA DIRETORIA:<\/strong><\/span><\/p>\n<p style=\"text-align: justify;\"><span style=\"color: #000000;\">Carlos Oliveira Pinto<\/span><\/p>\n<p style=\"text-align: justify;\"><span style=\"color: #000000;\">Marivaldo Pereira de Ara\u00fajo<\/span><\/p>\n<p style=\"text-align: justify;\"><span style=\"color: #000000;\">Gleidson Alves dos Santos<\/span><\/p>\n<div style=\"text-align: justify;\" align=\"right\"><span style=\"color: #999999;\">\u00a0<\/span><\/div>\n<h6 align=\"right\"><span style=\"color: #999999;\">fonte:SECOM,SAAE,CIPA,Prefeitura<\/span><\/h6>\n<div class='share-to-whatsapp-wrapper'><div class='share-on-whsp'>Share on: <\/div><a data-text='Membros da CIPA s\u00e3o empossados na manh\u00e3 desta quarta (4) em Alagoinhas' data-link='https:\/\/newsinfoco.com.br\/inicio\/membros-da-cipa-sao-empossados-na-manha-desta-quarta-4-em-alagoinhas\/' class='whatsapp-button whatsapp-share'>WhatsApp<\/a><div class='clear '><\/div><\/div>","protected":false},"excerpt":{"rendered":"<p>Dando continuidade a uma s\u00e9rie de a\u00e7\u00f5es a fim de garantir o bem estar dos servidores, o Servi\u00e7o Aut\u00f4nomo de \u00c1gua e Esgoto (SAAE) Alagoinhas realizou, na manh\u00e3 desta quarta-feira (4), na Capta\u00e7\u00e3o Soboc\u00f3, a oficializa\u00e7\u00e3o da Comiss\u00e3o Interna de Preven\u00e7\u00e3o de Acidentes (CIPA). Na ocasi\u00e3o, tomaram posse da Comiss\u00e3o quatro membros eleitos pelos servidores [&hellip;]<\/p>\n","protected":false},"author":1,"featured_media":294,"comment_status":"open","ping_status":"open","sticky":false,"template":"","format":"standard","meta":{"om_disable_all_campaigns":false,"_exactmetrics_skip_tracking":false,"_exactmetrics_sitenote_active":false,"_exactmetrics_sitenote_note":"","_exactmetrics_sitenote_category":0,"footnotes":""},"categories":[38,30],"tags":[53,81,54,55],"class_list":["post-2095","post","type-post","status-publish","format-standard","has-post-thumbnail","hentry","category-alagoinhas-e-regiao","category-destaque","tag-alagoinhas","tag-cipa","tag-prefeitura","tag-saae"],"aioseo_notices":[],"_links":{"self":[{"href":"https:\/\/newsinfoco.com.br\/inicio\/wp-json\/wp\/v2\/posts\/2095","targetHints":{"allow":["GET"]}}],"collection":[{"href":"https:\/\/newsinfoco.com.br\/inicio\/wp-json\/wp\/v2\/posts"}],"about":[{"href":"https:\/\/newsinfoco.com.br\/inicio\/wp-json\/wp\/v2\/types\/post"}],"author":[{"embeddable":true,"href":"https:\/\/newsinfoco.com.br\/inicio\/wp-json\/wp\/v2\/users\/1"}],"replies":[{"embeddable":true,"href":"https:\/\/newsinfoco.com.br\/inicio\/wp-json\/wp\/v2\/comments?post=2095"}],"version-history":[{"count":0,"href":"https:\/\/newsinfoco.com.br\/inicio\/wp-json\/wp\/v2\/posts\/2095\/revisions"}],"wp:featuredmedia":[{"embeddable":true,"href":"https:\/\/newsinfoco.com.br\/inicio\/wp-json\/wp\/v2\/media\/294"}],"wp:attachment":[{"href":"https:\/\/newsinfoco.com.br\/inicio\/wp-json\/wp\/v2\/media?parent=2095"}],"wp:term":[{"taxonomy":"category","embeddable":true,"href":"https:\/\/newsinfoco.com.br\/inicio\/wp-json\/wp\/v2\/categories?post=2095"},{"taxonomy":"post_tag","embeddable":true,"href":"https:\/\/newsinfoco.com.br\/inicio\/wp-json\/wp\/v2\/tags?post=2095"}],"curies":[{"name":"wp","href":"https:\/\/api.w.org\/{rel}","templated":true}]}}