{"id":20963,"date":"2020-04-19T14:37:12","date_gmt":"2020-04-19T17:37:12","guid":{"rendered":"http:\/\/newsinfoco.com.br\/?p=20963"},"modified":"2020-04-19T15:03:40","modified_gmt":"2020-04-19T18:03:40","slug":"upa-de-santa-terezinha-sera-inaugurada-ainda-em-abril-para-atender-casos-de-coronavirus-garante-prefeito-joaquim-neto","status":"publish","type":"post","link":"https:\/\/newsinfoco.com.br\/inicio\/upa-de-santa-terezinha-sera-inaugurada-ainda-em-abril-para-atender-casos-de-coronavirus-garante-prefeito-joaquim-neto\/","title":{"rendered":"UPA de Santa Terezinha ser\u00e1 inaugurada ainda em abril para atender casos de coronavirus, garante prefeito Joaquim Neto"},"content":{"rendered":"<p style=\"text-align: justify;\">A Unidade de Pronto Atendimento(UPA), localizada no bairro de Santa Terezinha, ser\u00e1 inaugurada ainda neste m\u00eas de abril, garantiu o prefeito de Alagoinhas, Joaquim Neto(PSD). Em contato com o News Infoco, na tarde deste domingo(19), ele disse que recebeu da Braccel uma doa\u00e7\u00e3o de mais dois respiradores. Com isso, a unidade iniciar\u00e1 suas atividades com 13 leitos de UTI, com 6 respiradores, 4 compradas pela prefeitura e 2 doados pela empresa. A unidade ter\u00e1 ainda capacidade para mais 7 leitos, caso seja preciso.<\/p>\n<p style=\"text-align: justify;\">O pr\u00e9dio da UPA da Santa Terezinha ser\u00e1 transformada em unidade de atendimento secund\u00e1rio e de triagem aos pacientes de coronav\u00edrus de Alagoinhas e regi\u00e3o. O atendimento secund\u00e1rio \u00e9 realizado \u00e0queles pacientes que apresentam febre alta, falta de ar e que precisam de um atendimento m\u00e9dico, diferente daqueles que podem ser tratados em casa mesmo. O custo de manuten\u00e7\u00e3o da unidade, que funcionar\u00e1 em regime 24 horas, est\u00e1 estimado em aproximadamente R$450 mil mensais. Governo do estado e prefeitura dividir\u00e3o os custos.<\/p>\n<p style=\"text-align: right;\">Por Caio Pimenta para o News Infoco<\/p>\n<div class='share-to-whatsapp-wrapper'><div class='share-on-whsp'>Share on: <\/div><a data-text='UPA de Santa Terezinha ser\u00e1 inaugurada ainda em abril para atender casos de coronavirus, garante prefeito Joaquim Neto' data-link='https:\/\/newsinfoco.com.br\/inicio\/upa-de-santa-terezinha-sera-inaugurada-ainda-em-abril-para-atender-casos-de-coronavirus-garante-prefeito-joaquim-neto\/' class='whatsapp-button whatsapp-share'>WhatsApp<\/a><div class='clear '><\/div><\/div>","protected":false},"excerpt":{"rendered":"<p>A Unidade de Pronto Atendimento(UPA), localizada no bairro de Santa Terezinha, ser\u00e1 inaugurada ainda neste m\u00eas de abril, garantiu o prefeito de Alagoinhas, Joaquim Neto(PSD). Em contato com o News Infoco, na tarde deste domingo(19), ele disse que recebeu da Braccel uma doa\u00e7\u00e3o de mais dois respiradores. Com isso, a unidade iniciar\u00e1 suas atividades com [&hellip;]<\/p>\n","protected":false},"author":1,"featured_media":6733,"comment_status":"open","ping_status":"open","sticky":false,"template":"","format":"standard","meta":{"om_disable_all_campaigns":false,"rop_custom_images_group":[],"rop_custom_messages_group":[],"rop_publish_now":"initial","rop_publish_now_accounts":[],"rop_publish_now_history":[],"rop_publish_now_status":"pending","_exactmetrics_skip_tracking":false,"footnotes":""},"categories":[167],"tags":[],"class_list":["post-20963","post","type-post","status-publish","format-standard","has-post-thumbnail","hentry","category-exclusivas"],"aioseo_notices":[],"aioseo_head":"\n\t\t<!-- All in One SEO 4.9.10 - aioseo.com -->\n\t<meta name=\"description\" content=\"A Unidade de Pronto Atendimento(UPA), localizada no bairro de Santa Terezinha, ser\u00e1 inaugurada ainda neste m\u00eas de abril, garantiu o prefeito de Alagoinhas, Joaquim Neto(PSD). Em contato com o News Infoco, na tarde deste domingo(19), ele disse que recebeu da Braccel uma doa\u00e7\u00e3o de mais dois respiradores. Com isso, a unidade iniciar\u00e1 suas atividades com\" \/>\n\t<meta name=\"robots\" content=\"max-image-preview:large\" \/>\n\t<meta name=\"author\" content=\"administrador\"\/>\n\t<link rel=\"canonical\" href=\"https:\/\/newsinfoco.com.br\/inicio\/upa-de-santa-terezinha-sera-inaugurada-ainda-em-abril-para-atender-casos-de-coronavirus-garante-prefeito-joaquim-neto\/\" \/>\n\t<meta name=\"generator\" content=\"All in One SEO (AIOSEO) 4.9.10\" \/>\n\t\t<meta property=\"og:locale\" content=\"pt_BR\" \/>\n\t\t<meta property=\"og:site_name\" content=\"News In Foco - Editado por Caio Pimenta - O principal site de noticias de Alagoinhas e regi\u00e3o\" \/>\n\t\t<meta property=\"og:type\" content=\"article\" \/>\n\t\t<meta property=\"og:title\" content=\"UPA de Santa Terezinha ser\u00e1 inaugurada ainda em abril para atender casos de coronavirus, garante prefeito Joaquim Neto - News In Foco - Editado por Caio Pimenta\" \/>\n\t\t<meta property=\"og:description\" content=\"A Unidade de Pronto Atendimento(UPA), localizada no bairro de Santa Terezinha, ser\u00e1 inaugurada ainda neste m\u00eas de abril, garantiu o prefeito de Alagoinhas, Joaquim Neto(PSD). Em contato com o News Infoco, na tarde deste domingo(19), ele disse que recebeu da Braccel uma doa\u00e7\u00e3o de mais dois respiradores. Com isso, a unidade iniciar\u00e1 suas atividades com\" \/>\n\t\t<meta property=\"og:url\" content=\"https:\/\/newsinfoco.com.br\/inicio\/upa-de-santa-terezinha-sera-inaugurada-ainda-em-abril-para-atender-casos-de-coronavirus-garante-prefeito-joaquim-neto\/\" \/>\n\t\t<meta property=\"article:published_time\" content=\"2020-04-19T17:37:12+00:00\" \/>\n\t\t<meta property=\"article:modified_time\" content=\"2020-04-19T18:03:40+00:00\" \/>\n\t\t<meta name=\"twitter:card\" content=\"summary_large_image\" \/>\n\t\t<meta name=\"twitter:title\" content=\"UPA de Santa Terezinha ser\u00e1 inaugurada ainda em abril para atender casos de coronavirus, garante prefeito Joaquim Neto - News In Foco - Editado por Caio Pimenta\" \/>\n\t\t<meta name=\"twitter:description\" content=\"A Unidade de Pronto Atendimento(UPA), localizada no bairro de Santa Terezinha, ser\u00e1 inaugurada ainda neste m\u00eas de abril, garantiu o prefeito de Alagoinhas, Joaquim Neto(PSD). Em contato com o News Infoco, na tarde deste domingo(19), ele disse que recebeu da Braccel uma doa\u00e7\u00e3o de mais dois respiradores. Com isso, a unidade iniciar\u00e1 suas atividades com\" \/>\n\t\t<script type=\"application\/ld+json\" class=\"aioseo-schema\">\n\t\t\t{\"@context\":\"https:\\\/\\\/schema.org\",\"@graph\":[{\"@type\":\"BlogPosting\",\"@id\":\"https:\\\/\\\/newsinfoco.com.br\\\/inicio\\\/upa-de-santa-terezinha-sera-inaugurada-ainda-em-abril-para-atender-casos-de-coronavirus-garante-prefeito-joaquim-neto\\\/#blogposting\",\"name\":\"UPA de Santa Terezinha ser\\u00e1 inaugurada ainda em abril para atender casos de coronavirus, garante prefeito Joaquim Neto - News In Foco - Editado por Caio Pimenta\",\"headline\":\"UPA de Santa Terezinha ser\\u00e1 inaugurada ainda em abril para atender casos de coronavirus, garante prefeito Joaquim Neto\",\"author\":{\"@id\":\"https:\\\/\\\/newsinfoco.com.br\\\/inicio\\\/author\\\/administrador\\\/#author\"},\"publisher\":{\"@id\":\"https:\\\/\\\/newsinfoco.com.br\\\/inicio\\\/#organization\"},\"image\":{\"@type\":\"ImageObject\",\"url\":\"https:\\\/\\\/newsinfoco.com.br\\\/inicio\\\/wp-content\\\/uploads\\\/2018\\\/07\\\/Policl\\u00ednica-Regional-de-Alagoinhas-Joaquim-Neto.jpg\",\"width\":800,\"height\":529,\"caption\":\"Na foto o prefeito de Alagoinhas, Joaquim Neto(PSD)\"},\"datePublished\":\"2020-04-19T14:37:12-03:00\",\"dateModified\":\"2020-04-19T15:03:40-03:00\",\"inLanguage\":\"pt-BR\",\"mainEntityOfPage\":{\"@id\":\"https:\\\/\\\/newsinfoco.com.br\\\/inicio\\\/upa-de-santa-terezinha-sera-inaugurada-ainda-em-abril-para-atender-casos-de-coronavirus-garante-prefeito-joaquim-neto\\\/#webpage\"},\"isPartOf\":{\"@id\":\"https:\\\/\\\/newsinfoco.com.br\\\/inicio\\\/upa-de-santa-terezinha-sera-inaugurada-ainda-em-abril-para-atender-casos-de-coronavirus-garante-prefeito-joaquim-neto\\\/#webpage\"},\"articleSection\":\"Manchete\"},{\"@type\":\"BreadcrumbList\",\"@id\":\"https:\\\/\\\/newsinfoco.com.br\\\/inicio\\\/upa-de-santa-terezinha-sera-inaugurada-ainda-em-abril-para-atender-casos-de-coronavirus-garante-prefeito-joaquim-neto\\\/#breadcrumblist\",\"itemListElement\":[{\"@type\":\"ListItem\",\"@id\":\"https:\\\/\\\/newsinfoco.com.br\\\/inicio#listItem\",\"position\":1,\"name\":\"In\\u00edcio\",\"item\":\"https:\\\/\\\/newsinfoco.com.br\\\/inicio\",\"nextItem\":{\"@type\":\"ListItem\",\"@id\":\"https:\\\/\\\/newsinfoco.com.br\\\/inicio\\\/category\\\/exclusivas\\\/#listItem\",\"name\":\"Manchete\"}},{\"@type\":\"ListItem\",\"@id\":\"https:\\\/\\\/newsinfoco.com.br\\\/inicio\\\/category\\\/exclusivas\\\/#listItem\",\"position\":2,\"name\":\"Manchete\",\"item\":\"https:\\\/\\\/newsinfoco.com.br\\\/inicio\\\/category\\\/exclusivas\\\/\",\"nextItem\":{\"@type\":\"ListItem\",\"@id\":\"https:\\\/\\\/newsinfoco.com.br\\\/inicio\\\/upa-de-santa-terezinha-sera-inaugurada-ainda-em-abril-para-atender-casos-de-coronavirus-garante-prefeito-joaquim-neto\\\/#listItem\",\"name\":\"UPA de Santa Terezinha ser\\u00e1 inaugurada ainda em abril para atender casos de coronavirus, garante prefeito Joaquim Neto\"},\"previousItem\":{\"@type\":\"ListItem\",\"@id\":\"https:\\\/\\\/newsinfoco.com.br\\\/inicio#listItem\",\"name\":\"In\\u00edcio\"}},{\"@type\":\"ListItem\",\"@id\":\"https:\\\/\\\/newsinfoco.com.br\\\/inicio\\\/upa-de-santa-terezinha-sera-inaugurada-ainda-em-abril-para-atender-casos-de-coronavirus-garante-prefeito-joaquim-neto\\\/#listItem\",\"position\":3,\"name\":\"UPA de Santa Terezinha ser\\u00e1 inaugurada ainda em abril para atender casos de coronavirus, garante prefeito Joaquim Neto\",\"previousItem\":{\"@type\":\"ListItem\",\"@id\":\"https:\\\/\\\/newsinfoco.com.br\\\/inicio\\\/category\\\/exclusivas\\\/#listItem\",\"name\":\"Manchete\"}}]},{\"@type\":\"Organization\",\"@id\":\"https:\\\/\\\/newsinfoco.com.br\\\/inicio\\\/#organization\",\"name\":\"News In Foco - Editado por Caio Pimenta\",\"description\":\"O principal site de noticias de Alagoinhas e regi\\u00e3o\",\"url\":\"https:\\\/\\\/newsinfoco.com.br\\\/inicio\\\/\"},{\"@type\":\"Person\",\"@id\":\"https:\\\/\\\/newsinfoco.com.br\\\/inicio\\\/author\\\/administrador\\\/#author\",\"url\":\"https:\\\/\\\/newsinfoco.com.br\\\/inicio\\\/author\\\/administrador\\\/\",\"name\":\"administrador\",\"image\":{\"@type\":\"ImageObject\",\"@id\":\"https:\\\/\\\/newsinfoco.com.br\\\/inicio\\\/upa-de-santa-terezinha-sera-inaugurada-ainda-em-abril-para-atender-casos-de-coronavirus-garante-prefeito-joaquim-neto\\\/#authorImage\",\"url\":\"https:\\\/\\\/secure.gravatar.com\\\/avatar\\\/c17a617433de8c1dc9584bb79aab7563b46f5bb7e1728c9b17d9cc3ce6a08e49?s=96&d=mm&r=g\",\"width\":96,\"height\":96,\"caption\":\"administrador\"}},{\"@type\":\"WebPage\",\"@id\":\"https:\\\/\\\/newsinfoco.com.br\\\/inicio\\\/upa-de-santa-terezinha-sera-inaugurada-ainda-em-abril-para-atender-casos-de-coronavirus-garante-prefeito-joaquim-neto\\\/#webpage\",\"url\":\"https:\\\/\\\/newsinfoco.com.br\\\/inicio\\\/upa-de-santa-terezinha-sera-inaugurada-ainda-em-abril-para-atender-casos-de-coronavirus-garante-prefeito-joaquim-neto\\\/\",\"name\":\"UPA de Santa Terezinha ser\\u00e1 inaugurada ainda em abril para atender casos de coronavirus, garante prefeito Joaquim Neto - News In Foco - Editado por Caio Pimenta\",\"description\":\"A Unidade de Pronto Atendimento(UPA), localizada no bairro de Santa Terezinha, ser\\u00e1 inaugurada ainda neste m\\u00eas de abril, garantiu o prefeito de Alagoinhas, Joaquim Neto(PSD). Em contato com o News Infoco, na tarde deste domingo(19), ele disse que recebeu da Braccel uma doa\\u00e7\\u00e3o de mais dois respiradores. Com isso, a unidade iniciar\\u00e1 suas atividades com\",\"inLanguage\":\"pt-BR\",\"isPartOf\":{\"@id\":\"https:\\\/\\\/newsinfoco.com.br\\\/inicio\\\/#website\"},\"breadcrumb\":{\"@id\":\"https:\\\/\\\/newsinfoco.com.br\\\/inicio\\\/upa-de-santa-terezinha-sera-inaugurada-ainda-em-abril-para-atender-casos-de-coronavirus-garante-prefeito-joaquim-neto\\\/#breadcrumblist\"},\"author\":{\"@id\":\"https:\\\/\\\/newsinfoco.com.br\\\/inicio\\\/author\\\/administrador\\\/#author\"},\"creator\":{\"@id\":\"https:\\\/\\\/newsinfoco.com.br\\\/inicio\\\/author\\\/administrador\\\/#author\"},\"image\":{\"@type\":\"ImageObject\",\"url\":\"https:\\\/\\\/newsinfoco.com.br\\\/inicio\\\/wp-content\\\/uploads\\\/2018\\\/07\\\/Policl\\u00ednica-Regional-de-Alagoinhas-Joaquim-Neto.jpg\",\"@id\":\"https:\\\/\\\/newsinfoco.com.br\\\/inicio\\\/upa-de-santa-terezinha-sera-inaugurada-ainda-em-abril-para-atender-casos-de-coronavirus-garante-prefeito-joaquim-neto\\\/#mainImage\",\"width\":800,\"height\":529,\"caption\":\"Na foto o prefeito de Alagoinhas, Joaquim Neto(PSD)\"},\"primaryImageOfPage\":{\"@id\":\"https:\\\/\\\/newsinfoco.com.br\\\/inicio\\\/upa-de-santa-terezinha-sera-inaugurada-ainda-em-abril-para-atender-casos-de-coronavirus-garante-prefeito-joaquim-neto\\\/#mainImage\"},\"datePublished\":\"2020-04-19T14:37:12-03:00\",\"dateModified\":\"2020-04-19T15:03:40-03:00\"},{\"@type\":\"WebSite\",\"@id\":\"https:\\\/\\\/newsinfoco.com.br\\\/inicio\\\/#website\",\"url\":\"https:\\\/\\\/newsinfoco.com.br\\\/inicio\\\/\",\"name\":\"News In Foco - Editado por Caio Pimenta\",\"description\":\"O principal site de noticias de Alagoinhas e regi\\u00e3o\",\"inLanguage\":\"pt-BR\",\"publisher\":{\"@id\":\"https:\\\/\\\/newsinfoco.com.br\\\/inicio\\\/#organization\"}}]}\n\t\t<\/script>\n\t\t<!-- All in One SEO -->\n\n","aioseo_head_json":{"title":"UPA de Santa Terezinha ser\u00e1 inaugurada ainda em abril para atender casos de coronavirus, garante prefeito Joaquim Neto - News In Foco - Editado por Caio Pimenta","description":"A Unidade de Pronto Atendimento(UPA), localizada no bairro de Santa Terezinha, ser\u00e1 inaugurada ainda neste m\u00eas de abril, garantiu o prefeito de Alagoinhas, Joaquim Neto(PSD). Em contato com o News Infoco, na tarde deste domingo(19), ele disse que recebeu da Braccel uma doa\u00e7\u00e3o de mais dois respiradores. Com isso, a unidade iniciar\u00e1 suas atividades com","canonical_url":"https:\/\/newsinfoco.com.br\/inicio\/upa-de-santa-terezinha-sera-inaugurada-ainda-em-abril-para-atender-casos-de-coronavirus-garante-prefeito-joaquim-neto\/","robots":"max-image-preview:large","keywords":"","webmasterTools":{"miscellaneous":""},"schema":{"@context":"https:\/\/schema.org","@graph":[{"@type":"BlogPosting","@id":"https:\/\/newsinfoco.com.br\/inicio\/upa-de-santa-terezinha-sera-inaugurada-ainda-em-abril-para-atender-casos-de-coronavirus-garante-prefeito-joaquim-neto\/#blogposting","name":"UPA de Santa Terezinha ser\u00e1 inaugurada ainda em abril para atender casos de coronavirus, garante prefeito Joaquim Neto - News In Foco - Editado por Caio Pimenta","headline":"UPA de Santa Terezinha ser\u00e1 inaugurada ainda em abril para atender casos de coronavirus, garante prefeito Joaquim Neto","author":{"@id":"https:\/\/newsinfoco.com.br\/inicio\/author\/administrador\/#author"},"publisher":{"@id":"https:\/\/newsinfoco.com.br\/inicio\/#organization"},"image":{"@type":"ImageObject","url":"https:\/\/newsinfoco.com.br\/inicio\/wp-content\/uploads\/2018\/07\/Policl\u00ednica-Regional-de-Alagoinhas-Joaquim-Neto.jpg","width":800,"height":529,"caption":"Na foto o prefeito de Alagoinhas, Joaquim Neto(PSD)"},"datePublished":"2020-04-19T14:37:12-03:00","dateModified":"2020-04-19T15:03:40-03:00","inLanguage":"pt-BR","mainEntityOfPage":{"@id":"https:\/\/newsinfoco.com.br\/inicio\/upa-de-santa-terezinha-sera-inaugurada-ainda-em-abril-para-atender-casos-de-coronavirus-garante-prefeito-joaquim-neto\/#webpage"},"isPartOf":{"@id":"https:\/\/newsinfoco.com.br\/inicio\/upa-de-santa-terezinha-sera-inaugurada-ainda-em-abril-para-atender-casos-de-coronavirus-garante-prefeito-joaquim-neto\/#webpage"},"articleSection":"Manchete"},{"@type":"BreadcrumbList","@id":"https:\/\/newsinfoco.com.br\/inicio\/upa-de-santa-terezinha-sera-inaugurada-ainda-em-abril-para-atender-casos-de-coronavirus-garante-prefeito-joaquim-neto\/#breadcrumblist","itemListElement":[{"@type":"ListItem","@id":"https:\/\/newsinfoco.com.br\/inicio#listItem","position":1,"name":"In\u00edcio","item":"https:\/\/newsinfoco.com.br\/inicio","nextItem":{"@type":"ListItem","@id":"https:\/\/newsinfoco.com.br\/inicio\/category\/exclusivas\/#listItem","name":"Manchete"}},{"@type":"ListItem","@id":"https:\/\/newsinfoco.com.br\/inicio\/category\/exclusivas\/#listItem","position":2,"name":"Manchete","item":"https:\/\/newsinfoco.com.br\/inicio\/category\/exclusivas\/","nextItem":{"@type":"ListItem","@id":"https:\/\/newsinfoco.com.br\/inicio\/upa-de-santa-terezinha-sera-inaugurada-ainda-em-abril-para-atender-casos-de-coronavirus-garante-prefeito-joaquim-neto\/#listItem","name":"UPA de Santa Terezinha ser\u00e1 inaugurada ainda em abril para atender casos de coronavirus, garante prefeito Joaquim Neto"},"previousItem":{"@type":"ListItem","@id":"https:\/\/newsinfoco.com.br\/inicio#listItem","name":"In\u00edcio"}},{"@type":"ListItem","@id":"https:\/\/newsinfoco.com.br\/inicio\/upa-de-santa-terezinha-sera-inaugurada-ainda-em-abril-para-atender-casos-de-coronavirus-garante-prefeito-joaquim-neto\/#listItem","position":3,"name":"UPA de Santa Terezinha ser\u00e1 inaugurada ainda em abril para atender casos de coronavirus, garante prefeito Joaquim Neto","previousItem":{"@type":"ListItem","@id":"https:\/\/newsinfoco.com.br\/inicio\/category\/exclusivas\/#listItem","name":"Manchete"}}]},{"@type":"Organization","@id":"https:\/\/newsinfoco.com.br\/inicio\/#organization","name":"News In Foco - Editado por Caio Pimenta","description":"O principal site de noticias de Alagoinhas e regi\u00e3o","url":"https:\/\/newsinfoco.com.br\/inicio\/"},{"@type":"Person","@id":"https:\/\/newsinfoco.com.br\/inicio\/author\/administrador\/#author","url":"https:\/\/newsinfoco.com.br\/inicio\/author\/administrador\/","name":"administrador","image":{"@type":"ImageObject","@id":"https:\/\/newsinfoco.com.br\/inicio\/upa-de-santa-terezinha-sera-inaugurada-ainda-em-abril-para-atender-casos-de-coronavirus-garante-prefeito-joaquim-neto\/#authorImage","url":"https:\/\/secure.gravatar.com\/avatar\/c17a617433de8c1dc9584bb79aab7563b46f5bb7e1728c9b17d9cc3ce6a08e49?s=96&d=mm&r=g","width":96,"height":96,"caption":"administrador"}},{"@type":"WebPage","@id":"https:\/\/newsinfoco.com.br\/inicio\/upa-de-santa-terezinha-sera-inaugurada-ainda-em-abril-para-atender-casos-de-coronavirus-garante-prefeito-joaquim-neto\/#webpage","url":"https:\/\/newsinfoco.com.br\/inicio\/upa-de-santa-terezinha-sera-inaugurada-ainda-em-abril-para-atender-casos-de-coronavirus-garante-prefeito-joaquim-neto\/","name":"UPA de Santa Terezinha ser\u00e1 inaugurada ainda em abril para atender casos de coronavirus, garante prefeito Joaquim Neto - News In Foco - Editado por Caio Pimenta","description":"A Unidade de Pronto Atendimento(UPA), localizada no bairro de Santa Terezinha, ser\u00e1 inaugurada ainda neste m\u00eas de abril, garantiu o prefeito de Alagoinhas, Joaquim Neto(PSD). Em contato com o News Infoco, na tarde deste domingo(19), ele disse que recebeu da Braccel uma doa\u00e7\u00e3o de mais dois respiradores. Com isso, a unidade iniciar\u00e1 suas atividades com","inLanguage":"pt-BR","isPartOf":{"@id":"https:\/\/newsinfoco.com.br\/inicio\/#website"},"breadcrumb":{"@id":"https:\/\/newsinfoco.com.br\/inicio\/upa-de-santa-terezinha-sera-inaugurada-ainda-em-abril-para-atender-casos-de-coronavirus-garante-prefeito-joaquim-neto\/#breadcrumblist"},"author":{"@id":"https:\/\/newsinfoco.com.br\/inicio\/author\/administrador\/#author"},"creator":{"@id":"https:\/\/newsinfoco.com.br\/inicio\/author\/administrador\/#author"},"image":{"@type":"ImageObject","url":"https:\/\/newsinfoco.com.br\/inicio\/wp-content\/uploads\/2018\/07\/Policl\u00ednica-Regional-de-Alagoinhas-Joaquim-Neto.jpg","@id":"https:\/\/newsinfoco.com.br\/inicio\/upa-de-santa-terezinha-sera-inaugurada-ainda-em-abril-para-atender-casos-de-coronavirus-garante-prefeito-joaquim-neto\/#mainImage","width":800,"height":529,"caption":"Na foto o prefeito de Alagoinhas, Joaquim Neto(PSD)"},"primaryImageOfPage":{"@id":"https:\/\/newsinfoco.com.br\/inicio\/upa-de-santa-terezinha-sera-inaugurada-ainda-em-abril-para-atender-casos-de-coronavirus-garante-prefeito-joaquim-neto\/#mainImage"},"datePublished":"2020-04-19T14:37:12-03:00","dateModified":"2020-04-19T15:03:40-03:00"},{"@type":"WebSite","@id":"https:\/\/newsinfoco.com.br\/inicio\/#website","url":"https:\/\/newsinfoco.com.br\/inicio\/","name":"News In Foco - Editado por Caio Pimenta","description":"O principal site de noticias de Alagoinhas e regi\u00e3o","inLanguage":"pt-BR","publisher":{"@id":"https:\/\/newsinfoco.com.br\/inicio\/#organization"}}]},"og:locale":"pt_BR","og:site_name":"News In Foco - Editado por Caio Pimenta - O principal site de noticias de Alagoinhas e regi\u00e3o","og:type":"article","og:title":"UPA de Santa Terezinha ser\u00e1 inaugurada ainda em abril para atender casos de coronavirus, garante prefeito Joaquim Neto - News In Foco - Editado por Caio Pimenta","og:description":"A Unidade de Pronto Atendimento(UPA), localizada no bairro de Santa Terezinha, ser\u00e1 inaugurada ainda neste m\u00eas de abril, garantiu o prefeito de Alagoinhas, Joaquim Neto(PSD). Em contato com o News Infoco, na tarde deste domingo(19), ele disse que recebeu da Braccel uma doa\u00e7\u00e3o de mais dois respiradores. Com isso, a unidade iniciar\u00e1 suas atividades com","og:url":"https:\/\/newsinfoco.com.br\/inicio\/upa-de-santa-terezinha-sera-inaugurada-ainda-em-abril-para-atender-casos-de-coronavirus-garante-prefeito-joaquim-neto\/","article:published_time":"2020-04-19T17:37:12+00:00","article:modified_time":"2020-04-19T18:03:40+00:00","twitter:card":"summary_large_image","twitter:title":"UPA de Santa Terezinha ser\u00e1 inaugurada ainda em abril para atender casos de coronavirus, garante prefeito Joaquim Neto - News In Foco - Editado por Caio Pimenta","twitter:description":"A Unidade de Pronto Atendimento(UPA), localizada no bairro de Santa Terezinha, ser\u00e1 inaugurada ainda neste m\u00eas de abril, garantiu o prefeito de Alagoinhas, Joaquim Neto(PSD). Em contato com o News Infoco, na tarde deste domingo(19), ele disse que recebeu da Braccel uma doa\u00e7\u00e3o de mais dois respiradores. Com isso, a unidade iniciar\u00e1 suas atividades com"},"aioseo_meta_data":{"post_id":"20963","title":null,"description":null,"keywords":null,"keyphrases":null,"primary_term":null,"canonical_url":null,"og_title":null,"og_description":null,"og_object_type":"default","og_image_type":"default","og_image_url":null,"og_image_width":null,"og_image_height":null,"og_image_custom_url":null,"og_image_custom_fields":null,"og_video":null,"og_custom_url":null,"og_article_section":null,"og_article_tags":null,"twitter_use_og":false,"twitter_card":"default","twitter_image_type":"default","twitter_image_url":null,"twitter_image_custom_url":null,"twitter_image_custom_fields":null,"twitter_title":null,"twitter_description":null,"schema":{"blockGraphs":[],"customGraphs":[],"default":{"data":{"Article":[],"Course":[],"Dataset":[],"FAQPage":[],"Movie":[],"Person":[],"Product":[],"ProductReview":[],"Car":[],"Recipe":[],"Service":[],"SoftwareApplication":[],"WebPage":[]},"graphName":"","isEnabled":true},"graphs":[]},"schema_type":"default","schema_type_options":null,"pillar_content":false,"robots_default":true,"robots_noindex":false,"robots_noarchive":false,"robots_nosnippet":false,"robots_nofollow":false,"robots_noimageindex":false,"robots_noodp":false,"robots_notranslate":false,"robots_max_snippet":null,"robots_max_videopreview":null,"robots_max_imagepreview":"large","priority":null,"frequency":null,"local_seo":null,"breadcrumb_settings":null,"limit_modified_date":false,"ai":null,"created":"2023-06-12 16:29:51","updated":"2025-07-11 03:03:44","seo_analyzer_scan_date":null},"aioseo_breadcrumb":"<div class=\"aioseo-breadcrumbs\"><span class=\"aioseo-breadcrumb\">\n\t\t\t<a href=\"https:\/\/newsinfoco.com.br\/inicio\" title=\"In\u00edcio\">In\u00edcio<\/a>\n\t\t<\/span><span class=\"aioseo-breadcrumb-separator\">&raquo;<\/span><span class=\"aioseo-breadcrumb\">\n\t\t\t<a href=\"https:\/\/newsinfoco.com.br\/inicio\/category\/exclusivas\/\" title=\"Manchete\">Manchete<\/a>\n\t\t<\/span><span class=\"aioseo-breadcrumb-separator\">&raquo;<\/span><span class=\"aioseo-breadcrumb\">\n\t\t\tUPA de Santa Terezinha ser\u00e1 inaugurada ainda em abril para atender casos de coronavirus, garante prefeito Joaquim Neto\n\t\t<\/span><\/div>","aioseo_breadcrumb_json":[{"label":"In\u00edcio","link":"https:\/\/newsinfoco.com.br\/inicio"},{"label":"Manchete","link":"https:\/\/newsinfoco.com.br\/inicio\/category\/exclusivas\/"},{"label":"UPA de Santa Terezinha ser\u00e1 inaugurada ainda em abril para atender casos de coronavirus, garante prefeito Joaquim Neto","link":"https:\/\/newsinfoco.com.br\/inicio\/upa-de-santa-terezinha-sera-inaugurada-ainda-em-abril-para-atender-casos-de-coronavirus-garante-prefeito-joaquim-neto\/"}],"_links":{"self":[{"href":"https:\/\/newsinfoco.com.br\/inicio\/wp-json\/wp\/v2\/posts\/20963","targetHints":{"allow":["GET"]}}],"collection":[{"href":"https:\/\/newsinfoco.com.br\/inicio\/wp-json\/wp\/v2\/posts"}],"about":[{"href":"https:\/\/newsinfoco.com.br\/inicio\/wp-json\/wp\/v2\/types\/post"}],"author":[{"embeddable":true,"href":"https:\/\/newsinfoco.com.br\/inicio\/wp-json\/wp\/v2\/users\/1"}],"replies":[{"embeddable":true,"href":"https:\/\/newsinfoco.com.br\/inicio\/wp-json\/wp\/v2\/comments?post=20963"}],"version-history":[{"count":0,"href":"https:\/\/newsinfoco.com.br\/inicio\/wp-json\/wp\/v2\/posts\/20963\/revisions"}],"wp:featuredmedia":[{"embeddable":true,"href":"https:\/\/newsinfoco.com.br\/inicio\/wp-json\/wp\/v2\/media\/6733"}],"wp:attachment":[{"href":"https:\/\/newsinfoco.com.br\/inicio\/wp-json\/wp\/v2\/media?parent=20963"}],"wp:term":[{"taxonomy":"category","embeddable":true,"href":"https:\/\/newsinfoco.com.br\/inicio\/wp-json\/wp\/v2\/categories?post=20963"},{"taxonomy":"post_tag","embeddable":true,"href":"https:\/\/newsinfoco.com.br\/inicio\/wp-json\/wp\/v2\/tags?post=20963"}],"curies":[{"name":"wp","href":"https:\/\/api.w.org\/{rel}","templated":true}]}}