{"id":21282,"date":"2020-05-27T19:35:23","date_gmt":"2020-05-27T22:35:23","guid":{"rendered":"http:\/\/newsinfoco.com.br\/?p=21282"},"modified":"2020-05-27T19:35:23","modified_gmt":"2020-05-27T22:35:23","slug":"numero-de-infectados-em-alagoinhas-chega-a-62","status":"publish","type":"post","link":"https:\/\/newsinfoco.com.br\/inicio\/numero-de-infectados-em-alagoinhas-chega-a-62\/","title":{"rendered":"N\u00famero de infectados em Alagoinhas chega a 62"},"content":{"rendered":"<p style=\"text-align: justify;\">A Prefeitura, atrav\u00e9s da Secretaria Municipal de Sa\u00fade (SESAU), atualizou, nesta quarta-feira (27), os n\u00fameros da COVID-19 em Alagoinhas. De acordo com informa\u00e7\u00f5es da Vigil\u00e2ncia Epidemiol\u00f3gica, 3 novos casos foram confirmados para coronav\u00edrus, no munic\u00edpio, sendo 2 pacientes do sexo feminino, respectivamente de 82 e 71 anos de idade, e 1 paciente do sexo masculino, de 52 anos, que trabalha em Cama\u00e7ari e se encontra em isolamento domiciliar em Alagoinhas, onde reside.<\/p>\n<p style=\"text-align: justify;\">Segundo as equipes de sa\u00fade, a paciente de 71 anos est\u00e1, neste momento, no Hospital Regional Dantas Bi\u00e3o, monitorada pela Vigil\u00e2ncia, que acompanha tamb\u00e9m as pessoas com as quais ela teve contato. A Secretaria de Sa\u00fade comunicou ainda que a outra paciente positivada, do sexo feminino, de 82 anos, moradora de Alagoinhas, foi diagnosticada em Catu, onde estava, e, de l\u00e1, transferida diretamente para o Hospital Couto Maia, em Salvador, onde permanece internada. O local de infec\u00e7\u00e3o desta paciente ainda est\u00e1 sob investiga\u00e7\u00e3o das equipes de Vigil\u00e2ncia.<\/p>\n<p style=\"text-align: justify;\">Os dados mostram tamb\u00e9m que 5 pacientes tiveram a recupera\u00e7\u00e3o constatada, nesta quarta-feira; entre eles, uma moradora do Limoeiro, na zona rural da cidade. Com a atualiza\u00e7\u00e3o, subiu para 24 o n\u00famero de pacientes recuperados no munic\u00edpio, que registra 61 confirmados. No total, 518 casos foram descartados para COVID-19, entre testagens laboratoriais negativas e exclus\u00f5es por crit\u00e9rio de investiga\u00e7\u00e3o cl\u00ednico-epidemiol\u00f3gica.<\/p>\n<p style=\"text-align: justify;\">A SESAU refor\u00e7a a import\u00e2ncia das medidas preventivas e reitera que as equipes de Vigil\u00e2ncia seguem 100% mobilizadas, com o acompanhamento dos casos, o monitoramento, a identifica\u00e7\u00e3o dos contatos e o mapeamento da situa\u00e7\u00e3o epidemiol\u00f3gica do munic\u00edpio. De acordo com a gest\u00e3o municipal, al\u00e9m de restri\u00e7\u00f5es \u00e0 circula\u00e7\u00e3o de pessoas, novas estrat\u00e9gias est\u00e3o sendo adotadas com foco em interromper a cadeia de transmiss\u00e3o da doen\u00e7a. Uma central de atendimento telef\u00f4nico tamb\u00e9m foi disponibilizada, com canais dispon\u00edveis 24 horas \u00e0 popula\u00e7\u00e3o. Incorporada \u00e0 rede, a ferramenta de triagem integra as a\u00e7\u00f5es desenvolvidas para a gest\u00e3o dos efeitos da pandemia na cidade.<\/p>\n<p style=\"text-align: justify;\"><strong>Fonte:<\/strong>\u00a0Secretaria Municipal de Sa\u00fade \u2013 Vigil\u00e2ncia Epidemiol\u00f3gica<br \/>\n<strong>Atualiza\u00e7\u00e3o:<\/strong>\u00a027-05-2020<\/p>\n<p style=\"text-align: justify;\"><strong>Central de Atendimento COVID-19 Alagoinhas<\/strong><br \/>\n(75) 99824-0789<br \/>\n(75) 99811-4772<br \/>\n(75) 99707-7942<\/p>\n<p style=\"text-align: justify;\">Confira o boletim epidemiol\u00f3gico da COVID-19 atualizado nesta quarta-feira (27):<\/p>\n<div id=\"attachment_36825\" class=\"wp-caption alignnone\" style=\"text-align: justify;\"><img loading=\"lazy\" decoding=\"async\" class=\"wp-image-36825 size-full\" src=\"https:\/\/www.alagoinhas.ba.gov.br\/wp-content\/uploads\/2020\/05\/BOLETIM-GERAL-27-05-2020.jpg\" sizes=\"auto, (max-width: 1024px) 100vw, 1024px\" srcset=\"https:\/\/www.alagoinhas.ba.gov.br\/wp-content\/uploads\/2020\/05\/BOLETIM-GERAL-27-05-2020.jpg 1024w, https:\/\/www.alagoinhas.ba.gov.br\/wp-content\/uploads\/2020\/05\/BOLETIM-GERAL-27-05-2020-240x300.jpg 240w, https:\/\/www.alagoinhas.ba.gov.br\/wp-content\/uploads\/2020\/05\/BOLETIM-GERAL-27-05-2020-768x960.jpg 768w, https:\/\/www.alagoinhas.ba.gov.br\/wp-content\/uploads\/2020\/05\/BOLETIM-GERAL-27-05-2020-819x1024.jpg 819w, https:\/\/www.alagoinhas.ba.gov.br\/wp-content\/uploads\/2020\/05\/BOLETIM-GERAL-27-05-2020-67x84.jpg 67w\" alt=\"\" width=\"1024\" height=\"1280\" \/><\/p>\n<p class=\"wp-caption-text\">Como os dados s\u00e3o din\u00e2micos, est\u00e3o sujeitos a altera\u00e7\u00f5es \u00e0 medida que as investiga\u00e7\u00f5es epidemiol\u00f3gicas avan\u00e7am. Novas informa\u00e7\u00f5es podem ser divulgadas a qualquer momento. (Fonte: Vigil\u00e2ncia Epidemiol\u00f3gica \u2013 Secretaria Municipal de Sa\u00fade)<\/p>\n<\/div>\n<p style=\"text-align: justify;\">Acompanhe tamb\u00e9m a distribui\u00e7\u00e3o dos casos de coronav\u00edrus em Alagoinhas, por localidade:<br \/>\n<img loading=\"lazy\" decoding=\"async\" class=\"wp-image-36826 size-full\" src=\"https:\/\/www.alagoinhas.ba.gov.br\/wp-content\/uploads\/2020\/05\/BOLETIM27-05-2020.jpg\" sizes=\"auto, (max-width: 1024px) 100vw, 1024px\" srcset=\"https:\/\/www.alagoinhas.ba.gov.br\/wp-content\/uploads\/2020\/05\/BOLETIM27-05-2020.jpg 1024w, https:\/\/www.alagoinhas.ba.gov.br\/wp-content\/uploads\/2020\/05\/BOLETIM27-05-2020-240x300.jpg 240w, https:\/\/www.alagoinhas.ba.gov.br\/wp-content\/uploads\/2020\/05\/BOLETIM27-05-2020-768x960.jpg 768w, https:\/\/www.alagoinhas.ba.gov.br\/wp-content\/uploads\/2020\/05\/BOLETIM27-05-2020-819x1024.jpg 819w, https:\/\/www.alagoinhas.ba.gov.br\/wp-content\/uploads\/2020\/05\/BOLETIM27-05-2020-67x84.jpg 67w\" alt=\"\" width=\"1024\" height=\"1280\" \/><\/p>\n<div class='share-to-whatsapp-wrapper'><div class='share-on-whsp'>Share on: <\/div><a data-text='N\u00famero de infectados em Alagoinhas chega a 62' data-link='https:\/\/newsinfoco.com.br\/inicio\/numero-de-infectados-em-alagoinhas-chega-a-62\/' class='whatsapp-button whatsapp-share'>WhatsApp<\/a><div class='clear '><\/div><\/div>","protected":false},"excerpt":{"rendered":"<p>A Prefeitura, atrav\u00e9s da Secretaria Municipal de Sa\u00fade (SESAU), atualizou, nesta quarta-feira (27), os n\u00fameros da COVID-19 em Alagoinhas. De acordo com informa\u00e7\u00f5es da Vigil\u00e2ncia Epidemiol\u00f3gica, 3 novos casos foram confirmados para coronav\u00edrus, no munic\u00edpio, sendo 2 pacientes do sexo feminino, respectivamente de 82 e 71 anos de idade, e 1 paciente do sexo masculino, [&hellip;]<\/p>\n","protected":false},"author":1,"featured_media":21283,"comment_status":"open","ping_status":"open","sticky":false,"template":"","format":"standard","meta":{"om_disable_all_campaigns":false,"rop_custom_images_group":[],"rop_custom_messages_group":[],"rop_publish_now":"initial","rop_publish_now_accounts":[],"rop_publish_now_history":[],"rop_publish_now_status":"pending","_exactmetrics_skip_tracking":false,"footnotes":""},"categories":[38],"tags":[],"class_list":["post-21282","post","type-post","status-publish","format-standard","has-post-thumbnail","hentry","category-alagoinhas-e-regiao"],"aioseo_notices":[],"aioseo_head":"\n\t\t<!-- All in One SEO 4.9.10 - aioseo.com -->\n\t<meta name=\"description\" content=\"A Prefeitura, atrav\u00e9s da Secretaria Municipal de Sa\u00fade (SESAU), atualizou, nesta quarta-feira (27), os n\u00fameros da COVID-19 em Alagoinhas. De acordo com informa\u00e7\u00f5es da Vigil\u00e2ncia Epidemiol\u00f3gica, 3 novos casos foram confirmados para coronav\u00edrus, no munic\u00edpio, sendo 2 pacientes do sexo feminino, respectivamente de 82 e 71 anos de idade, e 1 paciente do sexo masculino,\" \/>\n\t<meta name=\"robots\" content=\"max-image-preview:large\" \/>\n\t<meta name=\"author\" content=\"administrador\"\/>\n\t<link rel=\"canonical\" href=\"https:\/\/newsinfoco.com.br\/inicio\/numero-de-infectados-em-alagoinhas-chega-a-62\/\" \/>\n\t<meta name=\"generator\" content=\"All in One SEO (AIOSEO) 4.9.10\" \/>\n\t\t<meta property=\"og:locale\" content=\"pt_BR\" \/>\n\t\t<meta property=\"og:site_name\" content=\"News In Foco - Editado por Caio Pimenta - O principal site de noticias de Alagoinhas e regi\u00e3o\" \/>\n\t\t<meta property=\"og:type\" content=\"article\" \/>\n\t\t<meta property=\"og:title\" content=\"N\u00famero de infectados em Alagoinhas chega a 62 - News In Foco - Editado por Caio Pimenta\" \/>\n\t\t<meta property=\"og:description\" content=\"A Prefeitura, atrav\u00e9s da Secretaria Municipal de Sa\u00fade (SESAU), atualizou, nesta quarta-feira (27), os n\u00fameros da COVID-19 em Alagoinhas. De acordo com informa\u00e7\u00f5es da Vigil\u00e2ncia Epidemiol\u00f3gica, 3 novos casos foram confirmados para coronav\u00edrus, no munic\u00edpio, sendo 2 pacientes do sexo feminino, respectivamente de 82 e 71 anos de idade, e 1 paciente do sexo masculino,\" \/>\n\t\t<meta property=\"og:url\" content=\"https:\/\/newsinfoco.com.br\/inicio\/numero-de-infectados-em-alagoinhas-chega-a-62\/\" \/>\n\t\t<meta property=\"article:published_time\" content=\"2020-05-27T22:35:23+00:00\" \/>\n\t\t<meta property=\"article:modified_time\" content=\"2020-05-27T22:35:23+00:00\" \/>\n\t\t<meta name=\"twitter:card\" content=\"summary_large_image\" \/>\n\t\t<meta name=\"twitter:title\" content=\"N\u00famero de infectados em Alagoinhas chega a 62 - News In Foco - Editado por Caio Pimenta\" \/>\n\t\t<meta name=\"twitter:description\" content=\"A Prefeitura, atrav\u00e9s da Secretaria Municipal de Sa\u00fade (SESAU), atualizou, nesta quarta-feira (27), os n\u00fameros da COVID-19 em Alagoinhas. De acordo com informa\u00e7\u00f5es da Vigil\u00e2ncia Epidemiol\u00f3gica, 3 novos casos foram confirmados para coronav\u00edrus, no munic\u00edpio, sendo 2 pacientes do sexo feminino, respectivamente de 82 e 71 anos de idade, e 1 paciente do sexo masculino,\" \/>\n\t\t<script type=\"application\/ld+json\" class=\"aioseo-schema\">\n\t\t\t{\"@context\":\"https:\\\/\\\/schema.org\",\"@graph\":[{\"@type\":\"BlogPosting\",\"@id\":\"https:\\\/\\\/newsinfoco.com.br\\\/inicio\\\/numero-de-infectados-em-alagoinhas-chega-a-62\\\/#blogposting\",\"name\":\"N\\u00famero de infectados em Alagoinhas chega a 62 - News In Foco - Editado por Caio Pimenta\",\"headline\":\"N\\u00famero de infectados em Alagoinhas chega a 62\",\"author\":{\"@id\":\"https:\\\/\\\/newsinfoco.com.br\\\/inicio\\\/author\\\/administrador\\\/#author\"},\"publisher\":{\"@id\":\"https:\\\/\\\/newsinfoco.com.br\\\/inicio\\\/#organization\"},\"image\":{\"@type\":\"ImageObject\",\"url\":\"https:\\\/\\\/newsinfoco.com.br\\\/inicio\\\/wp-content\\\/uploads\\\/2020\\\/05\\\/BOLETIM-GERAL-27-05-2020-550x368-1.jpg\",\"width\":550,\"height\":368},\"datePublished\":\"2020-05-27T19:35:23-03:00\",\"dateModified\":\"2020-05-27T19:35:23-03:00\",\"inLanguage\":\"pt-BR\",\"mainEntityOfPage\":{\"@id\":\"https:\\\/\\\/newsinfoco.com.br\\\/inicio\\\/numero-de-infectados-em-alagoinhas-chega-a-62\\\/#webpage\"},\"isPartOf\":{\"@id\":\"https:\\\/\\\/newsinfoco.com.br\\\/inicio\\\/numero-de-infectados-em-alagoinhas-chega-a-62\\\/#webpage\"},\"articleSection\":\"Alagoinhas e Regi\\u00e3o\"},{\"@type\":\"BreadcrumbList\",\"@id\":\"https:\\\/\\\/newsinfoco.com.br\\\/inicio\\\/numero-de-infectados-em-alagoinhas-chega-a-62\\\/#breadcrumblist\",\"itemListElement\":[{\"@type\":\"ListItem\",\"@id\":\"https:\\\/\\\/newsinfoco.com.br\\\/inicio#listItem\",\"position\":1,\"name\":\"In\\u00edcio\",\"item\":\"https:\\\/\\\/newsinfoco.com.br\\\/inicio\",\"nextItem\":{\"@type\":\"ListItem\",\"@id\":\"https:\\\/\\\/newsinfoco.com.br\\\/inicio\\\/category\\\/alagoinhas-e-regiao\\\/#listItem\",\"name\":\"Alagoinhas e Regi\\u00e3o\"}},{\"@type\":\"ListItem\",\"@id\":\"https:\\\/\\\/newsinfoco.com.br\\\/inicio\\\/category\\\/alagoinhas-e-regiao\\\/#listItem\",\"position\":2,\"name\":\"Alagoinhas e Regi\\u00e3o\",\"item\":\"https:\\\/\\\/newsinfoco.com.br\\\/inicio\\\/category\\\/alagoinhas-e-regiao\\\/\",\"nextItem\":{\"@type\":\"ListItem\",\"@id\":\"https:\\\/\\\/newsinfoco.com.br\\\/inicio\\\/numero-de-infectados-em-alagoinhas-chega-a-62\\\/#listItem\",\"name\":\"N\\u00famero de infectados em Alagoinhas chega a 62\"},\"previousItem\":{\"@type\":\"ListItem\",\"@id\":\"https:\\\/\\\/newsinfoco.com.br\\\/inicio#listItem\",\"name\":\"In\\u00edcio\"}},{\"@type\":\"ListItem\",\"@id\":\"https:\\\/\\\/newsinfoco.com.br\\\/inicio\\\/numero-de-infectados-em-alagoinhas-chega-a-62\\\/#listItem\",\"position\":3,\"name\":\"N\\u00famero de infectados em Alagoinhas chega a 62\",\"previousItem\":{\"@type\":\"ListItem\",\"@id\":\"https:\\\/\\\/newsinfoco.com.br\\\/inicio\\\/category\\\/alagoinhas-e-regiao\\\/#listItem\",\"name\":\"Alagoinhas e Regi\\u00e3o\"}}]},{\"@type\":\"Organization\",\"@id\":\"https:\\\/\\\/newsinfoco.com.br\\\/inicio\\\/#organization\",\"name\":\"News In Foco - Editado por Caio Pimenta\",\"description\":\"O principal site de noticias de Alagoinhas e regi\\u00e3o\",\"url\":\"https:\\\/\\\/newsinfoco.com.br\\\/inicio\\\/\"},{\"@type\":\"Person\",\"@id\":\"https:\\\/\\\/newsinfoco.com.br\\\/inicio\\\/author\\\/administrador\\\/#author\",\"url\":\"https:\\\/\\\/newsinfoco.com.br\\\/inicio\\\/author\\\/administrador\\\/\",\"name\":\"administrador\",\"image\":{\"@type\":\"ImageObject\",\"@id\":\"https:\\\/\\\/newsinfoco.com.br\\\/inicio\\\/numero-de-infectados-em-alagoinhas-chega-a-62\\\/#authorImage\",\"url\":\"https:\\\/\\\/secure.gravatar.com\\\/avatar\\\/c17a617433de8c1dc9584bb79aab7563b46f5bb7e1728c9b17d9cc3ce6a08e49?s=96&d=mm&r=g\",\"width\":96,\"height\":96,\"caption\":\"administrador\"}},{\"@type\":\"WebPage\",\"@id\":\"https:\\\/\\\/newsinfoco.com.br\\\/inicio\\\/numero-de-infectados-em-alagoinhas-chega-a-62\\\/#webpage\",\"url\":\"https:\\\/\\\/newsinfoco.com.br\\\/inicio\\\/numero-de-infectados-em-alagoinhas-chega-a-62\\\/\",\"name\":\"N\\u00famero de infectados em Alagoinhas chega a 62 - News In Foco - Editado por Caio Pimenta\",\"description\":\"A Prefeitura, atrav\\u00e9s da Secretaria Municipal de Sa\\u00fade (SESAU), atualizou, nesta quarta-feira (27), os n\\u00fameros da COVID-19 em Alagoinhas. De acordo com informa\\u00e7\\u00f5es da Vigil\\u00e2ncia Epidemiol\\u00f3gica, 3 novos casos foram confirmados para coronav\\u00edrus, no munic\\u00edpio, sendo 2 pacientes do sexo feminino, respectivamente de 82 e 71 anos de idade, e 1 paciente do sexo masculino,\",\"inLanguage\":\"pt-BR\",\"isPartOf\":{\"@id\":\"https:\\\/\\\/newsinfoco.com.br\\\/inicio\\\/#website\"},\"breadcrumb\":{\"@id\":\"https:\\\/\\\/newsinfoco.com.br\\\/inicio\\\/numero-de-infectados-em-alagoinhas-chega-a-62\\\/#breadcrumblist\"},\"author\":{\"@id\":\"https:\\\/\\\/newsinfoco.com.br\\\/inicio\\\/author\\\/administrador\\\/#author\"},\"creator\":{\"@id\":\"https:\\\/\\\/newsinfoco.com.br\\\/inicio\\\/author\\\/administrador\\\/#author\"},\"image\":{\"@type\":\"ImageObject\",\"url\":\"https:\\\/\\\/newsinfoco.com.br\\\/inicio\\\/wp-content\\\/uploads\\\/2020\\\/05\\\/BOLETIM-GERAL-27-05-2020-550x368-1.jpg\",\"@id\":\"https:\\\/\\\/newsinfoco.com.br\\\/inicio\\\/numero-de-infectados-em-alagoinhas-chega-a-62\\\/#mainImage\",\"width\":550,\"height\":368},\"primaryImageOfPage\":{\"@id\":\"https:\\\/\\\/newsinfoco.com.br\\\/inicio\\\/numero-de-infectados-em-alagoinhas-chega-a-62\\\/#mainImage\"},\"datePublished\":\"2020-05-27T19:35:23-03:00\",\"dateModified\":\"2020-05-27T19:35:23-03:00\"},{\"@type\":\"WebSite\",\"@id\":\"https:\\\/\\\/newsinfoco.com.br\\\/inicio\\\/#website\",\"url\":\"https:\\\/\\\/newsinfoco.com.br\\\/inicio\\\/\",\"name\":\"News In Foco - Editado por Caio Pimenta\",\"description\":\"O principal site de noticias de Alagoinhas e regi\\u00e3o\",\"inLanguage\":\"pt-BR\",\"publisher\":{\"@id\":\"https:\\\/\\\/newsinfoco.com.br\\\/inicio\\\/#organization\"}}]}\n\t\t<\/script>\n\t\t<!-- All in One SEO -->\n\n","aioseo_head_json":{"title":"N\u00famero de infectados em Alagoinhas chega a 62 - News In Foco - Editado por Caio Pimenta","description":"A Prefeitura, atrav\u00e9s da Secretaria Municipal de Sa\u00fade (SESAU), atualizou, nesta quarta-feira (27), os n\u00fameros da COVID-19 em Alagoinhas. De acordo com informa\u00e7\u00f5es da Vigil\u00e2ncia Epidemiol\u00f3gica, 3 novos casos foram confirmados para coronav\u00edrus, no munic\u00edpio, sendo 2 pacientes do sexo feminino, respectivamente de 82 e 71 anos de idade, e 1 paciente do sexo masculino,","canonical_url":"https:\/\/newsinfoco.com.br\/inicio\/numero-de-infectados-em-alagoinhas-chega-a-62\/","robots":"max-image-preview:large","keywords":"","webmasterTools":{"miscellaneous":""},"schema":{"@context":"https:\/\/schema.org","@graph":[{"@type":"BlogPosting","@id":"https:\/\/newsinfoco.com.br\/inicio\/numero-de-infectados-em-alagoinhas-chega-a-62\/#blogposting","name":"N\u00famero de infectados em Alagoinhas chega a 62 - News In Foco - Editado por Caio Pimenta","headline":"N\u00famero de infectados em Alagoinhas chega a 62","author":{"@id":"https:\/\/newsinfoco.com.br\/inicio\/author\/administrador\/#author"},"publisher":{"@id":"https:\/\/newsinfoco.com.br\/inicio\/#organization"},"image":{"@type":"ImageObject","url":"https:\/\/newsinfoco.com.br\/inicio\/wp-content\/uploads\/2020\/05\/BOLETIM-GERAL-27-05-2020-550x368-1.jpg","width":550,"height":368},"datePublished":"2020-05-27T19:35:23-03:00","dateModified":"2020-05-27T19:35:23-03:00","inLanguage":"pt-BR","mainEntityOfPage":{"@id":"https:\/\/newsinfoco.com.br\/inicio\/numero-de-infectados-em-alagoinhas-chega-a-62\/#webpage"},"isPartOf":{"@id":"https:\/\/newsinfoco.com.br\/inicio\/numero-de-infectados-em-alagoinhas-chega-a-62\/#webpage"},"articleSection":"Alagoinhas e Regi\u00e3o"},{"@type":"BreadcrumbList","@id":"https:\/\/newsinfoco.com.br\/inicio\/numero-de-infectados-em-alagoinhas-chega-a-62\/#breadcrumblist","itemListElement":[{"@type":"ListItem","@id":"https:\/\/newsinfoco.com.br\/inicio#listItem","position":1,"name":"In\u00edcio","item":"https:\/\/newsinfoco.com.br\/inicio","nextItem":{"@type":"ListItem","@id":"https:\/\/newsinfoco.com.br\/inicio\/category\/alagoinhas-e-regiao\/#listItem","name":"Alagoinhas e Regi\u00e3o"}},{"@type":"ListItem","@id":"https:\/\/newsinfoco.com.br\/inicio\/category\/alagoinhas-e-regiao\/#listItem","position":2,"name":"Alagoinhas e Regi\u00e3o","item":"https:\/\/newsinfoco.com.br\/inicio\/category\/alagoinhas-e-regiao\/","nextItem":{"@type":"ListItem","@id":"https:\/\/newsinfoco.com.br\/inicio\/numero-de-infectados-em-alagoinhas-chega-a-62\/#listItem","name":"N\u00famero de infectados em Alagoinhas chega a 62"},"previousItem":{"@type":"ListItem","@id":"https:\/\/newsinfoco.com.br\/inicio#listItem","name":"In\u00edcio"}},{"@type":"ListItem","@id":"https:\/\/newsinfoco.com.br\/inicio\/numero-de-infectados-em-alagoinhas-chega-a-62\/#listItem","position":3,"name":"N\u00famero de infectados em Alagoinhas chega a 62","previousItem":{"@type":"ListItem","@id":"https:\/\/newsinfoco.com.br\/inicio\/category\/alagoinhas-e-regiao\/#listItem","name":"Alagoinhas e Regi\u00e3o"}}]},{"@type":"Organization","@id":"https:\/\/newsinfoco.com.br\/inicio\/#organization","name":"News In Foco - Editado por Caio Pimenta","description":"O principal site de noticias de Alagoinhas e regi\u00e3o","url":"https:\/\/newsinfoco.com.br\/inicio\/"},{"@type":"Person","@id":"https:\/\/newsinfoco.com.br\/inicio\/author\/administrador\/#author","url":"https:\/\/newsinfoco.com.br\/inicio\/author\/administrador\/","name":"administrador","image":{"@type":"ImageObject","@id":"https:\/\/newsinfoco.com.br\/inicio\/numero-de-infectados-em-alagoinhas-chega-a-62\/#authorImage","url":"https:\/\/secure.gravatar.com\/avatar\/c17a617433de8c1dc9584bb79aab7563b46f5bb7e1728c9b17d9cc3ce6a08e49?s=96&d=mm&r=g","width":96,"height":96,"caption":"administrador"}},{"@type":"WebPage","@id":"https:\/\/newsinfoco.com.br\/inicio\/numero-de-infectados-em-alagoinhas-chega-a-62\/#webpage","url":"https:\/\/newsinfoco.com.br\/inicio\/numero-de-infectados-em-alagoinhas-chega-a-62\/","name":"N\u00famero de infectados em Alagoinhas chega a 62 - News In Foco - Editado por Caio Pimenta","description":"A Prefeitura, atrav\u00e9s da Secretaria Municipal de Sa\u00fade (SESAU), atualizou, nesta quarta-feira (27), os n\u00fameros da COVID-19 em Alagoinhas. De acordo com informa\u00e7\u00f5es da Vigil\u00e2ncia Epidemiol\u00f3gica, 3 novos casos foram confirmados para coronav\u00edrus, no munic\u00edpio, sendo 2 pacientes do sexo feminino, respectivamente de 82 e 71 anos de idade, e 1 paciente do sexo masculino,","inLanguage":"pt-BR","isPartOf":{"@id":"https:\/\/newsinfoco.com.br\/inicio\/#website"},"breadcrumb":{"@id":"https:\/\/newsinfoco.com.br\/inicio\/numero-de-infectados-em-alagoinhas-chega-a-62\/#breadcrumblist"},"author":{"@id":"https:\/\/newsinfoco.com.br\/inicio\/author\/administrador\/#author"},"creator":{"@id":"https:\/\/newsinfoco.com.br\/inicio\/author\/administrador\/#author"},"image":{"@type":"ImageObject","url":"https:\/\/newsinfoco.com.br\/inicio\/wp-content\/uploads\/2020\/05\/BOLETIM-GERAL-27-05-2020-550x368-1.jpg","@id":"https:\/\/newsinfoco.com.br\/inicio\/numero-de-infectados-em-alagoinhas-chega-a-62\/#mainImage","width":550,"height":368},"primaryImageOfPage":{"@id":"https:\/\/newsinfoco.com.br\/inicio\/numero-de-infectados-em-alagoinhas-chega-a-62\/#mainImage"},"datePublished":"2020-05-27T19:35:23-03:00","dateModified":"2020-05-27T19:35:23-03:00"},{"@type":"WebSite","@id":"https:\/\/newsinfoco.com.br\/inicio\/#website","url":"https:\/\/newsinfoco.com.br\/inicio\/","name":"News In Foco - Editado por Caio Pimenta","description":"O principal site de noticias de Alagoinhas e regi\u00e3o","inLanguage":"pt-BR","publisher":{"@id":"https:\/\/newsinfoco.com.br\/inicio\/#organization"}}]},"og:locale":"pt_BR","og:site_name":"News In Foco - Editado por Caio Pimenta - O principal site de noticias de Alagoinhas e regi\u00e3o","og:type":"article","og:title":"N\u00famero de infectados em Alagoinhas chega a 62 - News In Foco - Editado por Caio Pimenta","og:description":"A Prefeitura, atrav\u00e9s da Secretaria Municipal de Sa\u00fade (SESAU), atualizou, nesta quarta-feira (27), os n\u00fameros da COVID-19 em Alagoinhas. De acordo com informa\u00e7\u00f5es da Vigil\u00e2ncia Epidemiol\u00f3gica, 3 novos casos foram confirmados para coronav\u00edrus, no munic\u00edpio, sendo 2 pacientes do sexo feminino, respectivamente de 82 e 71 anos de idade, e 1 paciente do sexo masculino,","og:url":"https:\/\/newsinfoco.com.br\/inicio\/numero-de-infectados-em-alagoinhas-chega-a-62\/","article:published_time":"2020-05-27T22:35:23+00:00","article:modified_time":"2020-05-27T22:35:23+00:00","twitter:card":"summary_large_image","twitter:title":"N\u00famero de infectados em Alagoinhas chega a 62 - News In Foco - Editado por Caio Pimenta","twitter:description":"A Prefeitura, atrav\u00e9s da Secretaria Municipal de Sa\u00fade (SESAU), atualizou, nesta quarta-feira (27), os n\u00fameros da COVID-19 em Alagoinhas. De acordo com informa\u00e7\u00f5es da Vigil\u00e2ncia Epidemiol\u00f3gica, 3 novos casos foram confirmados para coronav\u00edrus, no munic\u00edpio, sendo 2 pacientes do sexo feminino, respectivamente de 82 e 71 anos de idade, e 1 paciente do sexo masculino,"},"aioseo_meta_data":{"post_id":"21282","title":null,"description":null,"keywords":null,"keyphrases":null,"primary_term":null,"canonical_url":null,"og_title":null,"og_description":null,"og_object_type":"default","og_image_type":"default","og_image_url":null,"og_image_width":null,"og_image_height":null,"og_image_custom_url":null,"og_image_custom_fields":null,"og_video":null,"og_custom_url":null,"og_article_section":null,"og_article_tags":null,"twitter_use_og":false,"twitter_card":"default","twitter_image_type":"default","twitter_image_url":null,"twitter_image_custom_url":null,"twitter_image_custom_fields":null,"twitter_title":null,"twitter_description":null,"schema":{"blockGraphs":[],"customGraphs":[],"default":{"data":{"Article":[],"Course":[],"Dataset":[],"FAQPage":[],"Movie":[],"Person":[],"Product":[],"ProductReview":[],"Car":[],"Recipe":[],"Service":[],"SoftwareApplication":[],"WebPage":[]},"graphName":"","isEnabled":true},"graphs":[]},"schema_type":"default","schema_type_options":null,"pillar_content":false,"robots_default":true,"robots_noindex":false,"robots_noarchive":false,"robots_nosnippet":false,"robots_nofollow":false,"robots_noimageindex":false,"robots_noodp":false,"robots_notranslate":false,"robots_max_snippet":null,"robots_max_videopreview":null,"robots_max_imagepreview":"large","priority":null,"frequency":null,"local_seo":null,"breadcrumb_settings":null,"limit_modified_date":false,"ai":null,"created":"2023-06-12 16:39:41","updated":"2025-07-11 03:13:25","seo_analyzer_scan_date":null},"aioseo_breadcrumb":"<div class=\"aioseo-breadcrumbs\"><span class=\"aioseo-breadcrumb\">\n\t\t\t<a href=\"https:\/\/newsinfoco.com.br\/inicio\" title=\"In\u00edcio\">In\u00edcio<\/a>\n\t\t<\/span><span class=\"aioseo-breadcrumb-separator\">&raquo;<\/span><span class=\"aioseo-breadcrumb\">\n\t\t\t<a href=\"https:\/\/newsinfoco.com.br\/inicio\/category\/alagoinhas-e-regiao\/\" title=\"Alagoinhas e Regi\u00e3o\">Alagoinhas e Regi\u00e3o<\/a>\n\t\t<\/span><span class=\"aioseo-breadcrumb-separator\">&raquo;<\/span><span class=\"aioseo-breadcrumb\">\n\t\t\tN\u00famero de infectados em Alagoinhas chega a 62\n\t\t<\/span><\/div>","aioseo_breadcrumb_json":[{"label":"In\u00edcio","link":"https:\/\/newsinfoco.com.br\/inicio"},{"label":"Alagoinhas e Regi\u00e3o","link":"https:\/\/newsinfoco.com.br\/inicio\/category\/alagoinhas-e-regiao\/"},{"label":"N\u00famero de infectados em Alagoinhas chega a 62","link":"https:\/\/newsinfoco.com.br\/inicio\/numero-de-infectados-em-alagoinhas-chega-a-62\/"}],"_links":{"self":[{"href":"https:\/\/newsinfoco.com.br\/inicio\/wp-json\/wp\/v2\/posts\/21282","targetHints":{"allow":["GET"]}}],"collection":[{"href":"https:\/\/newsinfoco.com.br\/inicio\/wp-json\/wp\/v2\/posts"}],"about":[{"href":"https:\/\/newsinfoco.com.br\/inicio\/wp-json\/wp\/v2\/types\/post"}],"author":[{"embeddable":true,"href":"https:\/\/newsinfoco.com.br\/inicio\/wp-json\/wp\/v2\/users\/1"}],"replies":[{"embeddable":true,"href":"https:\/\/newsinfoco.com.br\/inicio\/wp-json\/wp\/v2\/comments?post=21282"}],"version-history":[{"count":0,"href":"https:\/\/newsinfoco.com.br\/inicio\/wp-json\/wp\/v2\/posts\/21282\/revisions"}],"wp:featuredmedia":[{"embeddable":true,"href":"https:\/\/newsinfoco.com.br\/inicio\/wp-json\/wp\/v2\/media\/21283"}],"wp:attachment":[{"href":"https:\/\/newsinfoco.com.br\/inicio\/wp-json\/wp\/v2\/media?parent=21282"}],"wp:term":[{"taxonomy":"category","embeddable":true,"href":"https:\/\/newsinfoco.com.br\/inicio\/wp-json\/wp\/v2\/categories?post=21282"},{"taxonomy":"post_tag","embeddable":true,"href":"https:\/\/newsinfoco.com.br\/inicio\/wp-json\/wp\/v2\/tags?post=21282"}],"curies":[{"name":"wp","href":"https:\/\/api.w.org\/{rel}","templated":true}]}}