{"id":21330,"date":"2020-05-30T17:53:06","date_gmt":"2020-05-30T20:53:06","guid":{"rendered":"http:\/\/newsinfoco.com.br\/?p=21330"},"modified":"2020-05-30T18:22:00","modified_gmt":"2020-05-30T21:22:00","slug":"apos-anuncio-de-antecipacao-de-feriados-pelo-prefeito-alagoinhas-tem-dias-de-aglomeracoes-no-centro-da-cidade","status":"publish","type":"post","link":"https:\/\/newsinfoco.com.br\/inicio\/apos-anuncio-de-antecipacao-de-feriados-pelo-prefeito-alagoinhas-tem-dias-de-aglomeracoes-no-centro-da-cidade\/","title":{"rendered":"Ap\u00f3s an\u00fancio de antecipa\u00e7\u00e3o de feriados pelo prefeito, Alagoinhas tem dias de aglomera\u00e7\u00f5es no centro da cidade"},"content":{"rendered":"<p style=\"text-align: justify;\">No dia de ontem(29) o prefeito de Alagoinhas, Joaquim Neto(PSD), anunciou em uma emissora de r\u00e1dio da cidade que anteciparia feriados e promoveria o fechamento do com\u00e9rcio de forma escalonada durante o m\u00eas de junho. Segundo o prefeito, isso seria necess\u00e1rio para o enfrentamento do momento, onde se observa uma escalada do n\u00famero de casos de infectados pelo coronav\u00edrus no munic\u00edpio. Por\u00e9m o efeito do an\u00fancio foi completamente diferente do que o esperado pelo gestor. Alagoinhas registrou um dos dias mais movimentados dos \u00faltimos meses. Aglomera\u00e7\u00e3o nas ruas e engarrafamento de carros. Quem viu, ficou horrorizado.<\/p>\n<p style=\"text-align: justify;\">De acordo com o prefeito, a antecipa\u00e7\u00e3o dos feriados j\u00e1 ocorre nesta segunda-feira, dia 01, e se estende at\u00e9 ter\u00e7a-feira, dia 02. Depois ocorre o fechamento do com\u00e9rcio nos dias 08 e 09 de junho, e por fim nos dias 11, 12 e 13 de junho. Aparentemente o an\u00fancio de restri\u00e7\u00e3o ao funcionamento de diversas atividades no munic\u00edpio nesses dias, fez com que as pessoas sa\u00edssem em grande n\u00famero, n\u00e3o s\u00f3 no dia de ontem, como tamb\u00e9m no dia de hoje(30).<\/p>\n<p style=\"text-align: justify;\">A situa\u00e7\u00e3o preocupa. Alagoinhas que j\u00e1 registra 77 casos de infec\u00e7\u00e3o pelo coronavirus, pode ter ainda mais casos devido a essas aglomera\u00e7\u00f5es. Para a prefeitura, um alerta, pois a antecipa\u00e7\u00e3o dos feriados, ao inv\u00e9s de significar um momento de paralisia no n\u00famero de infectados, pode se tornar uma desculpa para que as pessoas se aglomerem nos outros dias, fazendo que ocorra, ao inv\u00e9s da diminui\u00e7\u00e3o, um acr\u00e9scimo no n\u00famero de infectados.<\/p>\n<p style=\"text-align: right;\">Por Caio Pimenta para o News Infoco<\/p>\n<div class='share-to-whatsapp-wrapper'><div class='share-on-whsp'>Share on: <\/div><a data-text='Ap\u00f3s an\u00fancio de antecipa\u00e7\u00e3o de feriados pelo prefeito, Alagoinhas tem dias de aglomera\u00e7\u00f5es no centro da cidade' data-link='https:\/\/newsinfoco.com.br\/inicio\/apos-anuncio-de-antecipacao-de-feriados-pelo-prefeito-alagoinhas-tem-dias-de-aglomeracoes-no-centro-da-cidade\/' class='whatsapp-button whatsapp-share'>WhatsApp<\/a><div class='clear '><\/div><\/div>","protected":false},"excerpt":{"rendered":"<p>No dia de ontem(29) o prefeito de Alagoinhas, Joaquim Neto(PSD), anunciou em uma emissora de r\u00e1dio da cidade que anteciparia feriados e promoveria o fechamento do com\u00e9rcio de forma escalonada durante o m\u00eas de junho. Segundo o prefeito, isso seria necess\u00e1rio para o enfrentamento do momento, onde se observa uma escalada do n\u00famero de casos [&hellip;]<\/p>\n","protected":false},"author":1,"featured_media":21331,"comment_status":"open","ping_status":"open","sticky":false,"template":"","format":"standard","meta":{"om_disable_all_campaigns":false,"rop_custom_images_group":[],"rop_custom_messages_group":[],"rop_publish_now":"initial","rop_publish_now_accounts":[],"rop_publish_now_history":[],"rop_publish_now_status":"pending","_exactmetrics_skip_tracking":false,"footnotes":""},"categories":[167],"tags":[],"class_list":["post-21330","post","type-post","status-publish","format-standard","has-post-thumbnail","hentry","category-exclusivas"],"aioseo_notices":[],"aioseo_head":"\n\t\t<!-- All in One SEO 4.9.10 - aioseo.com -->\n\t<meta name=\"description\" content=\"No dia de ontem(29) o prefeito de Alagoinhas, Joaquim Neto(PSD), anunciou em uma emissora de r\u00e1dio da cidade que anteciparia feriados e promoveria o fechamento do com\u00e9rcio de forma escalonada durante o m\u00eas de junho. Segundo o prefeito, isso seria necess\u00e1rio para o enfrentamento do momento, onde se observa uma escalada do n\u00famero de casos\" \/>\n\t<meta name=\"robots\" content=\"max-image-preview:large\" \/>\n\t<meta name=\"author\" content=\"administrador\"\/>\n\t<link rel=\"canonical\" href=\"https:\/\/newsinfoco.com.br\/inicio\/apos-anuncio-de-antecipacao-de-feriados-pelo-prefeito-alagoinhas-tem-dias-de-aglomeracoes-no-centro-da-cidade\/\" \/>\n\t<meta name=\"generator\" content=\"All in One SEO (AIOSEO) 4.9.10\" \/>\n\t\t<meta property=\"og:locale\" content=\"pt_BR\" \/>\n\t\t<meta property=\"og:site_name\" content=\"News In Foco - Editado por Caio Pimenta - O principal site de noticias de Alagoinhas e regi\u00e3o\" \/>\n\t\t<meta property=\"og:type\" content=\"article\" \/>\n\t\t<meta property=\"og:title\" content=\"Ap\u00f3s an\u00fancio de antecipa\u00e7\u00e3o de feriados pelo prefeito, Alagoinhas tem dias de aglomera\u00e7\u00f5es no centro da cidade - News In Foco - Editado por Caio Pimenta\" \/>\n\t\t<meta property=\"og:description\" content=\"No dia de ontem(29) o prefeito de Alagoinhas, Joaquim Neto(PSD), anunciou em uma emissora de r\u00e1dio da cidade que anteciparia feriados e promoveria o fechamento do com\u00e9rcio de forma escalonada durante o m\u00eas de junho. Segundo o prefeito, isso seria necess\u00e1rio para o enfrentamento do momento, onde se observa uma escalada do n\u00famero de casos\" \/>\n\t\t<meta property=\"og:url\" content=\"https:\/\/newsinfoco.com.br\/inicio\/apos-anuncio-de-antecipacao-de-feriados-pelo-prefeito-alagoinhas-tem-dias-de-aglomeracoes-no-centro-da-cidade\/\" \/>\n\t\t<meta property=\"article:published_time\" content=\"2020-05-30T20:53:06+00:00\" \/>\n\t\t<meta property=\"article:modified_time\" content=\"2020-05-30T21:22:00+00:00\" \/>\n\t\t<meta name=\"twitter:card\" content=\"summary_large_image\" \/>\n\t\t<meta name=\"twitter:title\" content=\"Ap\u00f3s an\u00fancio de antecipa\u00e7\u00e3o de feriados pelo prefeito, Alagoinhas tem dias de aglomera\u00e7\u00f5es no centro da cidade - News In Foco - Editado por Caio Pimenta\" \/>\n\t\t<meta name=\"twitter:description\" content=\"No dia de ontem(29) o prefeito de Alagoinhas, Joaquim Neto(PSD), anunciou em uma emissora de r\u00e1dio da cidade que anteciparia feriados e promoveria o fechamento do com\u00e9rcio de forma escalonada durante o m\u00eas de junho. Segundo o prefeito, isso seria necess\u00e1rio para o enfrentamento do momento, onde se observa uma escalada do n\u00famero de casos\" \/>\n\t\t<script type=\"application\/ld+json\" class=\"aioseo-schema\">\n\t\t\t{\"@context\":\"https:\\\/\\\/schema.org\",\"@graph\":[{\"@type\":\"BlogPosting\",\"@id\":\"https:\\\/\\\/newsinfoco.com.br\\\/inicio\\\/apos-anuncio-de-antecipacao-de-feriados-pelo-prefeito-alagoinhas-tem-dias-de-aglomeracoes-no-centro-da-cidade\\\/#blogposting\",\"name\":\"Ap\\u00f3s an\\u00fancio de antecipa\\u00e7\\u00e3o de feriados pelo prefeito, Alagoinhas tem dias de aglomera\\u00e7\\u00f5es no centro da cidade - News In Foco - Editado por Caio Pimenta\",\"headline\":\"Ap\\u00f3s an\\u00fancio de antecipa\\u00e7\\u00e3o de feriados pelo prefeito, Alagoinhas tem dias de aglomera\\u00e7\\u00f5es no centro da cidade\",\"author\":{\"@id\":\"https:\\\/\\\/newsinfoco.com.br\\\/inicio\\\/author\\\/administrador\\\/#author\"},\"publisher\":{\"@id\":\"https:\\\/\\\/newsinfoco.com.br\\\/inicio\\\/#organization\"},\"image\":{\"@type\":\"ImageObject\",\"url\":\"https:\\\/\\\/newsinfoco.com.br\\\/inicio\\\/wp-content\\\/uploads\\\/2020\\\/05\\\/comercio.jpg\",\"width\":704,\"height\":704},\"datePublished\":\"2020-05-30T17:53:06-03:00\",\"dateModified\":\"2020-05-30T18:22:00-03:00\",\"inLanguage\":\"pt-BR\",\"mainEntityOfPage\":{\"@id\":\"https:\\\/\\\/newsinfoco.com.br\\\/inicio\\\/apos-anuncio-de-antecipacao-de-feriados-pelo-prefeito-alagoinhas-tem-dias-de-aglomeracoes-no-centro-da-cidade\\\/#webpage\"},\"isPartOf\":{\"@id\":\"https:\\\/\\\/newsinfoco.com.br\\\/inicio\\\/apos-anuncio-de-antecipacao-de-feriados-pelo-prefeito-alagoinhas-tem-dias-de-aglomeracoes-no-centro-da-cidade\\\/#webpage\"},\"articleSection\":\"Manchete\"},{\"@type\":\"BreadcrumbList\",\"@id\":\"https:\\\/\\\/newsinfoco.com.br\\\/inicio\\\/apos-anuncio-de-antecipacao-de-feriados-pelo-prefeito-alagoinhas-tem-dias-de-aglomeracoes-no-centro-da-cidade\\\/#breadcrumblist\",\"itemListElement\":[{\"@type\":\"ListItem\",\"@id\":\"https:\\\/\\\/newsinfoco.com.br\\\/inicio#listItem\",\"position\":1,\"name\":\"In\\u00edcio\",\"item\":\"https:\\\/\\\/newsinfoco.com.br\\\/inicio\",\"nextItem\":{\"@type\":\"ListItem\",\"@id\":\"https:\\\/\\\/newsinfoco.com.br\\\/inicio\\\/category\\\/exclusivas\\\/#listItem\",\"name\":\"Manchete\"}},{\"@type\":\"ListItem\",\"@id\":\"https:\\\/\\\/newsinfoco.com.br\\\/inicio\\\/category\\\/exclusivas\\\/#listItem\",\"position\":2,\"name\":\"Manchete\",\"item\":\"https:\\\/\\\/newsinfoco.com.br\\\/inicio\\\/category\\\/exclusivas\\\/\",\"nextItem\":{\"@type\":\"ListItem\",\"@id\":\"https:\\\/\\\/newsinfoco.com.br\\\/inicio\\\/apos-anuncio-de-antecipacao-de-feriados-pelo-prefeito-alagoinhas-tem-dias-de-aglomeracoes-no-centro-da-cidade\\\/#listItem\",\"name\":\"Ap\\u00f3s an\\u00fancio de antecipa\\u00e7\\u00e3o de feriados pelo prefeito, Alagoinhas tem dias de aglomera\\u00e7\\u00f5es no centro da cidade\"},\"previousItem\":{\"@type\":\"ListItem\",\"@id\":\"https:\\\/\\\/newsinfoco.com.br\\\/inicio#listItem\",\"name\":\"In\\u00edcio\"}},{\"@type\":\"ListItem\",\"@id\":\"https:\\\/\\\/newsinfoco.com.br\\\/inicio\\\/apos-anuncio-de-antecipacao-de-feriados-pelo-prefeito-alagoinhas-tem-dias-de-aglomeracoes-no-centro-da-cidade\\\/#listItem\",\"position\":3,\"name\":\"Ap\\u00f3s an\\u00fancio de antecipa\\u00e7\\u00e3o de feriados pelo prefeito, Alagoinhas tem dias de aglomera\\u00e7\\u00f5es no centro da cidade\",\"previousItem\":{\"@type\":\"ListItem\",\"@id\":\"https:\\\/\\\/newsinfoco.com.br\\\/inicio\\\/category\\\/exclusivas\\\/#listItem\",\"name\":\"Manchete\"}}]},{\"@type\":\"Organization\",\"@id\":\"https:\\\/\\\/newsinfoco.com.br\\\/inicio\\\/#organization\",\"name\":\"News In Foco - Editado por Caio Pimenta\",\"description\":\"O principal site de noticias de Alagoinhas e regi\\u00e3o\",\"url\":\"https:\\\/\\\/newsinfoco.com.br\\\/inicio\\\/\"},{\"@type\":\"Person\",\"@id\":\"https:\\\/\\\/newsinfoco.com.br\\\/inicio\\\/author\\\/administrador\\\/#author\",\"url\":\"https:\\\/\\\/newsinfoco.com.br\\\/inicio\\\/author\\\/administrador\\\/\",\"name\":\"administrador\",\"image\":{\"@type\":\"ImageObject\",\"@id\":\"https:\\\/\\\/newsinfoco.com.br\\\/inicio\\\/apos-anuncio-de-antecipacao-de-feriados-pelo-prefeito-alagoinhas-tem-dias-de-aglomeracoes-no-centro-da-cidade\\\/#authorImage\",\"url\":\"https:\\\/\\\/secure.gravatar.com\\\/avatar\\\/c17a617433de8c1dc9584bb79aab7563b46f5bb7e1728c9b17d9cc3ce6a08e49?s=96&d=mm&r=g\",\"width\":96,\"height\":96,\"caption\":\"administrador\"}},{\"@type\":\"WebPage\",\"@id\":\"https:\\\/\\\/newsinfoco.com.br\\\/inicio\\\/apos-anuncio-de-antecipacao-de-feriados-pelo-prefeito-alagoinhas-tem-dias-de-aglomeracoes-no-centro-da-cidade\\\/#webpage\",\"url\":\"https:\\\/\\\/newsinfoco.com.br\\\/inicio\\\/apos-anuncio-de-antecipacao-de-feriados-pelo-prefeito-alagoinhas-tem-dias-de-aglomeracoes-no-centro-da-cidade\\\/\",\"name\":\"Ap\\u00f3s an\\u00fancio de antecipa\\u00e7\\u00e3o de feriados pelo prefeito, Alagoinhas tem dias de aglomera\\u00e7\\u00f5es no centro da cidade - News In Foco - Editado por Caio Pimenta\",\"description\":\"No dia de ontem(29) o prefeito de Alagoinhas, Joaquim Neto(PSD), anunciou em uma emissora de r\\u00e1dio da cidade que anteciparia feriados e promoveria o fechamento do com\\u00e9rcio de forma escalonada durante o m\\u00eas de junho. Segundo o prefeito, isso seria necess\\u00e1rio para o enfrentamento do momento, onde se observa uma escalada do n\\u00famero de casos\",\"inLanguage\":\"pt-BR\",\"isPartOf\":{\"@id\":\"https:\\\/\\\/newsinfoco.com.br\\\/inicio\\\/#website\"},\"breadcrumb\":{\"@id\":\"https:\\\/\\\/newsinfoco.com.br\\\/inicio\\\/apos-anuncio-de-antecipacao-de-feriados-pelo-prefeito-alagoinhas-tem-dias-de-aglomeracoes-no-centro-da-cidade\\\/#breadcrumblist\"},\"author\":{\"@id\":\"https:\\\/\\\/newsinfoco.com.br\\\/inicio\\\/author\\\/administrador\\\/#author\"},\"creator\":{\"@id\":\"https:\\\/\\\/newsinfoco.com.br\\\/inicio\\\/author\\\/administrador\\\/#author\"},\"image\":{\"@type\":\"ImageObject\",\"url\":\"https:\\\/\\\/newsinfoco.com.br\\\/inicio\\\/wp-content\\\/uploads\\\/2020\\\/05\\\/comercio.jpg\",\"@id\":\"https:\\\/\\\/newsinfoco.com.br\\\/inicio\\\/apos-anuncio-de-antecipacao-de-feriados-pelo-prefeito-alagoinhas-tem-dias-de-aglomeracoes-no-centro-da-cidade\\\/#mainImage\",\"width\":704,\"height\":704},\"primaryImageOfPage\":{\"@id\":\"https:\\\/\\\/newsinfoco.com.br\\\/inicio\\\/apos-anuncio-de-antecipacao-de-feriados-pelo-prefeito-alagoinhas-tem-dias-de-aglomeracoes-no-centro-da-cidade\\\/#mainImage\"},\"datePublished\":\"2020-05-30T17:53:06-03:00\",\"dateModified\":\"2020-05-30T18:22:00-03:00\"},{\"@type\":\"WebSite\",\"@id\":\"https:\\\/\\\/newsinfoco.com.br\\\/inicio\\\/#website\",\"url\":\"https:\\\/\\\/newsinfoco.com.br\\\/inicio\\\/\",\"name\":\"News In Foco - Editado por Caio Pimenta\",\"description\":\"O principal site de noticias de Alagoinhas e regi\\u00e3o\",\"inLanguage\":\"pt-BR\",\"publisher\":{\"@id\":\"https:\\\/\\\/newsinfoco.com.br\\\/inicio\\\/#organization\"}}]}\n\t\t<\/script>\n\t\t<!-- All in One SEO -->\n\n","aioseo_head_json":{"title":"Ap\u00f3s an\u00fancio de antecipa\u00e7\u00e3o de feriados pelo prefeito, Alagoinhas tem dias de aglomera\u00e7\u00f5es no centro da cidade - News In Foco - Editado por Caio Pimenta","description":"No dia de ontem(29) o prefeito de Alagoinhas, Joaquim Neto(PSD), anunciou em uma emissora de r\u00e1dio da cidade que anteciparia feriados e promoveria o fechamento do com\u00e9rcio de forma escalonada durante o m\u00eas de junho. Segundo o prefeito, isso seria necess\u00e1rio para o enfrentamento do momento, onde se observa uma escalada do n\u00famero de casos","canonical_url":"https:\/\/newsinfoco.com.br\/inicio\/apos-anuncio-de-antecipacao-de-feriados-pelo-prefeito-alagoinhas-tem-dias-de-aglomeracoes-no-centro-da-cidade\/","robots":"max-image-preview:large","keywords":"","webmasterTools":{"miscellaneous":""},"schema":{"@context":"https:\/\/schema.org","@graph":[{"@type":"BlogPosting","@id":"https:\/\/newsinfoco.com.br\/inicio\/apos-anuncio-de-antecipacao-de-feriados-pelo-prefeito-alagoinhas-tem-dias-de-aglomeracoes-no-centro-da-cidade\/#blogposting","name":"Ap\u00f3s an\u00fancio de antecipa\u00e7\u00e3o de feriados pelo prefeito, Alagoinhas tem dias de aglomera\u00e7\u00f5es no centro da cidade - News In Foco - Editado por Caio Pimenta","headline":"Ap\u00f3s an\u00fancio de antecipa\u00e7\u00e3o de feriados pelo prefeito, Alagoinhas tem dias de aglomera\u00e7\u00f5es no centro da cidade","author":{"@id":"https:\/\/newsinfoco.com.br\/inicio\/author\/administrador\/#author"},"publisher":{"@id":"https:\/\/newsinfoco.com.br\/inicio\/#organization"},"image":{"@type":"ImageObject","url":"https:\/\/newsinfoco.com.br\/inicio\/wp-content\/uploads\/2020\/05\/comercio.jpg","width":704,"height":704},"datePublished":"2020-05-30T17:53:06-03:00","dateModified":"2020-05-30T18:22:00-03:00","inLanguage":"pt-BR","mainEntityOfPage":{"@id":"https:\/\/newsinfoco.com.br\/inicio\/apos-anuncio-de-antecipacao-de-feriados-pelo-prefeito-alagoinhas-tem-dias-de-aglomeracoes-no-centro-da-cidade\/#webpage"},"isPartOf":{"@id":"https:\/\/newsinfoco.com.br\/inicio\/apos-anuncio-de-antecipacao-de-feriados-pelo-prefeito-alagoinhas-tem-dias-de-aglomeracoes-no-centro-da-cidade\/#webpage"},"articleSection":"Manchete"},{"@type":"BreadcrumbList","@id":"https:\/\/newsinfoco.com.br\/inicio\/apos-anuncio-de-antecipacao-de-feriados-pelo-prefeito-alagoinhas-tem-dias-de-aglomeracoes-no-centro-da-cidade\/#breadcrumblist","itemListElement":[{"@type":"ListItem","@id":"https:\/\/newsinfoco.com.br\/inicio#listItem","position":1,"name":"In\u00edcio","item":"https:\/\/newsinfoco.com.br\/inicio","nextItem":{"@type":"ListItem","@id":"https:\/\/newsinfoco.com.br\/inicio\/category\/exclusivas\/#listItem","name":"Manchete"}},{"@type":"ListItem","@id":"https:\/\/newsinfoco.com.br\/inicio\/category\/exclusivas\/#listItem","position":2,"name":"Manchete","item":"https:\/\/newsinfoco.com.br\/inicio\/category\/exclusivas\/","nextItem":{"@type":"ListItem","@id":"https:\/\/newsinfoco.com.br\/inicio\/apos-anuncio-de-antecipacao-de-feriados-pelo-prefeito-alagoinhas-tem-dias-de-aglomeracoes-no-centro-da-cidade\/#listItem","name":"Ap\u00f3s an\u00fancio de antecipa\u00e7\u00e3o de feriados pelo prefeito, Alagoinhas tem dias de aglomera\u00e7\u00f5es no centro da cidade"},"previousItem":{"@type":"ListItem","@id":"https:\/\/newsinfoco.com.br\/inicio#listItem","name":"In\u00edcio"}},{"@type":"ListItem","@id":"https:\/\/newsinfoco.com.br\/inicio\/apos-anuncio-de-antecipacao-de-feriados-pelo-prefeito-alagoinhas-tem-dias-de-aglomeracoes-no-centro-da-cidade\/#listItem","position":3,"name":"Ap\u00f3s an\u00fancio de antecipa\u00e7\u00e3o de feriados pelo prefeito, Alagoinhas tem dias de aglomera\u00e7\u00f5es no centro da cidade","previousItem":{"@type":"ListItem","@id":"https:\/\/newsinfoco.com.br\/inicio\/category\/exclusivas\/#listItem","name":"Manchete"}}]},{"@type":"Organization","@id":"https:\/\/newsinfoco.com.br\/inicio\/#organization","name":"News In Foco - Editado por Caio Pimenta","description":"O principal site de noticias de Alagoinhas e regi\u00e3o","url":"https:\/\/newsinfoco.com.br\/inicio\/"},{"@type":"Person","@id":"https:\/\/newsinfoco.com.br\/inicio\/author\/administrador\/#author","url":"https:\/\/newsinfoco.com.br\/inicio\/author\/administrador\/","name":"administrador","image":{"@type":"ImageObject","@id":"https:\/\/newsinfoco.com.br\/inicio\/apos-anuncio-de-antecipacao-de-feriados-pelo-prefeito-alagoinhas-tem-dias-de-aglomeracoes-no-centro-da-cidade\/#authorImage","url":"https:\/\/secure.gravatar.com\/avatar\/c17a617433de8c1dc9584bb79aab7563b46f5bb7e1728c9b17d9cc3ce6a08e49?s=96&d=mm&r=g","width":96,"height":96,"caption":"administrador"}},{"@type":"WebPage","@id":"https:\/\/newsinfoco.com.br\/inicio\/apos-anuncio-de-antecipacao-de-feriados-pelo-prefeito-alagoinhas-tem-dias-de-aglomeracoes-no-centro-da-cidade\/#webpage","url":"https:\/\/newsinfoco.com.br\/inicio\/apos-anuncio-de-antecipacao-de-feriados-pelo-prefeito-alagoinhas-tem-dias-de-aglomeracoes-no-centro-da-cidade\/","name":"Ap\u00f3s an\u00fancio de antecipa\u00e7\u00e3o de feriados pelo prefeito, Alagoinhas tem dias de aglomera\u00e7\u00f5es no centro da cidade - News In Foco - Editado por Caio Pimenta","description":"No dia de ontem(29) o prefeito de Alagoinhas, Joaquim Neto(PSD), anunciou em uma emissora de r\u00e1dio da cidade que anteciparia feriados e promoveria o fechamento do com\u00e9rcio de forma escalonada durante o m\u00eas de junho. Segundo o prefeito, isso seria necess\u00e1rio para o enfrentamento do momento, onde se observa uma escalada do n\u00famero de casos","inLanguage":"pt-BR","isPartOf":{"@id":"https:\/\/newsinfoco.com.br\/inicio\/#website"},"breadcrumb":{"@id":"https:\/\/newsinfoco.com.br\/inicio\/apos-anuncio-de-antecipacao-de-feriados-pelo-prefeito-alagoinhas-tem-dias-de-aglomeracoes-no-centro-da-cidade\/#breadcrumblist"},"author":{"@id":"https:\/\/newsinfoco.com.br\/inicio\/author\/administrador\/#author"},"creator":{"@id":"https:\/\/newsinfoco.com.br\/inicio\/author\/administrador\/#author"},"image":{"@type":"ImageObject","url":"https:\/\/newsinfoco.com.br\/inicio\/wp-content\/uploads\/2020\/05\/comercio.jpg","@id":"https:\/\/newsinfoco.com.br\/inicio\/apos-anuncio-de-antecipacao-de-feriados-pelo-prefeito-alagoinhas-tem-dias-de-aglomeracoes-no-centro-da-cidade\/#mainImage","width":704,"height":704},"primaryImageOfPage":{"@id":"https:\/\/newsinfoco.com.br\/inicio\/apos-anuncio-de-antecipacao-de-feriados-pelo-prefeito-alagoinhas-tem-dias-de-aglomeracoes-no-centro-da-cidade\/#mainImage"},"datePublished":"2020-05-30T17:53:06-03:00","dateModified":"2020-05-30T18:22:00-03:00"},{"@type":"WebSite","@id":"https:\/\/newsinfoco.com.br\/inicio\/#website","url":"https:\/\/newsinfoco.com.br\/inicio\/","name":"News In Foco - Editado por Caio Pimenta","description":"O principal site de noticias de Alagoinhas e regi\u00e3o","inLanguage":"pt-BR","publisher":{"@id":"https:\/\/newsinfoco.com.br\/inicio\/#organization"}}]},"og:locale":"pt_BR","og:site_name":"News In Foco - Editado por Caio Pimenta - O principal site de noticias de Alagoinhas e regi\u00e3o","og:type":"article","og:title":"Ap\u00f3s an\u00fancio de antecipa\u00e7\u00e3o de feriados pelo prefeito, Alagoinhas tem dias de aglomera\u00e7\u00f5es no centro da cidade - News In Foco - Editado por Caio Pimenta","og:description":"No dia de ontem(29) o prefeito de Alagoinhas, Joaquim Neto(PSD), anunciou em uma emissora de r\u00e1dio da cidade que anteciparia feriados e promoveria o fechamento do com\u00e9rcio de forma escalonada durante o m\u00eas de junho. Segundo o prefeito, isso seria necess\u00e1rio para o enfrentamento do momento, onde se observa uma escalada do n\u00famero de casos","og:url":"https:\/\/newsinfoco.com.br\/inicio\/apos-anuncio-de-antecipacao-de-feriados-pelo-prefeito-alagoinhas-tem-dias-de-aglomeracoes-no-centro-da-cidade\/","article:published_time":"2020-05-30T20:53:06+00:00","article:modified_time":"2020-05-30T21:22:00+00:00","twitter:card":"summary_large_image","twitter:title":"Ap\u00f3s an\u00fancio de antecipa\u00e7\u00e3o de feriados pelo prefeito, Alagoinhas tem dias de aglomera\u00e7\u00f5es no centro da cidade - News In Foco - Editado por Caio Pimenta","twitter:description":"No dia de ontem(29) o prefeito de Alagoinhas, Joaquim Neto(PSD), anunciou em uma emissora de r\u00e1dio da cidade que anteciparia feriados e promoveria o fechamento do com\u00e9rcio de forma escalonada durante o m\u00eas de junho. Segundo o prefeito, isso seria necess\u00e1rio para o enfrentamento do momento, onde se observa uma escalada do n\u00famero de casos"},"aioseo_meta_data":{"post_id":"21330","title":null,"description":null,"keywords":null,"keyphrases":null,"primary_term":null,"canonical_url":null,"og_title":null,"og_description":null,"og_object_type":"default","og_image_type":"default","og_image_url":null,"og_image_width":null,"og_image_height":null,"og_image_custom_url":null,"og_image_custom_fields":null,"og_video":null,"og_custom_url":null,"og_article_section":null,"og_article_tags":null,"twitter_use_og":false,"twitter_card":"default","twitter_image_type":"default","twitter_image_url":null,"twitter_image_custom_url":null,"twitter_image_custom_fields":null,"twitter_title":null,"twitter_description":null,"schema":{"blockGraphs":[],"customGraphs":[],"default":{"data":{"Article":[],"Course":[],"Dataset":[],"FAQPage":[],"Movie":[],"Person":[],"Product":[],"ProductReview":[],"Car":[],"Recipe":[],"Service":[],"SoftwareApplication":[],"WebPage":[]},"graphName":"","isEnabled":true},"graphs":[]},"schema_type":"default","schema_type_options":null,"pillar_content":false,"robots_default":true,"robots_noindex":false,"robots_noarchive":false,"robots_nosnippet":false,"robots_nofollow":false,"robots_noimageindex":false,"robots_noodp":false,"robots_notranslate":false,"robots_max_snippet":null,"robots_max_videopreview":null,"robots_max_imagepreview":"large","priority":null,"frequency":null,"local_seo":null,"breadcrumb_settings":null,"limit_modified_date":false,"ai":null,"created":"2023-06-12 16:41:09","updated":"2025-07-11 03:14:58","seo_analyzer_scan_date":null},"aioseo_breadcrumb":"<div class=\"aioseo-breadcrumbs\"><span class=\"aioseo-breadcrumb\">\n\t\t\t<a href=\"https:\/\/newsinfoco.com.br\/inicio\" title=\"In\u00edcio\">In\u00edcio<\/a>\n\t\t<\/span><span class=\"aioseo-breadcrumb-separator\">&raquo;<\/span><span class=\"aioseo-breadcrumb\">\n\t\t\t<a href=\"https:\/\/newsinfoco.com.br\/inicio\/category\/exclusivas\/\" title=\"Manchete\">Manchete<\/a>\n\t\t<\/span><span class=\"aioseo-breadcrumb-separator\">&raquo;<\/span><span class=\"aioseo-breadcrumb\">\n\t\t\tAp\u00f3s an\u00fancio de antecipa\u00e7\u00e3o de feriados pelo prefeito, Alagoinhas tem dias de aglomera\u00e7\u00f5es no centro da cidade\n\t\t<\/span><\/div>","aioseo_breadcrumb_json":[{"label":"In\u00edcio","link":"https:\/\/newsinfoco.com.br\/inicio"},{"label":"Manchete","link":"https:\/\/newsinfoco.com.br\/inicio\/category\/exclusivas\/"},{"label":"Ap\u00f3s an\u00fancio de antecipa\u00e7\u00e3o de feriados pelo prefeito, Alagoinhas tem dias de aglomera\u00e7\u00f5es no centro da cidade","link":"https:\/\/newsinfoco.com.br\/inicio\/apos-anuncio-de-antecipacao-de-feriados-pelo-prefeito-alagoinhas-tem-dias-de-aglomeracoes-no-centro-da-cidade\/"}],"_links":{"self":[{"href":"https:\/\/newsinfoco.com.br\/inicio\/wp-json\/wp\/v2\/posts\/21330","targetHints":{"allow":["GET"]}}],"collection":[{"href":"https:\/\/newsinfoco.com.br\/inicio\/wp-json\/wp\/v2\/posts"}],"about":[{"href":"https:\/\/newsinfoco.com.br\/inicio\/wp-json\/wp\/v2\/types\/post"}],"author":[{"embeddable":true,"href":"https:\/\/newsinfoco.com.br\/inicio\/wp-json\/wp\/v2\/users\/1"}],"replies":[{"embeddable":true,"href":"https:\/\/newsinfoco.com.br\/inicio\/wp-json\/wp\/v2\/comments?post=21330"}],"version-history":[{"count":0,"href":"https:\/\/newsinfoco.com.br\/inicio\/wp-json\/wp\/v2\/posts\/21330\/revisions"}],"wp:featuredmedia":[{"embeddable":true,"href":"https:\/\/newsinfoco.com.br\/inicio\/wp-json\/wp\/v2\/media\/21331"}],"wp:attachment":[{"href":"https:\/\/newsinfoco.com.br\/inicio\/wp-json\/wp\/v2\/media?parent=21330"}],"wp:term":[{"taxonomy":"category","embeddable":true,"href":"https:\/\/newsinfoco.com.br\/inicio\/wp-json\/wp\/v2\/categories?post=21330"},{"taxonomy":"post_tag","embeddable":true,"href":"https:\/\/newsinfoco.com.br\/inicio\/wp-json\/wp\/v2\/tags?post=21330"}],"curies":[{"name":"wp","href":"https:\/\/api.w.org\/{rel}","templated":true}]}}