{"id":21333,"date":"2020-05-30T18:12:46","date_gmt":"2020-05-30T21:12:46","guid":{"rendered":"http:\/\/newsinfoco.com.br\/?p=21333"},"modified":"2020-05-30T18:12:46","modified_gmt":"2020-05-30T21:12:46","slug":"alagoinhas-tem-mais-um-novo-caso-de-coronavirus-registrado-no-municipio-total-de-infectados-chega-a-77","status":"publish","type":"post","link":"https:\/\/newsinfoco.com.br\/inicio\/alagoinhas-tem-mais-um-novo-caso-de-coronavirus-registrado-no-municipio-total-de-infectados-chega-a-77\/","title":{"rendered":"Alagoinhas tem mais um novo caso de coronav\u00edrus registrado no munic\u00edpio; total de infectados chega a 77"},"content":{"rendered":"<p style=\"text-align: justify;\">A Prefeitura, por meio da Secretaria Municipal de Sa\u00fade (SESAU), informa mais uma atualiza\u00e7\u00e3o do quadro epidemiol\u00f3gico da COVID-19 em Alagoinhas. De acordo com dados da Vigil\u00e2ncia Epidemiol\u00f3gica, foi confirmado, neste s\u00e1bado (30), um novo caso positivo por teste RT-PCR. A paciente, do sexo feminino, tem 56 anos e encontra-se internada em hospital privado do munic\u00edpio.<\/p>\n<p style=\"text-align: justify;\">Ainda conforme balan\u00e7o epidemiol\u00f3gico de hoje, do total de casos positivos registrados, 39 j\u00e1 tiveram cura cl\u00ednica constatada. Alagoinhas tamb\u00e9m j\u00e1 contabiliza 180 casos descartados por exames, 402 pessoas exclu\u00eddas do monitoramento e 177 seguem acompanhadas pelas equipes de sa\u00fade.<\/p>\n<p style=\"text-align: justify;\">Sobre o quantitativo de hospitaliza\u00e7\u00f5es, de acordo com a SESAU, h\u00e1 06 pacientes internados: 1 no Instituto Couto Maia (ICOM), 3 no Hospital das Cl\u00ednicas de Alagoinhas (HCA) e 2 no Hospital Regional Dantas Bi\u00e3o (HRDB). At\u00e9 o fechamento do Boletim, todos estes pacientes apresentavam quadro est\u00e1vel.<\/p>\n<p style=\"text-align: justify;\">A Secretaria Municipal de Sa\u00fade informa que as equipes de Vigil\u00e2ncia seguem 100% mobilizadas, com o cumprimento, em integralidade, dos protocolos do Minist\u00e9rio de Sa\u00fade e da Secretaria de Sa\u00fade do Estado da Bahia. A SESAU esclarece ainda que, como os dados s\u00e3o din\u00e2micos, est\u00e3o sujeitos a altera\u00e7\u00f5es \u00e0 medida que investiga\u00e7\u00f5es epidemiol\u00f3gicas avan\u00e7am. Segundo a secretaria, a identifica\u00e7\u00e3o precisa da localidade \u00e9 fundamental para o mapeamento em tempo real desses pacientes e de seus contatos, e faz parte do trabalho respons\u00e1vel das equipes no acompanhamento da situa\u00e7\u00e3o epidemiol\u00f3gica do munic\u00edpio.<\/p>\n<p style=\"text-align: justify;\">Com foco em interromper a cadeia de transmiss\u00e3o da doen\u00e7a, o poder p\u00fablico municipal tem adotado medidas restritivas \u00e0 circula\u00e7\u00e3o de pessoas, e decretou, nesta sexta-feira, a antecipa\u00e7\u00e3o de feriados. A SESAU reitera a import\u00e2ncia do isolamento.<\/p>\n<p style=\"text-align: justify;\"><strong>Fonte:<\/strong>\u00a0Secretaria Municipal de Sa\u00fade \u2013 Vigil\u00e2ncia Epidemiol\u00f3gica<br \/>\n<strong>Atualiza\u00e7\u00e3o:<\/strong>\u00a030-05-2020<\/p>\n<p style=\"text-align: justify;\">Central de Atendimento COVID-19 Alagoinhas<br \/>\n(75) 99824-0789<br \/>\n(75) 99811-4772<br \/>\n(75) 99707-7942<\/p>\n<p style=\"text-align: justify;\">Confira os dados atualizados neste s\u00e1bado (30) pela Secretaria Municipal de Sa\u00fade:<\/p>\n<div id=\"attachment_36956\" class=\"wp-caption aligncenter\" style=\"text-align: justify;\"><img loading=\"lazy\" decoding=\"async\" class=\"wp-image-36956 \" src=\"https:\/\/www.alagoinhas.ba.gov.br\/wp-content\/uploads\/2020\/05\/WhatsApp-Image-2020-05-30-at-15.33.52-819x1024.jpeg\" sizes=\"auto, (max-width: 792px) 100vw, 792px\" srcset=\"https:\/\/www.alagoinhas.ba.gov.br\/wp-content\/uploads\/2020\/05\/WhatsApp-Image-2020-05-30-at-15.33.52-819x1024.jpeg 819w, https:\/\/www.alagoinhas.ba.gov.br\/wp-content\/uploads\/2020\/05\/WhatsApp-Image-2020-05-30-at-15.33.52-240x300.jpeg 240w, https:\/\/www.alagoinhas.ba.gov.br\/wp-content\/uploads\/2020\/05\/WhatsApp-Image-2020-05-30-at-15.33.52-768x960.jpeg 768w, https:\/\/www.alagoinhas.ba.gov.br\/wp-content\/uploads\/2020\/05\/WhatsApp-Image-2020-05-30-at-15.33.52-67x84.jpeg 67w, https:\/\/www.alagoinhas.ba.gov.br\/wp-content\/uploads\/2020\/05\/WhatsApp-Image-2020-05-30-at-15.33.52.jpeg 1024w\" alt=\"\" width=\"792\" height=\"990\" \/><\/p>\n<p class=\"wp-caption-text\">Como os dados s\u00e3o din\u00e2micos, est\u00e3o sujeitos a altera\u00e7\u00f5es \u00e0 medida que as investiga\u00e7\u00f5es epidemiol\u00f3gicas avan\u00e7am. Novas informa\u00e7\u00f5es podem ser divulgadas a qualquer momento. (Fonte: Vigil\u00e2ncia Epidemiol\u00f3gica \u2013 Secretaria Municipal de Sa\u00fade)<\/p>\n<\/div>\n<p style=\"text-align: justify;\">Acompanhe tamb\u00e9m a distribui\u00e7\u00e3o dos casos de coronav\u00edrus em Alagoinhas, por localidade:<\/p>\n<p style=\"text-align: justify;\"><img loading=\"lazy\" decoding=\"async\" class=\"wp-image-36955\" src=\"https:\/\/www.alagoinhas.ba.gov.br\/wp-content\/uploads\/2020\/05\/WhatsApp-Image-2020-05-30-at-15.24.23.jpeg\" sizes=\"auto, (max-width: 790px) 100vw, 790px\" srcset=\"https:\/\/www.alagoinhas.ba.gov.br\/wp-content\/uploads\/2020\/05\/WhatsApp-Image-2020-05-30-at-15.24.23.jpeg 720w, https:\/\/www.alagoinhas.ba.gov.br\/wp-content\/uploads\/2020\/05\/WhatsApp-Image-2020-05-30-at-15.24.23-169x300.jpeg 169w, https:\/\/www.alagoinhas.ba.gov.br\/wp-content\/uploads\/2020\/05\/WhatsApp-Image-2020-05-30-at-15.24.23-576x1024.jpeg 576w, https:\/\/www.alagoinhas.ba.gov.br\/wp-content\/uploads\/2020\/05\/WhatsApp-Image-2020-05-30-at-15.24.23-47x84.jpeg 47w\" alt=\"\" width=\"790\" height=\"1404\" \/><\/p>\n<div class='share-to-whatsapp-wrapper'><div class='share-on-whsp'>Share on: <\/div><a data-text='Alagoinhas tem mais um novo caso de coronav\u00edrus registrado no munic\u00edpio; total de infectados chega a 77' data-link='https:\/\/newsinfoco.com.br\/inicio\/alagoinhas-tem-mais-um-novo-caso-de-coronavirus-registrado-no-municipio-total-de-infectados-chega-a-77\/' class='whatsapp-button whatsapp-share'>WhatsApp<\/a><div class='clear '><\/div><\/div>","protected":false},"excerpt":{"rendered":"<p>A Prefeitura, por meio da Secretaria Municipal de Sa\u00fade (SESAU), informa mais uma atualiza\u00e7\u00e3o do quadro epidemiol\u00f3gico da COVID-19 em Alagoinhas. De acordo com dados da Vigil\u00e2ncia Epidemiol\u00f3gica, foi confirmado, neste s\u00e1bado (30), um novo caso positivo por teste RT-PCR. A paciente, do sexo feminino, tem 56 anos e encontra-se internada em hospital privado do [&hellip;]<\/p>\n","protected":false},"author":1,"featured_media":21336,"comment_status":"open","ping_status":"open","sticky":false,"template":"","format":"standard","meta":{"om_disable_all_campaigns":false,"rop_custom_images_group":[],"rop_custom_messages_group":[],"rop_publish_now":"initial","rop_publish_now_accounts":[],"rop_publish_now_history":[],"rop_publish_now_status":"pending","_exactmetrics_skip_tracking":false,"footnotes":""},"categories":[38],"tags":[],"class_list":["post-21333","post","type-post","status-publish","format-standard","has-post-thumbnail","hentry","category-alagoinhas-e-regiao"],"aioseo_notices":[],"aioseo_head":"\n\t\t<!-- All in One SEO 4.9.10 - aioseo.com -->\n\t<meta name=\"description\" content=\"A Prefeitura, por meio da Secretaria Municipal de Sa\u00fade (SESAU), informa mais uma atualiza\u00e7\u00e3o do quadro epidemiol\u00f3gico da COVID-19 em Alagoinhas. De acordo com dados da Vigil\u00e2ncia Epidemiol\u00f3gica, foi confirmado, neste s\u00e1bado (30), um novo caso positivo por teste RT-PCR. A paciente, do sexo feminino, tem 56 anos e encontra-se internada em hospital privado do\" \/>\n\t<meta name=\"robots\" content=\"max-image-preview:large\" \/>\n\t<meta name=\"author\" content=\"administrador\"\/>\n\t<link rel=\"canonical\" href=\"https:\/\/newsinfoco.com.br\/inicio\/alagoinhas-tem-mais-um-novo-caso-de-coronavirus-registrado-no-municipio-total-de-infectados-chega-a-77\/\" \/>\n\t<meta name=\"generator\" content=\"All in One SEO (AIOSEO) 4.9.10\" \/>\n\t\t<meta property=\"og:locale\" content=\"pt_BR\" \/>\n\t\t<meta property=\"og:site_name\" content=\"News In Foco - Editado por Caio Pimenta - O principal site de noticias de Alagoinhas e regi\u00e3o\" \/>\n\t\t<meta property=\"og:type\" content=\"article\" \/>\n\t\t<meta property=\"og:title\" content=\"Alagoinhas tem mais um novo caso de coronav\u00edrus registrado no munic\u00edpio; total de infectados chega a 77 - News In Foco - Editado por Caio Pimenta\" \/>\n\t\t<meta property=\"og:description\" content=\"A Prefeitura, por meio da Secretaria Municipal de Sa\u00fade (SESAU), informa mais uma atualiza\u00e7\u00e3o do quadro epidemiol\u00f3gico da COVID-19 em Alagoinhas. De acordo com dados da Vigil\u00e2ncia Epidemiol\u00f3gica, foi confirmado, neste s\u00e1bado (30), um novo caso positivo por teste RT-PCR. A paciente, do sexo feminino, tem 56 anos e encontra-se internada em hospital privado do\" \/>\n\t\t<meta property=\"og:url\" content=\"https:\/\/newsinfoco.com.br\/inicio\/alagoinhas-tem-mais-um-novo-caso-de-coronavirus-registrado-no-municipio-total-de-infectados-chega-a-77\/\" \/>\n\t\t<meta property=\"article:published_time\" content=\"2020-05-30T21:12:46+00:00\" \/>\n\t\t<meta property=\"article:modified_time\" content=\"2020-05-30T21:12:46+00:00\" \/>\n\t\t<meta name=\"twitter:card\" content=\"summary_large_image\" \/>\n\t\t<meta name=\"twitter:title\" content=\"Alagoinhas tem mais um novo caso de coronav\u00edrus registrado no munic\u00edpio; total de infectados chega a 77 - News In Foco - Editado por Caio Pimenta\" \/>\n\t\t<meta name=\"twitter:description\" content=\"A Prefeitura, por meio da Secretaria Municipal de Sa\u00fade (SESAU), informa mais uma atualiza\u00e7\u00e3o do quadro epidemiol\u00f3gico da COVID-19 em Alagoinhas. De acordo com dados da Vigil\u00e2ncia Epidemiol\u00f3gica, foi confirmado, neste s\u00e1bado (30), um novo caso positivo por teste RT-PCR. A paciente, do sexo feminino, tem 56 anos e encontra-se internada em hospital privado do\" \/>\n\t\t<script type=\"application\/ld+json\" class=\"aioseo-schema\">\n\t\t\t{\"@context\":\"https:\\\/\\\/schema.org\",\"@graph\":[{\"@type\":\"BlogPosting\",\"@id\":\"https:\\\/\\\/newsinfoco.com.br\\\/inicio\\\/alagoinhas-tem-mais-um-novo-caso-de-coronavirus-registrado-no-municipio-total-de-infectados-chega-a-77\\\/#blogposting\",\"name\":\"Alagoinhas tem mais um novo caso de coronav\\u00edrus registrado no munic\\u00edpio; total de infectados chega a 77 - News In Foco - Editado por Caio Pimenta\",\"headline\":\"Alagoinhas tem mais um novo caso de coronav\\u00edrus registrado no munic\\u00edpio; total de infectados chega a 77\",\"author\":{\"@id\":\"https:\\\/\\\/newsinfoco.com.br\\\/inicio\\\/author\\\/administrador\\\/#author\"},\"publisher\":{\"@id\":\"https:\\\/\\\/newsinfoco.com.br\\\/inicio\\\/#organization\"},\"image\":{\"@type\":\"ImageObject\",\"url\":\"https:\\\/\\\/newsinfoco.com.br\\\/inicio\\\/wp-content\\\/uploads\\\/2020\\\/05\\\/WhatsApp-Image-2020-05-30-at-15.33.52-550x368-1.jpeg\",\"width\":550,\"height\":368},\"datePublished\":\"2020-05-30T18:12:46-03:00\",\"dateModified\":\"2020-05-30T18:12:46-03:00\",\"inLanguage\":\"pt-BR\",\"mainEntityOfPage\":{\"@id\":\"https:\\\/\\\/newsinfoco.com.br\\\/inicio\\\/alagoinhas-tem-mais-um-novo-caso-de-coronavirus-registrado-no-municipio-total-de-infectados-chega-a-77\\\/#webpage\"},\"isPartOf\":{\"@id\":\"https:\\\/\\\/newsinfoco.com.br\\\/inicio\\\/alagoinhas-tem-mais-um-novo-caso-de-coronavirus-registrado-no-municipio-total-de-infectados-chega-a-77\\\/#webpage\"},\"articleSection\":\"Alagoinhas e Regi\\u00e3o\"},{\"@type\":\"BreadcrumbList\",\"@id\":\"https:\\\/\\\/newsinfoco.com.br\\\/inicio\\\/alagoinhas-tem-mais-um-novo-caso-de-coronavirus-registrado-no-municipio-total-de-infectados-chega-a-77\\\/#breadcrumblist\",\"itemListElement\":[{\"@type\":\"ListItem\",\"@id\":\"https:\\\/\\\/newsinfoco.com.br\\\/inicio#listItem\",\"position\":1,\"name\":\"In\\u00edcio\",\"item\":\"https:\\\/\\\/newsinfoco.com.br\\\/inicio\",\"nextItem\":{\"@type\":\"ListItem\",\"@id\":\"https:\\\/\\\/newsinfoco.com.br\\\/inicio\\\/category\\\/alagoinhas-e-regiao\\\/#listItem\",\"name\":\"Alagoinhas e Regi\\u00e3o\"}},{\"@type\":\"ListItem\",\"@id\":\"https:\\\/\\\/newsinfoco.com.br\\\/inicio\\\/category\\\/alagoinhas-e-regiao\\\/#listItem\",\"position\":2,\"name\":\"Alagoinhas e Regi\\u00e3o\",\"item\":\"https:\\\/\\\/newsinfoco.com.br\\\/inicio\\\/category\\\/alagoinhas-e-regiao\\\/\",\"nextItem\":{\"@type\":\"ListItem\",\"@id\":\"https:\\\/\\\/newsinfoco.com.br\\\/inicio\\\/alagoinhas-tem-mais-um-novo-caso-de-coronavirus-registrado-no-municipio-total-de-infectados-chega-a-77\\\/#listItem\",\"name\":\"Alagoinhas tem mais um novo caso de coronav\\u00edrus registrado no munic\\u00edpio; total de infectados chega a 77\"},\"previousItem\":{\"@type\":\"ListItem\",\"@id\":\"https:\\\/\\\/newsinfoco.com.br\\\/inicio#listItem\",\"name\":\"In\\u00edcio\"}},{\"@type\":\"ListItem\",\"@id\":\"https:\\\/\\\/newsinfoco.com.br\\\/inicio\\\/alagoinhas-tem-mais-um-novo-caso-de-coronavirus-registrado-no-municipio-total-de-infectados-chega-a-77\\\/#listItem\",\"position\":3,\"name\":\"Alagoinhas tem mais um novo caso de coronav\\u00edrus registrado no munic\\u00edpio; total de infectados chega a 77\",\"previousItem\":{\"@type\":\"ListItem\",\"@id\":\"https:\\\/\\\/newsinfoco.com.br\\\/inicio\\\/category\\\/alagoinhas-e-regiao\\\/#listItem\",\"name\":\"Alagoinhas e Regi\\u00e3o\"}}]},{\"@type\":\"Organization\",\"@id\":\"https:\\\/\\\/newsinfoco.com.br\\\/inicio\\\/#organization\",\"name\":\"News In Foco - Editado por Caio Pimenta\",\"description\":\"O principal site de noticias de Alagoinhas e regi\\u00e3o\",\"url\":\"https:\\\/\\\/newsinfoco.com.br\\\/inicio\\\/\"},{\"@type\":\"Person\",\"@id\":\"https:\\\/\\\/newsinfoco.com.br\\\/inicio\\\/author\\\/administrador\\\/#author\",\"url\":\"https:\\\/\\\/newsinfoco.com.br\\\/inicio\\\/author\\\/administrador\\\/\",\"name\":\"administrador\",\"image\":{\"@type\":\"ImageObject\",\"@id\":\"https:\\\/\\\/newsinfoco.com.br\\\/inicio\\\/alagoinhas-tem-mais-um-novo-caso-de-coronavirus-registrado-no-municipio-total-de-infectados-chega-a-77\\\/#authorImage\",\"url\":\"https:\\\/\\\/secure.gravatar.com\\\/avatar\\\/c17a617433de8c1dc9584bb79aab7563b46f5bb7e1728c9b17d9cc3ce6a08e49?s=96&d=mm&r=g\",\"width\":96,\"height\":96,\"caption\":\"administrador\"}},{\"@type\":\"WebPage\",\"@id\":\"https:\\\/\\\/newsinfoco.com.br\\\/inicio\\\/alagoinhas-tem-mais-um-novo-caso-de-coronavirus-registrado-no-municipio-total-de-infectados-chega-a-77\\\/#webpage\",\"url\":\"https:\\\/\\\/newsinfoco.com.br\\\/inicio\\\/alagoinhas-tem-mais-um-novo-caso-de-coronavirus-registrado-no-municipio-total-de-infectados-chega-a-77\\\/\",\"name\":\"Alagoinhas tem mais um novo caso de coronav\\u00edrus registrado no munic\\u00edpio; total de infectados chega a 77 - News In Foco - Editado por Caio Pimenta\",\"description\":\"A Prefeitura, por meio da Secretaria Municipal de Sa\\u00fade (SESAU), informa mais uma atualiza\\u00e7\\u00e3o do quadro epidemiol\\u00f3gico da COVID-19 em Alagoinhas. De acordo com dados da Vigil\\u00e2ncia Epidemiol\\u00f3gica, foi confirmado, neste s\\u00e1bado (30), um novo caso positivo por teste RT-PCR. A paciente, do sexo feminino, tem 56 anos e encontra-se internada em hospital privado do\",\"inLanguage\":\"pt-BR\",\"isPartOf\":{\"@id\":\"https:\\\/\\\/newsinfoco.com.br\\\/inicio\\\/#website\"},\"breadcrumb\":{\"@id\":\"https:\\\/\\\/newsinfoco.com.br\\\/inicio\\\/alagoinhas-tem-mais-um-novo-caso-de-coronavirus-registrado-no-municipio-total-de-infectados-chega-a-77\\\/#breadcrumblist\"},\"author\":{\"@id\":\"https:\\\/\\\/newsinfoco.com.br\\\/inicio\\\/author\\\/administrador\\\/#author\"},\"creator\":{\"@id\":\"https:\\\/\\\/newsinfoco.com.br\\\/inicio\\\/author\\\/administrador\\\/#author\"},\"image\":{\"@type\":\"ImageObject\",\"url\":\"https:\\\/\\\/newsinfoco.com.br\\\/inicio\\\/wp-content\\\/uploads\\\/2020\\\/05\\\/WhatsApp-Image-2020-05-30-at-15.33.52-550x368-1.jpeg\",\"@id\":\"https:\\\/\\\/newsinfoco.com.br\\\/inicio\\\/alagoinhas-tem-mais-um-novo-caso-de-coronavirus-registrado-no-municipio-total-de-infectados-chega-a-77\\\/#mainImage\",\"width\":550,\"height\":368},\"primaryImageOfPage\":{\"@id\":\"https:\\\/\\\/newsinfoco.com.br\\\/inicio\\\/alagoinhas-tem-mais-um-novo-caso-de-coronavirus-registrado-no-municipio-total-de-infectados-chega-a-77\\\/#mainImage\"},\"datePublished\":\"2020-05-30T18:12:46-03:00\",\"dateModified\":\"2020-05-30T18:12:46-03:00\"},{\"@type\":\"WebSite\",\"@id\":\"https:\\\/\\\/newsinfoco.com.br\\\/inicio\\\/#website\",\"url\":\"https:\\\/\\\/newsinfoco.com.br\\\/inicio\\\/\",\"name\":\"News In Foco - Editado por Caio Pimenta\",\"description\":\"O principal site de noticias de Alagoinhas e regi\\u00e3o\",\"inLanguage\":\"pt-BR\",\"publisher\":{\"@id\":\"https:\\\/\\\/newsinfoco.com.br\\\/inicio\\\/#organization\"}}]}\n\t\t<\/script>\n\t\t<!-- All in One SEO -->\n\n","aioseo_head_json":{"title":"Alagoinhas tem mais um novo caso de coronav\u00edrus registrado no munic\u00edpio; total de infectados chega a 77 - News In Foco - Editado por Caio Pimenta","description":"A Prefeitura, por meio da Secretaria Municipal de Sa\u00fade (SESAU), informa mais uma atualiza\u00e7\u00e3o do quadro epidemiol\u00f3gico da COVID-19 em Alagoinhas. De acordo com dados da Vigil\u00e2ncia Epidemiol\u00f3gica, foi confirmado, neste s\u00e1bado (30), um novo caso positivo por teste RT-PCR. A paciente, do sexo feminino, tem 56 anos e encontra-se internada em hospital privado do","canonical_url":"https:\/\/newsinfoco.com.br\/inicio\/alagoinhas-tem-mais-um-novo-caso-de-coronavirus-registrado-no-municipio-total-de-infectados-chega-a-77\/","robots":"max-image-preview:large","keywords":"","webmasterTools":{"miscellaneous":""},"schema":{"@context":"https:\/\/schema.org","@graph":[{"@type":"BlogPosting","@id":"https:\/\/newsinfoco.com.br\/inicio\/alagoinhas-tem-mais-um-novo-caso-de-coronavirus-registrado-no-municipio-total-de-infectados-chega-a-77\/#blogposting","name":"Alagoinhas tem mais um novo caso de coronav\u00edrus registrado no munic\u00edpio; total de infectados chega a 77 - News In Foco - Editado por Caio Pimenta","headline":"Alagoinhas tem mais um novo caso de coronav\u00edrus registrado no munic\u00edpio; total de infectados chega a 77","author":{"@id":"https:\/\/newsinfoco.com.br\/inicio\/author\/administrador\/#author"},"publisher":{"@id":"https:\/\/newsinfoco.com.br\/inicio\/#organization"},"image":{"@type":"ImageObject","url":"https:\/\/newsinfoco.com.br\/inicio\/wp-content\/uploads\/2020\/05\/WhatsApp-Image-2020-05-30-at-15.33.52-550x368-1.jpeg","width":550,"height":368},"datePublished":"2020-05-30T18:12:46-03:00","dateModified":"2020-05-30T18:12:46-03:00","inLanguage":"pt-BR","mainEntityOfPage":{"@id":"https:\/\/newsinfoco.com.br\/inicio\/alagoinhas-tem-mais-um-novo-caso-de-coronavirus-registrado-no-municipio-total-de-infectados-chega-a-77\/#webpage"},"isPartOf":{"@id":"https:\/\/newsinfoco.com.br\/inicio\/alagoinhas-tem-mais-um-novo-caso-de-coronavirus-registrado-no-municipio-total-de-infectados-chega-a-77\/#webpage"},"articleSection":"Alagoinhas e Regi\u00e3o"},{"@type":"BreadcrumbList","@id":"https:\/\/newsinfoco.com.br\/inicio\/alagoinhas-tem-mais-um-novo-caso-de-coronavirus-registrado-no-municipio-total-de-infectados-chega-a-77\/#breadcrumblist","itemListElement":[{"@type":"ListItem","@id":"https:\/\/newsinfoco.com.br\/inicio#listItem","position":1,"name":"In\u00edcio","item":"https:\/\/newsinfoco.com.br\/inicio","nextItem":{"@type":"ListItem","@id":"https:\/\/newsinfoco.com.br\/inicio\/category\/alagoinhas-e-regiao\/#listItem","name":"Alagoinhas e Regi\u00e3o"}},{"@type":"ListItem","@id":"https:\/\/newsinfoco.com.br\/inicio\/category\/alagoinhas-e-regiao\/#listItem","position":2,"name":"Alagoinhas e Regi\u00e3o","item":"https:\/\/newsinfoco.com.br\/inicio\/category\/alagoinhas-e-regiao\/","nextItem":{"@type":"ListItem","@id":"https:\/\/newsinfoco.com.br\/inicio\/alagoinhas-tem-mais-um-novo-caso-de-coronavirus-registrado-no-municipio-total-de-infectados-chega-a-77\/#listItem","name":"Alagoinhas tem mais um novo caso de coronav\u00edrus registrado no munic\u00edpio; total de infectados chega a 77"},"previousItem":{"@type":"ListItem","@id":"https:\/\/newsinfoco.com.br\/inicio#listItem","name":"In\u00edcio"}},{"@type":"ListItem","@id":"https:\/\/newsinfoco.com.br\/inicio\/alagoinhas-tem-mais-um-novo-caso-de-coronavirus-registrado-no-municipio-total-de-infectados-chega-a-77\/#listItem","position":3,"name":"Alagoinhas tem mais um novo caso de coronav\u00edrus registrado no munic\u00edpio; total de infectados chega a 77","previousItem":{"@type":"ListItem","@id":"https:\/\/newsinfoco.com.br\/inicio\/category\/alagoinhas-e-regiao\/#listItem","name":"Alagoinhas e Regi\u00e3o"}}]},{"@type":"Organization","@id":"https:\/\/newsinfoco.com.br\/inicio\/#organization","name":"News In Foco - Editado por Caio Pimenta","description":"O principal site de noticias de Alagoinhas e regi\u00e3o","url":"https:\/\/newsinfoco.com.br\/inicio\/"},{"@type":"Person","@id":"https:\/\/newsinfoco.com.br\/inicio\/author\/administrador\/#author","url":"https:\/\/newsinfoco.com.br\/inicio\/author\/administrador\/","name":"administrador","image":{"@type":"ImageObject","@id":"https:\/\/newsinfoco.com.br\/inicio\/alagoinhas-tem-mais-um-novo-caso-de-coronavirus-registrado-no-municipio-total-de-infectados-chega-a-77\/#authorImage","url":"https:\/\/secure.gravatar.com\/avatar\/c17a617433de8c1dc9584bb79aab7563b46f5bb7e1728c9b17d9cc3ce6a08e49?s=96&d=mm&r=g","width":96,"height":96,"caption":"administrador"}},{"@type":"WebPage","@id":"https:\/\/newsinfoco.com.br\/inicio\/alagoinhas-tem-mais-um-novo-caso-de-coronavirus-registrado-no-municipio-total-de-infectados-chega-a-77\/#webpage","url":"https:\/\/newsinfoco.com.br\/inicio\/alagoinhas-tem-mais-um-novo-caso-de-coronavirus-registrado-no-municipio-total-de-infectados-chega-a-77\/","name":"Alagoinhas tem mais um novo caso de coronav\u00edrus registrado no munic\u00edpio; total de infectados chega a 77 - News In Foco - Editado por Caio Pimenta","description":"A Prefeitura, por meio da Secretaria Municipal de Sa\u00fade (SESAU), informa mais uma atualiza\u00e7\u00e3o do quadro epidemiol\u00f3gico da COVID-19 em Alagoinhas. De acordo com dados da Vigil\u00e2ncia Epidemiol\u00f3gica, foi confirmado, neste s\u00e1bado (30), um novo caso positivo por teste RT-PCR. A paciente, do sexo feminino, tem 56 anos e encontra-se internada em hospital privado do","inLanguage":"pt-BR","isPartOf":{"@id":"https:\/\/newsinfoco.com.br\/inicio\/#website"},"breadcrumb":{"@id":"https:\/\/newsinfoco.com.br\/inicio\/alagoinhas-tem-mais-um-novo-caso-de-coronavirus-registrado-no-municipio-total-de-infectados-chega-a-77\/#breadcrumblist"},"author":{"@id":"https:\/\/newsinfoco.com.br\/inicio\/author\/administrador\/#author"},"creator":{"@id":"https:\/\/newsinfoco.com.br\/inicio\/author\/administrador\/#author"},"image":{"@type":"ImageObject","url":"https:\/\/newsinfoco.com.br\/inicio\/wp-content\/uploads\/2020\/05\/WhatsApp-Image-2020-05-30-at-15.33.52-550x368-1.jpeg","@id":"https:\/\/newsinfoco.com.br\/inicio\/alagoinhas-tem-mais-um-novo-caso-de-coronavirus-registrado-no-municipio-total-de-infectados-chega-a-77\/#mainImage","width":550,"height":368},"primaryImageOfPage":{"@id":"https:\/\/newsinfoco.com.br\/inicio\/alagoinhas-tem-mais-um-novo-caso-de-coronavirus-registrado-no-municipio-total-de-infectados-chega-a-77\/#mainImage"},"datePublished":"2020-05-30T18:12:46-03:00","dateModified":"2020-05-30T18:12:46-03:00"},{"@type":"WebSite","@id":"https:\/\/newsinfoco.com.br\/inicio\/#website","url":"https:\/\/newsinfoco.com.br\/inicio\/","name":"News In Foco - Editado por Caio Pimenta","description":"O principal site de noticias de Alagoinhas e regi\u00e3o","inLanguage":"pt-BR","publisher":{"@id":"https:\/\/newsinfoco.com.br\/inicio\/#organization"}}]},"og:locale":"pt_BR","og:site_name":"News In Foco - Editado por Caio Pimenta - O principal site de noticias de Alagoinhas e regi\u00e3o","og:type":"article","og:title":"Alagoinhas tem mais um novo caso de coronav\u00edrus registrado no munic\u00edpio; total de infectados chega a 77 - News In Foco - Editado por Caio Pimenta","og:description":"A Prefeitura, por meio da Secretaria Municipal de Sa\u00fade (SESAU), informa mais uma atualiza\u00e7\u00e3o do quadro epidemiol\u00f3gico da COVID-19 em Alagoinhas. De acordo com dados da Vigil\u00e2ncia Epidemiol\u00f3gica, foi confirmado, neste s\u00e1bado (30), um novo caso positivo por teste RT-PCR. A paciente, do sexo feminino, tem 56 anos e encontra-se internada em hospital privado do","og:url":"https:\/\/newsinfoco.com.br\/inicio\/alagoinhas-tem-mais-um-novo-caso-de-coronavirus-registrado-no-municipio-total-de-infectados-chega-a-77\/","article:published_time":"2020-05-30T21:12:46+00:00","article:modified_time":"2020-05-30T21:12:46+00:00","twitter:card":"summary_large_image","twitter:title":"Alagoinhas tem mais um novo caso de coronav\u00edrus registrado no munic\u00edpio; total de infectados chega a 77 - News In Foco - Editado por Caio Pimenta","twitter:description":"A Prefeitura, por meio da Secretaria Municipal de Sa\u00fade (SESAU), informa mais uma atualiza\u00e7\u00e3o do quadro epidemiol\u00f3gico da COVID-19 em Alagoinhas. De acordo com dados da Vigil\u00e2ncia Epidemiol\u00f3gica, foi confirmado, neste s\u00e1bado (30), um novo caso positivo por teste RT-PCR. A paciente, do sexo feminino, tem 56 anos e encontra-se internada em hospital privado do"},"aioseo_meta_data":{"post_id":"21333","title":null,"description":null,"keywords":null,"keyphrases":null,"primary_term":null,"canonical_url":null,"og_title":null,"og_description":null,"og_object_type":"default","og_image_type":"default","og_image_url":null,"og_image_width":null,"og_image_height":null,"og_image_custom_url":null,"og_image_custom_fields":null,"og_video":null,"og_custom_url":null,"og_article_section":null,"og_article_tags":null,"twitter_use_og":false,"twitter_card":"default","twitter_image_type":"default","twitter_image_url":null,"twitter_image_custom_url":null,"twitter_image_custom_fields":null,"twitter_title":null,"twitter_description":null,"schema":{"blockGraphs":[],"customGraphs":[],"default":{"data":{"Article":[],"Course":[],"Dataset":[],"FAQPage":[],"Movie":[],"Person":[],"Product":[],"ProductReview":[],"Car":[],"Recipe":[],"Service":[],"SoftwareApplication":[],"WebPage":[]},"graphName":"","isEnabled":true},"graphs":[]},"schema_type":"default","schema_type_options":null,"pillar_content":false,"robots_default":true,"robots_noindex":false,"robots_noarchive":false,"robots_nosnippet":false,"robots_nofollow":false,"robots_noimageindex":false,"robots_noodp":false,"robots_notranslate":false,"robots_max_snippet":null,"robots_max_videopreview":null,"robots_max_imagepreview":"large","priority":null,"frequency":null,"local_seo":null,"breadcrumb_settings":null,"limit_modified_date":false,"ai":null,"created":"2023-06-12 16:41:09","updated":"2025-07-11 03:14:58","seo_analyzer_scan_date":null},"aioseo_breadcrumb":"<div class=\"aioseo-breadcrumbs\"><span class=\"aioseo-breadcrumb\">\n\t\t\t<a href=\"https:\/\/newsinfoco.com.br\/inicio\" title=\"In\u00edcio\">In\u00edcio<\/a>\n\t\t<\/span><span class=\"aioseo-breadcrumb-separator\">&raquo;<\/span><span class=\"aioseo-breadcrumb\">\n\t\t\t<a href=\"https:\/\/newsinfoco.com.br\/inicio\/category\/alagoinhas-e-regiao\/\" title=\"Alagoinhas e Regi\u00e3o\">Alagoinhas e Regi\u00e3o<\/a>\n\t\t<\/span><span class=\"aioseo-breadcrumb-separator\">&raquo;<\/span><span class=\"aioseo-breadcrumb\">\n\t\t\tAlagoinhas tem mais um novo caso de coronav\u00edrus registrado no munic\u00edpio; total de infectados chega a 77\n\t\t<\/span><\/div>","aioseo_breadcrumb_json":[{"label":"In\u00edcio","link":"https:\/\/newsinfoco.com.br\/inicio"},{"label":"Alagoinhas e Regi\u00e3o","link":"https:\/\/newsinfoco.com.br\/inicio\/category\/alagoinhas-e-regiao\/"},{"label":"Alagoinhas tem mais um novo caso de coronav\u00edrus registrado no munic\u00edpio; total de infectados chega a 77","link":"https:\/\/newsinfoco.com.br\/inicio\/alagoinhas-tem-mais-um-novo-caso-de-coronavirus-registrado-no-municipio-total-de-infectados-chega-a-77\/"}],"_links":{"self":[{"href":"https:\/\/newsinfoco.com.br\/inicio\/wp-json\/wp\/v2\/posts\/21333","targetHints":{"allow":["GET"]}}],"collection":[{"href":"https:\/\/newsinfoco.com.br\/inicio\/wp-json\/wp\/v2\/posts"}],"about":[{"href":"https:\/\/newsinfoco.com.br\/inicio\/wp-json\/wp\/v2\/types\/post"}],"author":[{"embeddable":true,"href":"https:\/\/newsinfoco.com.br\/inicio\/wp-json\/wp\/v2\/users\/1"}],"replies":[{"embeddable":true,"href":"https:\/\/newsinfoco.com.br\/inicio\/wp-json\/wp\/v2\/comments?post=21333"}],"version-history":[{"count":0,"href":"https:\/\/newsinfoco.com.br\/inicio\/wp-json\/wp\/v2\/posts\/21333\/revisions"}],"wp:featuredmedia":[{"embeddable":true,"href":"https:\/\/newsinfoco.com.br\/inicio\/wp-json\/wp\/v2\/media\/21336"}],"wp:attachment":[{"href":"https:\/\/newsinfoco.com.br\/inicio\/wp-json\/wp\/v2\/media?parent=21333"}],"wp:term":[{"taxonomy":"category","embeddable":true,"href":"https:\/\/newsinfoco.com.br\/inicio\/wp-json\/wp\/v2\/categories?post=21333"},{"taxonomy":"post_tag","embeddable":true,"href":"https:\/\/newsinfoco.com.br\/inicio\/wp-json\/wp\/v2\/tags?post=21333"}],"curies":[{"name":"wp","href":"https:\/\/api.w.org\/{rel}","templated":true}]}}