{"id":215,"date":"2018-02-24T10:26:21","date_gmt":"2018-02-24T13:26:21","guid":{"rendered":"http:\/\/newsinfoco.com.br\/?p=215"},"modified":"2018-02-24T10:26:21","modified_gmt":"2018-02-24T13:26:21","slug":"caravana-do-esporte-e-caravana-das-artes-realizam-a-primeira-etapa-do-ano-em-catu","status":"publish","type":"post","link":"https:\/\/newsinfoco.com.br\/inicio\/caravana-do-esporte-e-caravana-das-artes-realizam-a-primeira-etapa-do-ano-em-catu\/","title":{"rendered":"CARAVANA DO ESPORTE E CARAVANA DAS ARTES REALIZAM A PRIMEIRA ETAPA DO ANO EM CATU"},"content":{"rendered":"<p style=\"text-align: justify;\"><span style=\"color: #000000;\">A Caravana do Esporte e a Caravana das Artes chegam a Catu, na regi\u00e3o metropolitana de Salvador, para a primeira etapa dos projetos em 2018. Entre os dias 26 de fevereiro e 01 de mar\u00e7o, 3.600 estudantes da rede municipal de ensino v\u00e3o participar das atividades de esporte e arte educacionais realizadas pelos projetos, sem custos para o munic\u00edpio.<\/span><\/p>\n<p style=\"text-align: justify;\"><span style=\"color: #000000;\">O Est\u00e1dio Municipal Ant\u00f4nio Pena foi escolhido para receber a Arena Caravana, onde as crian\u00e7as v\u00e3o participar em rod\u00edzio das esta\u00e7\u00f5es de t\u00eanis, basquete, v\u00f4lei, slackline, jogos esportivos, lutas e futebol e das tendas de artes com m\u00fasica, dan\u00e7a e o Cinema Disney Caravana.<\/span><\/p><div class=\"newsi-conteudo_19\" id=\"newsi-1058464437\"><a href=\"https:\/\/www.instagram.com\/prefeituraalagoinhas?igsh=YzgzdDJ1bWR3aWI4\" aria-label=\"SAVE_20251006_221555\"><img loading=\"lazy\" decoding=\"async\" src=\"https:\/\/newsinfoco.com.br\/inicio\/wp-content\/uploads\/2025\/10\/SAVE_20251006_221555-rotated.jpg\" alt=\"\"  srcset=\"https:\/\/newsinfoco.com.br\/inicio\/wp-content\/uploads\/2025\/10\/SAVE_20251006_221555-rotated.jpg 1140w, https:\/\/newsinfoco.com.br\/inicio\/wp-content\/uploads\/2025\/10\/SAVE_20251006_221555-300x52.jpg 300w, https:\/\/newsinfoco.com.br\/inicio\/wp-content\/uploads\/2025\/10\/SAVE_20251006_221555-1024x177.jpg 1024w, https:\/\/newsinfoco.com.br\/inicio\/wp-content\/uploads\/2025\/10\/SAVE_20251006_221555-768x133.jpg 768w, https:\/\/newsinfoco.com.br\/inicio\/wp-content\/uploads\/2025\/10\/SAVE_20251006_221555-600x104.jpg 600w, https:\/\/newsinfoco.com.br\/inicio\/wp-content\/uploads\/2025\/10\/SAVE_20251006_221555-696x120.jpg 696w, https:\/\/newsinfoco.com.br\/inicio\/wp-content\/uploads\/2025\/10\/SAVE_20251006_221555-1068x185.jpg 1068w\" sizes=\"(max-width: 1140px) 100vw, 1140px\" width=\"1140\" height=\"197\"   \/><\/a><\/div>\n<p style=\"text-align: justify;\"><span style=\"color: #000000;\">Durante tr\u00eas dias, a Caravana do Esporte e a Caravana das Artes realizar\u00e3o cursos de forma\u00e7\u00e3o para 200 professores, mestres de saberes, monitores e gestores com as metodologias \u201cEsporte Educacional\u201d e \u201cViva com Arte\u201d desenvolvidas pelo Instituto Esporte &amp; Educa\u00e7\u00e3o e pelo Instituto Mpumalanga. Est\u00e3o previstas experi\u00eancias com pr\u00e1ticas pedag\u00f3gicas e materiais esportivos e de artes diferenciados e atendimento de alunos da rede municipal de ensino na Arena especialmente montada pelos projetos. \u00a0<\/span><\/p>\n<p style=\"text-align: justify;\"><span style=\"color: #000000;\">A Caravana do Esporte e a Caravana das Artes s\u00e3o projetos de educa\u00e7\u00e3o que viajam o Brasil \u00a0levando as metodologias \u201cEsporte Educacional\u201d e \u201cViva com Arte\u201d para capacita\u00e7\u00e3o de educadores e gestores p\u00fablicos\u00a0 das \u00e1reas da Educa\u00e7\u00e3o, Cultura e Esportes. Uma hist\u00f3ria que come\u00e7ou em 2005, com a parceria entre os Canais ESPN, o UNICEF \u00a0e \u00a0o Instituto Esporte &amp; Educa\u00e7\u00e3o, da medalhista ol\u00edmpica Ana Moser, e que ganhou a for\u00e7a das artes em 2007 com parceria do\u00a0 Instituto Mpumalanga, dirigido pela jornalista Adriana Saldanha, tamb\u00e9m\u00a0 diretora geral das Caravanas. \u00a0<\/span><\/p>\n<p style=\"text-align: justify;\"><span style=\"color: #000000;\">De l\u00e1 para c\u00e1, foram mais de 150 munic\u00edpios visitados pelas Caravanas, tendo ainda a participa\u00e7\u00e3o volunt\u00e1ria de artistas e atletas convidados, que hoje formam uma rede de mais de 200 \u00eddolos do esporte e das artes que acompanham os projetos.<\/span><\/p>\n<p style=\"text-align: justify;\"><span style=\"color: #000000;\">Alexandre Arena, coordenador pedag\u00f3gico do Instituto Esporte &amp; Educa\u00e7\u00e3o, \u00a0explica que \u201cos projetos buscam, com metodologia, materiais diferenciados e forma\u00e7\u00e3o de professores, garantir o direito de toda crian\u00e7a e adolescente de praticar esportes, brincar e viver com arte\u201d. \u00a0<\/span><\/p>\n<p style=\"text-align: justify;\"><span style=\"color: #000000;\">As atividades de esporte e arte educacionais s\u00e3o voltadas gratuitamente para alunos e professores e gestores da rede p\u00fablica de ensino e para profissionais das \u00e1reas de Esportes e Cultura\u00a0 de Catu. Para a comunidade e p\u00fablico em geral, as Caravanas ter\u00e3o gratuitamente o Cinema Disney, nas noites de ter\u00e7a (27), quarta (28)\u00a0 e quinta (01 de mar\u00e7o), das 19h \u00e0s 21h.<\/span><\/p>\n<p style=\"text-align: justify;\"><span style=\"color: #000000;\"><b>Sobre as Caravanas:<\/b><\/span><\/p>\n<p style=\"text-align: justify;\"><span style=\"color: #000000;\">A Caravana do Esporte e a Caravana das Artes s\u00e3o projetos de responsabilidade social do canal de esportes ESPN, da DISNEY e do UNICEF, em parceria com o Instituto Mpumalanga e com o Instituto Esporte &amp; Educa\u00e7\u00e3o, com 13 anos de atua\u00e7\u00e3o.<\/span><\/p>\n<p style=\"text-align: justify;\"><span style=\"color: #000000;\">A Caravana do Esporte tem apoio do Minist\u00e9rio do Esporte e da Lei de Incentivo ao Esporte, com patroc\u00ednios Ita\u00fa, Rede, EDP e grupo Kroton\/Pitagoras.\u00a0A Caravana das Artes \u00e9 uma realiza\u00e7\u00e3o do Minist\u00e9rio da Cultura com o Instituto Mpumalanga, por meio da Lei Rouanet, e tem patroc\u00ednios: Rede, Otis, Quantic, Elsys.<\/span><\/p>\n<p style=\"text-align: justify;\"><span style=\"color: #000000;\"><b>Programa\u00e7\u00e3o:<\/b><\/span><\/p>\n<p style=\"text-align: justify;\"><span style=\"color: #000000;\"><b>Abertura oficial<\/b>: 26\/02\/2018 &#8211; \u00a0Hor\u00e1rio: 18h \u2013 local- Arena Caravana, Est\u00e1dio Municipal Ant\u00f4nio Pena, Pen\u00e3o.\u00a0\u00a0<\/span><\/p>\n<p style=\"text-align: justify;\"><span style=\"color: #000000;\"><b>Forma\u00e7\u00e3o de Professores<\/b>\u00a0:dias 27 e 28 fevereiro e 01 de mar\u00e7o\/2018:<\/span><br \/>\n<span style=\"color: #000000;\">\u2013 Esporte Educacional \u00a0\u2013 \u00a0turma 1- das 08h \u00e0s 11h30 e turma 2-das 14h \u00e0s 17h30.<\/span><br \/>\n<span style=\"color: #000000;\">&#8212; Viva com Arte \u2013 turma 1 \u2013 das 08h \u00e0s 11h30\u00a0 e turma 2 das 14h \u00e0s 17h30.<\/span><\/p>\n<p style=\"text-align: justify;\"><span style=\"color: #000000;\"><b>Diploma\u00e7\u00e3o e encerramento<\/b>\u00a0\u2013 01 de mar\u00e7o\/2018\u2013 17h30 \u2013 Local: Tenda Show da Caravana\/Arena Campo do Pen\u00e3o.<\/span><\/p>\n<p style=\"text-align: justify;\"><span style=\"color: #000000;\"><b>Divulga\u00e7\u00e3o:<\/b><\/span><\/p>\n<p style=\"text-align: justify;\"><span style=\"color: #000000;\"><b>Angela Santos \u2013 Jornalista e produtora<br \/>\n<\/b><b><a style=\"color: #000000;\" href=\"mailto:angelasantos@mpumalanga.com.br\">angelasantos@mpumalanga.com.br<\/a><br \/>\n<\/b><b><a style=\"color: #000000;\" href=\"mailto:asantos_tv@hotmail.com\">asantos_tv@hotmail.com<\/a><\/b><\/span><\/p>\n<h6 style=\"text-align: right;\"><span style=\"color: #999999;\">Fonte:Ascom-PMC<\/span><\/h6>\n<div class='share-to-whatsapp-wrapper'><div class='share-on-whsp'>Share on: <\/div><a data-text='CARAVANA DO ESPORTE E CARAVANA DAS ARTES REALIZAM A PRIMEIRA ETAPA DO ANO EM CATU' data-link='https:\/\/newsinfoco.com.br\/inicio\/caravana-do-esporte-e-caravana-das-artes-realizam-a-primeira-etapa-do-ano-em-catu\/' class='whatsapp-button whatsapp-share'>WhatsApp<\/a><div class='clear '><\/div><\/div>","protected":false},"excerpt":{"rendered":"<p>A Caravana do Esporte e a Caravana das Artes chegam a Catu, na regi\u00e3o metropolitana de Salvador, para a primeira etapa dos projetos em 2018. Entre os dias 26 de fevereiro e 01 de mar\u00e7o, 3.600 estudantes da rede municipal de ensino v\u00e3o participar das atividades de esporte e arte educacionais realizadas pelos projetos, sem [&hellip;]<\/p>\n","protected":false},"author":1,"featured_media":216,"comment_status":"open","ping_status":"open","sticky":false,"template":"","format":"standard","meta":{"om_disable_all_campaigns":false,"_exactmetrics_skip_tracking":false,"_exactmetrics_sitenote_active":false,"_exactmetrics_sitenote_note":"","_exactmetrics_sitenote_category":0,"footnotes":""},"categories":[38],"tags":[],"class_list":["post-215","post","type-post","status-publish","format-standard","has-post-thumbnail","hentry","category-alagoinhas-e-regiao"],"aioseo_notices":[],"_links":{"self":[{"href":"https:\/\/newsinfoco.com.br\/inicio\/wp-json\/wp\/v2\/posts\/215","targetHints":{"allow":["GET"]}}],"collection":[{"href":"https:\/\/newsinfoco.com.br\/inicio\/wp-json\/wp\/v2\/posts"}],"about":[{"href":"https:\/\/newsinfoco.com.br\/inicio\/wp-json\/wp\/v2\/types\/post"}],"author":[{"embeddable":true,"href":"https:\/\/newsinfoco.com.br\/inicio\/wp-json\/wp\/v2\/users\/1"}],"replies":[{"embeddable":true,"href":"https:\/\/newsinfoco.com.br\/inicio\/wp-json\/wp\/v2\/comments?post=215"}],"version-history":[{"count":0,"href":"https:\/\/newsinfoco.com.br\/inicio\/wp-json\/wp\/v2\/posts\/215\/revisions"}],"wp:featuredmedia":[{"embeddable":true,"href":"https:\/\/newsinfoco.com.br\/inicio\/wp-json\/wp\/v2\/media\/216"}],"wp:attachment":[{"href":"https:\/\/newsinfoco.com.br\/inicio\/wp-json\/wp\/v2\/media?parent=215"}],"wp:term":[{"taxonomy":"category","embeddable":true,"href":"https:\/\/newsinfoco.com.br\/inicio\/wp-json\/wp\/v2\/categories?post=215"},{"taxonomy":"post_tag","embeddable":true,"href":"https:\/\/newsinfoco.com.br\/inicio\/wp-json\/wp\/v2\/tags?post=215"}],"curies":[{"name":"wp","href":"https:\/\/api.w.org\/{rel}","templated":true}]}}