{"id":218,"date":"2018-02-24T10:27:53","date_gmt":"2018-02-24T13:27:53","guid":{"rendered":"http:\/\/newsinfoco.com.br\/?p=218"},"modified":"2018-02-24T10:27:53","modified_gmt":"2018-02-24T13:27:53","slug":"bloqueio-de-celulares-piratas-comeca-a-valer-no-brasil","status":"publish","type":"post","link":"https:\/\/newsinfoco.com.br\/inicio\/bloqueio-de-celulares-piratas-comeca-a-valer-no-brasil\/","title":{"rendered":"Bloqueio de celulares piratas come\u00e7a a valer no Brasil"},"content":{"rendered":"<p style=\"text-align: justify;\"><span style=\"color: #000000;\">Nesse per\u00edodo inicial, quem habilitar celulares irregulares no Distrito Federal e em Goi\u00e1s receber\u00e1 uma mensagem informando que o aparelho n\u00e3o poder\u00e1 mais acessar a rede das operadoras a partir do dia 9 de maio. Essa decis\u00e3o n\u00e3o afeta dispositivos que foram habilitados antes do dia 22 de fevereiro de 2018, mesmo que eles sejam irregulares.<\/span><\/p>\n<p style=\"text-align: justify;\"><span style=\"color: #000000;\">O objetivo da ag\u00eancia \u00e9 impedir a comercializa\u00e7\u00e3o de aparelhos que apresentam risco \u00e0 sa\u00fade do usu\u00e1rio, como possuir grande quantidade de chumbo ou n\u00e3o ter um limite de radia\u00e7\u00e3o eletromagn\u00e9tica. O bloqueio n\u00e3o impede os consumidores brasileiros de comprarem celulares importados de outros pa\u00edses, desde que eles tenham um n\u00famero IMEI v\u00e1lido.<\/span><\/p><div class=\"newsi-conteudo_19\" id=\"newsi-1776232237\"><a href=\"https:\/\/www.instagram.com\/prefeituraalagoinhas?igsh=YzgzdDJ1bWR3aWI4\" aria-label=\"SAVE_20251006_221555\"><img loading=\"lazy\" decoding=\"async\" src=\"https:\/\/newsinfoco.com.br\/inicio\/wp-content\/uploads\/2025\/10\/SAVE_20251006_221555-rotated.jpg\" alt=\"\"  srcset=\"https:\/\/newsinfoco.com.br\/inicio\/wp-content\/uploads\/2025\/10\/SAVE_20251006_221555-rotated.jpg 1140w, https:\/\/newsinfoco.com.br\/inicio\/wp-content\/uploads\/2025\/10\/SAVE_20251006_221555-300x52.jpg 300w, https:\/\/newsinfoco.com.br\/inicio\/wp-content\/uploads\/2025\/10\/SAVE_20251006_221555-1024x177.jpg 1024w, https:\/\/newsinfoco.com.br\/inicio\/wp-content\/uploads\/2025\/10\/SAVE_20251006_221555-768x133.jpg 768w, https:\/\/newsinfoco.com.br\/inicio\/wp-content\/uploads\/2025\/10\/SAVE_20251006_221555-600x104.jpg 600w, https:\/\/newsinfoco.com.br\/inicio\/wp-content\/uploads\/2025\/10\/SAVE_20251006_221555-696x120.jpg 696w, https:\/\/newsinfoco.com.br\/inicio\/wp-content\/uploads\/2025\/10\/SAVE_20251006_221555-1068x185.jpg 1068w\" sizes=\"(max-width: 1140px) 100vw, 1140px\" width=\"1140\" height=\"197\"   \/><\/a><\/div>\n<h3 style=\"text-align: justify;\"><span style=\"color: #000000;\">Como saber se o meu celular \u00e9 pirata?<\/span><\/h3>\n<p style=\"text-align: justify;\"><span style=\"color: #000000;\">Aqui no TecMundo, n\u00f3s j\u00e1\u00a0<a style=\"color: #000000;\" href=\"https:\/\/www.tecmundo.com.br\/telecomunicacoes\/117139-meu-celular-pirata-saber-aparelho-bloqueado.htm\" target=\"_blank\" rel=\"noopener noreferrer\">demos algumas dicas<\/a>\u00a0de como checar se o seu aparelho \u00e9 irregular. Al\u00e9m disso, o pr\u00f3prio\u00a0<a style=\"color: #000000;\" href=\"http:\/\/www.anatel.gov.br\/celularlegal\/\" target=\"_blank\" rel=\"noopener noreferrer\">site da Anatel tem uma ferramenta<\/a>\u00a0criada para que voc\u00ea possa verificar se o seu smartphone \u00e9 legal. Para isso, voc\u00ea s\u00f3 precisa do c\u00f3digo IMEI, que vem impresso na caixa e tamb\u00e9m pode ser visto ligando para o n\u00famero *#06#.<\/span><\/p>\n<p style=\"text-align: justify;\"><span style=\"color: #000000;\">O alvos da Anatel s\u00e3o os smartphones que tentam se passar por outros de marcas famosas, como c\u00f3pias de\u00a0<a style=\"color: #000000;\" title=\"Samsung\" href=\"https:\/\/www.tecmundo.com.br\/samsung\/\" target=\"_blank\" rel=\"noopener noreferrer\">Samsung<\/a>,\u00a0<a style=\"color: #000000;\" title=\"Nokia\" href=\"https:\/\/www.tecmundo.com.br\/nokia\/\" target=\"_blank\" rel=\"noopener noreferrer\">Nokia<\/a>\u00a0e\u00a0<a style=\"color: #000000;\" title=\"Apple\" href=\"https:\/\/www.tecmundo.com.br\/apple\/\" target=\"_blank\" rel=\"noopener noreferrer\">Apple<\/a>. Esses aparelhos n\u00e3o t\u00eam certifica\u00e7\u00e3o de nenhuma ag\u00eancia reguladora do mundo e costumam ter um pre\u00e7o muito abaixo do valor normal de mercado. O bloqueio \u00e9 at\u00e9 mesmo apoiado pela Associa\u00e7\u00e3o da Ind\u00fastria El\u00e9trica e Eletr\u00f4nica (Abinee), que representa as fabricantes de celulares.<\/span><\/p>\n<p style=\"text-align: justify;\"><span style=\"color: #000000;\">Smartphones importados de marcas chinesas como\u00a0<a style=\"color: #000000;\" title=\"Xiaomi\" href=\"https:\/\/www.tecmundo.com.br\/xiaomi\/\" target=\"_blank\" rel=\"noopener noreferrer\">Xiaomi<\/a>,\u00a0<a style=\"color: #000000;\" title=\"Huawei\" href=\"https:\/\/www.tecmundo.com.br\/huawei\/\" target=\"_blank\" rel=\"noopener noreferrer\">Huawei<\/a>\u00a0e\u00a0<a style=\"color: #000000;\" title=\"OnePlus\" href=\"https:\/\/www.tecmundo.com.br\/oneplus\/\" target=\"_blank\" rel=\"noopener noreferrer\">OnePlus<\/a>n\u00e3o ser\u00e3o afetados. Esses aparelhos s\u00e3o legais e tem a aprova\u00e7\u00e3o do governo chin\u00eas para funcionar. Quem compra celulares de fabricantes conhecidas em lojas estrangeiras confi\u00e1veis pode ficar mais tranquilo.<\/span><\/p>\n<h3 style=\"text-align: justify;\"><span style=\"color: #000000;\">Cronograma de bloqueio<\/span><\/h3>\n<p style=\"text-align: justify;\"><span style=\"color: #000000;\">Donos de aparelhos irregulares habilitados a partir de hoje (22) no Distrito Federal e em Goi\u00e1s receber\u00e3o a seguinte mensagem de alerta: \u201cOperadora avisa: Pela Lei 9.472 este celular est\u00e1 irregular e n\u00e3o funcionar\u00e1 nas redes celulares.\u201d Ela ser\u00e1 enviada quatro vezes antes do bloqueio ser feito, em maio.<\/span><\/p>\n<p style=\"text-align: justify;\"><span style=\"color: #000000;\">A partir de 23 setembro, as mensagens come\u00e7ar\u00e3o a ser enviadas para aparelhos no Acre, Rond\u00f4nia, S\u00e3o Paulo, Tocantins, estados do Sul e demais estados do Centro-Oeste. Em 7 de janeiro do pr\u00f3ximo ano, elas chegam ao Nordeste e aos outros estados do Sudeste e do Norte. O bloqueio estar\u00e1 completo no dia 24 de mar\u00e7o de 2019.<\/span><\/p>\n<h6 style=\"text-align: right;\"><span style=\"color: #999999;\">Fonte:Tecmundo<\/span><\/h6>\n<div class='share-to-whatsapp-wrapper'><div class='share-on-whsp'>Share on: <\/div><a data-text='Bloqueio de celulares piratas come\u00e7a a valer no Brasil' data-link='https:\/\/newsinfoco.com.br\/inicio\/bloqueio-de-celulares-piratas-comeca-a-valer-no-brasil\/' class='whatsapp-button whatsapp-share'>WhatsApp<\/a><div class='clear '><\/div><\/div>","protected":false},"excerpt":{"rendered":"<p>Nesse per\u00edodo inicial, quem habilitar celulares irregulares no Distrito Federal e em Goi\u00e1s receber\u00e1 uma mensagem informando que o aparelho n\u00e3o poder\u00e1 mais acessar a rede das operadoras a partir do dia 9 de maio. Essa decis\u00e3o n\u00e3o afeta dispositivos que foram habilitados antes do dia 22 de fevereiro de 2018, mesmo que eles sejam [&hellip;]<\/p>\n","protected":false},"author":1,"featured_media":219,"comment_status":"open","ping_status":"open","sticky":false,"template":"","format":"standard","meta":{"om_disable_all_campaigns":false,"_exactmetrics_skip_tracking":false,"_exactmetrics_sitenote_active":false,"_exactmetrics_sitenote_note":"","_exactmetrics_sitenote_category":0,"footnotes":""},"categories":[22],"tags":[],"class_list":["post-218","post","type-post","status-publish","format-standard","has-post-thumbnail","hentry","category-ciencia-e-tecnologia"],"aioseo_notices":[],"_links":{"self":[{"href":"https:\/\/newsinfoco.com.br\/inicio\/wp-json\/wp\/v2\/posts\/218","targetHints":{"allow":["GET"]}}],"collection":[{"href":"https:\/\/newsinfoco.com.br\/inicio\/wp-json\/wp\/v2\/posts"}],"about":[{"href":"https:\/\/newsinfoco.com.br\/inicio\/wp-json\/wp\/v2\/types\/post"}],"author":[{"embeddable":true,"href":"https:\/\/newsinfoco.com.br\/inicio\/wp-json\/wp\/v2\/users\/1"}],"replies":[{"embeddable":true,"href":"https:\/\/newsinfoco.com.br\/inicio\/wp-json\/wp\/v2\/comments?post=218"}],"version-history":[{"count":0,"href":"https:\/\/newsinfoco.com.br\/inicio\/wp-json\/wp\/v2\/posts\/218\/revisions"}],"wp:featuredmedia":[{"embeddable":true,"href":"https:\/\/newsinfoco.com.br\/inicio\/wp-json\/wp\/v2\/media\/219"}],"wp:attachment":[{"href":"https:\/\/newsinfoco.com.br\/inicio\/wp-json\/wp\/v2\/media?parent=218"}],"wp:term":[{"taxonomy":"category","embeddable":true,"href":"https:\/\/newsinfoco.com.br\/inicio\/wp-json\/wp\/v2\/categories?post=218"},{"taxonomy":"post_tag","embeddable":true,"href":"https:\/\/newsinfoco.com.br\/inicio\/wp-json\/wp\/v2\/tags?post=218"}],"curies":[{"name":"wp","href":"https:\/\/api.w.org\/{rel}","templated":true}]}}