{"id":2184,"date":"2018-04-06T16:54:13","date_gmt":"2018-04-06T19:54:13","guid":{"rendered":"http:\/\/newsinfoco.com.br\/?p=2184"},"modified":"2018-04-06T16:54:13","modified_gmt":"2018-04-06T19:54:13","slug":"desafios-sao-sempre-oportunidades-de-crescimento-a-humanizacao-sera-a-minha-marca-declarou-o-novo-secretario-de-saude-moacir-lira-durante-a-cerimonia-de-posse-nesta-sexta-feira","status":"publish","type":"post","link":"https:\/\/newsinfoco.com.br\/inicio\/desafios-sao-sempre-oportunidades-de-crescimento-a-humanizacao-sera-a-minha-marca-declarou-o-novo-secretario-de-saude-moacir-lira-durante-a-cerimonia-de-posse-nesta-sexta-feira\/","title":{"rendered":"\u201cDesafios s\u00e3o sempre oportunidades de crescimento. A humaniza\u00e7\u00e3o ser\u00e1 a minha marca\u201d, declarou o novo Secret\u00e1rio de Sa\u00fade, Moacir Lira, durante a cerim\u00f4nia de posse, nesta sexta-feira (6)"},"content":{"rendered":"<p style=\"text-align: justify;\"><span style=\"color: #000000;\">A Prefeitura de Alagoinhas realizou, nesta sexta-feira (6), um caf\u00e9 da manh\u00e3 para a apresenta\u00e7\u00e3o oficial do novo secret\u00e1rio de Sa\u00fade, Moacir Lira, que assumiu a pasta com a sa\u00edda de Rodrigo Matos. O psic\u00f3logo, que assume agora os desafios da gest\u00e3o em sa\u00fade no munic\u00edpio, assinou o termo de posse na manh\u00e3 de hoje, em cerim\u00f4nia no Hotel Absolar.<\/span><\/p>\n<p style=\"text-align: justify;\"><span style=\"color: #000000;\">\u201cOs desafios da integralidade, da equidade e da universalidade no SUS s\u00e3o gigantescos. Buscar sa\u00fade com justi\u00e7a social \u2013 recursos, como eu sempre digo, finitos, e demandas ilimitadas \u2013 \u00e9 uma equa\u00e7\u00e3o nem sempre f\u00e1cil, ou quase nunca f\u00e1cil de resolver, mas estamos com a melhor inten\u00e7\u00e3o de qualificar a assist\u00eancia \u00e0 sa\u00fade, ao nosso cidad\u00e3o. \u00c9 essa a nossa miss\u00e3o, a nossa tarefa e o nosso compromisso social\u201d, afirmou Moacir Lira.<\/span><\/p><div class=\"newsi-conteudo_19\" id=\"newsi-3557457410\"><a href=\"https:\/\/www.instagram.com\/prefeituraalagoinhas?igsh=YzgzdDJ1bWR3aWI4\" aria-label=\"SAVE_20251006_221555\"><img loading=\"lazy\" decoding=\"async\" src=\"https:\/\/newsinfoco.com.br\/inicio\/wp-content\/uploads\/2025\/10\/SAVE_20251006_221555-rotated.jpg\" alt=\"\"  srcset=\"https:\/\/newsinfoco.com.br\/inicio\/wp-content\/uploads\/2025\/10\/SAVE_20251006_221555-rotated.jpg 1140w, https:\/\/newsinfoco.com.br\/inicio\/wp-content\/uploads\/2025\/10\/SAVE_20251006_221555-300x52.jpg 300w, https:\/\/newsinfoco.com.br\/inicio\/wp-content\/uploads\/2025\/10\/SAVE_20251006_221555-1024x177.jpg 1024w, https:\/\/newsinfoco.com.br\/inicio\/wp-content\/uploads\/2025\/10\/SAVE_20251006_221555-768x133.jpg 768w, https:\/\/newsinfoco.com.br\/inicio\/wp-content\/uploads\/2025\/10\/SAVE_20251006_221555-600x104.jpg 600w, https:\/\/newsinfoco.com.br\/inicio\/wp-content\/uploads\/2025\/10\/SAVE_20251006_221555-696x120.jpg 696w, https:\/\/newsinfoco.com.br\/inicio\/wp-content\/uploads\/2025\/10\/SAVE_20251006_221555-1068x185.jpg 1068w\" sizes=\"(max-width: 1140px) 100vw, 1140px\" width=\"1140\" height=\"197\"   \/><\/a><\/div>\n<p style=\"text-align: justify;\"><span style=\"color: #000000;\">O Secret\u00e1rio, que h\u00e1 17 anos trabalha como funcion\u00e1rio p\u00fablico do munic\u00edpio, tamb\u00e9m aproveitou a oportunidade para falar sobre a import\u00e2ncia do acolhimento nas a\u00e7\u00f5es de sa\u00fade que ser\u00e3o desenvolvidas. \u201cEu sou psic\u00f3logo, ent\u00e3o acredito que nada seja superior ao relacional. A quest\u00e3o t\u00e9cnica \u00e9 important\u00edssima, mas a quest\u00e3o afetiva, das rela\u00e7\u00f5es, n\u00e3o pode ser negligenciada. Desafios s\u00e3o sempre oportunidades de crescimento. A humaniza\u00e7\u00e3o ser\u00e1 a minha marca. Cuidemos bem das pessoas. Desejo afetiva e efetivamente fazer uma boa gest\u00e3o\u201d, pontuou Moacir Lira.<\/span><\/p>\n<p style=\"text-align: justify;\"><span style=\"color: #000000;\">De acordo com o prefeito Joaquim Neto, a escolha para assumir a Secretaria Municipal de Sa\u00fade n\u00e3o poderia ter sido mais acertada. \u201cFoi um momento iluminado que eu tive quando pensei em trazer Moacir Lira, nascido e criado na cidade de Alagoinhas, capacitado em Sa\u00fade P\u00fablica, e eu espero que dele a gente possa trazer respostas positivas a todas as demandas inerentes a um povo humilde, como \u00e9 o da nossa cidade\u201d, ressaltou.<\/span><\/p>\n<p style=\"text-align: justify;\"><span style=\"color: #000000;\">O prefeito enfatizou que uma das metas para este ano \u00e9 reabrir a UPA de Santa Terezinha e declarou que, durante a gest\u00e3o, pretende n\u00e3o apenas aumentar a cobertura de sa\u00fade na cidade, mas trazer, para Alagoinhas, atendimentos, especialidades e exames de alta complexidade.<\/span><\/p>\n<p style=\"text-align: justify;\"><span style=\"color: #000000;\">\u201cTemos muitas obras, do ponto de vista f\u00edsico, tecnol\u00f3gico, unidades de sa\u00fade que estamos qualificando e requalificando, teremos tamb\u00e9m novas unidades, estamos a\u00ed com UPAs, como o prefeito j\u00e1 anunciou. Temos uma agenda de unidades, servi\u00e7os e requalifica\u00e7\u00f5es que vou anunciando, de maneira respons\u00e1vel\u201d, comentou o novo Secret\u00e1rio sobre o que se pode esperar da nova gest\u00e3o.<\/span><\/p>\n<p style=\"text-align: justify;\"><span style=\"color: #000000;\">A cerim\u00f4nia de posse contou com a presen\u00e7a do presidente da C\u00e2mara, Roberto Torres, da vice-prefeita Iraci Gama, da primeira-dama Carla Reis, da presidente do Conselho de Sa\u00fade, Steleyjanes Galdino e da Subsecret\u00e1ria Tessa Sagot. Tamb\u00e9m estiveram presentes os secret\u00e1rios Fabr\u00edcio Faro, Daniel Grave, Alfredo Menezes, T\u00e1cio Lobo, Jos\u00e9 Ed\u00e9sio, Geraldo Almeida, Jean Ander e Harnoldo Azi, al\u00e9m do chefe de gabinete, Raimundo Queiroz, do Ouvidor Municipal, David Ribeiro, da diretora do SAAE, Maria das Gra\u00e7as Reis, e da Controladora Leila Vila Flor.<\/span><\/p>\n<p style=\"text-align: justify;\"><span style=\"color: #000000;\">O evento come\u00e7ou \u00e0s 7h e o secret\u00e1rio oficialmente empossado esclareceu os principais desafios, o compromisso com a popula\u00e7\u00e3o e as medidas que devem ditar os rumos da sa\u00fade no munic\u00edpio.<\/span><\/p>\n<p><a href=\"http:\/\/newsinfoco.com.br\/wp-content\/uploads\/2018\/04\/41276345211_2b4abb7d90_k.jpg\"><img loading=\"lazy\" decoding=\"async\" class=\"aligncenter size-full wp-image-2185\" src=\"http:\/\/newsinfoco.com.br\/wp-content\/uploads\/2018\/04\/41276345211_2b4abb7d90_k.jpg\" alt=\"\" width=\"2048\" height=\"1356\" srcset=\"https:\/\/newsinfoco.com.br\/inicio\/wp-content\/uploads\/2018\/04\/41276345211_2b4abb7d90_k.jpg 2048w, https:\/\/newsinfoco.com.br\/inicio\/wp-content\/uploads\/2018\/04\/41276345211_2b4abb7d90_k-300x199.jpg 300w, https:\/\/newsinfoco.com.br\/inicio\/wp-content\/uploads\/2018\/04\/41276345211_2b4abb7d90_k-768x509.jpg 768w, https:\/\/newsinfoco.com.br\/inicio\/wp-content\/uploads\/2018\/04\/41276345211_2b4abb7d90_k-1024x678.jpg 1024w, https:\/\/newsinfoco.com.br\/inicio\/wp-content\/uploads\/2018\/04\/41276345211_2b4abb7d90_k-600x397.jpg 600w, https:\/\/newsinfoco.com.br\/inicio\/wp-content\/uploads\/2018\/04\/41276345211_2b4abb7d90_k-696x461.jpg 696w, https:\/\/newsinfoco.com.br\/inicio\/wp-content\/uploads\/2018\/04\/41276345211_2b4abb7d90_k-1068x707.jpg 1068w, https:\/\/newsinfoco.com.br\/inicio\/wp-content\/uploads\/2018\/04\/41276345211_2b4abb7d90_k-634x420.jpg 634w, https:\/\/newsinfoco.com.br\/inicio\/wp-content\/uploads\/2018\/04\/41276345211_2b4abb7d90_k-1320x874.jpg 1320w\" sizes=\"auto, (max-width: 2048px) 100vw, 2048px\" \/><\/a> <a href=\"http:\/\/newsinfoco.com.br\/wp-content\/uploads\/2018\/04\/26404326647_3720ff1359_k.jpg\"><img loading=\"lazy\" decoding=\"async\" class=\"aligncenter size-full wp-image-2186\" src=\"http:\/\/newsinfoco.com.br\/wp-content\/uploads\/2018\/04\/26404326647_3720ff1359_k.jpg\" alt=\"\" width=\"2048\" height=\"1356\" srcset=\"https:\/\/newsinfoco.com.br\/inicio\/wp-content\/uploads\/2018\/04\/26404326647_3720ff1359_k.jpg 2048w, https:\/\/newsinfoco.com.br\/inicio\/wp-content\/uploads\/2018\/04\/26404326647_3720ff1359_k-300x199.jpg 300w, https:\/\/newsinfoco.com.br\/inicio\/wp-content\/uploads\/2018\/04\/26404326647_3720ff1359_k-768x509.jpg 768w, https:\/\/newsinfoco.com.br\/inicio\/wp-content\/uploads\/2018\/04\/26404326647_3720ff1359_k-1024x678.jpg 1024w, https:\/\/newsinfoco.com.br\/inicio\/wp-content\/uploads\/2018\/04\/26404326647_3720ff1359_k-600x397.jpg 600w, https:\/\/newsinfoco.com.br\/inicio\/wp-content\/uploads\/2018\/04\/26404326647_3720ff1359_k-696x461.jpg 696w, https:\/\/newsinfoco.com.br\/inicio\/wp-content\/uploads\/2018\/04\/26404326647_3720ff1359_k-1068x707.jpg 1068w, https:\/\/newsinfoco.com.br\/inicio\/wp-content\/uploads\/2018\/04\/26404326647_3720ff1359_k-634x420.jpg 634w, https:\/\/newsinfoco.com.br\/inicio\/wp-content\/uploads\/2018\/04\/26404326647_3720ff1359_k-1320x874.jpg 1320w\" sizes=\"auto, (max-width: 2048px) 100vw, 2048px\" \/><\/a> <a href=\"http:\/\/newsinfoco.com.br\/wp-content\/uploads\/2018\/04\/27403585258_a78f579fd7_k.jpg\"><img loading=\"lazy\" decoding=\"async\" class=\"aligncenter size-full wp-image-2187\" src=\"http:\/\/newsinfoco.com.br\/wp-content\/uploads\/2018\/04\/27403585258_a78f579fd7_k.jpg\" alt=\"\" width=\"2048\" height=\"1356\" srcset=\"https:\/\/newsinfoco.com.br\/inicio\/wp-content\/uploads\/2018\/04\/27403585258_a78f579fd7_k.jpg 2048w, https:\/\/newsinfoco.com.br\/inicio\/wp-content\/uploads\/2018\/04\/27403585258_a78f579fd7_k-300x199.jpg 300w, https:\/\/newsinfoco.com.br\/inicio\/wp-content\/uploads\/2018\/04\/27403585258_a78f579fd7_k-768x509.jpg 768w, https:\/\/newsinfoco.com.br\/inicio\/wp-content\/uploads\/2018\/04\/27403585258_a78f579fd7_k-1024x678.jpg 1024w, https:\/\/newsinfoco.com.br\/inicio\/wp-content\/uploads\/2018\/04\/27403585258_a78f579fd7_k-600x397.jpg 600w, https:\/\/newsinfoco.com.br\/inicio\/wp-content\/uploads\/2018\/04\/27403585258_a78f579fd7_k-696x461.jpg 696w, https:\/\/newsinfoco.com.br\/inicio\/wp-content\/uploads\/2018\/04\/27403585258_a78f579fd7_k-1068x707.jpg 1068w, https:\/\/newsinfoco.com.br\/inicio\/wp-content\/uploads\/2018\/04\/27403585258_a78f579fd7_k-634x420.jpg 634w, https:\/\/newsinfoco.com.br\/inicio\/wp-content\/uploads\/2018\/04\/27403585258_a78f579fd7_k-1320x874.jpg 1320w\" sizes=\"auto, (max-width: 2048px) 100vw, 2048px\" \/><\/a><a href=\"http:\/\/newsinfoco.com.br\/wp-content\/uploads\/2018\/04\/40562062364_6cc71d6a81_k.jpg\"><img loading=\"lazy\" decoding=\"async\" class=\"aligncenter size-full wp-image-2188\" src=\"http:\/\/newsinfoco.com.br\/wp-content\/uploads\/2018\/04\/40562062364_6cc71d6a81_k.jpg\" alt=\"\" width=\"2048\" height=\"1356\" srcset=\"https:\/\/newsinfoco.com.br\/inicio\/wp-content\/uploads\/2018\/04\/40562062364_6cc71d6a81_k.jpg 2048w, https:\/\/newsinfoco.com.br\/inicio\/wp-content\/uploads\/2018\/04\/40562062364_6cc71d6a81_k-300x199.jpg 300w, https:\/\/newsinfoco.com.br\/inicio\/wp-content\/uploads\/2018\/04\/40562062364_6cc71d6a81_k-768x509.jpg 768w, https:\/\/newsinfoco.com.br\/inicio\/wp-content\/uploads\/2018\/04\/40562062364_6cc71d6a81_k-1024x678.jpg 1024w, https:\/\/newsinfoco.com.br\/inicio\/wp-content\/uploads\/2018\/04\/40562062364_6cc71d6a81_k-600x397.jpg 600w, https:\/\/newsinfoco.com.br\/inicio\/wp-content\/uploads\/2018\/04\/40562062364_6cc71d6a81_k-696x461.jpg 696w, https:\/\/newsinfoco.com.br\/inicio\/wp-content\/uploads\/2018\/04\/40562062364_6cc71d6a81_k-1068x707.jpg 1068w, https:\/\/newsinfoco.com.br\/inicio\/wp-content\/uploads\/2018\/04\/40562062364_6cc71d6a81_k-634x420.jpg 634w, https:\/\/newsinfoco.com.br\/inicio\/wp-content\/uploads\/2018\/04\/40562062364_6cc71d6a81_k-1320x874.jpg 1320w\" sizes=\"auto, (max-width: 2048px) 100vw, 2048px\" \/><\/a><\/p>\n<h6 style=\"text-align: right;\"><span style=\"color: #999999;\">Fonte: SECOM SESAU Prefeitura<\/span><\/h6>\n<div class='share-to-whatsapp-wrapper'><div class='share-on-whsp'>Share on: <\/div><a data-text='\u201cDesafios s\u00e3o sempre oportunidades de crescimento. A humaniza\u00e7\u00e3o ser\u00e1 a minha marca\u201d, declarou o novo Secret\u00e1rio de Sa\u00fade, Moacir Lira, durante a cerim\u00f4nia de posse, nesta sexta-feira (6)' data-link='https:\/\/newsinfoco.com.br\/inicio\/desafios-sao-sempre-oportunidades-de-crescimento-a-humanizacao-sera-a-minha-marca-declarou-o-novo-secretario-de-saude-moacir-lira-durante-a-cerimonia-de-posse-nesta-sexta-feira\/' class='whatsapp-button whatsapp-share'>WhatsApp<\/a><div class='clear '><\/div><\/div>","protected":false},"excerpt":{"rendered":"<p>A Prefeitura de Alagoinhas realizou, nesta sexta-feira (6), um caf\u00e9 da manh\u00e3 para a apresenta\u00e7\u00e3o oficial do novo secret\u00e1rio de Sa\u00fade, Moacir Lira, que assumiu a pasta com a sa\u00edda de Rodrigo Matos. O psic\u00f3logo, que assume agora os desafios da gest\u00e3o em sa\u00fade no munic\u00edpio, assinou o termo de posse na manh\u00e3 de hoje, [&hellip;]<\/p>\n","protected":false},"author":1,"featured_media":2186,"comment_status":"open","ping_status":"open","sticky":false,"template":"","format":"standard","meta":{"om_disable_all_campaigns":false,"_exactmetrics_skip_tracking":false,"_exactmetrics_sitenote_active":false,"_exactmetrics_sitenote_note":"","_exactmetrics_sitenote_category":0,"footnotes":""},"categories":[38,30],"tags":[53,54,58],"class_list":["post-2184","post","type-post","status-publish","format-standard","has-post-thumbnail","hentry","category-alagoinhas-e-regiao","category-destaque","tag-alagoinhas","tag-prefeitura","tag-sesau"],"aioseo_notices":[],"_links":{"self":[{"href":"https:\/\/newsinfoco.com.br\/inicio\/wp-json\/wp\/v2\/posts\/2184","targetHints":{"allow":["GET"]}}],"collection":[{"href":"https:\/\/newsinfoco.com.br\/inicio\/wp-json\/wp\/v2\/posts"}],"about":[{"href":"https:\/\/newsinfoco.com.br\/inicio\/wp-json\/wp\/v2\/types\/post"}],"author":[{"embeddable":true,"href":"https:\/\/newsinfoco.com.br\/inicio\/wp-json\/wp\/v2\/users\/1"}],"replies":[{"embeddable":true,"href":"https:\/\/newsinfoco.com.br\/inicio\/wp-json\/wp\/v2\/comments?post=2184"}],"version-history":[{"count":0,"href":"https:\/\/newsinfoco.com.br\/inicio\/wp-json\/wp\/v2\/posts\/2184\/revisions"}],"wp:featuredmedia":[{"embeddable":true,"href":"https:\/\/newsinfoco.com.br\/inicio\/wp-json\/wp\/v2\/media\/2186"}],"wp:attachment":[{"href":"https:\/\/newsinfoco.com.br\/inicio\/wp-json\/wp\/v2\/media?parent=2184"}],"wp:term":[{"taxonomy":"category","embeddable":true,"href":"https:\/\/newsinfoco.com.br\/inicio\/wp-json\/wp\/v2\/categories?post=2184"},{"taxonomy":"post_tag","embeddable":true,"href":"https:\/\/newsinfoco.com.br\/inicio\/wp-json\/wp\/v2\/tags?post=2184"}],"curies":[{"name":"wp","href":"https:\/\/api.w.org\/{rel}","templated":true}]}}