{"id":2190,"date":"2018-04-06T16:59:55","date_gmt":"2018-04-06T19:59:55","guid":{"rendered":"http:\/\/newsinfoco.com.br\/?p=2190"},"modified":"2018-04-06T16:59:55","modified_gmt":"2018-04-06T19:59:55","slug":"prefeitura-de-alagoinhas-divulga-planejamento-de-acoes-do-servico-de-convivencia-e-fortalecimento-de-vinculos-para-o-mes-de-maio","status":"publish","type":"post","link":"https:\/\/newsinfoco.com.br\/inicio\/prefeitura-de-alagoinhas-divulga-planejamento-de-acoes-do-servico-de-convivencia-e-fortalecimento-de-vinculos-para-o-mes-de-maio\/","title":{"rendered":"Prefeitura de Alagoinhas divulga planejamento de a\u00e7\u00f5es do Servi\u00e7o de Conviv\u00eancia e Fortalecimento de V\u00ednculos para o m\u00eas de maio"},"content":{"rendered":"<p style=\"text-align: justify;\"><span style=\"color: #000000;\">A Prefeitura de Alagoinhas, atrav\u00e9s da Secretaria Municipal de Assist\u00eancia Social (SEMAS), divulgou hoje (6) a programa\u00e7\u00e3o do Servi\u00e7o de Conviv\u00eancia e Fortalecimento de V\u00ednculos (SCFV) para o m\u00eas de maio.<\/span><\/p>\n<p style=\"text-align: justify;\"><span style=\"color: #000000;\">O servi\u00e7o faz parte de uma interven\u00e7\u00e3o social planejada que realiza atividades art\u00edsticas, culturais, de lazer ou esportivas, entre grupos de pessoas atendidas pela prote\u00e7\u00e3o social b\u00e1sica.<\/span><\/p><div class=\"newsi-conteudo_19\" id=\"newsi-3785496205\"><a href=\"https:\/\/www.instagram.com\/prefeituraalagoinhas?igsh=YzgzdDJ1bWR3aWI4\" aria-label=\"SAVE_20251006_221555\"><img loading=\"lazy\" decoding=\"async\" src=\"https:\/\/newsinfoco.com.br\/inicio\/wp-content\/uploads\/2025\/10\/SAVE_20251006_221555-rotated.jpg\" alt=\"\"  srcset=\"https:\/\/newsinfoco.com.br\/inicio\/wp-content\/uploads\/2025\/10\/SAVE_20251006_221555-rotated.jpg 1140w, https:\/\/newsinfoco.com.br\/inicio\/wp-content\/uploads\/2025\/10\/SAVE_20251006_221555-300x52.jpg 300w, https:\/\/newsinfoco.com.br\/inicio\/wp-content\/uploads\/2025\/10\/SAVE_20251006_221555-1024x177.jpg 1024w, https:\/\/newsinfoco.com.br\/inicio\/wp-content\/uploads\/2025\/10\/SAVE_20251006_221555-768x133.jpg 768w, https:\/\/newsinfoco.com.br\/inicio\/wp-content\/uploads\/2025\/10\/SAVE_20251006_221555-600x104.jpg 600w, https:\/\/newsinfoco.com.br\/inicio\/wp-content\/uploads\/2025\/10\/SAVE_20251006_221555-696x120.jpg 696w, https:\/\/newsinfoco.com.br\/inicio\/wp-content\/uploads\/2025\/10\/SAVE_20251006_221555-1068x185.jpg 1068w\" sizes=\"(max-width: 1140px) 100vw, 1140px\" width=\"1140\" height=\"197\"   \/><\/a><\/div>\n<p style=\"text-align: justify;\"><span style=\"color: #000000;\">Em Alagoinhas, a SEMAS ressaltou que as atividades buscam contemplar n\u00e3o apenas o munic\u00edpio, mas os distritos, com propostas que permitam, aos usu\u00e1rios, a constru\u00e7\u00e3o e reconstru\u00e7\u00e3o de suas viv\u00eancias individuais.<\/span><\/p>\n<p style=\"text-align: justify;\"><span style=\"color: #000000;\">Confira a programa\u00e7\u00e3o do SCFV para o m\u00eas de maio:<\/span><br \/>\n<span style=\"color: #000000;\"><strong>17\/04:<\/strong>\u00a0CRAS Riacho da Guia (matutino)<\/span><br \/>\n<span style=\"color: #000000;\"><strong>17\/04:<\/strong>\u00a0CRAS Boa Uni\u00e3o (vespertino) \u2013 a confirmar<\/span><br \/>\n<span style=\"color: #000000;\"><strong>25\/04:<\/strong>\u00a0CRAS Nova Bras\u00edlia (matutino)<\/span><br \/>\n<span style=\"color: #000000;\"><strong>25\/04:<\/strong>\u00a0CRAS Pra\u00e7a do CEU (vespertino)<\/span><br \/>\n<span style=\"color: #000000;\"><strong><br \/>\nMais informa\u00e7\u00f5es:<\/strong><\/span><br \/>\n<span style=\"color: #000000;\">SEMAS \u2013 Secretaria Municipal de Assist\u00eancia Social<\/span><br \/>\n<span style=\"color: #000000;\">(75) 3423-8371<\/span><\/p>\n<h6 style=\"text-align: right;\"><span style=\"color: #999999;\">Fonte: SECOM SEMAS Prefeitura<\/span><\/h6>\n<div class='share-to-whatsapp-wrapper'><div class='share-on-whsp'>Share on: <\/div><a data-text='Prefeitura de Alagoinhas divulga planejamento de a\u00e7\u00f5es do Servi\u00e7o de Conviv\u00eancia e Fortalecimento de V\u00ednculos para o m\u00eas de maio' data-link='https:\/\/newsinfoco.com.br\/inicio\/prefeitura-de-alagoinhas-divulga-planejamento-de-acoes-do-servico-de-convivencia-e-fortalecimento-de-vinculos-para-o-mes-de-maio\/' class='whatsapp-button whatsapp-share'>WhatsApp<\/a><div class='clear '><\/div><\/div>","protected":false},"excerpt":{"rendered":"<p>A Prefeitura de Alagoinhas, atrav\u00e9s da Secretaria Municipal de Assist\u00eancia Social (SEMAS), divulgou hoje (6) a programa\u00e7\u00e3o do Servi\u00e7o de Conviv\u00eancia e Fortalecimento de V\u00ednculos (SCFV) para o m\u00eas de maio. O servi\u00e7o faz parte de uma interven\u00e7\u00e3o social planejada que realiza atividades art\u00edsticas, culturais, de lazer ou esportivas, entre grupos de pessoas atendidas pela [&hellip;]<\/p>\n","protected":false},"author":1,"featured_media":629,"comment_status":"open","ping_status":"open","sticky":false,"template":"","format":"standard","meta":{"om_disable_all_campaigns":false,"_exactmetrics_skip_tracking":false,"_exactmetrics_sitenote_active":false,"_exactmetrics_sitenote_note":"","_exactmetrics_sitenote_category":0,"footnotes":""},"categories":[38,30],"tags":[53,54,59],"class_list":["post-2190","post","type-post","status-publish","format-standard","has-post-thumbnail","hentry","category-alagoinhas-e-regiao","category-destaque","tag-alagoinhas","tag-prefeitura","tag-semas"],"aioseo_notices":[],"_links":{"self":[{"href":"https:\/\/newsinfoco.com.br\/inicio\/wp-json\/wp\/v2\/posts\/2190","targetHints":{"allow":["GET"]}}],"collection":[{"href":"https:\/\/newsinfoco.com.br\/inicio\/wp-json\/wp\/v2\/posts"}],"about":[{"href":"https:\/\/newsinfoco.com.br\/inicio\/wp-json\/wp\/v2\/types\/post"}],"author":[{"embeddable":true,"href":"https:\/\/newsinfoco.com.br\/inicio\/wp-json\/wp\/v2\/users\/1"}],"replies":[{"embeddable":true,"href":"https:\/\/newsinfoco.com.br\/inicio\/wp-json\/wp\/v2\/comments?post=2190"}],"version-history":[{"count":0,"href":"https:\/\/newsinfoco.com.br\/inicio\/wp-json\/wp\/v2\/posts\/2190\/revisions"}],"wp:featuredmedia":[{"embeddable":true,"href":"https:\/\/newsinfoco.com.br\/inicio\/wp-json\/wp\/v2\/media\/629"}],"wp:attachment":[{"href":"https:\/\/newsinfoco.com.br\/inicio\/wp-json\/wp\/v2\/media?parent=2190"}],"wp:term":[{"taxonomy":"category","embeddable":true,"href":"https:\/\/newsinfoco.com.br\/inicio\/wp-json\/wp\/v2\/categories?post=2190"},{"taxonomy":"post_tag","embeddable":true,"href":"https:\/\/newsinfoco.com.br\/inicio\/wp-json\/wp\/v2\/tags?post=2190"}],"curies":[{"name":"wp","href":"https:\/\/api.w.org\/{rel}","templated":true}]}}