{"id":2194,"date":"2018-04-06T17:08:50","date_gmt":"2018-04-06T20:08:50","guid":{"rendered":"http:\/\/newsinfoco.com.br\/?p=2194"},"modified":"2018-04-06T17:08:50","modified_gmt":"2018-04-06T20:08:50","slug":"prefeitura-de-alagoinhas-promove-carreata-para-entrega-das-obras-de-reforma-das-estradas-vicinais-na-segunda-feira-9","status":"publish","type":"post","link":"https:\/\/newsinfoco.com.br\/inicio\/prefeitura-de-alagoinhas-promove-carreata-para-entrega-das-obras-de-reforma-das-estradas-vicinais-na-segunda-feira-9\/","title":{"rendered":"Prefeitura de Alagoinhas promove carreata para entrega das obras de reforma das estradas vicinais na segunda-feira (9)"},"content":{"rendered":"<p style=\"text-align: justify;\"><span style=\"color: #000000;\">A Prefeitura de Alagoinhas, por meio da Secretaria Municipal de Agricultura (SEMAG), promove, na segunda-feira (9), uma carreata de entrega das estradas da regi\u00e3o de Camboat\u00e1.<\/span><\/p>\n<p style=\"text-align: justify;\"><span style=\"color: #000000;\">Durante o ato, que come\u00e7a \u00e0s 12h30, com um almo\u00e7o na casa da presidente da associa\u00e7\u00e3o da Fazenda Vit\u00f3ria, na estrada que d\u00e1 acesso \u00e0 Buracica, representantes das comunidades devem falar sobre as demandas das associa\u00e7\u00f5es rurais do munic\u00edpio.<\/span><\/p><div class=\"newsi-conteudo_19\" id=\"newsi-3144568868\"><a href=\"https:\/\/www.instagram.com\/prefeituraalagoinhas?igsh=YzgzdDJ1bWR3aWI4\" aria-label=\"SAVE_20251006_221555\"><img loading=\"lazy\" decoding=\"async\" src=\"https:\/\/newsinfoco.com.br\/inicio\/wp-content\/uploads\/2025\/10\/SAVE_20251006_221555-rotated.jpg\" alt=\"\"  srcset=\"https:\/\/newsinfoco.com.br\/inicio\/wp-content\/uploads\/2025\/10\/SAVE_20251006_221555-rotated.jpg 1140w, https:\/\/newsinfoco.com.br\/inicio\/wp-content\/uploads\/2025\/10\/SAVE_20251006_221555-300x52.jpg 300w, https:\/\/newsinfoco.com.br\/inicio\/wp-content\/uploads\/2025\/10\/SAVE_20251006_221555-1024x177.jpg 1024w, https:\/\/newsinfoco.com.br\/inicio\/wp-content\/uploads\/2025\/10\/SAVE_20251006_221555-768x133.jpg 768w, https:\/\/newsinfoco.com.br\/inicio\/wp-content\/uploads\/2025\/10\/SAVE_20251006_221555-600x104.jpg 600w, https:\/\/newsinfoco.com.br\/inicio\/wp-content\/uploads\/2025\/10\/SAVE_20251006_221555-696x120.jpg 696w, https:\/\/newsinfoco.com.br\/inicio\/wp-content\/uploads\/2025\/10\/SAVE_20251006_221555-1068x185.jpg 1068w\" sizes=\"(max-width: 1140px) 100vw, 1140px\" width=\"1140\" height=\"197\"   \/><\/a><\/div>\n<p style=\"text-align: justify;\"><span style=\"color: #000000;\">Ap\u00f3s o almo\u00e7o, a comitiva e o prefeito visitar\u00e3o a comunidade do Alto do Santo Ant\u00f4nio. De l\u00e1, seguem para o Cambu\u00ed e para o Tucum, onde se encontram com moradores e lideran\u00e7as rurais.<\/span><\/p>\n<p style=\"text-align: justify;\"><span style=\"color: #000000;\">O retorno est\u00e1 previsto para as 17h e, segundo o secret\u00e1rio de Agricultura, Geraldo Almeida, \u201co roteiro \u00e9 seguir pela estrada que passa na base da Petrobras do Camboat\u00e1, sentido Buracica\u201d. O intuito, de acordo com ele, \u00e9 ouvir os moradores e passar pelas tr\u00eas comunidades do entorno para discutir as melhorias trazidas com as reformas e recupera\u00e7\u00f5es de estradas executadas pela SEMAG.<\/span><\/p>\n<p style=\"text-align: justify;\"><span style=\"color: #000000;\">Confira a programa\u00e7\u00e3o:<\/span><br \/>\n<span style=\"color: #000000;\"><strong>Dia 09\/04 (segunda-feira)<\/strong><\/span><br \/>\n<span style=\"color: #000000;\"><strong>12h30:<\/strong>\u00a0Almo\u00e7o na casa de T\u00e2nia Sim\u00f5es, presidente da associa\u00e7\u00e3o da Fazenda Vit\u00f3ria (acesso pela estrada de Buracica)<\/span><br \/>\n<span style=\"color: #000000;\"><strong>14h:<\/strong>\u00a0visita da comitiva \u00e0 comunidade do Alto do Santo Ant\u00f4nio<\/span><br \/>\n<span style=\"color: #000000;\"><strong>14h30:<\/strong>\u00a0Visita \u00e0 comunidade do Cambu\u00ed<\/span><br \/>\n<span style=\"color: #000000;\"><strong>15h30:<\/strong>\u00a0Encontro com lideran\u00e7as rurais e moradores do Tucum<strong><br \/>\n17h:\u00a0<\/strong>Retorno<\/span><\/p>\n<h6 style=\"text-align: right;\" align=\"right\"><span style=\"color: #999999;\">Fonte: SECOM SEMAG Prefeitura<\/span><\/h6>\n<div class='share-to-whatsapp-wrapper'><div class='share-on-whsp'>Share on: <\/div><a data-text='Prefeitura de Alagoinhas promove carreata para entrega das obras de reforma das estradas vicinais na segunda-feira (9)' data-link='https:\/\/newsinfoco.com.br\/inicio\/prefeitura-de-alagoinhas-promove-carreata-para-entrega-das-obras-de-reforma-das-estradas-vicinais-na-segunda-feira-9\/' class='whatsapp-button whatsapp-share'>WhatsApp<\/a><div class='clear '><\/div><\/div>","protected":false},"excerpt":{"rendered":"<p>A Prefeitura de Alagoinhas, por meio da Secretaria Municipal de Agricultura (SEMAG), promove, na segunda-feira (9), uma carreata de entrega das estradas da regi\u00e3o de Camboat\u00e1. Durante o ato, que come\u00e7a \u00e0s 12h30, com um almo\u00e7o na casa da presidente da associa\u00e7\u00e3o da Fazenda Vit\u00f3ria, na estrada que d\u00e1 acesso \u00e0 Buracica, representantes das comunidades [&hellip;]<\/p>\n","protected":false},"author":1,"featured_media":294,"comment_status":"open","ping_status":"open","sticky":false,"template":"","format":"standard","meta":{"om_disable_all_campaigns":false,"_exactmetrics_skip_tracking":false,"_exactmetrics_sitenote_active":false,"_exactmetrics_sitenote_note":"","_exactmetrics_sitenote_category":0,"footnotes":""},"categories":[38,30],"tags":[53,54,60],"class_list":["post-2194","post","type-post","status-publish","format-standard","has-post-thumbnail","hentry","category-alagoinhas-e-regiao","category-destaque","tag-alagoinhas","tag-prefeitura","tag-semag"],"aioseo_notices":[],"_links":{"self":[{"href":"https:\/\/newsinfoco.com.br\/inicio\/wp-json\/wp\/v2\/posts\/2194","targetHints":{"allow":["GET"]}}],"collection":[{"href":"https:\/\/newsinfoco.com.br\/inicio\/wp-json\/wp\/v2\/posts"}],"about":[{"href":"https:\/\/newsinfoco.com.br\/inicio\/wp-json\/wp\/v2\/types\/post"}],"author":[{"embeddable":true,"href":"https:\/\/newsinfoco.com.br\/inicio\/wp-json\/wp\/v2\/users\/1"}],"replies":[{"embeddable":true,"href":"https:\/\/newsinfoco.com.br\/inicio\/wp-json\/wp\/v2\/comments?post=2194"}],"version-history":[{"count":0,"href":"https:\/\/newsinfoco.com.br\/inicio\/wp-json\/wp\/v2\/posts\/2194\/revisions"}],"wp:featuredmedia":[{"embeddable":true,"href":"https:\/\/newsinfoco.com.br\/inicio\/wp-json\/wp\/v2\/media\/294"}],"wp:attachment":[{"href":"https:\/\/newsinfoco.com.br\/inicio\/wp-json\/wp\/v2\/media?parent=2194"}],"wp:term":[{"taxonomy":"category","embeddable":true,"href":"https:\/\/newsinfoco.com.br\/inicio\/wp-json\/wp\/v2\/categories?post=2194"},{"taxonomy":"post_tag","embeddable":true,"href":"https:\/\/newsinfoco.com.br\/inicio\/wp-json\/wp\/v2\/tags?post=2194"}],"curies":[{"name":"wp","href":"https:\/\/api.w.org\/{rel}","templated":true}]}}