{"id":2196,"date":"2018-04-06T20:24:46","date_gmt":"2018-04-06T23:24:46","guid":{"rendered":"http:\/\/newsinfoco.com.br\/?p=2196"},"modified":"2018-04-06T20:24:46","modified_gmt":"2018-04-06T23:24:46","slug":"manifestantes-jogam-tinta-vermelha-em-apartamento-de-carmen-lucia-em-bh","status":"publish","type":"post","link":"https:\/\/newsinfoco.com.br\/inicio\/manifestantes-jogam-tinta-vermelha-em-apartamento-de-carmen-lucia-em-bh\/","title":{"rendered":"Manifestantes jogam tinta vermelha em apartamento de C\u00e1rmen L\u00facia em BH"},"content":{"rendered":"<p class=\" \" style=\"text-align: justify;\"><span style=\"color: #000000;\">O pr\u00e9dio onde a presidente do Supremo Tribunal Federal (STF), ministra C\u00e1rmen L\u00facia, mant\u00e9m um apartamento, em Belo Horizonte, foi vandalizado por militantes do PT, nesta sexta-feira (6). Manifestantes jogaram tinta vermelha nas paredes do edif\u00edcio e escreveram \u201cC\u00e1rmen golpista\u201d na escada da entrada o im\u00f3vel.<\/span><\/p>\n<p style=\"text-align: justify;\"><span style=\"color: #000000;\">Segundo informa\u00e7\u00f5es da revista\u00a0<em>Veja<\/em>\u00a0, a a\u00e7\u00e3o em frente ao pr\u00e9dio de\u00a0<strong>C\u00e1rmen L\u00facia<\/strong>\u00a0ocorreu por volta das 16h30 e durou pouco mais de dez minutos. A ministra n\u00e3o estava no apartamento. Em um v\u00eddeo publicado pelo canal Marco Aur\u00e9lio Belchior, no YouTube, \u00e9 poss\u00edvel ver que uma janela de um dos apartamentos tamb\u00e9m foi danificada.<\/span><\/p><div class=\"newsi-conteudo_19\" id=\"newsi-2596430909\"><a href=\"https:\/\/www.instagram.com\/prefeituraalagoinhas?igsh=YzgzdDJ1bWR3aWI4\" aria-label=\"SAVE_20251006_221555\"><img loading=\"lazy\" decoding=\"async\" src=\"https:\/\/newsinfoco.com.br\/inicio\/wp-content\/uploads\/2025\/10\/SAVE_20251006_221555-rotated.jpg\" alt=\"\"  srcset=\"https:\/\/newsinfoco.com.br\/inicio\/wp-content\/uploads\/2025\/10\/SAVE_20251006_221555-rotated.jpg 1140w, https:\/\/newsinfoco.com.br\/inicio\/wp-content\/uploads\/2025\/10\/SAVE_20251006_221555-300x52.jpg 300w, https:\/\/newsinfoco.com.br\/inicio\/wp-content\/uploads\/2025\/10\/SAVE_20251006_221555-1024x177.jpg 1024w, https:\/\/newsinfoco.com.br\/inicio\/wp-content\/uploads\/2025\/10\/SAVE_20251006_221555-768x133.jpg 768w, https:\/\/newsinfoco.com.br\/inicio\/wp-content\/uploads\/2025\/10\/SAVE_20251006_221555-600x104.jpg 600w, https:\/\/newsinfoco.com.br\/inicio\/wp-content\/uploads\/2025\/10\/SAVE_20251006_221555-696x120.jpg 696w, https:\/\/newsinfoco.com.br\/inicio\/wp-content\/uploads\/2025\/10\/SAVE_20251006_221555-1068x185.jpg 1068w\" sizes=\"(max-width: 1140px) 100vw, 1140px\" width=\"1140\" height=\"197\"   \/><\/a><\/div>\n<p style=\"text-align: justify;\"><span class=\"componente-embed\" style=\"color: #000000;\"><iframe loading=\"lazy\" id=\"5ac7ea527bda330686000128\" src=\"http:\/\/tvig.ig.com.br\/player\/?v=5ac7ea527bda330686000128&amp;autoplay=false\" name=\"5ac7ea527bda330686000128\" width=\"640\" height=\"364\" frameborder=\"0\" scrolling=\"no\" allowfullscreen=\"allowfullscreen\" data-mce-fragment=\"1\"><\/iframe><\/span><\/p>\n<p class=\"\" style=\"text-align: justify;\"><span style=\"color: #000000;\">Na madrugada de quinta-feira (5), o voto da ministra foi decisivo para negar a Lula um habeas corpus preventivo, o que culminou no decreto de pris\u00e3o do petista pelo juiz Sergio Moro.<\/span><\/p>\n<h3 style=\"text-align: justify;\"><span style=\"color: #000000;\">Pris\u00e3o<\/span><\/h3>\n<p style=\"text-align: justify;\"><span style=\"color: #000000;\">O juiz S\u00e9rgio Moro ordenou a pris\u00e3o do ex-presidente e deu prazo at\u00e9 \u00e0s 17h desta sexta-feira (6) para o petista se entregar, o que n\u00e3o ocorreu. O despacho do juiz da Lava Jato foi proferido no fim da tarde de quinta-feira (5), menos de 24 horas ap\u00f3s o Supremo Tribunal Federal (STF) abrir caminho para a pris\u00e3o do petista ao rejeitar o habeas corpus de sua defesa.<\/span><\/p>\n<p style=\"text-align: justify;\"><span style=\"color: #000000;\">Respons\u00e1vel por condenar, na primeira inst\u00e2ncia, o ex-presidente por corrup\u00e7\u00e3o e lavagem de dinheiro no caso do\u00a0tr\u00edplex no Guaruj\u00e1\u00a0(SP), Moro justificou a concess\u00e3o de prazo para o petista se entregar voluntariamente alegando a &#8220;dignidade do cargo&#8221; que o petista ocupou. O juiz de Curitiba tamb\u00e9m proibiu que sejam utilizadas algemas no ex-presidente.<\/span><\/p>\n<p style=\"text-align: justify;\"><span style=\"color: #000000;\">A maioria dos ministros do STF decidiu nesta quarta-feira (4) que o juiz S\u00e9rgio Moro poderia ordernar a pris\u00e3o imediata do ex-presidente t\u00e3o logo seu processo fosse encerrado no Tribunal Regional Federal da Quarta Regi\u00e3o (TRF-4).<\/span><\/p>\n<p style=\"text-align: justify;\"><span style=\"color: #000000;\">Os advogados do ex-presidente passaram ent\u00e3o a defender o entendimento de que a tramita\u00e7\u00e3o dessa a\u00e7\u00e3o penal ainda n\u00e3o se exauriu, uma vez que ainda ser\u00e3o apresentados embargos de declara\u00e7\u00e3o sobre os embargos de declara\u00e7\u00e3o j\u00e1 rejeitados pelo TRF-4.<\/span><\/p>\n<p style=\"text-align: justify;\"><span style=\"color: #000000;\">No STF, o\u00a0<a style=\"color: #000000;\" href=\"http:\/\/ultimosegundo.ig.com.br\/politica\/2018-04-04\/lula-habeas-corpus-stf.html\" target=\"_blank\" rel=\"noopener\">placar de quinta-feira (5) foi de 6 votos contra o habeas corpus contra 5 a favor.<\/a>\u00a0Gilmar Mendes, Dias Toffoli, Ricardo Lewandowski, Marco Aur\u00e9lio e Celso de Mello votaram a favor habeas corpus, enquanto Edson Fachin, Alexandre de Moraes, Roberto Barroso, Rosa Weber e Luiz Fux foram contra. A presidente da casa, ministra C\u00e1rmen L\u00facia, desempatou o pleito, que durou mais de dez horas.<\/span><\/p>\n<h6 style=\"text-align: right;\"><span style=\"color: #999999;\"><strong>Fonte:ig<\/strong><\/span><\/h6>\n<div class='share-to-whatsapp-wrapper'><div class='share-on-whsp'>Share on: <\/div><a data-text='Manifestantes jogam tinta vermelha em apartamento de C\u00e1rmen L\u00facia em BH' data-link='https:\/\/newsinfoco.com.br\/inicio\/manifestantes-jogam-tinta-vermelha-em-apartamento-de-carmen-lucia-em-bh\/' class='whatsapp-button whatsapp-share'>WhatsApp<\/a><div class='clear '><\/div><\/div>","protected":false},"excerpt":{"rendered":"<p>O pr\u00e9dio onde a presidente do Supremo Tribunal Federal (STF), ministra C\u00e1rmen L\u00facia, mant\u00e9m um apartamento, em Belo Horizonte, foi vandalizado por militantes do PT, nesta sexta-feira (6). Manifestantes jogaram tinta vermelha nas paredes do edif\u00edcio e escreveram \u201cC\u00e1rmen golpista\u201d na escada da entrada o im\u00f3vel. Segundo informa\u00e7\u00f5es da revista\u00a0Veja\u00a0, a a\u00e7\u00e3o em frente ao [&hellip;]<\/p>\n","protected":false},"author":1,"featured_media":2197,"comment_status":"open","ping_status":"open","sticky":false,"template":"","format":"standard","meta":{"om_disable_all_campaigns":false,"_exactmetrics_skip_tracking":false,"_exactmetrics_sitenote_active":false,"_exactmetrics_sitenote_note":"","_exactmetrics_sitenote_category":0,"footnotes":""},"categories":[21],"tags":[],"class_list":["post-2196","post","type-post","status-publish","format-standard","has-post-thumbnail","hentry","category-brasil"],"aioseo_notices":[],"_links":{"self":[{"href":"https:\/\/newsinfoco.com.br\/inicio\/wp-json\/wp\/v2\/posts\/2196","targetHints":{"allow":["GET"]}}],"collection":[{"href":"https:\/\/newsinfoco.com.br\/inicio\/wp-json\/wp\/v2\/posts"}],"about":[{"href":"https:\/\/newsinfoco.com.br\/inicio\/wp-json\/wp\/v2\/types\/post"}],"author":[{"embeddable":true,"href":"https:\/\/newsinfoco.com.br\/inicio\/wp-json\/wp\/v2\/users\/1"}],"replies":[{"embeddable":true,"href":"https:\/\/newsinfoco.com.br\/inicio\/wp-json\/wp\/v2\/comments?post=2196"}],"version-history":[{"count":0,"href":"https:\/\/newsinfoco.com.br\/inicio\/wp-json\/wp\/v2\/posts\/2196\/revisions"}],"wp:featuredmedia":[{"embeddable":true,"href":"https:\/\/newsinfoco.com.br\/inicio\/wp-json\/wp\/v2\/media\/2197"}],"wp:attachment":[{"href":"https:\/\/newsinfoco.com.br\/inicio\/wp-json\/wp\/v2\/media?parent=2196"}],"wp:term":[{"taxonomy":"category","embeddable":true,"href":"https:\/\/newsinfoco.com.br\/inicio\/wp-json\/wp\/v2\/categories?post=2196"},{"taxonomy":"post_tag","embeddable":true,"href":"https:\/\/newsinfoco.com.br\/inicio\/wp-json\/wp\/v2\/tags?post=2196"}],"curies":[{"name":"wp","href":"https:\/\/api.w.org\/{rel}","templated":true}]}}