{"id":221,"date":"2018-02-24T10:29:50","date_gmt":"2018-02-24T13:29:50","guid":{"rendered":"http:\/\/newsinfoco.com.br\/?p=221"},"modified":"2018-02-28T22:30:27","modified_gmt":"2018-03-01T01:30:27","slug":"rui-anuncia-proposta-para-centro-de-convencoes","status":"publish","type":"post","link":"https:\/\/newsinfoco.com.br\/inicio\/rui-anuncia-proposta-para-centro-de-convencoes\/","title":{"rendered":"Rui anuncia proposta para Centro de Conven\u00e7\u00f5es"},"content":{"rendered":"<p style=\"text-align: justify;\">O governador Rui Costa (PT) disse que recebeu uma proposta do Grupo Reag de parceria p\u00fablico-privada (PPP) para a implanta\u00e7\u00e3o de um complexo na \u00e1rea do Parque de Exposi\u00e7\u00f5es, com um Centro de Conven\u00e7\u00f5es e outros empreendimentos. Pelo projeto, a empresa seria respons\u00e1vel por construir, al\u00e9m do equipamento, um hospital com a bandeira do Einstein, dois hot\u00e9is e um shopping de mobili\u00e1rio. O governador ressaltou, no entanto, que vai publicar a proposta e abrir o prazo legal para que outros interessados se manifestem, como determina a legisla\u00e7\u00e3o. A previs\u00e3o de \u00e1rea constru\u00edda \u00e9 de aproximadamente 40 mil m\u00b2.<\/p>\n<p style=\"text-align: justify;\">Apesar de avan\u00e7ar o projeto de edificar o Centro de Conven\u00e7\u00f5es na Avenida Paralela, Rui Costa n\u00e3o descartou a hip\u00f3tese de o complexo ficar na \u00e1rea da Marinha, no Com\u00e9rcio. As For\u00e7as Armadas cederam um terreno para construir o equipamento, mas a Superintend\u00eancia do Patrim\u00f4nio da Uni\u00e3o na Bahia (SPU-BA) \u2013 \u00f3rg\u00e3o federal \u2013 ainda precisa autorizar a libera\u00e7\u00e3o. O chefe do \u00f3rg\u00e3o, Ricardo Saback, disse, nesta semana, que o pedido para confirma\u00e7\u00e3o n\u00e3o chegou, at\u00e9 o momento, na institui\u00e7\u00e3o. \u201cVou trabalhar as duas \u00e1reas em paralelo. A que ficar pronto o processo mais r\u00e1pido, \u00e9 a que vamos tocar para que a gente escolha o melhor projeto, o que pode caminhar mais r\u00e1pido\u201d, pontuou Rui Costa, durante apresenta\u00e7\u00e3o para a imprensa da nova Via Barrad\u00e3o. Com aproximadamente quatro quil\u00f4metros de extens\u00e3o, a nova via ser\u00e1 inaugurada hoje e far\u00e1 a liga\u00e7\u00e3o entre a Avenida Paralela e o Est\u00e1dio Manoel Barradas, o Barrad\u00e3o.<\/p><div class=\"newsi-conteudo_19\" id=\"newsi-4144652532\"><a href=\"https:\/\/www.instagram.com\/prefeituraalagoinhas?igsh=YzgzdDJ1bWR3aWI4\" aria-label=\"SAVE_20251006_221555\"><img loading=\"lazy\" decoding=\"async\" src=\"https:\/\/newsinfoco.com.br\/inicio\/wp-content\/uploads\/2025\/10\/SAVE_20251006_221555-rotated.jpg\" alt=\"\"  srcset=\"https:\/\/newsinfoco.com.br\/inicio\/wp-content\/uploads\/2025\/10\/SAVE_20251006_221555-rotated.jpg 1140w, https:\/\/newsinfoco.com.br\/inicio\/wp-content\/uploads\/2025\/10\/SAVE_20251006_221555-300x52.jpg 300w, https:\/\/newsinfoco.com.br\/inicio\/wp-content\/uploads\/2025\/10\/SAVE_20251006_221555-1024x177.jpg 1024w, https:\/\/newsinfoco.com.br\/inicio\/wp-content\/uploads\/2025\/10\/SAVE_20251006_221555-768x133.jpg 768w, https:\/\/newsinfoco.com.br\/inicio\/wp-content\/uploads\/2025\/10\/SAVE_20251006_221555-600x104.jpg 600w, https:\/\/newsinfoco.com.br\/inicio\/wp-content\/uploads\/2025\/10\/SAVE_20251006_221555-696x120.jpg 696w, https:\/\/newsinfoco.com.br\/inicio\/wp-content\/uploads\/2025\/10\/SAVE_20251006_221555-1068x185.jpg 1068w\" sizes=\"(max-width: 1140px) 100vw, 1140px\" width=\"1140\" height=\"197\"   \/><\/a><\/div>\n<p style=\"text-align: justify;\">Salvador est\u00e1 sem Centro de Conven\u00e7\u00f5es desde 2015, quando o que funcionava no bairro do Stiep foi fechado para obras de restaura\u00e7\u00e3o. Parte do pr\u00e9dio desabou em 2016 e o governo decidiu desistir de manter o complexo no lugar. Diante da demora da administra\u00e7\u00e3o estadual de anunciar um projeto para constru\u00e7\u00e3o de um novo equipamento, o prefeito de Salvador, ACM Neto (DEM), informou, em outubro do ano passado, que o Munic\u00edpio iria edificar um pr\u00f3prio empreendimento, na regi\u00e3o do antigo Aeroclube, ao lado do Parque dos Ventos.<\/p>\n<p style=\"text-align: justify;\">Na ocasi\u00e3o, o chefe do Pal\u00e1cio Thom\u00e9 de Souza afirmou que a capital baiana \u201cn\u00e3o precisava de dois espa\u00e7os\u201d semelhantes e mandou Rui gastar o recurso com \u201coutra coisa\u201d. O governador n\u00e3o gostou e rebateu. \u201cSalvador precisa construir posto de sa\u00fade. S\u00f3 tem 31% [de cobertura]. Salvador precisa construir creche. \u00c9 a pior educa\u00e7\u00e3o infantil do Brasil. Se o Estado vai construir [o Centro de Conven\u00e7\u00f5es], o Munic\u00edpio poderia utilizar esses recursos e construir creches para as crian\u00e7as que est\u00e3o precisando\u201d, salientou.<\/p>\n<p style=\"text-align: justify;\"><b>Governador reitera que PT pode apoiar outro candidato<br \/>\n<\/b><\/p>\n<p style=\"text-align: justify;\">O governador Rui Costa reiterou, ontem, que o PT pode desistir da candidatura a presidente da Rep\u00fablica, caso o ex-presidente Luiz In\u00e1cio Lula da Silva (PT) seja impedido de disputar o pleito. Neste cen\u00e1rio, o partido apoiaria um aliado. \u201cSe Lula puder ser candidato, \u00f3timo. Se n\u00e3o puder, vamos discutir um nome. N\u00e3o necessariamente precisa ser do PT, porque a gente tem que passar ideia de que o interesse maior \u00e9 a na\u00e7\u00e3o brasileira\u201d, declarou.<\/p>\n<p style=\"text-align: justify;\">O chefe do Pal\u00e1cio de Ondina evitou, no entanto, citar um nome que o PT pode apoiar. Nos bastidores, o ex-ministro Ciro Gomes (PDT) \u00e9 o que tem mais for\u00e7a para receber o aval do Partido dos Trabalhadores. Rui Costa afirmou, tamb\u00e9m, que houve uma primeira reuni\u00e3o entre legendas aliadas da sua sigla para discutir o cen\u00e1rio da elei\u00e7\u00e3o presidencial e contou que pretende participar do segundo encontro, previsto para o final de fevereiro.<\/p>\n<p style=\"text-align: justify;\">O Tribunal Regional Federal da 4\u00aa Regi\u00e3o (TRF-4) manteve a decis\u00e3o do juiz federal S\u00e9rgio Moro, respons\u00e1vel pelo processo da Lava Jato na primeira inst\u00e2ncia, e ampliou a pena de nove anos e seis meses para 12 anos e um m\u00eas para Lula. Com a perman\u00eancia da puni\u00e7\u00e3o, o ex-chefe do Pal\u00e1cio do Planalto deve ter a candidatura indeferida pelo Tribunal Superior Eleitoral (TSE), com base na Lei da Ficha Limpa.<\/p>\n<h6 style=\"text-align: right;\">Por Rodrigo Daniel Silva<\/h6>\n<h6 style=\"text-align: right;\"><span style=\"color: #999999;\">Fonte:Tribunadabahia<\/span><\/h6>\n<div class='share-to-whatsapp-wrapper'><div class='share-on-whsp'>Share on: <\/div><a data-text='Rui anuncia proposta para Centro de Conven\u00e7\u00f5es' data-link='https:\/\/newsinfoco.com.br\/inicio\/rui-anuncia-proposta-para-centro-de-convencoes\/' class='whatsapp-button whatsapp-share'>WhatsApp<\/a><div class='clear '><\/div><\/div>","protected":false},"excerpt":{"rendered":"<p>O governador Rui Costa (PT) disse que recebeu uma proposta do Grupo Reag de parceria p\u00fablico-privada (PPP) para a implanta\u00e7\u00e3o de um complexo na \u00e1rea do Parque de Exposi\u00e7\u00f5es, com um Centro de Conven\u00e7\u00f5es e outros empreendimentos. Pelo projeto, a empresa seria respons\u00e1vel por construir, al\u00e9m do equipamento, um hospital com a bandeira do Einstein, [&hellip;]<\/p>\n","protected":false},"author":1,"featured_media":222,"comment_status":"open","ping_status":"open","sticky":false,"template":"","format":"standard","meta":{"om_disable_all_campaigns":false,"_exactmetrics_skip_tracking":false,"_exactmetrics_sitenote_active":false,"_exactmetrics_sitenote_note":"","_exactmetrics_sitenote_category":0,"footnotes":""},"categories":[19],"tags":[],"class_list":["post-221","post","type-post","status-publish","format-standard","has-post-thumbnail","hentry","category-bahia"],"aioseo_notices":[],"_links":{"self":[{"href":"https:\/\/newsinfoco.com.br\/inicio\/wp-json\/wp\/v2\/posts\/221","targetHints":{"allow":["GET"]}}],"collection":[{"href":"https:\/\/newsinfoco.com.br\/inicio\/wp-json\/wp\/v2\/posts"}],"about":[{"href":"https:\/\/newsinfoco.com.br\/inicio\/wp-json\/wp\/v2\/types\/post"}],"author":[{"embeddable":true,"href":"https:\/\/newsinfoco.com.br\/inicio\/wp-json\/wp\/v2\/users\/1"}],"replies":[{"embeddable":true,"href":"https:\/\/newsinfoco.com.br\/inicio\/wp-json\/wp\/v2\/comments?post=221"}],"version-history":[{"count":0,"href":"https:\/\/newsinfoco.com.br\/inicio\/wp-json\/wp\/v2\/posts\/221\/revisions"}],"wp:featuredmedia":[{"embeddable":true,"href":"https:\/\/newsinfoco.com.br\/inicio\/wp-json\/wp\/v2\/media\/222"}],"wp:attachment":[{"href":"https:\/\/newsinfoco.com.br\/inicio\/wp-json\/wp\/v2\/media?parent=221"}],"wp:term":[{"taxonomy":"category","embeddable":true,"href":"https:\/\/newsinfoco.com.br\/inicio\/wp-json\/wp\/v2\/categories?post=221"},{"taxonomy":"post_tag","embeddable":true,"href":"https:\/\/newsinfoco.com.br\/inicio\/wp-json\/wp\/v2\/tags?post=221"}],"curies":[{"name":"wp","href":"https:\/\/api.w.org\/{rel}","templated":true}]}}