{"id":2247,"date":"2018-04-09T14:40:30","date_gmt":"2018-04-09T17:40:30","guid":{"rendered":"http:\/\/newsinfoco.com.br\/?p=2247"},"modified":"2018-04-09T14:40:30","modified_gmt":"2018-04-09T17:40:30","slug":"pt-mantem-defesa-de-lula-candidato-e-faz-reuniao-para-rascunhar-proximos-passos","status":"publish","type":"post","link":"https:\/\/newsinfoco.com.br\/inicio\/pt-mantem-defesa-de-lula-candidato-e-faz-reuniao-para-rascunhar-proximos-passos\/","title":{"rendered":"PT mant\u00e9m defesa de Lula candidato e faz reuni\u00e3o para rascunhar pr\u00f3ximos passos"},"content":{"rendered":"<p class=\" \" style=\"text-align: justify;\"><span style=\"color: #000000;\">L\u00edderes do Partido dos Trabalhadores (PT) se re\u00fanem nesta segunda-feira (9) em Curitiba (PR) para discutir o futuro da legenda ap\u00f3s a\u00a0\u00a0<a style=\"color: #000000;\" href=\"http:\/\/ultimosegundo.ig.com.br\/politica\/2018-04-07\/lula-primeiro-ex-presidente-preso.html\" target=\"_blank\" rel=\"noopener\">pris\u00e3o do ex-presidente Luiz In\u00e1cio Lula da Silva, efetivada no \u00faltimo s\u00e1bado<\/a>\u00a0(7). Ao menos neste primeiro momento, o encarceramento de Lula na sede da Pol\u00edcia Federal na capital paranaense n\u00e3o mudou o discurso de que o ex-sindicalista ser\u00e1 o candidato petista \u00e0 elei\u00e7\u00e3o presidencial de outubro.\u00a0<\/span><\/p>\n<p style=\"text-align: justify;\"><span style=\"color: #000000;\">A reuni\u00e3o\u00a0de hoje visa\u00a0definir os pr\u00f3ximos passos do partido agora sem o seu l\u00edder m\u00e1ximo dando as cartas. A primeira estrat\u00e9gia adotada j\u00e1 est\u00e1 em curso: a defesa de que\u00a0<strong>Lula<\/strong>\u00a0\u2013 condenado na Lava Jato por corrup\u00e7\u00e3o e lavagem de dinheiro \u2013 \u00e9\u00a0um preso pol\u00edtico\u00a0colocado em c\u00e1rcere justamente para n\u00e3o ser candidato \u00e0 Presid\u00eancia.\u00a0<\/span><\/p><div class=\"newsi-conteudo_19\" id=\"newsi-1807872341\"><a href=\"https:\/\/www.instagram.com\/prefeituraalagoinhas?igsh=YzgzdDJ1bWR3aWI4\" aria-label=\"SAVE_20251006_221555\"><img loading=\"lazy\" decoding=\"async\" src=\"https:\/\/newsinfoco.com.br\/inicio\/wp-content\/uploads\/2025\/10\/SAVE_20251006_221555-rotated.jpg\" alt=\"\"  srcset=\"https:\/\/newsinfoco.com.br\/inicio\/wp-content\/uploads\/2025\/10\/SAVE_20251006_221555-rotated.jpg 1140w, https:\/\/newsinfoco.com.br\/inicio\/wp-content\/uploads\/2025\/10\/SAVE_20251006_221555-300x52.jpg 300w, https:\/\/newsinfoco.com.br\/inicio\/wp-content\/uploads\/2025\/10\/SAVE_20251006_221555-1024x177.jpg 1024w, https:\/\/newsinfoco.com.br\/inicio\/wp-content\/uploads\/2025\/10\/SAVE_20251006_221555-768x133.jpg 768w, https:\/\/newsinfoco.com.br\/inicio\/wp-content\/uploads\/2025\/10\/SAVE_20251006_221555-600x104.jpg 600w, https:\/\/newsinfoco.com.br\/inicio\/wp-content\/uploads\/2025\/10\/SAVE_20251006_221555-696x120.jpg 696w, https:\/\/newsinfoco.com.br\/inicio\/wp-content\/uploads\/2025\/10\/SAVE_20251006_221555-1068x185.jpg 1068w\" sizes=\"(max-width: 1140px) 100vw, 1140px\" width=\"1140\" height=\"197\"   \/><\/a><\/div>\n<p style=\"text-align: justify;\"><span style=\"color: #000000;\">&#8220;O que estamos assistindo \u00e9 a um completo desvio do papel do Judici\u00e1rio. H\u00e1 uma Justi\u00e7a parcial, que tem lado. Respeitamos a decis\u00e3o do ex-presidente Lula de cumprir a ordem de pris\u00e3o, mas vamos lutar em todas as frentes pela sua liberdade&#8221;, defendeu a presidente nacional do PT, senadora Gleisi Hoffmann (PR).\u00a0<\/span><\/p>\n<p style=\"text-align: justify;\"><span style=\"color: #000000;\">&#8220;Vamos assumir com todas as for\u00e7as o compromisso que fizemos com Lula no Sindicato dos Metal\u00fargicos do ABC. Ele andar\u00e1 com nossas pernas, pensar\u00e1 com nossas cabe\u00e7as. A partir de agora, somos todos Lula&#8221;, completou Gleisi, mencionando o discurso\u00a0proferido pelo ex-presidente aos\u00a0seus apoiadores antes de ser preso, na tarde de s\u00e1bado.<\/span><\/p>\n<h3 style=\"text-align: justify;\"><span style=\"color: #000000;\">Esperan\u00e7a no STF<\/span><\/h3>\n<p style=\"text-align: justify;\"><span style=\"color: #000000;\">Os aliados do ex-presidente\u00a0torcem para\u00a0que o Supremo Tribunal Federal (STF) reverta, nesta quarta-feira (11), a autoriza\u00e7\u00e3o para\u00a0pris\u00f5es ap\u00f3s condena\u00e7\u00e3o em segunda inst\u00e2ncia, mesmo que o r\u00e9u condenado ainda\u00a0tenha como recorrer \u00e0s inst\u00e2ncias superiores.\u00a0<\/span><\/p>\n<p style=\"text-align: justify;\"><span style=\"color: #000000;\">&#8220;Temos a expectativa de que a ministra Rosa Weber cumpra o que falou sobre rever a decis\u00e3o do Supremo em rela\u00e7\u00e3o \u00e0s pris\u00f5es em segunda inst\u00e2ncia&#8221;, disse Gleisi.<\/span><\/p>\n<p style=\"text-align: justify;\"><span style=\"color: #000000;\">A men\u00e7\u00e3o \u00e0 ministra Rosa Weber diz respeito ao ocorrido\u00a0no julgamento que rejeitou habeas corpus da defesa de Lula, abrindo caminho para que o juiz S\u00e9rgio Moro ordenasse sua pris\u00e3o. Naquele julgamento, a magistrada disse que sua posi\u00e7\u00e3o pessoal \u00e9 contr\u00e1ria ao cumprimento provis\u00f3rio de penas, mas que, naquele recurso, votaria conforme o entendimento em vig\u00eancia.<\/span><\/p>\n<p style=\"text-align: justify;\"><span style=\"color: #000000;\">&#8220;Acredito em uma revers\u00e3o no STF, porque isso n\u00e3o \u00e9 compat\u00edvel com a nossa legisla\u00e7\u00e3o. Nem a condena\u00e7\u00e3o, tampouco a pris\u00e3o para o cumprimento antecipado de pena\u201d,\u00a0<a style=\"color: #000000;\" href=\"http:\/\/ultimosegundo.ig.com.br\/politica\/2018-04-08\/lula-advogado.html\" target=\"_blank\" rel=\"noopener\">afirmou o advogado Cristiano Zanin Martins<\/a>\u00a0, que defende o ex-presidente Lula, nesse domingo (8).<\/span><\/p>\n<p style=\"text-align: right;\"><span style=\"color: #999999;\"><strong>Fonte:ig<\/strong><\/span><\/p>\n<div class='share-to-whatsapp-wrapper'><div class='share-on-whsp'>Share on: <\/div><a data-text='PT mant\u00e9m defesa de Lula candidato e faz reuni\u00e3o para rascunhar pr\u00f3ximos passos' data-link='https:\/\/newsinfoco.com.br\/inicio\/pt-mantem-defesa-de-lula-candidato-e-faz-reuniao-para-rascunhar-proximos-passos\/' class='whatsapp-button whatsapp-share'>WhatsApp<\/a><div class='clear '><\/div><\/div>","protected":false},"excerpt":{"rendered":"<p>L\u00edderes do Partido dos Trabalhadores (PT) se re\u00fanem nesta segunda-feira (9) em Curitiba (PR) para discutir o futuro da legenda ap\u00f3s a\u00a0\u00a0pris\u00e3o do ex-presidente Luiz In\u00e1cio Lula da Silva, efetivada no \u00faltimo s\u00e1bado\u00a0(7). Ao menos neste primeiro momento, o encarceramento de Lula na sede da Pol\u00edcia Federal na capital paranaense n\u00e3o mudou o discurso de [&hellip;]<\/p>\n","protected":false},"author":1,"featured_media":2248,"comment_status":"open","ping_status":"open","sticky":false,"template":"","format":"standard","meta":{"om_disable_all_campaigns":false,"_exactmetrics_skip_tracking":false,"_exactmetrics_sitenote_active":false,"_exactmetrics_sitenote_note":"","_exactmetrics_sitenote_category":0,"footnotes":""},"categories":[21],"tags":[],"class_list":["post-2247","post","type-post","status-publish","format-standard","has-post-thumbnail","hentry","category-brasil"],"aioseo_notices":[],"_links":{"self":[{"href":"https:\/\/newsinfoco.com.br\/inicio\/wp-json\/wp\/v2\/posts\/2247","targetHints":{"allow":["GET"]}}],"collection":[{"href":"https:\/\/newsinfoco.com.br\/inicio\/wp-json\/wp\/v2\/posts"}],"about":[{"href":"https:\/\/newsinfoco.com.br\/inicio\/wp-json\/wp\/v2\/types\/post"}],"author":[{"embeddable":true,"href":"https:\/\/newsinfoco.com.br\/inicio\/wp-json\/wp\/v2\/users\/1"}],"replies":[{"embeddable":true,"href":"https:\/\/newsinfoco.com.br\/inicio\/wp-json\/wp\/v2\/comments?post=2247"}],"version-history":[{"count":0,"href":"https:\/\/newsinfoco.com.br\/inicio\/wp-json\/wp\/v2\/posts\/2247\/revisions"}],"wp:featuredmedia":[{"embeddable":true,"href":"https:\/\/newsinfoco.com.br\/inicio\/wp-json\/wp\/v2\/media\/2248"}],"wp:attachment":[{"href":"https:\/\/newsinfoco.com.br\/inicio\/wp-json\/wp\/v2\/media?parent=2247"}],"wp:term":[{"taxonomy":"category","embeddable":true,"href":"https:\/\/newsinfoco.com.br\/inicio\/wp-json\/wp\/v2\/categories?post=2247"},{"taxonomy":"post_tag","embeddable":true,"href":"https:\/\/newsinfoco.com.br\/inicio\/wp-json\/wp\/v2\/tags?post=2247"}],"curies":[{"name":"wp","href":"https:\/\/api.w.org\/{rel}","templated":true}]}}