{"id":22490,"date":"2020-10-14T16:29:00","date_gmt":"2020-10-14T19:29:00","guid":{"rendered":"http:\/\/newsinfoco.com.br\/?p=22490"},"modified":"2020-10-14T16:36:54","modified_gmt":"2020-10-14T19:36:54","slug":"radio-web-2-de-julho-se-reune-com-representantes-de-candidaturas-a-prefeitura-de-alagoinhas-para-definir-ordem-de-entrevistas","status":"publish","type":"post","link":"https:\/\/newsinfoco.com.br\/inicio\/radio-web-2-de-julho-se-reune-com-representantes-de-candidaturas-a-prefeitura-de-alagoinhas-para-definir-ordem-de-entrevistas\/","title":{"rendered":"R\u00e1dio Web 2 de Julho se re\u00fane com representantes de candidaturas \u00e0 prefeitura de Alagoinhas para definir ordem de entrevistas"},"content":{"rendered":"<p style=\"text-align: justify;\">[sg_popup id=&#8221;11418&#8243; event=&#8221;inherit&#8221;][\/sg_popup]Na manh\u00e3 desta quarta-feira(14), ocorreu, na sede da r\u00e1dio Web 2 de Julho, a reuni\u00e3o que definiu as regras e a ordem dos candidatos \u00e1 prefeitura de Alagoinhas que ser\u00e3o entrevistados pela emissora. Compareceram \u00e0 reuni\u00e3o representantes dos candidatos Gilvan Artes, Joaquim Neto, Ednaldo Sacramento, Radiovaldo Costa, Marcos Reis e Jonatan. O candidato Paulo Cezar tamb\u00e9m foi convidado, mas n\u00e3o compareceu, nem enviou nenhum representante \u00e0 reuni\u00e3o, portanto n\u00e3o ser\u00e1 entrevistado.<\/p>\n<p style=\"text-align: justify;\">A s\u00e9rie de entrevistas com os candidatos \u00e0 prefeitura de Alagoinhas ocorrer\u00e3o entre os dias 26 de outubro e 02 de novembro. Um sorteio definiu a ordem dos entrevistados:<\/p><div class=\"newsi-conteudo_19\" id=\"newsi-2370916513\"><a href=\"https:\/\/www.instagram.com\/prefeituraalagoinhas?igsh=YzgzdDJ1bWR3aWI4\" aria-label=\"SAVE_20251006_221555\"><img loading=\"lazy\" decoding=\"async\" src=\"https:\/\/newsinfoco.com.br\/inicio\/wp-content\/uploads\/2025\/10\/SAVE_20251006_221555-rotated.jpg\" alt=\"\"  srcset=\"https:\/\/newsinfoco.com.br\/inicio\/wp-content\/uploads\/2025\/10\/SAVE_20251006_221555-rotated.jpg 1140w, https:\/\/newsinfoco.com.br\/inicio\/wp-content\/uploads\/2025\/10\/SAVE_20251006_221555-300x52.jpg 300w, https:\/\/newsinfoco.com.br\/inicio\/wp-content\/uploads\/2025\/10\/SAVE_20251006_221555-1024x177.jpg 1024w, https:\/\/newsinfoco.com.br\/inicio\/wp-content\/uploads\/2025\/10\/SAVE_20251006_221555-768x133.jpg 768w, https:\/\/newsinfoco.com.br\/inicio\/wp-content\/uploads\/2025\/10\/SAVE_20251006_221555-600x104.jpg 600w, https:\/\/newsinfoco.com.br\/inicio\/wp-content\/uploads\/2025\/10\/SAVE_20251006_221555-696x120.jpg 696w, https:\/\/newsinfoco.com.br\/inicio\/wp-content\/uploads\/2025\/10\/SAVE_20251006_221555-1068x185.jpg 1068w\" sizes=\"(max-width: 1140px) 100vw, 1140px\" width=\"1140\" height=\"197\"   \/><\/a><\/div>\n<ol style=\"text-align: justify;\">\n<li>Segunda-feira(26) &#8211; Ednaldo Sacramento(PSTU)<\/li>\n<li>Ter\u00e7a-feira(27) &#8211; Jonatan(Patriota)<\/li>\n<li>Quarta-feira(28) &#8211; Gilvan Artes(PSC)<\/li>\n<li>Quinta-feira(29) &#8211; Joaquim Neto(PSD)<\/li>\n<li>Sexta-Feira(30) &#8211; Radiovaldo Costa(PT)<\/li>\n<li>Segunda-Fera(02) &#8211; Marcos Reis(PP)<\/li>\n<\/ol>\n<p style=\"text-align: justify;\">De acordo com as regras estabelecidas em comum acordo entre candidaturas e emissora, as entrevistas ocorrer\u00e3o entre os dias 26 de outubro e 02 de novembro, as 7h 10 min. Cada entrevista ter\u00e1 a dura\u00e7\u00e3o de 1h 40 min, onde ser\u00e3o tratados 5 temas:<\/p>\n<ul style=\"text-align: justify;\">\n<li>Sa\u00fade<\/li>\n<li>Educa\u00e7\u00e3o<\/li>\n<li>Infraestrutura e Mobilidade Urbana<\/li>\n<li>Gest\u00e3o P\u00fablica<\/li>\n<li>Desenvolvimento Econ\u00f4mico<\/li>\n<\/ul>\n<p style=\"text-align: justify;\">As entrevistas ter\u00e3o a apresenta\u00e7\u00e3o do radialista Caio Pimenta e na bancada de entrevistadores os radialistas Haroldo Azi, Jos\u00e9 Gomes e Jusc\u00e9lio Carmo.<\/p>\n<p style=\"text-align: justify;\">As entrevistas ser\u00e3o transmitidas pelo canal da R\u00e1dio 2 de Julho no youtube, pela p\u00e1gina da r\u00e1dio 2 de Julho e News Infoco no facebook, pelo aplicativo da r\u00e1dio 2 de Julho dispon\u00edvel nos celulares Android e IOS, pelo aplicativo Radiosnet e pelo site www.radio2dejulho.com.<\/p>\n<p style=\"text-align: justify;\">\n<div class='share-to-whatsapp-wrapper'><div class='share-on-whsp'>Share on: <\/div><a data-text='R\u00e1dio Web 2 de Julho se re\u00fane com representantes de candidaturas \u00e0 prefeitura de Alagoinhas para definir ordem de entrevistas' data-link='https:\/\/newsinfoco.com.br\/inicio\/radio-web-2-de-julho-se-reune-com-representantes-de-candidaturas-a-prefeitura-de-alagoinhas-para-definir-ordem-de-entrevistas\/' class='whatsapp-button whatsapp-share'>WhatsApp<\/a><div class='clear '><\/div><\/div>","protected":false},"excerpt":{"rendered":"<p>[sg_popup id=&#8221;11418&#8243; event=&#8221;inherit&#8221;][\/sg_popup]Na manh\u00e3 desta quarta-feira(14), ocorreu, na sede da r\u00e1dio Web 2 de Julho, a reuni\u00e3o que definiu as regras e a ordem dos candidatos \u00e1 prefeitura de Alagoinhas que ser\u00e3o entrevistados pela emissora. Compareceram \u00e0 reuni\u00e3o representantes dos candidatos Gilvan Artes, Joaquim Neto, Ednaldo Sacramento, Radiovaldo Costa, Marcos Reis e Jonatan. O candidato [&hellip;]<\/p>\n","protected":false},"author":1,"featured_media":22491,"comment_status":"open","ping_status":"open","sticky":false,"template":"","format":"standard","meta":{"om_disable_all_campaigns":false,"_exactmetrics_skip_tracking":false,"_exactmetrics_sitenote_active":false,"_exactmetrics_sitenote_note":"","_exactmetrics_sitenote_category":0,"footnotes":""},"categories":[167],"tags":[],"class_list":["post-22490","post","type-post","status-publish","format-standard","has-post-thumbnail","hentry","category-exclusivas"],"aioseo_notices":[],"_links":{"self":[{"href":"https:\/\/newsinfoco.com.br\/inicio\/wp-json\/wp\/v2\/posts\/22490","targetHints":{"allow":["GET"]}}],"collection":[{"href":"https:\/\/newsinfoco.com.br\/inicio\/wp-json\/wp\/v2\/posts"}],"about":[{"href":"https:\/\/newsinfoco.com.br\/inicio\/wp-json\/wp\/v2\/types\/post"}],"author":[{"embeddable":true,"href":"https:\/\/newsinfoco.com.br\/inicio\/wp-json\/wp\/v2\/users\/1"}],"replies":[{"embeddable":true,"href":"https:\/\/newsinfoco.com.br\/inicio\/wp-json\/wp\/v2\/comments?post=22490"}],"version-history":[{"count":0,"href":"https:\/\/newsinfoco.com.br\/inicio\/wp-json\/wp\/v2\/posts\/22490\/revisions"}],"wp:featuredmedia":[{"embeddable":true,"href":"https:\/\/newsinfoco.com.br\/inicio\/wp-json\/wp\/v2\/media\/22491"}],"wp:attachment":[{"href":"https:\/\/newsinfoco.com.br\/inicio\/wp-json\/wp\/v2\/media?parent=22490"}],"wp:term":[{"taxonomy":"category","embeddable":true,"href":"https:\/\/newsinfoco.com.br\/inicio\/wp-json\/wp\/v2\/categories?post=22490"},{"taxonomy":"post_tag","embeddable":true,"href":"https:\/\/newsinfoco.com.br\/inicio\/wp-json\/wp\/v2\/tags?post=22490"}],"curies":[{"name":"wp","href":"https:\/\/api.w.org\/{rel}","templated":true}]}}