{"id":2251,"date":"2018-04-09T14:42:45","date_gmt":"2018-04-09T17:42:45","guid":{"rendered":"http:\/\/newsinfoco.com.br\/?p=2251"},"modified":"2018-04-09T14:42:45","modified_gmt":"2018-04-09T17:42:45","slug":"temer-cita-momento-dificil-na-politica-e-prega-cumprimento-da-norma-juridica","status":"publish","type":"post","link":"https:\/\/newsinfoco.com.br\/inicio\/temer-cita-momento-dificil-na-politica-e-prega-cumprimento-da-norma-juridica\/","title":{"rendered":"Temer cita &#8220;momento dif\u00edcil na pol\u00edtica&#8221; e prega &#8220;cumprimento da norma jur\u00eddica&#8221;"},"content":{"rendered":"<p class=\" \" style=\"text-align: justify;\"><span style=\"color: #000000;\">O presidente Michel Temer deu posse na manh\u00e3 desta segunda-feira (9) ao novo presidente do Banco Nacional de Desenvolvimento Econ\u00f4mico e Social (BNDES), o ex-ministro do Planejamento Dyogo Oliveira. A\u00a0cerim\u00f4nia foi realizada na sede do banco estatal no\u00a0Rio de Janeiro.\u00a0<\/span><\/p>\n<p style=\"text-align: justify;\"><span style=\"color: #000000;\">A mudan\u00e7a na chefia do BNDES\u00a0representa\u00a0\u00a0<a style=\"color: #000000;\" href=\"http:\/\/ultimosegundo.ig.com.br\/politica\/2018-04-02\/temer-ministros-saude-transporte.html\" target=\"_blank\" rel=\"noopener\">mais um ato da reforma ministerial<\/a>\u00a0que\u00a0<strong>Michel Temer<\/strong>\u00a0precisou atravessar por conta da legisla\u00e7\u00e3o eleitoral, que\u00a0obrigou todos os ocupantes de cargos no Executivo com pretens\u00f5es eleitorais a deixarem\u00a0suas fun\u00e7\u00f5es at\u00e9 a \u00faltima sexta-feira (6). O ent\u00e3o presidente do banco estatal era\u00a0Paulo Rabello de Castro, que \u00e9 filiado ao PSC e deve ser candidato nas elei\u00e7\u00f5es de outubro.\u00a0<\/span><\/p><div class=\"newsi-conteudo_19\" id=\"newsi-997515759\"><a href=\"https:\/\/www.instagram.com\/prefeituraalagoinhas?igsh=YzgzdDJ1bWR3aWI4\" aria-label=\"SAVE_20251006_221555\"><img loading=\"lazy\" decoding=\"async\" src=\"https:\/\/newsinfoco.com.br\/inicio\/wp-content\/uploads\/2025\/10\/SAVE_20251006_221555-rotated.jpg\" alt=\"\"  srcset=\"https:\/\/newsinfoco.com.br\/inicio\/wp-content\/uploads\/2025\/10\/SAVE_20251006_221555-rotated.jpg 1140w, https:\/\/newsinfoco.com.br\/inicio\/wp-content\/uploads\/2025\/10\/SAVE_20251006_221555-300x52.jpg 300w, https:\/\/newsinfoco.com.br\/inicio\/wp-content\/uploads\/2025\/10\/SAVE_20251006_221555-1024x177.jpg 1024w, https:\/\/newsinfoco.com.br\/inicio\/wp-content\/uploads\/2025\/10\/SAVE_20251006_221555-768x133.jpg 768w, https:\/\/newsinfoco.com.br\/inicio\/wp-content\/uploads\/2025\/10\/SAVE_20251006_221555-600x104.jpg 600w, https:\/\/newsinfoco.com.br\/inicio\/wp-content\/uploads\/2025\/10\/SAVE_20251006_221555-696x120.jpg 696w, https:\/\/newsinfoco.com.br\/inicio\/wp-content\/uploads\/2025\/10\/SAVE_20251006_221555-1068x185.jpg 1068w\" sizes=\"(max-width: 1140px) 100vw, 1140px\" width=\"1140\" height=\"197\"   \/><\/a><\/div>\n<p style=\"text-align: justify;\"><span style=\"color: #000000;\">Sem mencionar a pris\u00e3o do ex-presidente Lula, Temer disse em seu discurso que o Brasil atravessa um &#8220;momento dif\u00edcil sob o foco pol\u00edtico&#8221; e defendeu o &#8220;cumprimento \u00e0 norma jur\u00eddica&#8221;.\u00a0<\/span><\/p>\n<p style=\"text-align: justify;\"><span style=\"color: #000000;\">&#8220;Precisamos saber que n\u00f3s sa\u00edmos de um momento do Pa\u00eds&#8230; Continuamos num momento dif\u00edcil tamb\u00e9m sob o foco pol\u00edtico, mas n\u00f3s temos que seguir adiante. E seguir adiante significa cumprir a normatividade nacional, porque \u00e9 isso que d\u00e1 estabilidade ao Pa\u00eds. N\u00f3s\u00a0s\u00f3 temos organiza\u00e7\u00e3o quando voc\u00ea tem cumprimento restrito e estrito \u00e0 norma jur\u00eddica.\u00a0Quando voc\u00ea acha que n\u00e3o precisa seguir a norma jur\u00eddica, voc\u00ea desorganiza a sociedade&#8221;, afirmou o presidente.<\/span><\/p>\n<h3 style=\"text-align: justify;\"><span style=\"color: #000000;\">Reforma ministerial<\/span><\/h3>\n<p style=\"text-align: justify;\"><span style=\"color: #000000;\">Al\u00e9m\u00a0da sa\u00edda de Dyogo Oliveira do Minist\u00e9rio do Planejamento \u2013 que\u00a0foi assumido pelo at\u00e9 ent\u00e3o secret\u00e1rio-executivo da pasta,\u00a0Esteves Colnago \u2013\u00a0outras dez mudan\u00e7as na equipe ministerial do governo ocorreram devido ao chamado\u00a0prazo para desincompatibiliza\u00e7\u00e3o de cargos p\u00fablicos.<\/span><\/p>\n<p style=\"text-align: justify;\"><span style=\"color: #000000;\">O Planalto confirmou nesse domingo (8) que o chefe da Secretaria-Geral, Moreira Franco (MDB), ir\u00e1 agora para a\u00a0chefia de Minas e Energia no lugar de\u00a0Fernando Coelho Filho (MDB), que deve tentar se reeleger ao cargo de deputado federal.<\/span><\/p>\n<p style=\"text-align: justify;\"><span style=\"color: #000000;\">Moreira Franco\u00a0foi, ao lado de Temer, um dos alvos\u00a0de den\u00fancia oferecida pela Procuradoria-Geral da Rep\u00fablica (PGR) e que acabou\u00a0engavetada por decis\u00e3o da C\u00e2mara dos Deputados no ano passado. O substituto do emedebista na Secretaria-Geral ainda n\u00e3o foi informado pelo Planalto.<\/span><\/p>\n<p style=\"text-align: justify;\"><span style=\"color: #000000;\">Outra mudan\u00e7a importante na equipe de governo foi a sa\u00edda de Henrique Meirelles da pasta da Fazenda. O principal nome da equipe econ\u00f4mica filiou-se na semana passada ao MDB e pretende se candidatar \u00e0 Presid\u00eancia da Rep\u00fablica. Ele foi substitu\u00eddo por\u00a0Eduardo Guardia, que era secret\u00e1rio-executivo do minist\u00e9rio.\u00a0<\/span><\/p>\n<p style=\"text-align: justify;\"><span style=\"color: #000000;\">Al\u00e9m de Dyogo, Coelho Filho e Meirelles, deixaram tamb\u00e9m a equipe do presidente\u00a0<strong>Michel Temer<\/strong>\u00a0os ministros\u00a0Ricardo Barros (Sa\u00fade),\u00a0Mendon\u00e7a Filho (Educa\u00e7\u00e3o),\u00a0Maur\u00edcio Quintella (Transportes),\u00a0Marx Beltr\u00e3o (Turismo),\u00a0Leonardo Picciani (Esporte),\u00a0Osmar Terra (Desenvolvimento Social),\u00a0Sarney Filho (Meio Ambiente) e\u00a0Helder Barbalho (Integra\u00e7\u00e3o Nacional).<\/span><\/p>\n<h6 style=\"text-align: right;\"><span style=\"color: #999999;\"><strong>Fonte:ig<\/strong><\/span><\/h6>\n<div class='share-to-whatsapp-wrapper'><div class='share-on-whsp'>Share on: <\/div><a data-text='Temer cita \"momento dif\u00edcil na pol\u00edtica\" e prega \"cumprimento da norma jur\u00eddica\"' data-link='https:\/\/newsinfoco.com.br\/inicio\/temer-cita-momento-dificil-na-politica-e-prega-cumprimento-da-norma-juridica\/' class='whatsapp-button whatsapp-share'>WhatsApp<\/a><div class='clear '><\/div><\/div>","protected":false},"excerpt":{"rendered":"<p>O presidente Michel Temer deu posse na manh\u00e3 desta segunda-feira (9) ao novo presidente do Banco Nacional de Desenvolvimento Econ\u00f4mico e Social (BNDES), o ex-ministro do Planejamento Dyogo Oliveira. A\u00a0cerim\u00f4nia foi realizada na sede do banco estatal no\u00a0Rio de Janeiro.\u00a0 A mudan\u00e7a na chefia do BNDES\u00a0representa\u00a0\u00a0mais um ato da reforma ministerial\u00a0que\u00a0Michel Temer\u00a0precisou atravessar por conta [&hellip;]<\/p>\n","protected":false},"author":1,"featured_media":2252,"comment_status":"open","ping_status":"open","sticky":false,"template":"","format":"standard","meta":{"om_disable_all_campaigns":false,"_exactmetrics_skip_tracking":false,"_exactmetrics_sitenote_active":false,"_exactmetrics_sitenote_note":"","_exactmetrics_sitenote_category":0,"footnotes":""},"categories":[21],"tags":[],"class_list":["post-2251","post","type-post","status-publish","format-standard","has-post-thumbnail","hentry","category-brasil"],"aioseo_notices":[],"_links":{"self":[{"href":"https:\/\/newsinfoco.com.br\/inicio\/wp-json\/wp\/v2\/posts\/2251","targetHints":{"allow":["GET"]}}],"collection":[{"href":"https:\/\/newsinfoco.com.br\/inicio\/wp-json\/wp\/v2\/posts"}],"about":[{"href":"https:\/\/newsinfoco.com.br\/inicio\/wp-json\/wp\/v2\/types\/post"}],"author":[{"embeddable":true,"href":"https:\/\/newsinfoco.com.br\/inicio\/wp-json\/wp\/v2\/users\/1"}],"replies":[{"embeddable":true,"href":"https:\/\/newsinfoco.com.br\/inicio\/wp-json\/wp\/v2\/comments?post=2251"}],"version-history":[{"count":0,"href":"https:\/\/newsinfoco.com.br\/inicio\/wp-json\/wp\/v2\/posts\/2251\/revisions"}],"wp:featuredmedia":[{"embeddable":true,"href":"https:\/\/newsinfoco.com.br\/inicio\/wp-json\/wp\/v2\/media\/2252"}],"wp:attachment":[{"href":"https:\/\/newsinfoco.com.br\/inicio\/wp-json\/wp\/v2\/media?parent=2251"}],"wp:term":[{"taxonomy":"category","embeddable":true,"href":"https:\/\/newsinfoco.com.br\/inicio\/wp-json\/wp\/v2\/categories?post=2251"},{"taxonomy":"post_tag","embeddable":true,"href":"https:\/\/newsinfoco.com.br\/inicio\/wp-json\/wp\/v2\/tags?post=2251"}],"curies":[{"name":"wp","href":"https:\/\/api.w.org\/{rel}","templated":true}]}}