{"id":2255,"date":"2018-04-09T14:45:40","date_gmt":"2018-04-09T17:45:40","guid":{"rendered":"http:\/\/newsinfoco.com.br\/?p=2255"},"modified":"2018-04-09T14:45:40","modified_gmt":"2018-04-09T17:45:40","slug":"mercado-reduz-projecoes-para-inflacao-novamente-mostra-focus","status":"publish","type":"post","link":"https:\/\/newsinfoco.com.br\/inicio\/mercado-reduz-projecoes-para-inflacao-novamente-mostra-focus\/","title":{"rendered":"Mercado reduz proje\u00e7\u00f5es para infla\u00e7\u00e3o novamente, mostra Focus"},"content":{"rendered":"<p style=\"text-align: justify;\"><span style=\"color: #000000;\">A proje\u00e7\u00e3o para a infla\u00e7\u00e3o neste ano foi reduzida pela 10\u00aa vez seguida na pesquisa\u00a0<strong><a style=\"color: #000000;\" href=\"https:\/\/exame.abril.com.br\/noticias-sobre\/boletim-focus\/\">Focus<\/a><\/strong>\u00a0do\u00a0<strong><a style=\"color: #000000;\" href=\"https:\/\/exame.abril.com.br\/noticias-sobre\/banco-central\/\">Banco Central<\/a><\/strong>\u00a0divulgada nesta segunda-feira, caminhando na dire\u00e7\u00e3o do piso da meta oficial, enquanto a vis\u00e3o para a economia teve ligeira piora.<\/span><\/p>\n<p style=\"text-align: justify;\"><span style=\"color: #000000;\">Os economistas consultados no levantamento passaram a calcular a alta do\u00a0<strong><a style=\"color: #000000;\" href=\"https:\/\/exame.abril.com.br\/noticias-sobre\/ipca\/\">IPCA<\/a>\u00a0<\/strong>em 2018 agora em 3,53 por cento, ante 3,54 por cento na semana anterior. A meta oficial para este ano \u00e9 de 4,5 por cento, com margem de 1,5 ponto porcentual.<\/span><\/p><div class=\"newsi-conteudo_19\" id=\"newsi-499247643\"><a href=\"https:\/\/www.instagram.com\/prefeituraalagoinhas?igsh=YzgzdDJ1bWR3aWI4\" aria-label=\"SAVE_20251006_221555\"><img loading=\"lazy\" decoding=\"async\" src=\"https:\/\/newsinfoco.com.br\/inicio\/wp-content\/uploads\/2025\/10\/SAVE_20251006_221555-rotated.jpg\" alt=\"\"  srcset=\"https:\/\/newsinfoco.com.br\/inicio\/wp-content\/uploads\/2025\/10\/SAVE_20251006_221555-rotated.jpg 1140w, https:\/\/newsinfoco.com.br\/inicio\/wp-content\/uploads\/2025\/10\/SAVE_20251006_221555-300x52.jpg 300w, https:\/\/newsinfoco.com.br\/inicio\/wp-content\/uploads\/2025\/10\/SAVE_20251006_221555-1024x177.jpg 1024w, https:\/\/newsinfoco.com.br\/inicio\/wp-content\/uploads\/2025\/10\/SAVE_20251006_221555-768x133.jpg 768w, https:\/\/newsinfoco.com.br\/inicio\/wp-content\/uploads\/2025\/10\/SAVE_20251006_221555-600x104.jpg 600w, https:\/\/newsinfoco.com.br\/inicio\/wp-content\/uploads\/2025\/10\/SAVE_20251006_221555-696x120.jpg 696w, https:\/\/newsinfoco.com.br\/inicio\/wp-content\/uploads\/2025\/10\/SAVE_20251006_221555-1068x185.jpg 1068w\" sizes=\"(max-width: 1140px) 100vw, 1140px\" width=\"1140\" height=\"197\"   \/><\/a><\/div>\n<p style=\"text-align: justify;\"><span style=\"color: #000000;\">Para 2019, o c\u00e1lculo tamb\u00e9m sofreu um ajuste de 0,01 ponto percentual, mas para cima, a 4,09 por cento.<\/span><\/p>\n<p style=\"text-align: justify;\"><span style=\"color: #000000;\">O IBGE divulga na ter\u00e7a-feira os dados de mar\u00e7o do IPCA, e pesquisa da Reuters aponta que a infla\u00e7\u00e3o provavelmente desacelerou em mar\u00e7o \u00e0 m\u00ednima em cinco meses de 2,72 por cento em 12 meses, sugerindo que o BC pode ter esperado tempo demais para sinalizar novo corte de juros.<\/span><\/p>\n<p style=\"text-align: justify;\"><span style=\"color: #000000;\">Ao mesmo tempo, a expectativa para o desempenho da economia brasileira piorou. A proje\u00e7\u00e3o \u00e9 de que o Produto Interno Bruto (PIB) registre uma expans\u00e3o de 2,80 por cento neste ano, contra 2,84 por cento antes, avan\u00e7ando a 3 por cento em 2019, em proje\u00e7\u00e3o inalterada no levantamento.<\/span><\/p>\n<p style=\"text-align: justify;\"><span style=\"color: #000000;\">A pesquisa mostra ainda que o mercado continua vendo que a Selic terminar\u00e1 2018 a 6,25 por cento e 2019, a 8 por cento. Atualmente, a taxa b\u00e1sica de juros est\u00e1 em 6,5 por cento.<\/span><\/p>\n<p>&nbsp;<\/p>\n<h6 style=\"text-align: right;\"><span style=\"color: #999999;\">Fonte:Exame<\/span><\/h6>\n<div class='share-to-whatsapp-wrapper'><div class='share-on-whsp'>Share on: <\/div><a data-text='Mercado reduz proje\u00e7\u00f5es para infla\u00e7\u00e3o novamente, mostra Focus' data-link='https:\/\/newsinfoco.com.br\/inicio\/mercado-reduz-projecoes-para-inflacao-novamente-mostra-focus\/' class='whatsapp-button whatsapp-share'>WhatsApp<\/a><div class='clear '><\/div><\/div>","protected":false},"excerpt":{"rendered":"<p>A proje\u00e7\u00e3o para a infla\u00e7\u00e3o neste ano foi reduzida pela 10\u00aa vez seguida na pesquisa\u00a0Focus\u00a0do\u00a0Banco Central\u00a0divulgada nesta segunda-feira, caminhando na dire\u00e7\u00e3o do piso da meta oficial, enquanto a vis\u00e3o para a economia teve ligeira piora. Os economistas consultados no levantamento passaram a calcular a alta do\u00a0IPCA\u00a0em 2018 agora em 3,53 por cento, ante 3,54 por [&hellip;]<\/p>\n","protected":false},"author":1,"featured_media":2256,"comment_status":"open","ping_status":"open","sticky":false,"template":"","format":"standard","meta":{"om_disable_all_campaigns":false,"_exactmetrics_skip_tracking":false,"_exactmetrics_sitenote_active":false,"_exactmetrics_sitenote_note":"","_exactmetrics_sitenote_category":0,"footnotes":""},"categories":[21],"tags":[],"class_list":["post-2255","post","type-post","status-publish","format-standard","has-post-thumbnail","hentry","category-brasil"],"aioseo_notices":[],"_links":{"self":[{"href":"https:\/\/newsinfoco.com.br\/inicio\/wp-json\/wp\/v2\/posts\/2255","targetHints":{"allow":["GET"]}}],"collection":[{"href":"https:\/\/newsinfoco.com.br\/inicio\/wp-json\/wp\/v2\/posts"}],"about":[{"href":"https:\/\/newsinfoco.com.br\/inicio\/wp-json\/wp\/v2\/types\/post"}],"author":[{"embeddable":true,"href":"https:\/\/newsinfoco.com.br\/inicio\/wp-json\/wp\/v2\/users\/1"}],"replies":[{"embeddable":true,"href":"https:\/\/newsinfoco.com.br\/inicio\/wp-json\/wp\/v2\/comments?post=2255"}],"version-history":[{"count":0,"href":"https:\/\/newsinfoco.com.br\/inicio\/wp-json\/wp\/v2\/posts\/2255\/revisions"}],"wp:featuredmedia":[{"embeddable":true,"href":"https:\/\/newsinfoco.com.br\/inicio\/wp-json\/wp\/v2\/media\/2256"}],"wp:attachment":[{"href":"https:\/\/newsinfoco.com.br\/inicio\/wp-json\/wp\/v2\/media?parent=2255"}],"wp:term":[{"taxonomy":"category","embeddable":true,"href":"https:\/\/newsinfoco.com.br\/inicio\/wp-json\/wp\/v2\/categories?post=2255"},{"taxonomy":"post_tag","embeddable":true,"href":"https:\/\/newsinfoco.com.br\/inicio\/wp-json\/wp\/v2\/tags?post=2255"}],"curies":[{"name":"wp","href":"https:\/\/api.w.org\/{rel}","templated":true}]}}