{"id":2258,"date":"2018-04-09T14:48:06","date_gmt":"2018-04-09T17:48:06","guid":{"rendered":"http:\/\/newsinfoco.com.br\/?p=2258"},"modified":"2018-04-09T14:48:06","modified_gmt":"2018-04-09T17:48:06","slug":"premio-servidor-cidadao-abre-inscricoes-a-partir-desta-segunda-feira-9","status":"publish","type":"post","link":"https:\/\/newsinfoco.com.br\/inicio\/premio-servidor-cidadao-abre-inscricoes-a-partir-desta-segunda-feira-9\/","title":{"rendered":"Pr\u00eamio Servidor Cidad\u00e3o abre inscri\u00e7\u00f5es a partir desta segunda-feira (9)"},"content":{"rendered":"<div class=\"field field--name-body field--type-text-with-summary field--label-hidden field--item\">\n<p style=\"text-align: justify;\"><span style=\"color: #000000;\">As inscri\u00e7\u00f5es para o Pr\u00eamio Servidor Cidad\u00e3o est\u00e3o abertas a partir desta segunda-feira (9) e v\u00e3o at\u00e9 o dia 19 de julho. Para concorrer, basta se inscrever atrav\u00e9s de banner no Portal do Servidor ou\u00a0<a style=\"color: #000000;\" href=\"http:\/\/valorizaservidor.ba.gov.br\/inscricao\/login.php\">clicando aqui<\/a>. A premia\u00e7\u00e3o \u00e9 destinada a servidores p\u00fablicos estaduais que desenvolvam a\u00e7\u00f5es ou projetos visando \u00e0 melhoria da qualidade de vida e da presta\u00e7\u00e3o de servi\u00e7os para a popula\u00e7\u00e3o baiana, em car\u00e1ter volunt\u00e1rio. Assim como a\u00e7\u00f5es de est\u00edmulo \u00e0 cultura, \u00e0 capacita\u00e7\u00e3o profissional e \u00e0 forma\u00e7\u00e3o educacional.<\/span><\/p>\n<p style=\"text-align: justify;\"><span style=\"color: #000000;\">O certame vai distribuir R$ 42 mil em pr\u00eamios, contemplando os que v\u00e3o ficar de 1\u00ba a 10\u00ba lugar, al\u00e9m da institui\u00e7\u00e3o sem fins lucrativos, cujo projeto ou a\u00e7\u00e3o tenha sido selecionado, que vai receber R$ 10 mil, o mesmo valor do vencedor. O segundo fica com R$ 7 mil, o terceiro R 5 mil, o quarto fatura R$ 3 mil, e o quinto R$ 2 mil. O sexto at\u00e9 o d\u00e9cimo levam R$ 1 mil, cada.<\/span><\/p><div class=\"newsi-conteudo_19\" id=\"newsi-3679965663\"><a href=\"https:\/\/www.instagram.com\/prefeituraalagoinhas?igsh=YzgzdDJ1bWR3aWI4\" aria-label=\"SAVE_20251006_221555\"><img loading=\"lazy\" decoding=\"async\" src=\"https:\/\/newsinfoco.com.br\/inicio\/wp-content\/uploads\/2025\/10\/SAVE_20251006_221555-rotated.jpg\" alt=\"\"  srcset=\"https:\/\/newsinfoco.com.br\/inicio\/wp-content\/uploads\/2025\/10\/SAVE_20251006_221555-rotated.jpg 1140w, https:\/\/newsinfoco.com.br\/inicio\/wp-content\/uploads\/2025\/10\/SAVE_20251006_221555-300x52.jpg 300w, https:\/\/newsinfoco.com.br\/inicio\/wp-content\/uploads\/2025\/10\/SAVE_20251006_221555-1024x177.jpg 1024w, https:\/\/newsinfoco.com.br\/inicio\/wp-content\/uploads\/2025\/10\/SAVE_20251006_221555-768x133.jpg 768w, https:\/\/newsinfoco.com.br\/inicio\/wp-content\/uploads\/2025\/10\/SAVE_20251006_221555-600x104.jpg 600w, https:\/\/newsinfoco.com.br\/inicio\/wp-content\/uploads\/2025\/10\/SAVE_20251006_221555-696x120.jpg 696w, https:\/\/newsinfoco.com.br\/inicio\/wp-content\/uploads\/2025\/10\/SAVE_20251006_221555-1068x185.jpg 1068w\" sizes=\"(max-width: 1140px) 100vw, 1140px\" width=\"1140\" height=\"197\"   \/><\/a><\/div>\n<p style=\"text-align: justify;\"><span style=\"color: #000000;\">Os vencedores ser\u00e3o conhecidos durante o Dia Voc\u00ea Servidor, que celebra o Dia do Servidor P\u00fablico. A a\u00e7\u00e3o \u00e9 promovida pela Secretaria da Administra\u00e7\u00e3o (Saeb), atrav\u00e9s da diretoria de Valoriza\u00e7\u00e3o e Desenvolvimento de Pessoas da Superintend\u00eancia de Recursos Humanos (DDE\/SRH). O evento ser\u00e1 realizado no dia 25 de outubro de 2018.<\/span><\/p>\n<\/div>\n<div class=\"field field--name-field-paragrafos field--type-entity-reference-revisions field--label-hidden field--items\">\n<div class=\"field--item\">\n<div class=\"paragraph paragraph--type--titulo-texto paragraph--view-mode--default\">\n<div class=\"field field--name-field-title-paragraphs field--type-string field--label-hidden field--item\" style=\"text-align: justify;\"><span style=\"color: #000000;\">Pr\u00eamio Servidor Cidad\u00e3o<\/span><\/div>\n<div class=\"field field--name-field-text-paragraphs field--type-text-long field--label-hidden field--item\">\n<p style=\"text-align: justify;\"><span style=\"color: #000000;\">O Pr\u00eamio Servidor Cidad\u00e3o, que em 2018 chega a sua 15\u00aa edi\u00e7\u00e3o, tem o objetivo de reconhecer e premiar servidores estaduais respons\u00e1veis por a\u00e7\u00f5es ou projetos que visam a melhoria da qualidade de vida e da presta\u00e7\u00e3o de servi\u00e7os, bem como, o est\u00edmulo \u00e0 cultura, \u00e0 educa\u00e7\u00e3o e ao esporte, no \u00e2mbito das suas comunidades, sempre em car\u00e1ter volunt\u00e1rio e fora do expediente de trabalho. De 2003 a 2016, houve 1.367 inscri\u00e7\u00f5es na premia\u00e7\u00e3o.<\/span><\/p>\n<p style=\"text-align: justify;\"><span style=\"color: #000000;\">At\u00e9 2016, havia duas premia\u00e7\u00f5es anuais: o Pr\u00eamio Servidor Cidad\u00e3o (14 edi\u00e7\u00f5es) e o Pr\u00eamio de Boas Pr\u00e1ticas de Trabalho no Servi\u00e7o P\u00fablico Estadual (8 edi\u00e7\u00f5es). Em mar\u00e7o de 2017 houve uma altera\u00e7\u00e3o legal, que mudou a periodicidade para dois em dois anos. Ent\u00e3o, em 2017, foi realizado o Pr\u00eamio de Boas Pr\u00e1ticas de Trabalho no Servi\u00e7o P\u00fablico Estadual. Este ano, acontece o Pr\u00eamio Servidor Cidad\u00e3o.<\/span><\/p>\n<\/div>\n<h6 style=\"text-align: right;\"><span style=\"color: #999999;\">Fonte:Portaldoservidor<\/span><\/h6>\n<\/div>\n<\/div>\n<\/div>\n<div class='share-to-whatsapp-wrapper'><div class='share-on-whsp'>Share on: <\/div><a data-text='Pr\u00eamio Servidor Cidad\u00e3o abre inscri\u00e7\u00f5es a partir desta segunda-feira (9)' data-link='https:\/\/newsinfoco.com.br\/inicio\/premio-servidor-cidadao-abre-inscricoes-a-partir-desta-segunda-feira-9\/' class='whatsapp-button whatsapp-share'>WhatsApp<\/a><div class='clear '><\/div><\/div>","protected":false},"excerpt":{"rendered":"<p>As inscri\u00e7\u00f5es para o Pr\u00eamio Servidor Cidad\u00e3o est\u00e3o abertas a partir desta segunda-feira (9) e v\u00e3o at\u00e9 o dia 19 de julho. Para concorrer, basta se inscrever atrav\u00e9s de banner no Portal do Servidor ou\u00a0clicando aqui. A premia\u00e7\u00e3o \u00e9 destinada a servidores p\u00fablicos estaduais que desenvolvam a\u00e7\u00f5es ou projetos visando \u00e0 melhoria da qualidade de [&hellip;]<\/p>\n","protected":false},"author":1,"featured_media":2259,"comment_status":"open","ping_status":"open","sticky":false,"template":"","format":"standard","meta":{"om_disable_all_campaigns":false,"_exactmetrics_skip_tracking":false,"_exactmetrics_sitenote_active":false,"_exactmetrics_sitenote_note":"","_exactmetrics_sitenote_category":0,"footnotes":""},"categories":[19],"tags":[],"class_list":["post-2258","post","type-post","status-publish","format-standard","has-post-thumbnail","hentry","category-bahia"],"aioseo_notices":[],"_links":{"self":[{"href":"https:\/\/newsinfoco.com.br\/inicio\/wp-json\/wp\/v2\/posts\/2258","targetHints":{"allow":["GET"]}}],"collection":[{"href":"https:\/\/newsinfoco.com.br\/inicio\/wp-json\/wp\/v2\/posts"}],"about":[{"href":"https:\/\/newsinfoco.com.br\/inicio\/wp-json\/wp\/v2\/types\/post"}],"author":[{"embeddable":true,"href":"https:\/\/newsinfoco.com.br\/inicio\/wp-json\/wp\/v2\/users\/1"}],"replies":[{"embeddable":true,"href":"https:\/\/newsinfoco.com.br\/inicio\/wp-json\/wp\/v2\/comments?post=2258"}],"version-history":[{"count":0,"href":"https:\/\/newsinfoco.com.br\/inicio\/wp-json\/wp\/v2\/posts\/2258\/revisions"}],"wp:featuredmedia":[{"embeddable":true,"href":"https:\/\/newsinfoco.com.br\/inicio\/wp-json\/wp\/v2\/media\/2259"}],"wp:attachment":[{"href":"https:\/\/newsinfoco.com.br\/inicio\/wp-json\/wp\/v2\/media?parent=2258"}],"wp:term":[{"taxonomy":"category","embeddable":true,"href":"https:\/\/newsinfoco.com.br\/inicio\/wp-json\/wp\/v2\/categories?post=2258"},{"taxonomy":"post_tag","embeddable":true,"href":"https:\/\/newsinfoco.com.br\/inicio\/wp-json\/wp\/v2\/tags?post=2258"}],"curies":[{"name":"wp","href":"https:\/\/api.w.org\/{rel}","templated":true}]}}