{"id":2261,"date":"2018-04-09T14:56:18","date_gmt":"2018-04-09T17:56:18","guid":{"rendered":"http:\/\/newsinfoco.com.br\/?p=2261"},"modified":"2018-04-09T14:56:18","modified_gmt":"2018-04-09T17:56:18","slug":"mec-lanca-publicacoes-do-pnld-literario-didatico-e-guia-de-tecnologias-educacionais","status":"publish","type":"post","link":"https:\/\/newsinfoco.com.br\/inicio\/mec-lanca-publicacoes-do-pnld-literario-didatico-e-guia-de-tecnologias-educacionais\/","title":{"rendered":"MEC lan\u00e7a publica\u00e7\u00f5es do PNLD liter\u00e1rio, did\u00e1tico e Guia de Tecnologias Educacionais"},"content":{"rendered":"<p style=\"text-align: justify;\"><span style=\"color: #000000;\">Com o foco em disseminar a tecnologia entre estudantes e professores das escolas p\u00fablicas de todo o pa\u00eds, o Minist\u00e9rio da Educa\u00e7\u00e3o lan\u00e7ou, na \u00faltima semana, tr\u00eas editais \u2013 dois no \u00e2mbito do Programa Nacional do Livro e do Material Did\u00e1tico (PNLD) e um para inscri\u00e7\u00e3o, avalia\u00e7\u00e3o e precifica\u00e7\u00e3o de tecnologias educacionais que ser\u00e3o inclu\u00eddas no Guia de Tecnologias Educacionais.<\/span><\/p>\n<p style=\"text-align: justify;\"><span style=\"color: #000000;\">De acordo com a ministra interina da Educa\u00e7\u00e3o, Maria Helena Guimar\u00e3es de Castro, o programa incorporou um formato mais din\u00e2mico com a amplia\u00e7\u00e3o do PNLD para obras liter\u00e1rias e material did\u00e1tico como obras pedag\u00f3gicas, softwares e jogos educacionais, materiais de refor\u00e7o e corre\u00e7\u00e3o de fluxo. \u00a0\u201cEssa altera\u00e7\u00e3o vem na dire\u00e7\u00e3o do que acontece dentro da sala de aula, tornando o PNLD um programa mais integrado e mais pr\u00f3ximo da realidade did\u00e1tica dos professores e estudantes\u201d, destaca.<\/span><\/p><div class=\"newsi-conteudo_19\" id=\"newsi-338666158\"><a href=\"https:\/\/www.instagram.com\/prefeituraalagoinhas?igsh=YzgzdDJ1bWR3aWI4\" aria-label=\"SAVE_20251006_221555\"><img loading=\"lazy\" decoding=\"async\" src=\"https:\/\/newsinfoco.com.br\/inicio\/wp-content\/uploads\/2025\/10\/SAVE_20251006_221555-rotated.jpg\" alt=\"\"  srcset=\"https:\/\/newsinfoco.com.br\/inicio\/wp-content\/uploads\/2025\/10\/SAVE_20251006_221555-rotated.jpg 1140w, https:\/\/newsinfoco.com.br\/inicio\/wp-content\/uploads\/2025\/10\/SAVE_20251006_221555-300x52.jpg 300w, https:\/\/newsinfoco.com.br\/inicio\/wp-content\/uploads\/2025\/10\/SAVE_20251006_221555-1024x177.jpg 1024w, https:\/\/newsinfoco.com.br\/inicio\/wp-content\/uploads\/2025\/10\/SAVE_20251006_221555-768x133.jpg 768w, https:\/\/newsinfoco.com.br\/inicio\/wp-content\/uploads\/2025\/10\/SAVE_20251006_221555-600x104.jpg 600w, https:\/\/newsinfoco.com.br\/inicio\/wp-content\/uploads\/2025\/10\/SAVE_20251006_221555-696x120.jpg 696w, https:\/\/newsinfoco.com.br\/inicio\/wp-content\/uploads\/2025\/10\/SAVE_20251006_221555-1068x185.jpg 1068w\" sizes=\"(max-width: 1140px) 100vw, 1140px\" width=\"1140\" height=\"197\"   \/><\/a><\/div>\n<p style=\"text-align: justify;\"><span style=\"color: #000000;\">O novo formato do PNLD, conforme estipulado pelo Decreto 9.099\/2017, prev\u00ea a distribui\u00e7\u00e3o anual para os estudantes tanto de obras did\u00e1ticas quanto liter\u00e1rias para uso em sala de aula.<\/span><\/p>\n<p style=\"text-align: justify;\"><span style=\"color: #000000;\"><strong>Editais<\/strong>\u00a0&#8211; Entre os dois editais do Programa Nacional do Livro e do Material Did\u00e1tico, o PNLD 2018 Liter\u00e1rio prev\u00ea a avalia\u00e7\u00e3o e distribui\u00e7\u00e3o de obras liter\u00e1rias para os estudantes da educa\u00e7\u00e3o infantil, dos anos iniciais do ensino fundamental (primeiro ao quinto ano) e ensino m\u00e9dio. J\u00e1 o PNLD 2020 ofertar\u00e1 obras did\u00e1ticas e liter\u00e1rias destinadas a estudantes e professores dos anos finais do ensino fundamental (sexto ao nono ano).<\/span><\/p>\n<p style=\"text-align: justify;\"><span style=\"color: #000000;\">O PNLD 2020 inicia o formato de atendimento no qual, a cada ano, s\u00e3o avaliadas e distribu\u00eddas obras did\u00e1ticas e liter\u00e1rias a professores, estudantes e, alternadamente, para a composi\u00e7\u00e3o de acervo para as escolas de determinada etapa de ensino da educa\u00e7\u00e3o b\u00e1sica.<\/span><\/p>\n<p style=\"text-align: justify;\"><span style=\"color: #000000;\">A partir de 2017, o programa passou a abranger entre suas a\u00e7\u00f5es a aquisi\u00e7\u00e3o e distribui\u00e7\u00e3o dos materiais anteriormente vinculados ao \u00e2mbito do Programa Nacional Biblioteca da Escola (PNBE). O atual PNLD inovou ao permitir que os estudantes e as escolas recebam obras liter\u00e1rias para as a\u00e7\u00f5es de incentivo liter\u00e1rio e apoio pedag\u00f3gico, em quantidade e diversidade adequadas ao cotidiano escolar.<\/span><\/p>\n<p style=\"text-align: justify;\"><span style=\"color: #000000;\">O secret\u00e1rio de Educa\u00e7\u00e3o B\u00e1sica do MEC, Rossieli Soares da Silva, explica que, nesse novo formato do PNLD, os estudantes ter\u00e3o acesso a obras de literatura em sala de aula, da educa\u00e7\u00e3o infantil at\u00e9 o terceiro ano do ensino fundamental e, individualmente, a partir do quarto ano do ensino fundamental. \u201cNo formato anterior, os livros de literatura eram direcionados apenas para a biblioteca, e agora passam a compor trabalho em sala de aula em quantidade suficiente para cada estudante e tamb\u00e9m acervo para a escola\/biblioteca\u201d, detalha.<\/span><\/p>\n<p style=\"text-align: justify;\"><span style=\"color: #000000;\">O atual formato do PNLD possibilita, ainda, a compra de softwares e jogos educacionais, materiais de refor\u00e7o e corre\u00e7\u00e3o de fluxo, materiais de forma\u00e7\u00e3o e destinados \u00e0 gest\u00e3o escolar, entre outros itens de apoio \u00e0 pr\u00e1tica educativa, inclu\u00eddas a\u00e7\u00f5es de qualifica\u00e7\u00e3o de materiais para a aquisi\u00e7\u00e3o descentralizada pelos entes federativos.<\/span><\/p>\n<p style=\"text-align: justify;\"><span style=\"color: #000000;\"><strong>Guia de tecnologias<\/strong>\u00a0\u2013 O Guia de Tecnologias Educacionais \u00e9 um cat\u00e1logo que cont\u00e9m tecnologias a serem utilizadas nas escolas p\u00fablicas brasileiras, previamente aprovadas e precificadas por especialistas, com o objetivo de servir de refer\u00eancia no processo de aquisi\u00e7\u00e3o desse tipo de material did\u00e1tico.\u00a0 O edital prev\u00ea avalia\u00e7\u00e3o em quatro ciclos de seis meses, garantindo um maior acesso aos interessados. S\u00e3o aceitas licen\u00e7as de uso Recurso Educacional Aberto (REA) e Creative Commons.<\/span><\/p>\n<p style=\"text-align: justify;\"><span style=\"color: #000000;\">O guia ter\u00e1 vig\u00eancia de quatro anos a partir da valida\u00e7\u00e3o dos resultados de cada um dos quatro ciclos pelo comit\u00ea t\u00e9cnico institu\u00eddo pelo MEC. Os interessados j\u00e1 podem se inscrever na Plataforma Evid\u00eancias.<\/span><\/p>\n<p style=\"text-align: justify;\"><span style=\"color: #000000;\">A diretora de apoio \u00e0s Redes de Educa\u00e7\u00e3o B\u00e1sica do MEC, Renilda Peres de Lima, explica que o guia vem para aprimorar o processo de ensino e aprendizagem nas escolas p\u00fablicas de educa\u00e7\u00e3o b\u00e1sica, garantindo o padr\u00e3o dos materiais escolares e facilitando a contrata\u00e7\u00e3o de tecnologias educacionais para a melhoria do ensino no pa\u00eds.<\/span><\/p>\n<p style=\"text-align: justify;\"><span style=\"color: #000000;\">\u00c9 considerado tecnologia educacional todo sistema de apoio ao processo de ensino e aprendizagem, composto de um produto inovador, como software ou hardware utilizado para trabalhar conte\u00fados educacionais espec\u00edficos, e que facilite as atividades educacionais de alunos, professores e gestores, oferecendo, quando necess\u00e1rio, orienta\u00e7\u00f5es did\u00e1ticas, de uso e de gest\u00e3o para a efetiva ado\u00e7\u00e3o no ambiente escolar.<\/span><\/p>\n<p style=\"text-align: justify;\"><span style=\"color: #000000;\">O Guia de Tecnologias Educacionais ser\u00e1 elaborado a partir dos resultados das avalia\u00e7\u00f5es pedag\u00f3gicas e tecnol\u00f3gicas. Essas avalia\u00e7\u00f5es visam garantir acessibilidade, al\u00e9m da indica\u00e7\u00e3o de referenciais de pre\u00e7os que servir\u00e3o para subsidiar as contrata\u00e7\u00f5es no \u00e2mbito federal, estadual e municipal, garantindo um processo administrativo mais \u00e1gil e transparente em todos os n\u00edveis.<\/span><\/p>\n<p style=\"text-align: justify;\"><span style=\"color: #000000;\">\u201cO proponente tamb\u00e9m precisa informar para qual etapa est\u00e1 prevista a proposta, qual o objetivo e o resultado esperado, a tem\u00e1tica e o manual de orienta\u00e7\u00e3o\u201d, atenta Renilda. \u201cDiferentemente de outros editais, chegaremos a um modelo de neg\u00f3cios, com an\u00e1lise documental e o processo de precifica\u00e7\u00e3o, pre\u00e7o e refer\u00eancia das tecnologias para facilitar que as redes possam efetivamente comprar essas tecnologias e facilitar o processo de licita\u00e7\u00e3o, quando houver. \u00c9 uma revolu\u00e7\u00e3o porque prop\u00f5e a produ\u00e7\u00e3o de novas tecnologias. \u201d<\/span><\/p>\n<p style=\"text-align: justify;\"><span style=\"color: #000000;\">Os projetos podem ser voltados a todas as etapas da educa\u00e7\u00e3o b\u00e1sica: educa\u00e7\u00e3o infantil, ensino fundamental \u2013 anos iniciais e finais \u2013 e ensino m\u00e9dio. Tamb\u00e9m podem ser focados nas modalidades escolar ind\u00edgena, educa\u00e7\u00e3o de jovens e adultos, educa\u00e7\u00e3o do campo, educa\u00e7\u00e3o especial e educa\u00e7\u00e3o escolar quilombola.<\/span><\/p>\n<p style=\"text-align: justify;\"><span style=\"color: #000000;\">Clique\u00a0<a style=\"color: #000000;\" href=\"https:\/\/tecnologiaeducacional.mec.gov.br\/\" target=\"_blank\" rel=\"noopener\">aqui<\/a>\u00a0para acessar o Edital Guia de Tecnologias 2018.<\/span><\/p>\n<p style=\"text-align: justify;\"><span style=\"color: #000000;\">Conhe\u00e7a mais sobre a Plataforma Evid\u00eancias no\u00a0<a style=\"color: #000000;\" href=\"http:\/\/www.fnde.gov.br\/programas\/programas-do-livro\/consultas\/editais-programas-livro\/item\/11568-edital-pnld-liter%C3%A1rio\" target=\"_blank\" rel=\"noopener\">PNLD Liter\u00e1rio<\/a>. Acesse tamb\u00e9m o\u00a0<a style=\"color: #000000;\" href=\"http:\/\/www.fnde.gov.br\/programas\/programas-do-livro\/consultas\/editais-programas-livro\/item\/11555-edital-pnld-2020\" target=\"_blank\" rel=\"noopener\">PNLD 2020<\/a>.<\/span><\/p>\n<p>&nbsp;<\/p>\n<h6 style=\"text-align: right;\"><span style=\"color: #999999;\">Fonte:Portalmec<\/span><\/h6>\n<div class='share-to-whatsapp-wrapper'><div class='share-on-whsp'>Share on: <\/div><a data-text='MEC lan\u00e7a publica\u00e7\u00f5es do PNLD liter\u00e1rio, did\u00e1tico e Guia de Tecnologias Educacionais' data-link='https:\/\/newsinfoco.com.br\/inicio\/mec-lanca-publicacoes-do-pnld-literario-didatico-e-guia-de-tecnologias-educacionais\/' class='whatsapp-button whatsapp-share'>WhatsApp<\/a><div class='clear '><\/div><\/div>","protected":false},"excerpt":{"rendered":"<p>Com o foco em disseminar a tecnologia entre estudantes e professores das escolas p\u00fablicas de todo o pa\u00eds, o Minist\u00e9rio da Educa\u00e7\u00e3o lan\u00e7ou, na \u00faltima semana, tr\u00eas editais \u2013 dois no \u00e2mbito do Programa Nacional do Livro e do Material Did\u00e1tico (PNLD) e um para inscri\u00e7\u00e3o, avalia\u00e7\u00e3o e precifica\u00e7\u00e3o de tecnologias educacionais que ser\u00e3o inclu\u00eddas [&hellip;]<\/p>\n","protected":false},"author":1,"featured_media":2262,"comment_status":"open","ping_status":"open","sticky":false,"template":"","format":"standard","meta":{"om_disable_all_campaigns":false,"_exactmetrics_skip_tracking":false,"_exactmetrics_sitenote_active":false,"_exactmetrics_sitenote_note":"","_exactmetrics_sitenote_category":0,"footnotes":""},"categories":[32],"tags":[],"class_list":["post-2261","post","type-post","status-publish","format-standard","has-post-thumbnail","hentry","category-educacao"],"aioseo_notices":[],"_links":{"self":[{"href":"https:\/\/newsinfoco.com.br\/inicio\/wp-json\/wp\/v2\/posts\/2261","targetHints":{"allow":["GET"]}}],"collection":[{"href":"https:\/\/newsinfoco.com.br\/inicio\/wp-json\/wp\/v2\/posts"}],"about":[{"href":"https:\/\/newsinfoco.com.br\/inicio\/wp-json\/wp\/v2\/types\/post"}],"author":[{"embeddable":true,"href":"https:\/\/newsinfoco.com.br\/inicio\/wp-json\/wp\/v2\/users\/1"}],"replies":[{"embeddable":true,"href":"https:\/\/newsinfoco.com.br\/inicio\/wp-json\/wp\/v2\/comments?post=2261"}],"version-history":[{"count":0,"href":"https:\/\/newsinfoco.com.br\/inicio\/wp-json\/wp\/v2\/posts\/2261\/revisions"}],"wp:featuredmedia":[{"embeddable":true,"href":"https:\/\/newsinfoco.com.br\/inicio\/wp-json\/wp\/v2\/media\/2262"}],"wp:attachment":[{"href":"https:\/\/newsinfoco.com.br\/inicio\/wp-json\/wp\/v2\/media?parent=2261"}],"wp:term":[{"taxonomy":"category","embeddable":true,"href":"https:\/\/newsinfoco.com.br\/inicio\/wp-json\/wp\/v2\/categories?post=2261"},{"taxonomy":"post_tag","embeddable":true,"href":"https:\/\/newsinfoco.com.br\/inicio\/wp-json\/wp\/v2\/tags?post=2261"}],"curies":[{"name":"wp","href":"https:\/\/api.w.org\/{rel}","templated":true}]}}