{"id":2264,"date":"2018-04-09T15:02:39","date_gmt":"2018-04-09T18:02:39","guid":{"rendered":"http:\/\/newsinfoco.com.br\/?p=2264"},"modified":"2018-04-09T15:02:39","modified_gmt":"2018-04-09T18:02:39","slug":"dica-de-leituraprisao-do-rei-a-vol-3-serie-a-rainha-vermelha-victoria-aveyard","status":"publish","type":"post","link":"https:\/\/newsinfoco.com.br\/inicio\/dica-de-leituraprisao-do-rei-a-vol-3-serie-a-rainha-vermelha-victoria-aveyard\/","title":{"rendered":"Dica de leitura:Pris\u00e3o do Rei, A &#8211; Vol.3 &#8211; S\u00e9rie A Rainha Vermelha &#8211; Victoria Aveyard"},"content":{"rendered":"<p style=\"text-align: justify;\"><span style=\"color: #000000;\">No terceiro volume da s\u00e9rie &#8220;A Rainha Vermelha&#8221;, Mare Barrow \u00e9 uma ladra vermelha com poderes. E como a cidade \u00e9 dividida entre vermelhos (sem poderes) e prateados (com poderes), sua exist\u00eancia vinha mudando a ordem de como tudo era conhecido, o que levou a sua captura. &#8220;A Pris\u00e3o do Rei&#8221; vai mostrar como o pr\u00edncipe exilado Cal, prestes a se preparar para guerra, precisa decidir entre apoiar o seu povo prateado ou ir ao resgate de Mare.<\/span><\/p>\n<p>&nbsp;<\/p>\n<h6 style=\"text-align: right;\"><span style=\"color: #999999;\">Fonte:Zoom<\/span><\/h6>\n<div class='share-to-whatsapp-wrapper'><div class='share-on-whsp'>Share on: <\/div><a data-text='Dica de leitura:Pris\u00e3o do Rei, A - Vol.3 - S\u00e9rie A Rainha Vermelha - Victoria Aveyard' data-link='https:\/\/newsinfoco.com.br\/inicio\/dica-de-leituraprisao-do-rei-a-vol-3-serie-a-rainha-vermelha-victoria-aveyard\/' class='whatsapp-button whatsapp-share'>WhatsApp<\/a><div class='clear '><\/div><\/div>","protected":false},"excerpt":{"rendered":"<p>No terceiro volume da s\u00e9rie &#8220;A Rainha Vermelha&#8221;, Mare Barrow \u00e9 uma ladra vermelha com poderes. E como a cidade \u00e9 dividida entre vermelhos (sem poderes) e prateados (com poderes), sua exist\u00eancia vinha mudando a ordem de como tudo era conhecido, o que levou a sua captura. &#8220;A Pris\u00e3o do Rei&#8221; vai mostrar como o [&hellip;]<\/p>\n","protected":false},"author":1,"featured_media":2265,"comment_status":"open","ping_status":"open","sticky":false,"template":"","format":"standard","meta":{"om_disable_all_campaigns":false,"_exactmetrics_skip_tracking":false,"_exactmetrics_sitenote_active":false,"_exactmetrics_sitenote_note":"","_exactmetrics_sitenote_category":0,"footnotes":""},"categories":[29],"tags":[],"class_list":["post-2264","post","type-post","status-publish","format-standard","has-post-thumbnail","hentry","category-cultura"],"aioseo_notices":[],"_links":{"self":[{"href":"https:\/\/newsinfoco.com.br\/inicio\/wp-json\/wp\/v2\/posts\/2264","targetHints":{"allow":["GET"]}}],"collection":[{"href":"https:\/\/newsinfoco.com.br\/inicio\/wp-json\/wp\/v2\/posts"}],"about":[{"href":"https:\/\/newsinfoco.com.br\/inicio\/wp-json\/wp\/v2\/types\/post"}],"author":[{"embeddable":true,"href":"https:\/\/newsinfoco.com.br\/inicio\/wp-json\/wp\/v2\/users\/1"}],"replies":[{"embeddable":true,"href":"https:\/\/newsinfoco.com.br\/inicio\/wp-json\/wp\/v2\/comments?post=2264"}],"version-history":[{"count":0,"href":"https:\/\/newsinfoco.com.br\/inicio\/wp-json\/wp\/v2\/posts\/2264\/revisions"}],"wp:featuredmedia":[{"embeddable":true,"href":"https:\/\/newsinfoco.com.br\/inicio\/wp-json\/wp\/v2\/media\/2265"}],"wp:attachment":[{"href":"https:\/\/newsinfoco.com.br\/inicio\/wp-json\/wp\/v2\/media?parent=2264"}],"wp:term":[{"taxonomy":"category","embeddable":true,"href":"https:\/\/newsinfoco.com.br\/inicio\/wp-json\/wp\/v2\/categories?post=2264"},{"taxonomy":"post_tag","embeddable":true,"href":"https:\/\/newsinfoco.com.br\/inicio\/wp-json\/wp\/v2\/tags?post=2264"}],"curies":[{"name":"wp","href":"https:\/\/api.w.org\/{rel}","templated":true}]}}