{"id":2273,"date":"2018-04-09T15:19:38","date_gmt":"2018-04-09T18:19:38","guid":{"rendered":"http:\/\/newsinfoco.com.br\/?p=2273"},"modified":"2018-04-09T15:19:38","modified_gmt":"2018-04-09T18:19:38","slug":"esplanada-escola-sem-professor-alunos-sem-transporte-e-posto-de-saude-precario","status":"publish","type":"post","link":"https:\/\/newsinfoco.com.br\/inicio\/esplanada-escola-sem-professor-alunos-sem-transporte-e-posto-de-saude-precario\/","title":{"rendered":"Esplanada \u2013 Escola sem professor, alunos sem transporte e posto de sa\u00fade prec\u00e1rio"},"content":{"rendered":"<h6><em><span style=\"color: #999999;\">Fonte:Esplanadagora<\/span><\/em><\/h6>\n<p style=\"text-align: justify;\">Depois de diversas den\u00fancias feitas por pais e usu\u00e1rios da rede de educa\u00e7\u00e3o e sa\u00fade do Palame e Baixio, resolvemos mostrar um pouco do que est\u00e1 acontecendo com essas duas importantes comunidades de Esplanada.<\/p>\n<p style=\"text-align: justify;\">De acordo com o site Esplanada Agora que publicou duas mat\u00e9rias durante a semana, relatando a falta de transporte que pega os alunos do 2\u00ba grau do Palame para o Baixio. Por dias consecutivos esses alunos ficaram sem poder assistir \u00e0s aulas. Ainda na mesma semana, o site recebeu duas imagens, que seriam da Escola Maria Beatriz da Rocha, comunicando aos pais que, por falta de professores para completar a carga hor\u00e1ria, foi necess\u00e1rio adequar o hor\u00e1rio de aula ficando assim:<\/p><div class=\"newsi-conteudo_19\" id=\"newsi-926614021\"><a href=\"https:\/\/www.instagram.com\/prefeituraalagoinhas?igsh=YzgzdDJ1bWR3aWI4\" aria-label=\"SAVE_20251006_221555\"><img loading=\"lazy\" decoding=\"async\" src=\"https:\/\/newsinfoco.com.br\/inicio\/wp-content\/uploads\/2025\/10\/SAVE_20251006_221555-rotated.jpg\" alt=\"\"  srcset=\"https:\/\/newsinfoco.com.br\/inicio\/wp-content\/uploads\/2025\/10\/SAVE_20251006_221555-rotated.jpg 1140w, https:\/\/newsinfoco.com.br\/inicio\/wp-content\/uploads\/2025\/10\/SAVE_20251006_221555-300x52.jpg 300w, https:\/\/newsinfoco.com.br\/inicio\/wp-content\/uploads\/2025\/10\/SAVE_20251006_221555-1024x177.jpg 1024w, https:\/\/newsinfoco.com.br\/inicio\/wp-content\/uploads\/2025\/10\/SAVE_20251006_221555-768x133.jpg 768w, https:\/\/newsinfoco.com.br\/inicio\/wp-content\/uploads\/2025\/10\/SAVE_20251006_221555-600x104.jpg 600w, https:\/\/newsinfoco.com.br\/inicio\/wp-content\/uploads\/2025\/10\/SAVE_20251006_221555-696x120.jpg 696w, https:\/\/newsinfoco.com.br\/inicio\/wp-content\/uploads\/2025\/10\/SAVE_20251006_221555-1068x185.jpg 1068w\" sizes=\"(max-width: 1140px) 100vw, 1140px\" width=\"1140\" height=\"197\"   \/><\/a><\/div>\n<div id=\"gallery-3\" class=\"gallery galleryid-17235 gallery-columns-2 gallery-size-large\" style=\"text-align: justify;\">\n<figure class=\"gallery-item\">\n<div class=\"gallery-icon portrait\"><a href=\"http:\/\/www.seligaalagoinhas.com.br\/wp-content\/uploads\/2018\/04\/b2cb02eb-dc67-4491-b7ca-f6f0ab8c31ab.jpg\"><img loading=\"lazy\" decoding=\"async\" class=\"attachment-large size-large\" src=\"http:\/\/www.seligaalagoinhas.com.br\/wp-content\/uploads\/2018\/04\/b2cb02eb-dc67-4491-b7ca-f6f0ab8c31ab-827x1024.jpg\" sizes=\"auto, (max-width: 640px) 100vw, 640px\" srcset=\"http:\/\/www.seligaalagoinhas.com.br\/wp-content\/uploads\/2018\/04\/b2cb02eb-dc67-4491-b7ca-f6f0ab8c31ab-827x1024.jpg 827w, http:\/\/www.seligaalagoinhas.com.br\/wp-content\/uploads\/2018\/04\/b2cb02eb-dc67-4491-b7ca-f6f0ab8c31ab-242x300.jpg 242w, http:\/\/www.seligaalagoinhas.com.br\/wp-content\/uploads\/2018\/04\/b2cb02eb-dc67-4491-b7ca-f6f0ab8c31ab-768x951.jpg 768w, http:\/\/www.seligaalagoinhas.com.br\/wp-content\/uploads\/2018\/04\/b2cb02eb-dc67-4491-b7ca-f6f0ab8c31ab.jpg 1034w\" alt=\"\" width=\"640\" height=\"792\" \/><\/a><\/div>\n<\/figure>\n<figure class=\"gallery-item\">\n<div class=\"gallery-icon portrait\"><a href=\"http:\/\/www.seligaalagoinhas.com.br\/wp-content\/uploads\/2018\/04\/45bf4707-4569-41b1-b010-be935142551e.jpg\"><img loading=\"lazy\" decoding=\"async\" class=\"attachment-large size-large\" src=\"http:\/\/www.seligaalagoinhas.com.br\/wp-content\/uploads\/2018\/04\/45bf4707-4569-41b1-b010-be935142551e-576x1024.jpg\" sizes=\"auto, (max-width: 576px) 100vw, 576px\" srcset=\"http:\/\/www.seligaalagoinhas.com.br\/wp-content\/uploads\/2018\/04\/45bf4707-4569-41b1-b010-be935142551e-576x1024.jpg 576w, http:\/\/www.seligaalagoinhas.com.br\/wp-content\/uploads\/2018\/04\/45bf4707-4569-41b1-b010-be935142551e-169x300.jpg 169w, http:\/\/www.seligaalagoinhas.com.br\/wp-content\/uploads\/2018\/04\/45bf4707-4569-41b1-b010-be935142551e.jpg 720w\" alt=\"\" width=\"576\" height=\"1024\" \/><\/a><\/div>\n<\/figure>\n<\/div>\n<ul style=\"text-align: justify;\">\n<li><em><strong>Segunda-feira: Aula somente para o 4\u00ba ano<\/strong><\/em><\/li>\n<li><em><strong>Ter\u00e7a-feira: Aula somente para 5\u00ba ano<\/strong><\/em><\/li>\n<li><em><strong>Quarta e quinta: Aulas para as duas turmas<\/strong><\/em><\/li>\n<li><em><strong>Sexta-feira: n\u00e3o tem aula.<\/strong><\/em><\/li>\n<\/ul>\n<p style=\"text-align: justify;\">Em outro comunicado que circulou nas redes sociais, dizia o seguinte:<\/p>\n<ul style=\"text-align: justify;\">\n<li><em><strong>Segunda-feira: Aula somente para o 7\u00ba ano<\/strong><\/em><\/li>\n<li><em><strong>Ter\u00e7a-feira: Aula para as duas turmas<\/strong><\/em><\/li>\n<li><em><strong>Quarta-feira: aula somente para o 6\u00ba ano<\/strong><\/em><\/li>\n<li><em><strong>Quinta-feira: aula para as duas turmas<\/strong><\/em><\/li>\n<li><em><strong>Sexta-feira: Aula somente para o 7\u00ba ano<\/strong><\/em><\/li>\n<\/ul>\n<p style=\"text-align: justify;\">Ou seja, o aluno que estuda na segunda, s\u00f3 poder\u00e1 ter aula na sexta e assim por diante.<\/p>\n<p style=\"text-align: justify;\">Sobre a sa\u00fade, vejam abaixo as imagens da precariedade que se encontra o\u00a0<strong>Posto da Mata<\/strong>, mais conhecido como maternidade. Paredes mofadas, ar condicionado sem funcionar, portar com madeira apodrecidas, esgoto aberto e falta de medicamento com frequ\u00eancia segundo den\u00fancias feitas. \u201cTem dia que n\u00e3o se encontra nem esparadrapo\u201d Disse um usu\u00e1rio do sistema de sa\u00fade.<\/p>\n<div id=\"gallery-4\" class=\"gallery galleryid-17235 gallery-columns-2 gallery-size-large\">\n<figure class=\"gallery-item\">\n<div class=\"gallery-icon landscape\"><img loading=\"lazy\" decoding=\"async\" class=\"attachment-large size-large\" src=\"http:\/\/www.seligaalagoinhas.com.br\/wp-content\/uploads\/2018\/04\/dfed536a-a922-4527-8194-4223123541c4-1024x768.jpg\" sizes=\"auto, (max-width: 640px) 100vw, 640px\" srcset=\"http:\/\/www.seligaalagoinhas.com.br\/wp-content\/uploads\/2018\/04\/dfed536a-a922-4527-8194-4223123541c4-1024x768.jpg 1024w, http:\/\/www.seligaalagoinhas.com.br\/wp-content\/uploads\/2018\/04\/dfed536a-a922-4527-8194-4223123541c4-300x225.jpg 300w, http:\/\/www.seligaalagoinhas.com.br\/wp-content\/uploads\/2018\/04\/dfed536a-a922-4527-8194-4223123541c4-768x576.jpg 768w, http:\/\/www.seligaalagoinhas.com.br\/wp-content\/uploads\/2018\/04\/dfed536a-a922-4527-8194-4223123541c4-136x102.jpg 136w, http:\/\/www.seligaalagoinhas.com.br\/wp-content\/uploads\/2018\/04\/dfed536a-a922-4527-8194-4223123541c4.jpg 1280w\" alt=\"\" width=\"640\" height=\"480\" \/><\/div>\n<\/figure>\n<figure class=\"gallery-item\">\n<div class=\"gallery-icon landscape\"><img loading=\"lazy\" decoding=\"async\" class=\"attachment-large size-large\" src=\"http:\/\/www.seligaalagoinhas.com.br\/wp-content\/uploads\/2018\/04\/8a9a1694-c2e1-475c-82c7-84ce7f0ffbaa-1024x768.jpg\" sizes=\"auto, (max-width: 640px) 100vw, 640px\" srcset=\"http:\/\/www.seligaalagoinhas.com.br\/wp-content\/uploads\/2018\/04\/8a9a1694-c2e1-475c-82c7-84ce7f0ffbaa-1024x768.jpg 1024w, http:\/\/www.seligaalagoinhas.com.br\/wp-content\/uploads\/2018\/04\/8a9a1694-c2e1-475c-82c7-84ce7f0ffbaa-300x225.jpg 300w, http:\/\/www.seligaalagoinhas.com.br\/wp-content\/uploads\/2018\/04\/8a9a1694-c2e1-475c-82c7-84ce7f0ffbaa-768x576.jpg 768w, http:\/\/www.seligaalagoinhas.com.br\/wp-content\/uploads\/2018\/04\/8a9a1694-c2e1-475c-82c7-84ce7f0ffbaa-136x102.jpg 136w, http:\/\/www.seligaalagoinhas.com.br\/wp-content\/uploads\/2018\/04\/8a9a1694-c2e1-475c-82c7-84ce7f0ffbaa.jpg 1280w\" alt=\"\" width=\"640\" height=\"480\" \/><\/div>\n<\/figure>\n<figure class=\"gallery-item\">\n<div class=\"gallery-icon landscape\"><img loading=\"lazy\" decoding=\"async\" class=\"attachment-large size-large\" src=\"http:\/\/www.seligaalagoinhas.com.br\/wp-content\/uploads\/2018\/04\/684f61e7-3b36-4a8c-ab02-f8ca92553eed-1024x768.jpg\" sizes=\"auto, (max-width: 640px) 100vw, 640px\" srcset=\"http:\/\/www.seligaalagoinhas.com.br\/wp-content\/uploads\/2018\/04\/684f61e7-3b36-4a8c-ab02-f8ca92553eed-1024x768.jpg 1024w, http:\/\/www.seligaalagoinhas.com.br\/wp-content\/uploads\/2018\/04\/684f61e7-3b36-4a8c-ab02-f8ca92553eed-300x225.jpg 300w, http:\/\/www.seligaalagoinhas.com.br\/wp-content\/uploads\/2018\/04\/684f61e7-3b36-4a8c-ab02-f8ca92553eed-768x576.jpg 768w, http:\/\/www.seligaalagoinhas.com.br\/wp-content\/uploads\/2018\/04\/684f61e7-3b36-4a8c-ab02-f8ca92553eed-136x102.jpg 136w, http:\/\/www.seligaalagoinhas.com.br\/wp-content\/uploads\/2018\/04\/684f61e7-3b36-4a8c-ab02-f8ca92553eed.jpg 1280w\" alt=\"\" width=\"640\" height=\"480\" \/><\/div>\n<\/figure>\n<figure class=\"gallery-item\">\n<div class=\"gallery-icon landscape\"><img loading=\"lazy\" decoding=\"async\" class=\"attachment-large size-large\" src=\"http:\/\/www.seligaalagoinhas.com.br\/wp-content\/uploads\/2018\/04\/264cf26b-9e81-48a8-a132-47ec9a6f6582-1024x768.jpg\" sizes=\"auto, (max-width: 640px) 100vw, 640px\" srcset=\"http:\/\/www.seligaalagoinhas.com.br\/wp-content\/uploads\/2018\/04\/264cf26b-9e81-48a8-a132-47ec9a6f6582-1024x768.jpg 1024w, http:\/\/www.seligaalagoinhas.com.br\/wp-content\/uploads\/2018\/04\/264cf26b-9e81-48a8-a132-47ec9a6f6582-300x225.jpg 300w, http:\/\/www.seligaalagoinhas.com.br\/wp-content\/uploads\/2018\/04\/264cf26b-9e81-48a8-a132-47ec9a6f6582-768x576.jpg 768w, http:\/\/www.seligaalagoinhas.com.br\/wp-content\/uploads\/2018\/04\/264cf26b-9e81-48a8-a132-47ec9a6f6582-136x102.jpg 136w, http:\/\/www.seligaalagoinhas.com.br\/wp-content\/uploads\/2018\/04\/264cf26b-9e81-48a8-a132-47ec9a6f6582.jpg 1280w\" alt=\"\" width=\"640\" height=\"480\" \/><\/div>\n<\/figure>\n<\/div>\n<div class='share-to-whatsapp-wrapper'><div class='share-on-whsp'>Share on: <\/div><a data-text='Esplanada \u2013 Escola sem professor, alunos sem transporte e posto de sa\u00fade prec\u00e1rio' data-link='https:\/\/newsinfoco.com.br\/inicio\/esplanada-escola-sem-professor-alunos-sem-transporte-e-posto-de-saude-precario\/' class='whatsapp-button whatsapp-share'>WhatsApp<\/a><div class='clear '><\/div><\/div>","protected":false},"excerpt":{"rendered":"<p>Fonte:Esplanadagora Depois de diversas den\u00fancias feitas por pais e usu\u00e1rios da rede de educa\u00e7\u00e3o e sa\u00fade do Palame e Baixio, resolvemos mostrar um pouco do que est\u00e1 acontecendo com essas duas importantes comunidades de Esplanada. De acordo com o site Esplanada Agora que publicou duas mat\u00e9rias durante a semana, relatando a falta de transporte que [&hellip;]<\/p>\n","protected":false},"author":1,"featured_media":2274,"comment_status":"open","ping_status":"open","sticky":false,"template":"","format":"standard","meta":{"om_disable_all_campaigns":false,"_exactmetrics_skip_tracking":false,"_exactmetrics_sitenote_active":false,"_exactmetrics_sitenote_note":"","_exactmetrics_sitenote_category":0,"footnotes":""},"categories":[38],"tags":[],"class_list":["post-2273","post","type-post","status-publish","format-standard","has-post-thumbnail","hentry","category-alagoinhas-e-regiao"],"aioseo_notices":[],"_links":{"self":[{"href":"https:\/\/newsinfoco.com.br\/inicio\/wp-json\/wp\/v2\/posts\/2273","targetHints":{"allow":["GET"]}}],"collection":[{"href":"https:\/\/newsinfoco.com.br\/inicio\/wp-json\/wp\/v2\/posts"}],"about":[{"href":"https:\/\/newsinfoco.com.br\/inicio\/wp-json\/wp\/v2\/types\/post"}],"author":[{"embeddable":true,"href":"https:\/\/newsinfoco.com.br\/inicio\/wp-json\/wp\/v2\/users\/1"}],"replies":[{"embeddable":true,"href":"https:\/\/newsinfoco.com.br\/inicio\/wp-json\/wp\/v2\/comments?post=2273"}],"version-history":[{"count":0,"href":"https:\/\/newsinfoco.com.br\/inicio\/wp-json\/wp\/v2\/posts\/2273\/revisions"}],"wp:featuredmedia":[{"embeddable":true,"href":"https:\/\/newsinfoco.com.br\/inicio\/wp-json\/wp\/v2\/media\/2274"}],"wp:attachment":[{"href":"https:\/\/newsinfoco.com.br\/inicio\/wp-json\/wp\/v2\/media?parent=2273"}],"wp:term":[{"taxonomy":"category","embeddable":true,"href":"https:\/\/newsinfoco.com.br\/inicio\/wp-json\/wp\/v2\/categories?post=2273"},{"taxonomy":"post_tag","embeddable":true,"href":"https:\/\/newsinfoco.com.br\/inicio\/wp-json\/wp\/v2\/tags?post=2273"}],"curies":[{"name":"wp","href":"https:\/\/api.w.org\/{rel}","templated":true}]}}