{"id":2276,"date":"2018-04-09T16:28:41","date_gmt":"2018-04-09T19:28:41","guid":{"rendered":"http:\/\/newsinfoco.com.br\/?p=2276"},"modified":"2018-04-09T16:28:41","modified_gmt":"2018-04-09T19:28:41","slug":"prefeitura-de-alagoinhas-divulga-programacao-de-atividades-para-o-cras-de-riacho-da-guia","status":"publish","type":"post","link":"https:\/\/newsinfoco.com.br\/inicio\/prefeitura-de-alagoinhas-divulga-programacao-de-atividades-para-o-cras-de-riacho-da-guia\/","title":{"rendered":"Prefeitura de Alagoinhas divulga programa\u00e7\u00e3o de atividades para o CRAS de Riacho da Guia"},"content":{"rendered":"<p style=\"text-align: justify;\"><span style=\"color: #000000;\">A Prefeitura Municipal de Alagoinhas, atrav\u00e9s da Secretaria de Assist\u00eancia Social (SEMAS), divulgou as atividades programadas de 9 a 12 de mar\u00e7o para o CRAS de Riacho da Guia.<\/span><\/p>\n<p style=\"text-align: justify;\"><span style=\"color: #000000;\">A grade inclui a\u00e7\u00f5es desenvolvidas junto \u00e0s fam\u00edlias, oficina de fantoches para crian\u00e7as e oficina de biscuit para idosas, oficinas de futebol, conta\u00e7\u00e3o de hist\u00f3rias, entre outras.<\/span><\/p><div class=\"newsi-conteudo_19\" id=\"newsi-1063644686\"><a href=\"https:\/\/www.instagram.com\/prefeituraalagoinhas?igsh=YzgzdDJ1bWR3aWI4\" aria-label=\"SAVE_20251006_221555\"><img loading=\"lazy\" decoding=\"async\" src=\"https:\/\/newsinfoco.com.br\/inicio\/wp-content\/uploads\/2025\/10\/SAVE_20251006_221555-rotated.jpg\" alt=\"\"  srcset=\"https:\/\/newsinfoco.com.br\/inicio\/wp-content\/uploads\/2025\/10\/SAVE_20251006_221555-rotated.jpg 1140w, https:\/\/newsinfoco.com.br\/inicio\/wp-content\/uploads\/2025\/10\/SAVE_20251006_221555-300x52.jpg 300w, https:\/\/newsinfoco.com.br\/inicio\/wp-content\/uploads\/2025\/10\/SAVE_20251006_221555-1024x177.jpg 1024w, https:\/\/newsinfoco.com.br\/inicio\/wp-content\/uploads\/2025\/10\/SAVE_20251006_221555-768x133.jpg 768w, https:\/\/newsinfoco.com.br\/inicio\/wp-content\/uploads\/2025\/10\/SAVE_20251006_221555-600x104.jpg 600w, https:\/\/newsinfoco.com.br\/inicio\/wp-content\/uploads\/2025\/10\/SAVE_20251006_221555-696x120.jpg 696w, https:\/\/newsinfoco.com.br\/inicio\/wp-content\/uploads\/2025\/10\/SAVE_20251006_221555-1068x185.jpg 1068w\" sizes=\"(max-width: 1140px) 100vw, 1140px\" width=\"1140\" height=\"197\"   \/><\/a><\/div>\n<p style=\"text-align: justify;\"><span style=\"color: #000000;\"><strong>Confira Programa\u00e7\u00e3o CRAS Riacho da Guia:<\/strong><\/span><\/p>\n<p style=\"text-align: justify;\"><span style=\"color: #000000;\"><strong>09\/04<\/strong>\u00a0\u2013 Manh\u00e3: Grupo 6 a 9 anos SCFV \u2013 Oficina de Fantoches.<\/span><\/p>\n<p style=\"text-align: justify;\"><span style=\"color: #000000;\">Tarde: Oficina Violinos M\u00e1gicos e Canto Coral.<\/span><\/p>\n<p style=\"text-align: justify;\"><span style=\"color: #000000;\"><strong>10\/04<\/strong>\u00a0\u2013 Manh\u00e3: Grupo PAIF \u2013 Condicionalidades do PBF.<\/span><\/p>\n<p style=\"text-align: justify;\"><span style=\"color: #000000;\">Tarde: Grupo Mulheres e Idosas SCFV \u2013 Oficina de Biscuit.<\/span><\/p>\n<p style=\"text-align: justify;\"><span style=\"color: #000000;\"><strong>11\/04<\/strong>\u00a0\u2013 Manh\u00e3: Grupo 09 a 11 anos SCFV \u2013 Conta\u00e7\u00e3o de Hist\u00f3rias. Din\u00e2mica de respeito \u00e0 diversidade e empatia.<\/span><\/p>\n<p style=\"text-align: justify;\"><span style=\"color: #000000;\">\u2013 Oficina de Futebol.<\/span><\/p>\n<p style=\"text-align: justify;\"><span style=\"color: #000000;\">\u2013 Visitas Domiciliares.<\/span><\/p>\n<p style=\"text-align: justify;\"><span style=\"color: #000000;\">Tarde: Grupo 09 a 11 anos SCFV \u2013 Conta\u00e7\u00e3o de Hist\u00f3rias. Din\u00e2mica de respeito a diversidade e empatia.<\/span><\/p>\n<p style=\"text-align: justify;\"><span style=\"color: #000000;\">\u2013 Grupo 6 a 9 anos SCFV \u2013 Oficina de Fantoches.<\/span><\/p>\n<p style=\"text-align: justify;\"><span style=\"color: #000000;\">\u2013 Oficina de Futebol.<\/span><\/p>\n<p style=\"text-align: justify;\"><span style=\"color: #000000;\">\u2013 Visitas Domiciliares.<\/span><\/p>\n<p style=\"text-align: justify;\"><span style=\"color: #000000;\"><strong>12\/04<\/strong>\u00a0\u2013 Manh\u00e3: Grupo 12 a 17 anos SCFV \u2013 Oficina de Biscuit.<\/span><\/p>\n<p style=\"text-align: justify;\"><span style=\"color: #000000;\">\u2013 Oficina de Dan\u00e7a Infantil.<\/span><\/p>\n<p style=\"text-align: justify;\"><span style=\"color: #000000;\">Tarde: Grupo 12 a 17 anos SCFV \u2013 Oficina de Biscuit.<\/span><\/p>\n<p style=\"text-align: justify;\"><span style=\"color: #000000;\">\u2013 Oficina de Dan\u00e7a Idosas:<\/span><\/p>\n<p style=\"text-align: justify;\"><span style=\"color: #000000;\">Oficina e teatro de fantoches no CRAS Riacho da Guia. Grupo de Crian\u00e7as 06 a 09 anos.<\/span><\/p>\n<h6 style=\"text-align: right;\"><span style=\"color: #999999;\">Fonte: SECOM SEMAS Prefeitura<\/span><\/h6>\n<div style=\"text-align: justify;\" align=\"right\"><span style=\"color: #000000;\">\u00a0<\/span><\/div>\n<div class='share-to-whatsapp-wrapper'><div class='share-on-whsp'>Share on: <\/div><a data-text='Prefeitura de Alagoinhas divulga programa\u00e7\u00e3o de atividades para o CRAS de Riacho da Guia' data-link='https:\/\/newsinfoco.com.br\/inicio\/prefeitura-de-alagoinhas-divulga-programacao-de-atividades-para-o-cras-de-riacho-da-guia\/' class='whatsapp-button whatsapp-share'>WhatsApp<\/a><div class='clear '><\/div><\/div>","protected":false},"excerpt":{"rendered":"<p>A Prefeitura Municipal de Alagoinhas, atrav\u00e9s da Secretaria de Assist\u00eancia Social (SEMAS), divulgou as atividades programadas de 9 a 12 de mar\u00e7o para o CRAS de Riacho da Guia. A grade inclui a\u00e7\u00f5es desenvolvidas junto \u00e0s fam\u00edlias, oficina de fantoches para crian\u00e7as e oficina de biscuit para idosas, oficinas de futebol, conta\u00e7\u00e3o de hist\u00f3rias, entre [&hellip;]<\/p>\n","protected":false},"author":1,"featured_media":629,"comment_status":"open","ping_status":"open","sticky":false,"template":"","format":"standard","meta":{"om_disable_all_campaigns":false,"_exactmetrics_skip_tracking":false,"_exactmetrics_sitenote_active":false,"_exactmetrics_sitenote_note":"","_exactmetrics_sitenote_category":0,"footnotes":""},"categories":[38,30],"tags":[53,54,59],"class_list":["post-2276","post","type-post","status-publish","format-standard","has-post-thumbnail","hentry","category-alagoinhas-e-regiao","category-destaque","tag-alagoinhas","tag-prefeitura","tag-semas"],"aioseo_notices":[],"_links":{"self":[{"href":"https:\/\/newsinfoco.com.br\/inicio\/wp-json\/wp\/v2\/posts\/2276","targetHints":{"allow":["GET"]}}],"collection":[{"href":"https:\/\/newsinfoco.com.br\/inicio\/wp-json\/wp\/v2\/posts"}],"about":[{"href":"https:\/\/newsinfoco.com.br\/inicio\/wp-json\/wp\/v2\/types\/post"}],"author":[{"embeddable":true,"href":"https:\/\/newsinfoco.com.br\/inicio\/wp-json\/wp\/v2\/users\/1"}],"replies":[{"embeddable":true,"href":"https:\/\/newsinfoco.com.br\/inicio\/wp-json\/wp\/v2\/comments?post=2276"}],"version-history":[{"count":0,"href":"https:\/\/newsinfoco.com.br\/inicio\/wp-json\/wp\/v2\/posts\/2276\/revisions"}],"wp:featuredmedia":[{"embeddable":true,"href":"https:\/\/newsinfoco.com.br\/inicio\/wp-json\/wp\/v2\/media\/629"}],"wp:attachment":[{"href":"https:\/\/newsinfoco.com.br\/inicio\/wp-json\/wp\/v2\/media?parent=2276"}],"wp:term":[{"taxonomy":"category","embeddable":true,"href":"https:\/\/newsinfoco.com.br\/inicio\/wp-json\/wp\/v2\/categories?post=2276"},{"taxonomy":"post_tag","embeddable":true,"href":"https:\/\/newsinfoco.com.br\/inicio\/wp-json\/wp\/v2\/tags?post=2276"}],"curies":[{"name":"wp","href":"https:\/\/api.w.org\/{rel}","templated":true}]}}