{"id":2435,"date":"2018-04-12T17:49:38","date_gmt":"2018-04-12T20:49:38","guid":{"rendered":"http:\/\/newsinfoco.com.br\/?p=2435"},"modified":"2018-04-12T17:49:38","modified_gmt":"2018-04-12T20:49:38","slug":"semas-realiza-atividade-de-fortalecimento-de-vinculos-e-socializacao-no-cras-de-nova-brasilia","status":"publish","type":"post","link":"https:\/\/newsinfoco.com.br\/inicio\/semas-realiza-atividade-de-fortalecimento-de-vinculos-e-socializacao-no-cras-de-nova-brasilia\/","title":{"rendered":"SEMAS realiza atividade de fortalecimento de v\u00ednculos e socializa\u00e7\u00e3o no CRAS de Nova Bras\u00edlia"},"content":{"rendered":"<p style=\"text-align: justify;\"><span style=\"color: #000000;\">Dando continuidade \u00e0s a\u00e7\u00f5es de socializa\u00e7\u00e3o e fortalecimento de v\u00ednculos familiares e tamb\u00e9m entre a comunidade, a Secretaria Municipal de Assist\u00eancia Social (SEMAS) desenvolveu nesta quinta-feira (12) oficinas voltadas para o enfrentamento das vulnerabilidades como alternativa emancipat\u00f3ria. Assim, as mulheres assistidas pelo Centro de Refer\u00eancia de Assist\u00eancia Social (CRAS) de Nova Bras\u00edlia vivenciaram um momento de reflex\u00e3o, descontra\u00e7\u00e3o e aprendizagem.<\/span><\/p>\n<div style=\"text-align: justify;\" align=\"right\"><span style=\"color: #000000;\">\u00a0<\/span><\/div>\n<h6 style=\"text-align: right;\" align=\"right\"><span style=\"color: #999999;\">Fonte: SECOM SEMAS Prefeitura<\/span><\/h6>\n<div class='share-to-whatsapp-wrapper'><div class='share-on-whsp'>Share on: <\/div><a data-text='SEMAS realiza atividade de fortalecimento de v\u00ednculos e socializa\u00e7\u00e3o no CRAS de Nova Bras\u00edlia' data-link='https:\/\/newsinfoco.com.br\/inicio\/semas-realiza-atividade-de-fortalecimento-de-vinculos-e-socializacao-no-cras-de-nova-brasilia\/' class='whatsapp-button whatsapp-share'>WhatsApp<\/a><div class='clear '><\/div><\/div>","protected":false},"excerpt":{"rendered":"<p>Dando continuidade \u00e0s a\u00e7\u00f5es de socializa\u00e7\u00e3o e fortalecimento de v\u00ednculos familiares e tamb\u00e9m entre a comunidade, a Secretaria Municipal de Assist\u00eancia Social (SEMAS) desenvolveu nesta quinta-feira (12) oficinas voltadas para o enfrentamento das vulnerabilidades como alternativa emancipat\u00f3ria. Assim, as mulheres assistidas pelo Centro de Refer\u00eancia de Assist\u00eancia Social (CRAS) de Nova Bras\u00edlia vivenciaram um momento [&hellip;]<\/p>\n","protected":false},"author":1,"featured_media":172,"comment_status":"open","ping_status":"open","sticky":false,"template":"","format":"standard","meta":{"om_disable_all_campaigns":false,"_exactmetrics_skip_tracking":false,"_exactmetrics_sitenote_active":false,"_exactmetrics_sitenote_note":"","_exactmetrics_sitenote_category":0,"footnotes":""},"categories":[38,30],"tags":[53,54,59],"class_list":["post-2435","post","type-post","status-publish","format-standard","has-post-thumbnail","hentry","category-alagoinhas-e-regiao","category-destaque","tag-alagoinhas","tag-prefeitura","tag-semas"],"aioseo_notices":[],"_links":{"self":[{"href":"https:\/\/newsinfoco.com.br\/inicio\/wp-json\/wp\/v2\/posts\/2435","targetHints":{"allow":["GET"]}}],"collection":[{"href":"https:\/\/newsinfoco.com.br\/inicio\/wp-json\/wp\/v2\/posts"}],"about":[{"href":"https:\/\/newsinfoco.com.br\/inicio\/wp-json\/wp\/v2\/types\/post"}],"author":[{"embeddable":true,"href":"https:\/\/newsinfoco.com.br\/inicio\/wp-json\/wp\/v2\/users\/1"}],"replies":[{"embeddable":true,"href":"https:\/\/newsinfoco.com.br\/inicio\/wp-json\/wp\/v2\/comments?post=2435"}],"version-history":[{"count":0,"href":"https:\/\/newsinfoco.com.br\/inicio\/wp-json\/wp\/v2\/posts\/2435\/revisions"}],"wp:featuredmedia":[{"embeddable":true,"href":"https:\/\/newsinfoco.com.br\/inicio\/wp-json\/wp\/v2\/media\/172"}],"wp:attachment":[{"href":"https:\/\/newsinfoco.com.br\/inicio\/wp-json\/wp\/v2\/media?parent=2435"}],"wp:term":[{"taxonomy":"category","embeddable":true,"href":"https:\/\/newsinfoco.com.br\/inicio\/wp-json\/wp\/v2\/categories?post=2435"},{"taxonomy":"post_tag","embeddable":true,"href":"https:\/\/newsinfoco.com.br\/inicio\/wp-json\/wp\/v2\/tags?post=2435"}],"curies":[{"name":"wp","href":"https:\/\/api.w.org\/{rel}","templated":true}]}}