{"id":2437,"date":"2018-04-12T17:54:13","date_gmt":"2018-04-12T20:54:13","guid":{"rendered":"http:\/\/newsinfoco.com.br\/?p=2437"},"modified":"2018-04-12T17:54:13","modified_gmt":"2018-04-12T20:54:13","slug":"http-newsinfoco-com-br-inicio-2018-04-12-semas-realiza-atividade-de-fortalecimento-de-vinculos-e-socializacao-no-cras-de-nova-brasilia","status":"publish","type":"post","link":"https:\/\/newsinfoco.com.br\/inicio\/http-newsinfoco-com-br-inicio-2018-04-12-semas-realiza-atividade-de-fortalecimento-de-vinculos-e-socializacao-no-cras-de-nova-brasilia\/","title":{"rendered":"http:\/\/newsinfoco.com.br\/2018\/04\/12\/semas-realiza-atividade-de-fortalecimento-de-vinculos-e-socializacao-no-cras-de-nova-brasilia\/"},"content":{"rendered":"<p style=\"text-align: justify;\"><span style=\"color: #000000;\">Popularmente conhecida como \u201cdia do azar\u201d, a sexta-feira treze ganhar\u00e1 novo significado para Alagoinhas; mais recursos para a sa\u00fade e melhoria das condi\u00e7\u00f5es de atendimento. Na manh\u00e3 desta sexta-feira (13), \u00e0s 9h, no estacionamento da prefeitura, ser\u00e1 realizada a entrega simb\u00f3lica de uma ambul\u00e2ncia que atender\u00e1 as necessidades do Servi\u00e7o M\u00f3vel de Urg\u00eancia (SAMU).<\/span><\/p>\n<p style=\"text-align: justify;\"><span style=\"color: #000000;\">O prefeito receber\u00e1 o novo equipamento que integrar\u00e1 a frota da Secretaria Municipal de Sa\u00fade (SESAU), chegando ao total de quatro ambul\u00e2ncias. De acordo com a subsecret\u00e1ria Tessa Sagot, a inten\u00e7\u00e3o \u00e9 a renova\u00e7\u00e3o e amplia\u00e7\u00e3o da frota, contribuindo para a melhoria do acesso ao servi\u00e7o. A aquisi\u00e7\u00e3o do novo equipamento \u00e9 oriunda de emenda parlamentar do Deputado Federal Paulo Azi, o recurso destinado ao munic\u00edpio \u00e9 fruto de um direcionamento da gest\u00e3o para eleva\u00e7\u00e3o da performance e dos \u00edndices relacionados a presta\u00e7\u00e3o de servi\u00e7os na \u00e1rea de sa\u00fade.<\/span><\/p><div class=\"newsi-conteudo_19\" id=\"newsi-4075835228\"><a href=\"https:\/\/www.instagram.com\/prefeituraalagoinhas?igsh=YzgzdDJ1bWR3aWI4\" aria-label=\"SAVE_20251006_221555\"><img loading=\"lazy\" decoding=\"async\" src=\"https:\/\/newsinfoco.com.br\/inicio\/wp-content\/uploads\/2025\/10\/SAVE_20251006_221555-rotated.jpg\" alt=\"\"  srcset=\"https:\/\/newsinfoco.com.br\/inicio\/wp-content\/uploads\/2025\/10\/SAVE_20251006_221555-rotated.jpg 1140w, https:\/\/newsinfoco.com.br\/inicio\/wp-content\/uploads\/2025\/10\/SAVE_20251006_221555-300x52.jpg 300w, https:\/\/newsinfoco.com.br\/inicio\/wp-content\/uploads\/2025\/10\/SAVE_20251006_221555-1024x177.jpg 1024w, https:\/\/newsinfoco.com.br\/inicio\/wp-content\/uploads\/2025\/10\/SAVE_20251006_221555-768x133.jpg 768w, https:\/\/newsinfoco.com.br\/inicio\/wp-content\/uploads\/2025\/10\/SAVE_20251006_221555-600x104.jpg 600w, https:\/\/newsinfoco.com.br\/inicio\/wp-content\/uploads\/2025\/10\/SAVE_20251006_221555-696x120.jpg 696w, https:\/\/newsinfoco.com.br\/inicio\/wp-content\/uploads\/2025\/10\/SAVE_20251006_221555-1068x185.jpg 1068w\" sizes=\"(max-width: 1140px) 100vw, 1140px\" width=\"1140\" height=\"197\"   \/><\/a><\/div>\n<h6 style=\"text-align: right;\"><span style=\"color: #999999;\">Fonte: SECOM SESAU Prefeitura<\/span><\/h6>\n<div style=\"text-align: justify;\" align=\"right\"><span style=\"color: #000000;\">\u00a0<\/span><\/div>\n<div class='share-to-whatsapp-wrapper'><div class='share-on-whsp'>Share on: <\/div><a data-text='http:\/\/newsinfoco.com.br\/2018\/04\/12\/semas-realiza-atividade-de-fortalecimento-de-vinculos-e-socializacao-no-cras-de-nova-brasilia\/' data-link='https:\/\/newsinfoco.com.br\/inicio\/http-newsinfoco-com-br-inicio-2018-04-12-semas-realiza-atividade-de-fortalecimento-de-vinculos-e-socializacao-no-cras-de-nova-brasilia\/' class='whatsapp-button whatsapp-share'>WhatsApp<\/a><div class='clear '><\/div><\/div>","protected":false},"excerpt":{"rendered":"<p>Popularmente conhecida como \u201cdia do azar\u201d, a sexta-feira treze ganhar\u00e1 novo significado para Alagoinhas; mais recursos para a sa\u00fade e melhoria das condi\u00e7\u00f5es de atendimento. Na manh\u00e3 desta sexta-feira (13), \u00e0s 9h, no estacionamento da prefeitura, ser\u00e1 realizada a entrega simb\u00f3lica de uma ambul\u00e2ncia que atender\u00e1 as necessidades do Servi\u00e7o M\u00f3vel de Urg\u00eancia (SAMU). O [&hellip;]<\/p>\n","protected":false},"author":1,"featured_media":1527,"comment_status":"open","ping_status":"open","sticky":false,"template":"","format":"standard","meta":{"om_disable_all_campaigns":false,"_exactmetrics_skip_tracking":false,"_exactmetrics_sitenote_active":false,"_exactmetrics_sitenote_note":"","_exactmetrics_sitenote_category":0,"footnotes":""},"categories":[38,30],"tags":[53,54,58],"class_list":["post-2437","post","type-post","status-publish","format-standard","has-post-thumbnail","hentry","category-alagoinhas-e-regiao","category-destaque","tag-alagoinhas","tag-prefeitura","tag-sesau"],"aioseo_notices":[],"_links":{"self":[{"href":"https:\/\/newsinfoco.com.br\/inicio\/wp-json\/wp\/v2\/posts\/2437","targetHints":{"allow":["GET"]}}],"collection":[{"href":"https:\/\/newsinfoco.com.br\/inicio\/wp-json\/wp\/v2\/posts"}],"about":[{"href":"https:\/\/newsinfoco.com.br\/inicio\/wp-json\/wp\/v2\/types\/post"}],"author":[{"embeddable":true,"href":"https:\/\/newsinfoco.com.br\/inicio\/wp-json\/wp\/v2\/users\/1"}],"replies":[{"embeddable":true,"href":"https:\/\/newsinfoco.com.br\/inicio\/wp-json\/wp\/v2\/comments?post=2437"}],"version-history":[{"count":0,"href":"https:\/\/newsinfoco.com.br\/inicio\/wp-json\/wp\/v2\/posts\/2437\/revisions"}],"wp:featuredmedia":[{"embeddable":true,"href":"https:\/\/newsinfoco.com.br\/inicio\/wp-json\/wp\/v2\/media\/1527"}],"wp:attachment":[{"href":"https:\/\/newsinfoco.com.br\/inicio\/wp-json\/wp\/v2\/media?parent=2437"}],"wp:term":[{"taxonomy":"category","embeddable":true,"href":"https:\/\/newsinfoco.com.br\/inicio\/wp-json\/wp\/v2\/categories?post=2437"},{"taxonomy":"post_tag","embeddable":true,"href":"https:\/\/newsinfoco.com.br\/inicio\/wp-json\/wp\/v2\/tags?post=2437"}],"curies":[{"name":"wp","href":"https:\/\/api.w.org\/{rel}","templated":true}]}}