{"id":24396,"date":"2021-04-20T19:09:24","date_gmt":"2021-04-20T22:09:24","guid":{"rendered":"http:\/\/newsinfoco.com.br\/?p=24396"},"modified":"2021-04-20T19:09:24","modified_gmt":"2021-04-20T22:09:24","slug":"pm-ba-vai-implementar-projeto-de-avaliacao-psicologica-preventiva-para-evitar-surtos","status":"publish","type":"post","link":"https:\/\/newsinfoco.com.br\/inicio\/pm-ba-vai-implementar-projeto-de-avaliacao-psicologica-preventiva-para-evitar-surtos\/","title":{"rendered":"PM-BA vai implementar projeto de avalia\u00e7\u00e3o psicol\u00f3gica preventiva para evitar surtos"},"content":{"rendered":"<p style=\"text-align: justify;\">A Pol\u00edcia Militar da Bahia anunciou, nesta ter\u00e7a-feira (20), medidas para manter a sa\u00fade mental de soldados. Ap\u00f3s casos de viol\u00eancia e de surtos da tropa, ser\u00e1 implementado o projeto de avalia\u00e7\u00e3o psicol\u00f3gica preventiva para todos os candidatos aos cursos de progress\u00e3o na carreira, inclusive aqueles que ainda n\u00e3o iniciaram as aulas em 2021. Cerca de 2.300 policiais militares passar\u00e3o por essa avalia\u00e7\u00e3o esse ano.<\/p>\n<p style=\"text-align: justify;\">A nova medida \u00e9 anunciada semanas ap\u00f3s\u00a0a morte do soldado Wesley Soares, de 38 anos, em Salvador. No \u00faltimo dia\u00a028 de mar\u00e7o, em um momento de surto psic\u00f3tico, ele foi at\u00e9 o Farol da Barra armado e acabou sendo alvejado ap\u00f3s efetuar disparos na dire\u00e7\u00e3o dos policiais que faziam o cerco ao local. Segundo a SSP-BA, ao menos 10 tiros foram disparados. Ele foi encaminhado para o Hospital Geral do Estado (HGE), mas n\u00e3o resistiu aos ferimentos.<\/p>\n<p style=\"text-align: justify;\">A PM-BA tamb\u00e9m anunciou\u00a0a convoca\u00e7\u00e3o de mil novos soldados que foram aprovados no \u00faltimo concurso. Segundo o comandante-geral da corpora\u00e7\u00e3o, coronel Paulo Coutinho, os candidatos aprovados ser\u00e3o chamados no segundo semestre de 2021.<\/p>\n<p>Bnews<\/p>\n<div class='share-to-whatsapp-wrapper'><div class='share-on-whsp'>Share on: <\/div><a data-text='PM-BA vai implementar projeto de avalia\u00e7\u00e3o psicol\u00f3gica preventiva para evitar surtos' data-link='https:\/\/newsinfoco.com.br\/inicio\/pm-ba-vai-implementar-projeto-de-avaliacao-psicologica-preventiva-para-evitar-surtos\/' class='whatsapp-button whatsapp-share'>WhatsApp<\/a><div class='clear '><\/div><\/div>","protected":false},"excerpt":{"rendered":"<p>A Pol\u00edcia Militar da Bahia anunciou, nesta ter\u00e7a-feira (20), medidas para manter a sa\u00fade mental de soldados. Ap\u00f3s casos de viol\u00eancia e de surtos da tropa, ser\u00e1 implementado o projeto de avalia\u00e7\u00e3o psicol\u00f3gica preventiva para todos os candidatos aos cursos de progress\u00e3o na carreira, inclusive aqueles que ainda n\u00e3o iniciaram as aulas em 2021. Cerca [&hellip;]<\/p>\n","protected":false},"author":1,"featured_media":24397,"comment_status":"open","ping_status":"open","sticky":false,"template":"","format":"standard","meta":{"om_disable_all_campaigns":false,"rop_custom_images_group":[],"rop_custom_messages_group":[],"rop_publish_now":"initial","rop_publish_now_accounts":[],"rop_publish_now_history":[],"rop_publish_now_status":"pending","_exactmetrics_skip_tracking":false,"footnotes":""},"categories":[19],"tags":[],"class_list":["post-24396","post","type-post","status-publish","format-standard","has-post-thumbnail","hentry","category-bahia"],"aioseo_notices":[],"aioseo_head":"\n\t\t<!-- All in One SEO 4.9.10 - aioseo.com -->\n\t<meta name=\"description\" content=\"A Pol\u00edcia Militar da Bahia anunciou, nesta ter\u00e7a-feira (20), medidas para manter a sa\u00fade mental de soldados. Ap\u00f3s casos de viol\u00eancia e de surtos da tropa, ser\u00e1 implementado o projeto de avalia\u00e7\u00e3o psicol\u00f3gica preventiva para todos os candidatos aos cursos de progress\u00e3o na carreira, inclusive aqueles que ainda n\u00e3o iniciaram as aulas em 2021. Cerca\" \/>\n\t<meta name=\"robots\" content=\"max-image-preview:large\" \/>\n\t<meta name=\"author\" content=\"administrador\"\/>\n\t<link rel=\"canonical\" href=\"https:\/\/newsinfoco.com.br\/inicio\/pm-ba-vai-implementar-projeto-de-avaliacao-psicologica-preventiva-para-evitar-surtos\/\" \/>\n\t<meta name=\"generator\" content=\"All in One SEO (AIOSEO) 4.9.10\" \/>\n\t\t<meta property=\"og:locale\" content=\"pt_BR\" \/>\n\t\t<meta property=\"og:site_name\" content=\"News In Foco - Editado por Caio Pimenta - O principal site de noticias de Alagoinhas e regi\u00e3o\" \/>\n\t\t<meta property=\"og:type\" content=\"article\" \/>\n\t\t<meta property=\"og:title\" content=\"PM-BA vai implementar projeto de avalia\u00e7\u00e3o psicol\u00f3gica preventiva para evitar surtos - News In Foco - Editado por Caio Pimenta\" \/>\n\t\t<meta property=\"og:description\" content=\"A Pol\u00edcia Militar da Bahia anunciou, nesta ter\u00e7a-feira (20), medidas para manter a sa\u00fade mental de soldados. Ap\u00f3s casos de viol\u00eancia e de surtos da tropa, ser\u00e1 implementado o projeto de avalia\u00e7\u00e3o psicol\u00f3gica preventiva para todos os candidatos aos cursos de progress\u00e3o na carreira, inclusive aqueles que ainda n\u00e3o iniciaram as aulas em 2021. Cerca\" \/>\n\t\t<meta property=\"og:url\" content=\"https:\/\/newsinfoco.com.br\/inicio\/pm-ba-vai-implementar-projeto-de-avaliacao-psicologica-preventiva-para-evitar-surtos\/\" \/>\n\t\t<meta property=\"article:published_time\" content=\"2021-04-20T22:09:24+00:00\" \/>\n\t\t<meta property=\"article:modified_time\" content=\"2021-04-20T22:09:24+00:00\" \/>\n\t\t<meta name=\"twitter:card\" content=\"summary_large_image\" \/>\n\t\t<meta name=\"twitter:title\" content=\"PM-BA vai implementar projeto de avalia\u00e7\u00e3o psicol\u00f3gica preventiva para evitar surtos - News In Foco - Editado por Caio Pimenta\" \/>\n\t\t<meta name=\"twitter:description\" content=\"A Pol\u00edcia Militar da Bahia anunciou, nesta ter\u00e7a-feira (20), medidas para manter a sa\u00fade mental de soldados. Ap\u00f3s casos de viol\u00eancia e de surtos da tropa, ser\u00e1 implementado o projeto de avalia\u00e7\u00e3o psicol\u00f3gica preventiva para todos os candidatos aos cursos de progress\u00e3o na carreira, inclusive aqueles que ainda n\u00e3o iniciaram as aulas em 2021. Cerca\" \/>\n\t\t<script type=\"application\/ld+json\" class=\"aioseo-schema\">\n\t\t\t{\"@context\":\"https:\\\/\\\/schema.org\",\"@graph\":[{\"@type\":\"BlogPosting\",\"@id\":\"https:\\\/\\\/newsinfoco.com.br\\\/inicio\\\/pm-ba-vai-implementar-projeto-de-avaliacao-psicologica-preventiva-para-evitar-surtos\\\/#blogposting\",\"name\":\"PM-BA vai implementar projeto de avalia\\u00e7\\u00e3o psicol\\u00f3gica preventiva para evitar surtos - News In Foco - Editado por Caio Pimenta\",\"headline\":\"PM-BA vai implementar projeto de avalia\\u00e7\\u00e3o psicol\\u00f3gica preventiva para evitar surtos\",\"author\":{\"@id\":\"https:\\\/\\\/newsinfoco.com.br\\\/inicio\\\/author\\\/administrador\\\/#author\"},\"publisher\":{\"@id\":\"https:\\\/\\\/newsinfoco.com.br\\\/inicio\\\/#organization\"},\"image\":{\"@type\":\"ImageObject\",\"url\":\"https:\\\/\\\/newsinfoco.com.br\\\/inicio\\\/wp-content\\\/uploads\\\/2021\\\/04\\\/304552-IMAGEM_NOTICIA_0.jpg\",\"width\":810,\"height\":400},\"datePublished\":\"2021-04-20T19:09:24-03:00\",\"dateModified\":\"2021-04-20T19:09:24-03:00\",\"inLanguage\":\"pt-BR\",\"mainEntityOfPage\":{\"@id\":\"https:\\\/\\\/newsinfoco.com.br\\\/inicio\\\/pm-ba-vai-implementar-projeto-de-avaliacao-psicologica-preventiva-para-evitar-surtos\\\/#webpage\"},\"isPartOf\":{\"@id\":\"https:\\\/\\\/newsinfoco.com.br\\\/inicio\\\/pm-ba-vai-implementar-projeto-de-avaliacao-psicologica-preventiva-para-evitar-surtos\\\/#webpage\"},\"articleSection\":\"Bahia\"},{\"@type\":\"BreadcrumbList\",\"@id\":\"https:\\\/\\\/newsinfoco.com.br\\\/inicio\\\/pm-ba-vai-implementar-projeto-de-avaliacao-psicologica-preventiva-para-evitar-surtos\\\/#breadcrumblist\",\"itemListElement\":[{\"@type\":\"ListItem\",\"@id\":\"https:\\\/\\\/newsinfoco.com.br\\\/inicio#listItem\",\"position\":1,\"name\":\"In\\u00edcio\",\"item\":\"https:\\\/\\\/newsinfoco.com.br\\\/inicio\",\"nextItem\":{\"@type\":\"ListItem\",\"@id\":\"https:\\\/\\\/newsinfoco.com.br\\\/inicio\\\/category\\\/bahia\\\/#listItem\",\"name\":\"Bahia\"}},{\"@type\":\"ListItem\",\"@id\":\"https:\\\/\\\/newsinfoco.com.br\\\/inicio\\\/category\\\/bahia\\\/#listItem\",\"position\":2,\"name\":\"Bahia\",\"item\":\"https:\\\/\\\/newsinfoco.com.br\\\/inicio\\\/category\\\/bahia\\\/\",\"nextItem\":{\"@type\":\"ListItem\",\"@id\":\"https:\\\/\\\/newsinfoco.com.br\\\/inicio\\\/pm-ba-vai-implementar-projeto-de-avaliacao-psicologica-preventiva-para-evitar-surtos\\\/#listItem\",\"name\":\"PM-BA vai implementar projeto de avalia\\u00e7\\u00e3o psicol\\u00f3gica preventiva para evitar surtos\"},\"previousItem\":{\"@type\":\"ListItem\",\"@id\":\"https:\\\/\\\/newsinfoco.com.br\\\/inicio#listItem\",\"name\":\"In\\u00edcio\"}},{\"@type\":\"ListItem\",\"@id\":\"https:\\\/\\\/newsinfoco.com.br\\\/inicio\\\/pm-ba-vai-implementar-projeto-de-avaliacao-psicologica-preventiva-para-evitar-surtos\\\/#listItem\",\"position\":3,\"name\":\"PM-BA vai implementar projeto de avalia\\u00e7\\u00e3o psicol\\u00f3gica preventiva para evitar surtos\",\"previousItem\":{\"@type\":\"ListItem\",\"@id\":\"https:\\\/\\\/newsinfoco.com.br\\\/inicio\\\/category\\\/bahia\\\/#listItem\",\"name\":\"Bahia\"}}]},{\"@type\":\"Organization\",\"@id\":\"https:\\\/\\\/newsinfoco.com.br\\\/inicio\\\/#organization\",\"name\":\"News In Foco - Editado por Caio Pimenta\",\"description\":\"O principal site de noticias de Alagoinhas e regi\\u00e3o\",\"url\":\"https:\\\/\\\/newsinfoco.com.br\\\/inicio\\\/\"},{\"@type\":\"Person\",\"@id\":\"https:\\\/\\\/newsinfoco.com.br\\\/inicio\\\/author\\\/administrador\\\/#author\",\"url\":\"https:\\\/\\\/newsinfoco.com.br\\\/inicio\\\/author\\\/administrador\\\/\",\"name\":\"administrador\",\"image\":{\"@type\":\"ImageObject\",\"@id\":\"https:\\\/\\\/newsinfoco.com.br\\\/inicio\\\/pm-ba-vai-implementar-projeto-de-avaliacao-psicologica-preventiva-para-evitar-surtos\\\/#authorImage\",\"url\":\"https:\\\/\\\/secure.gravatar.com\\\/avatar\\\/c17a617433de8c1dc9584bb79aab7563b46f5bb7e1728c9b17d9cc3ce6a08e49?s=96&d=mm&r=g\",\"width\":96,\"height\":96,\"caption\":\"administrador\"}},{\"@type\":\"WebPage\",\"@id\":\"https:\\\/\\\/newsinfoco.com.br\\\/inicio\\\/pm-ba-vai-implementar-projeto-de-avaliacao-psicologica-preventiva-para-evitar-surtos\\\/#webpage\",\"url\":\"https:\\\/\\\/newsinfoco.com.br\\\/inicio\\\/pm-ba-vai-implementar-projeto-de-avaliacao-psicologica-preventiva-para-evitar-surtos\\\/\",\"name\":\"PM-BA vai implementar projeto de avalia\\u00e7\\u00e3o psicol\\u00f3gica preventiva para evitar surtos - News In Foco - Editado por Caio Pimenta\",\"description\":\"A Pol\\u00edcia Militar da Bahia anunciou, nesta ter\\u00e7a-feira (20), medidas para manter a sa\\u00fade mental de soldados. Ap\\u00f3s casos de viol\\u00eancia e de surtos da tropa, ser\\u00e1 implementado o projeto de avalia\\u00e7\\u00e3o psicol\\u00f3gica preventiva para todos os candidatos aos cursos de progress\\u00e3o na carreira, inclusive aqueles que ainda n\\u00e3o iniciaram as aulas em 2021. Cerca\",\"inLanguage\":\"pt-BR\",\"isPartOf\":{\"@id\":\"https:\\\/\\\/newsinfoco.com.br\\\/inicio\\\/#website\"},\"breadcrumb\":{\"@id\":\"https:\\\/\\\/newsinfoco.com.br\\\/inicio\\\/pm-ba-vai-implementar-projeto-de-avaliacao-psicologica-preventiva-para-evitar-surtos\\\/#breadcrumblist\"},\"author\":{\"@id\":\"https:\\\/\\\/newsinfoco.com.br\\\/inicio\\\/author\\\/administrador\\\/#author\"},\"creator\":{\"@id\":\"https:\\\/\\\/newsinfoco.com.br\\\/inicio\\\/author\\\/administrador\\\/#author\"},\"image\":{\"@type\":\"ImageObject\",\"url\":\"https:\\\/\\\/newsinfoco.com.br\\\/inicio\\\/wp-content\\\/uploads\\\/2021\\\/04\\\/304552-IMAGEM_NOTICIA_0.jpg\",\"@id\":\"https:\\\/\\\/newsinfoco.com.br\\\/inicio\\\/pm-ba-vai-implementar-projeto-de-avaliacao-psicologica-preventiva-para-evitar-surtos\\\/#mainImage\",\"width\":810,\"height\":400},\"primaryImageOfPage\":{\"@id\":\"https:\\\/\\\/newsinfoco.com.br\\\/inicio\\\/pm-ba-vai-implementar-projeto-de-avaliacao-psicologica-preventiva-para-evitar-surtos\\\/#mainImage\"},\"datePublished\":\"2021-04-20T19:09:24-03:00\",\"dateModified\":\"2021-04-20T19:09:24-03:00\"},{\"@type\":\"WebSite\",\"@id\":\"https:\\\/\\\/newsinfoco.com.br\\\/inicio\\\/#website\",\"url\":\"https:\\\/\\\/newsinfoco.com.br\\\/inicio\\\/\",\"name\":\"News In Foco - Editado por Caio Pimenta\",\"description\":\"O principal site de noticias de Alagoinhas e regi\\u00e3o\",\"inLanguage\":\"pt-BR\",\"publisher\":{\"@id\":\"https:\\\/\\\/newsinfoco.com.br\\\/inicio\\\/#organization\"}}]}\n\t\t<\/script>\n\t\t<!-- All in One SEO -->\n\n","aioseo_head_json":{"title":"PM-BA vai implementar projeto de avalia\u00e7\u00e3o psicol\u00f3gica preventiva para evitar surtos - News In Foco - Editado por Caio Pimenta","description":"A Pol\u00edcia Militar da Bahia anunciou, nesta ter\u00e7a-feira (20), medidas para manter a sa\u00fade mental de soldados. Ap\u00f3s casos de viol\u00eancia e de surtos da tropa, ser\u00e1 implementado o projeto de avalia\u00e7\u00e3o psicol\u00f3gica preventiva para todos os candidatos aos cursos de progress\u00e3o na carreira, inclusive aqueles que ainda n\u00e3o iniciaram as aulas em 2021. Cerca","canonical_url":"https:\/\/newsinfoco.com.br\/inicio\/pm-ba-vai-implementar-projeto-de-avaliacao-psicologica-preventiva-para-evitar-surtos\/","robots":"max-image-preview:large","keywords":"","webmasterTools":{"miscellaneous":""},"schema":{"@context":"https:\/\/schema.org","@graph":[{"@type":"BlogPosting","@id":"https:\/\/newsinfoco.com.br\/inicio\/pm-ba-vai-implementar-projeto-de-avaliacao-psicologica-preventiva-para-evitar-surtos\/#blogposting","name":"PM-BA vai implementar projeto de avalia\u00e7\u00e3o psicol\u00f3gica preventiva para evitar surtos - News In Foco - Editado por Caio Pimenta","headline":"PM-BA vai implementar projeto de avalia\u00e7\u00e3o psicol\u00f3gica preventiva para evitar surtos","author":{"@id":"https:\/\/newsinfoco.com.br\/inicio\/author\/administrador\/#author"},"publisher":{"@id":"https:\/\/newsinfoco.com.br\/inicio\/#organization"},"image":{"@type":"ImageObject","url":"https:\/\/newsinfoco.com.br\/inicio\/wp-content\/uploads\/2021\/04\/304552-IMAGEM_NOTICIA_0.jpg","width":810,"height":400},"datePublished":"2021-04-20T19:09:24-03:00","dateModified":"2021-04-20T19:09:24-03:00","inLanguage":"pt-BR","mainEntityOfPage":{"@id":"https:\/\/newsinfoco.com.br\/inicio\/pm-ba-vai-implementar-projeto-de-avaliacao-psicologica-preventiva-para-evitar-surtos\/#webpage"},"isPartOf":{"@id":"https:\/\/newsinfoco.com.br\/inicio\/pm-ba-vai-implementar-projeto-de-avaliacao-psicologica-preventiva-para-evitar-surtos\/#webpage"},"articleSection":"Bahia"},{"@type":"BreadcrumbList","@id":"https:\/\/newsinfoco.com.br\/inicio\/pm-ba-vai-implementar-projeto-de-avaliacao-psicologica-preventiva-para-evitar-surtos\/#breadcrumblist","itemListElement":[{"@type":"ListItem","@id":"https:\/\/newsinfoco.com.br\/inicio#listItem","position":1,"name":"In\u00edcio","item":"https:\/\/newsinfoco.com.br\/inicio","nextItem":{"@type":"ListItem","@id":"https:\/\/newsinfoco.com.br\/inicio\/category\/bahia\/#listItem","name":"Bahia"}},{"@type":"ListItem","@id":"https:\/\/newsinfoco.com.br\/inicio\/category\/bahia\/#listItem","position":2,"name":"Bahia","item":"https:\/\/newsinfoco.com.br\/inicio\/category\/bahia\/","nextItem":{"@type":"ListItem","@id":"https:\/\/newsinfoco.com.br\/inicio\/pm-ba-vai-implementar-projeto-de-avaliacao-psicologica-preventiva-para-evitar-surtos\/#listItem","name":"PM-BA vai implementar projeto de avalia\u00e7\u00e3o psicol\u00f3gica preventiva para evitar surtos"},"previousItem":{"@type":"ListItem","@id":"https:\/\/newsinfoco.com.br\/inicio#listItem","name":"In\u00edcio"}},{"@type":"ListItem","@id":"https:\/\/newsinfoco.com.br\/inicio\/pm-ba-vai-implementar-projeto-de-avaliacao-psicologica-preventiva-para-evitar-surtos\/#listItem","position":3,"name":"PM-BA vai implementar projeto de avalia\u00e7\u00e3o psicol\u00f3gica preventiva para evitar surtos","previousItem":{"@type":"ListItem","@id":"https:\/\/newsinfoco.com.br\/inicio\/category\/bahia\/#listItem","name":"Bahia"}}]},{"@type":"Organization","@id":"https:\/\/newsinfoco.com.br\/inicio\/#organization","name":"News In Foco - Editado por Caio Pimenta","description":"O principal site de noticias de Alagoinhas e regi\u00e3o","url":"https:\/\/newsinfoco.com.br\/inicio\/"},{"@type":"Person","@id":"https:\/\/newsinfoco.com.br\/inicio\/author\/administrador\/#author","url":"https:\/\/newsinfoco.com.br\/inicio\/author\/administrador\/","name":"administrador","image":{"@type":"ImageObject","@id":"https:\/\/newsinfoco.com.br\/inicio\/pm-ba-vai-implementar-projeto-de-avaliacao-psicologica-preventiva-para-evitar-surtos\/#authorImage","url":"https:\/\/secure.gravatar.com\/avatar\/c17a617433de8c1dc9584bb79aab7563b46f5bb7e1728c9b17d9cc3ce6a08e49?s=96&d=mm&r=g","width":96,"height":96,"caption":"administrador"}},{"@type":"WebPage","@id":"https:\/\/newsinfoco.com.br\/inicio\/pm-ba-vai-implementar-projeto-de-avaliacao-psicologica-preventiva-para-evitar-surtos\/#webpage","url":"https:\/\/newsinfoco.com.br\/inicio\/pm-ba-vai-implementar-projeto-de-avaliacao-psicologica-preventiva-para-evitar-surtos\/","name":"PM-BA vai implementar projeto de avalia\u00e7\u00e3o psicol\u00f3gica preventiva para evitar surtos - News In Foco - Editado por Caio Pimenta","description":"A Pol\u00edcia Militar da Bahia anunciou, nesta ter\u00e7a-feira (20), medidas para manter a sa\u00fade mental de soldados. Ap\u00f3s casos de viol\u00eancia e de surtos da tropa, ser\u00e1 implementado o projeto de avalia\u00e7\u00e3o psicol\u00f3gica preventiva para todos os candidatos aos cursos de progress\u00e3o na carreira, inclusive aqueles que ainda n\u00e3o iniciaram as aulas em 2021. Cerca","inLanguage":"pt-BR","isPartOf":{"@id":"https:\/\/newsinfoco.com.br\/inicio\/#website"},"breadcrumb":{"@id":"https:\/\/newsinfoco.com.br\/inicio\/pm-ba-vai-implementar-projeto-de-avaliacao-psicologica-preventiva-para-evitar-surtos\/#breadcrumblist"},"author":{"@id":"https:\/\/newsinfoco.com.br\/inicio\/author\/administrador\/#author"},"creator":{"@id":"https:\/\/newsinfoco.com.br\/inicio\/author\/administrador\/#author"},"image":{"@type":"ImageObject","url":"https:\/\/newsinfoco.com.br\/inicio\/wp-content\/uploads\/2021\/04\/304552-IMAGEM_NOTICIA_0.jpg","@id":"https:\/\/newsinfoco.com.br\/inicio\/pm-ba-vai-implementar-projeto-de-avaliacao-psicologica-preventiva-para-evitar-surtos\/#mainImage","width":810,"height":400},"primaryImageOfPage":{"@id":"https:\/\/newsinfoco.com.br\/inicio\/pm-ba-vai-implementar-projeto-de-avaliacao-psicologica-preventiva-para-evitar-surtos\/#mainImage"},"datePublished":"2021-04-20T19:09:24-03:00","dateModified":"2021-04-20T19:09:24-03:00"},{"@type":"WebSite","@id":"https:\/\/newsinfoco.com.br\/inicio\/#website","url":"https:\/\/newsinfoco.com.br\/inicio\/","name":"News In Foco - Editado por Caio Pimenta","description":"O principal site de noticias de Alagoinhas e regi\u00e3o","inLanguage":"pt-BR","publisher":{"@id":"https:\/\/newsinfoco.com.br\/inicio\/#organization"}}]},"og:locale":"pt_BR","og:site_name":"News In Foco - Editado por Caio Pimenta - O principal site de noticias de Alagoinhas e regi\u00e3o","og:type":"article","og:title":"PM-BA vai implementar projeto de avalia\u00e7\u00e3o psicol\u00f3gica preventiva para evitar surtos - News In Foco - Editado por Caio Pimenta","og:description":"A Pol\u00edcia Militar da Bahia anunciou, nesta ter\u00e7a-feira (20), medidas para manter a sa\u00fade mental de soldados. Ap\u00f3s casos de viol\u00eancia e de surtos da tropa, ser\u00e1 implementado o projeto de avalia\u00e7\u00e3o psicol\u00f3gica preventiva para todos os candidatos aos cursos de progress\u00e3o na carreira, inclusive aqueles que ainda n\u00e3o iniciaram as aulas em 2021. Cerca","og:url":"https:\/\/newsinfoco.com.br\/inicio\/pm-ba-vai-implementar-projeto-de-avaliacao-psicologica-preventiva-para-evitar-surtos\/","article:published_time":"2021-04-20T22:09:24+00:00","article:modified_time":"2021-04-20T22:09:24+00:00","twitter:card":"summary_large_image","twitter:title":"PM-BA vai implementar projeto de avalia\u00e7\u00e3o psicol\u00f3gica preventiva para evitar surtos - News In Foco - Editado por Caio Pimenta","twitter:description":"A Pol\u00edcia Militar da Bahia anunciou, nesta ter\u00e7a-feira (20), medidas para manter a sa\u00fade mental de soldados. Ap\u00f3s casos de viol\u00eancia e de surtos da tropa, ser\u00e1 implementado o projeto de avalia\u00e7\u00e3o psicol\u00f3gica preventiva para todos os candidatos aos cursos de progress\u00e3o na carreira, inclusive aqueles que ainda n\u00e3o iniciaram as aulas em 2021. Cerca"},"aioseo_meta_data":{"post_id":"24396","title":null,"description":null,"keywords":null,"keyphrases":null,"primary_term":null,"canonical_url":null,"og_title":null,"og_description":null,"og_object_type":"default","og_image_type":"default","og_image_url":null,"og_image_width":null,"og_image_height":null,"og_image_custom_url":null,"og_image_custom_fields":null,"og_video":null,"og_custom_url":null,"og_article_section":null,"og_article_tags":null,"twitter_use_og":false,"twitter_card":"default","twitter_image_type":"default","twitter_image_url":null,"twitter_image_custom_url":null,"twitter_image_custom_fields":null,"twitter_title":null,"twitter_description":null,"schema":{"blockGraphs":[],"customGraphs":[],"default":{"data":{"Article":[],"Course":[],"Dataset":[],"FAQPage":[],"Movie":[],"Person":[],"Product":[],"ProductReview":[],"Car":[],"Recipe":[],"Service":[],"SoftwareApplication":[],"WebPage":[]},"graphName":"","isEnabled":true},"graphs":[]},"schema_type":"default","schema_type_options":null,"pillar_content":false,"robots_default":true,"robots_noindex":false,"robots_noarchive":false,"robots_nosnippet":false,"robots_nofollow":false,"robots_noimageindex":false,"robots_noodp":false,"robots_notranslate":false,"robots_max_snippet":null,"robots_max_videopreview":null,"robots_max_imagepreview":"large","priority":null,"frequency":null,"local_seo":null,"breadcrumb_settings":null,"limit_modified_date":false,"ai":null,"created":"2023-06-12 18:20:58","updated":"2025-07-11 04:48:03","seo_analyzer_scan_date":null},"aioseo_breadcrumb":"<div class=\"aioseo-breadcrumbs\"><span class=\"aioseo-breadcrumb\">\n\t\t\t<a href=\"https:\/\/newsinfoco.com.br\/inicio\" title=\"In\u00edcio\">In\u00edcio<\/a>\n\t\t<\/span><span class=\"aioseo-breadcrumb-separator\">&raquo;<\/span><span class=\"aioseo-breadcrumb\">\n\t\t\t<a href=\"https:\/\/newsinfoco.com.br\/inicio\/category\/bahia\/\" title=\"Bahia\">Bahia<\/a>\n\t\t<\/span><span class=\"aioseo-breadcrumb-separator\">&raquo;<\/span><span class=\"aioseo-breadcrumb\">\n\t\t\tPM-BA vai implementar projeto de avalia\u00e7\u00e3o psicol\u00f3gica preventiva para evitar surtos\n\t\t<\/span><\/div>","aioseo_breadcrumb_json":[{"label":"In\u00edcio","link":"https:\/\/newsinfoco.com.br\/inicio"},{"label":"Bahia","link":"https:\/\/newsinfoco.com.br\/inicio\/category\/bahia\/"},{"label":"PM-BA vai implementar projeto de avalia\u00e7\u00e3o psicol\u00f3gica preventiva para evitar surtos","link":"https:\/\/newsinfoco.com.br\/inicio\/pm-ba-vai-implementar-projeto-de-avaliacao-psicologica-preventiva-para-evitar-surtos\/"}],"_links":{"self":[{"href":"https:\/\/newsinfoco.com.br\/inicio\/wp-json\/wp\/v2\/posts\/24396","targetHints":{"allow":["GET"]}}],"collection":[{"href":"https:\/\/newsinfoco.com.br\/inicio\/wp-json\/wp\/v2\/posts"}],"about":[{"href":"https:\/\/newsinfoco.com.br\/inicio\/wp-json\/wp\/v2\/types\/post"}],"author":[{"embeddable":true,"href":"https:\/\/newsinfoco.com.br\/inicio\/wp-json\/wp\/v2\/users\/1"}],"replies":[{"embeddable":true,"href":"https:\/\/newsinfoco.com.br\/inicio\/wp-json\/wp\/v2\/comments?post=24396"}],"version-history":[{"count":0,"href":"https:\/\/newsinfoco.com.br\/inicio\/wp-json\/wp\/v2\/posts\/24396\/revisions"}],"wp:featuredmedia":[{"embeddable":true,"href":"https:\/\/newsinfoco.com.br\/inicio\/wp-json\/wp\/v2\/media\/24397"}],"wp:attachment":[{"href":"https:\/\/newsinfoco.com.br\/inicio\/wp-json\/wp\/v2\/media?parent=24396"}],"wp:term":[{"taxonomy":"category","embeddable":true,"href":"https:\/\/newsinfoco.com.br\/inicio\/wp-json\/wp\/v2\/categories?post=24396"},{"taxonomy":"post_tag","embeddable":true,"href":"https:\/\/newsinfoco.com.br\/inicio\/wp-json\/wp\/v2\/tags?post=24396"}],"curies":[{"name":"wp","href":"https:\/\/api.w.org\/{rel}","templated":true}]}}