{"id":2443,"date":"2018-04-12T18:51:15","date_gmt":"2018-04-12T21:51:15","guid":{"rendered":"http:\/\/newsinfoco.com.br\/?p=2443"},"modified":"2018-04-12T18:51:15","modified_gmt":"2018-04-12T21:51:15","slug":"semas-promove-acao-de-acolhimento-e-faz-levantamento-socioeconomico-de-recicladores-no-aterro-sanitario-de-alagoinhas","status":"publish","type":"post","link":"https:\/\/newsinfoco.com.br\/inicio\/semas-promove-acao-de-acolhimento-e-faz-levantamento-socioeconomico-de-recicladores-no-aterro-sanitario-de-alagoinhas\/","title":{"rendered":"SEMAS promove a\u00e7\u00e3o de acolhimento e faz levantamento socioecon\u00f4mico de recicladores no Aterro Sanit\u00e1rio de Alagoinhas"},"content":{"rendered":"<p style=\"text-align: justify;\"><span style=\"color: #000000;\">Pensando em a\u00e7\u00f5es afirmativas que colaborem para o desenvolvimento socioecon\u00f4mico e tamb\u00e9m ambiental \u00e9 que a Prefeitura de Alagoinhas por meio da Secretaria Municipal de Assist\u00eancia Social (SEMAS) realizou na manh\u00e3 desta quinta-feira (12) um encontro com recicladores da cidade ligados \u00e0 Cooperativa de Material Recicl\u00e1vel de Alagoinhas (CORAL).<\/span><\/p>\n<p style=\"text-align: justify;\"><span style=\"color: #000000;\">Durante a a\u00e7\u00e3o realizada no Aterro Sanit\u00e1rio de Alagoinhas, equipes da SEMAS apresentaram programas sociais, aplicaram question\u00e1rios socioecon\u00f4micos e ofereceram um caf\u00e9 da manh\u00e3 especial ao grupo de trabalhadores. A iniciativa \u00e9 parte de uma medida acordada entre munic\u00edpio e Minist\u00e9rio P\u00fablico, via Termo de Ajuste de Conduta (TAC). Deste modo as atividades ser\u00e3o coordenadas em parceria entre as secretarias de desenvolvimento econ\u00f4mico e meio ambiente, assist\u00eancia social, sa\u00fade, \u00a0e lideradas pela Secretaria Municipal de Servi\u00e7os P\u00fablicos (SESEP).<\/span><\/p><div class=\"newsi-conteudo_19\" id=\"newsi-2006656330\"><a href=\"https:\/\/www.instagram.com\/prefeituraalagoinhas?igsh=YzgzdDJ1bWR3aWI4\" aria-label=\"SAVE_20251006_221555\"><img loading=\"lazy\" decoding=\"async\" src=\"https:\/\/newsinfoco.com.br\/inicio\/wp-content\/uploads\/2025\/10\/SAVE_20251006_221555-rotated.jpg\" alt=\"\"  srcset=\"https:\/\/newsinfoco.com.br\/inicio\/wp-content\/uploads\/2025\/10\/SAVE_20251006_221555-rotated.jpg 1140w, https:\/\/newsinfoco.com.br\/inicio\/wp-content\/uploads\/2025\/10\/SAVE_20251006_221555-300x52.jpg 300w, https:\/\/newsinfoco.com.br\/inicio\/wp-content\/uploads\/2025\/10\/SAVE_20251006_221555-1024x177.jpg 1024w, https:\/\/newsinfoco.com.br\/inicio\/wp-content\/uploads\/2025\/10\/SAVE_20251006_221555-768x133.jpg 768w, https:\/\/newsinfoco.com.br\/inicio\/wp-content\/uploads\/2025\/10\/SAVE_20251006_221555-600x104.jpg 600w, https:\/\/newsinfoco.com.br\/inicio\/wp-content\/uploads\/2025\/10\/SAVE_20251006_221555-696x120.jpg 696w, https:\/\/newsinfoco.com.br\/inicio\/wp-content\/uploads\/2025\/10\/SAVE_20251006_221555-1068x185.jpg 1068w\" sizes=\"(max-width: 1140px) 100vw, 1140px\" width=\"1140\" height=\"197\"   \/><\/a><\/div>\n<p style=\"text-align: justify;\"><span style=\"color: #000000;\">Interessada em conhecer a realidade dos trabalhadores, a SEMAS aplicou um question\u00e1rio socioecon\u00f4mico a fim de levantar dados sobre cada um deles no sentido de poder elaborar estrat\u00e9gias e oferecer alternativas que atendam suas necessidades. \u201cN\u00f3s queremos conhec\u00ea-los para poder contribuir da melhor forma de acordo com as compet\u00eancias da SEMAS. Por isso estamos realizando um trabalho em conjunto, para atender os recicladores de maneira mais ampla e eficaz\u201d, pontua Ludmilla Fiscina, subsecret\u00e1ria de assist\u00eancia social.<\/span><\/p>\n<p style=\"text-align: justify;\"><span style=\"color: #000000;\">Na oportunidade foram realizados cadastramentos no Programa Bolsa Fam\u00edlia, ACESSUAS Trabalho, direcionando os trabalhadores aos cursos oferecidos pelo projeto e direcionamentos sobre o combate ao trabalho infantil, orientado pela equipe do Programa de Erradica\u00e7\u00e3o do Trabalho Infantil (PETI). Al\u00e9m de encaminhamentos para confec\u00e7\u00e3o de documentos ou segunda via, como por exemplo, RG e Carteira de Trabalho.<\/span><\/p>\n<p style=\"text-align: justify;\"><span style=\"color: #000000;\">Ap\u00f3s os estudos sobre o levantamento de dados, a SEMAS ir\u00e1 desenvolver a\u00e7\u00f5es direcionadas \u00e0s necessidades do grupo de recicladores, al\u00e9m de realizar os encaminhamentos necess\u00e1rios para outras \u00e1reas da administra\u00e7\u00e3o municipal, caso necess\u00e1rio. Ainda de acordo com a subsecret\u00e1ria outras atividades ser\u00e3o desenvolvidas com os trabalhadores da CORAL. \u201cA motiva\u00e7\u00e3o \u00e9 recuperar o aterro e garantir que as pessoas que trabalham com reciclagem tenham condi\u00e7\u00f5es dignas. A SESEP j\u00e1 est\u00e1 fazendo sua parte e toda a gest\u00e3o est\u00e1 empenhada em colaborar\u201d, afirma Ludmilla.<\/span><\/p>\n<p style=\"text-align: justify;\"><span style=\"color: #000000;\"><strong>CONFIRA GALERIA DE FOTOS:<\/strong><\/span><\/p>\n<p><a href=\"http:\/\/newsinfoco.com.br\/wp-content\/uploads\/2018\/04\/40519784705_1bbb40ba3e_k.jpg\"><img loading=\"lazy\" decoding=\"async\" class=\"aligncenter size-full wp-image-2444\" src=\"http:\/\/newsinfoco.com.br\/wp-content\/uploads\/2018\/04\/40519784705_1bbb40ba3e_k.jpg\" alt=\"\" width=\"2048\" height=\"1356\" srcset=\"https:\/\/newsinfoco.com.br\/inicio\/wp-content\/uploads\/2018\/04\/40519784705_1bbb40ba3e_k.jpg 2048w, https:\/\/newsinfoco.com.br\/inicio\/wp-content\/uploads\/2018\/04\/40519784705_1bbb40ba3e_k-300x199.jpg 300w, https:\/\/newsinfoco.com.br\/inicio\/wp-content\/uploads\/2018\/04\/40519784705_1bbb40ba3e_k-768x509.jpg 768w, https:\/\/newsinfoco.com.br\/inicio\/wp-content\/uploads\/2018\/04\/40519784705_1bbb40ba3e_k-1024x678.jpg 1024w, https:\/\/newsinfoco.com.br\/inicio\/wp-content\/uploads\/2018\/04\/40519784705_1bbb40ba3e_k-600x397.jpg 600w, https:\/\/newsinfoco.com.br\/inicio\/wp-content\/uploads\/2018\/04\/40519784705_1bbb40ba3e_k-696x461.jpg 696w, https:\/\/newsinfoco.com.br\/inicio\/wp-content\/uploads\/2018\/04\/40519784705_1bbb40ba3e_k-1068x707.jpg 1068w, https:\/\/newsinfoco.com.br\/inicio\/wp-content\/uploads\/2018\/04\/40519784705_1bbb40ba3e_k-634x420.jpg 634w, https:\/\/newsinfoco.com.br\/inicio\/wp-content\/uploads\/2018\/04\/40519784705_1bbb40ba3e_k-1320x874.jpg 1320w\" sizes=\"auto, (max-width: 2048px) 100vw, 2048px\" \/><\/a> <a href=\"http:\/\/newsinfoco.com.br\/wp-content\/uploads\/2018\/04\/40700857684_0431c121cd_k.jpg\"><img loading=\"lazy\" decoding=\"async\" class=\"aligncenter size-full wp-image-2446\" src=\"http:\/\/newsinfoco.com.br\/wp-content\/uploads\/2018\/04\/40700857684_0431c121cd_k.jpg\" alt=\"\" width=\"2048\" height=\"1356\" srcset=\"https:\/\/newsinfoco.com.br\/inicio\/wp-content\/uploads\/2018\/04\/40700857684_0431c121cd_k.jpg 2048w, https:\/\/newsinfoco.com.br\/inicio\/wp-content\/uploads\/2018\/04\/40700857684_0431c121cd_k-300x199.jpg 300w, https:\/\/newsinfoco.com.br\/inicio\/wp-content\/uploads\/2018\/04\/40700857684_0431c121cd_k-768x509.jpg 768w, https:\/\/newsinfoco.com.br\/inicio\/wp-content\/uploads\/2018\/04\/40700857684_0431c121cd_k-1024x678.jpg 1024w, https:\/\/newsinfoco.com.br\/inicio\/wp-content\/uploads\/2018\/04\/40700857684_0431c121cd_k-600x397.jpg 600w, https:\/\/newsinfoco.com.br\/inicio\/wp-content\/uploads\/2018\/04\/40700857684_0431c121cd_k-696x461.jpg 696w, https:\/\/newsinfoco.com.br\/inicio\/wp-content\/uploads\/2018\/04\/40700857684_0431c121cd_k-1068x707.jpg 1068w, https:\/\/newsinfoco.com.br\/inicio\/wp-content\/uploads\/2018\/04\/40700857684_0431c121cd_k-634x420.jpg 634w, https:\/\/newsinfoco.com.br\/inicio\/wp-content\/uploads\/2018\/04\/40700857684_0431c121cd_k-1320x874.jpg 1320w\" sizes=\"auto, (max-width: 2048px) 100vw, 2048px\" \/><\/a> <a href=\"http:\/\/newsinfoco.com.br\/wp-content\/uploads\/2018\/04\/40700883624_ebf97fd460_k.jpg\"><img loading=\"lazy\" decoding=\"async\" class=\"aligncenter size-full wp-image-2447\" src=\"http:\/\/newsinfoco.com.br\/wp-content\/uploads\/2018\/04\/40700883624_ebf97fd460_k.jpg\" alt=\"\" width=\"2048\" height=\"1356\" srcset=\"https:\/\/newsinfoco.com.br\/inicio\/wp-content\/uploads\/2018\/04\/40700883624_ebf97fd460_k.jpg 2048w, https:\/\/newsinfoco.com.br\/inicio\/wp-content\/uploads\/2018\/04\/40700883624_ebf97fd460_k-300x199.jpg 300w, https:\/\/newsinfoco.com.br\/inicio\/wp-content\/uploads\/2018\/04\/40700883624_ebf97fd460_k-768x509.jpg 768w, https:\/\/newsinfoco.com.br\/inicio\/wp-content\/uploads\/2018\/04\/40700883624_ebf97fd460_k-1024x678.jpg 1024w, https:\/\/newsinfoco.com.br\/inicio\/wp-content\/uploads\/2018\/04\/40700883624_ebf97fd460_k-600x397.jpg 600w, https:\/\/newsinfoco.com.br\/inicio\/wp-content\/uploads\/2018\/04\/40700883624_ebf97fd460_k-696x461.jpg 696w, https:\/\/newsinfoco.com.br\/inicio\/wp-content\/uploads\/2018\/04\/40700883624_ebf97fd460_k-1068x707.jpg 1068w, https:\/\/newsinfoco.com.br\/inicio\/wp-content\/uploads\/2018\/04\/40700883624_ebf97fd460_k-634x420.jpg 634w, https:\/\/newsinfoco.com.br\/inicio\/wp-content\/uploads\/2018\/04\/40700883624_ebf97fd460_k-1320x874.jpg 1320w\" sizes=\"auto, (max-width: 2048px) 100vw, 2048px\" \/><\/a> <a href=\"http:\/\/newsinfoco.com.br\/wp-content\/uploads\/2018\/04\/41372687922_e85457c378_k-1.jpg\"><img loading=\"lazy\" decoding=\"async\" class=\"aligncenter size-full wp-image-2448\" src=\"http:\/\/newsinfoco.com.br\/wp-content\/uploads\/2018\/04\/41372687922_e85457c378_k-1.jpg\" alt=\"\" width=\"2048\" height=\"1356\" srcset=\"https:\/\/newsinfoco.com.br\/inicio\/wp-content\/uploads\/2018\/04\/41372687922_e85457c378_k-1.jpg 2048w, https:\/\/newsinfoco.com.br\/inicio\/wp-content\/uploads\/2018\/04\/41372687922_e85457c378_k-1-300x199.jpg 300w, https:\/\/newsinfoco.com.br\/inicio\/wp-content\/uploads\/2018\/04\/41372687922_e85457c378_k-1-768x509.jpg 768w, https:\/\/newsinfoco.com.br\/inicio\/wp-content\/uploads\/2018\/04\/41372687922_e85457c378_k-1-1024x678.jpg 1024w, https:\/\/newsinfoco.com.br\/inicio\/wp-content\/uploads\/2018\/04\/41372687922_e85457c378_k-1-600x397.jpg 600w, https:\/\/newsinfoco.com.br\/inicio\/wp-content\/uploads\/2018\/04\/41372687922_e85457c378_k-1-696x461.jpg 696w, https:\/\/newsinfoco.com.br\/inicio\/wp-content\/uploads\/2018\/04\/41372687922_e85457c378_k-1-1068x707.jpg 1068w, https:\/\/newsinfoco.com.br\/inicio\/wp-content\/uploads\/2018\/04\/41372687922_e85457c378_k-1-634x420.jpg 634w, https:\/\/newsinfoco.com.br\/inicio\/wp-content\/uploads\/2018\/04\/41372687922_e85457c378_k-1-1320x874.jpg 1320w\" sizes=\"auto, (max-width: 2048px) 100vw, 2048px\" \/><\/a> <a href=\"http:\/\/newsinfoco.com.br\/wp-content\/uploads\/2018\/04\/41373034592_d87cc3f144_k.jpg\"><img loading=\"lazy\" decoding=\"async\" class=\"aligncenter size-full wp-image-2449\" src=\"http:\/\/newsinfoco.com.br\/wp-content\/uploads\/2018\/04\/41373034592_d87cc3f144_k.jpg\" alt=\"\" width=\"2048\" height=\"1356\" srcset=\"https:\/\/newsinfoco.com.br\/inicio\/wp-content\/uploads\/2018\/04\/41373034592_d87cc3f144_k.jpg 2048w, https:\/\/newsinfoco.com.br\/inicio\/wp-content\/uploads\/2018\/04\/41373034592_d87cc3f144_k-300x199.jpg 300w, https:\/\/newsinfoco.com.br\/inicio\/wp-content\/uploads\/2018\/04\/41373034592_d87cc3f144_k-768x509.jpg 768w, https:\/\/newsinfoco.com.br\/inicio\/wp-content\/uploads\/2018\/04\/41373034592_d87cc3f144_k-1024x678.jpg 1024w, https:\/\/newsinfoco.com.br\/inicio\/wp-content\/uploads\/2018\/04\/41373034592_d87cc3f144_k-600x397.jpg 600w, https:\/\/newsinfoco.com.br\/inicio\/wp-content\/uploads\/2018\/04\/41373034592_d87cc3f144_k-696x461.jpg 696w, https:\/\/newsinfoco.com.br\/inicio\/wp-content\/uploads\/2018\/04\/41373034592_d87cc3f144_k-1068x707.jpg 1068w, https:\/\/newsinfoco.com.br\/inicio\/wp-content\/uploads\/2018\/04\/41373034592_d87cc3f144_k-634x420.jpg 634w, https:\/\/newsinfoco.com.br\/inicio\/wp-content\/uploads\/2018\/04\/41373034592_d87cc3f144_k-1320x874.jpg 1320w\" sizes=\"auto, (max-width: 2048px) 100vw, 2048px\" \/><\/a><\/p>\n<h6 style=\"text-align: right;\"><span style=\"color: #999999;\">Fonte: SECOM SEMAS Prefeitura<\/span><\/h6>\n<div class='share-to-whatsapp-wrapper'><div class='share-on-whsp'>Share on: <\/div><a data-text='SEMAS promove a\u00e7\u00e3o de acolhimento e faz levantamento socioecon\u00f4mico de recicladores no Aterro Sanit\u00e1rio de Alagoinhas' data-link='https:\/\/newsinfoco.com.br\/inicio\/semas-promove-acao-de-acolhimento-e-faz-levantamento-socioeconomico-de-recicladores-no-aterro-sanitario-de-alagoinhas\/' class='whatsapp-button whatsapp-share'>WhatsApp<\/a><div class='clear '><\/div><\/div>","protected":false},"excerpt":{"rendered":"<p>Pensando em a\u00e7\u00f5es afirmativas que colaborem para o desenvolvimento socioecon\u00f4mico e tamb\u00e9m ambiental \u00e9 que a Prefeitura de Alagoinhas por meio da Secretaria Municipal de Assist\u00eancia Social (SEMAS) realizou na manh\u00e3 desta quinta-feira (12) um encontro com recicladores da cidade ligados \u00e0 Cooperativa de Material Recicl\u00e1vel de Alagoinhas (CORAL). Durante a a\u00e7\u00e3o realizada no Aterro [&hellip;]<\/p>\n","protected":false},"author":1,"featured_media":2449,"comment_status":"open","ping_status":"open","sticky":false,"template":"","format":"standard","meta":{"om_disable_all_campaigns":false,"_exactmetrics_skip_tracking":false,"_exactmetrics_sitenote_active":false,"_exactmetrics_sitenote_note":"","_exactmetrics_sitenote_category":0,"footnotes":""},"categories":[38,30],"tags":[53,54,59],"class_list":["post-2443","post","type-post","status-publish","format-standard","has-post-thumbnail","hentry","category-alagoinhas-e-regiao","category-destaque","tag-alagoinhas","tag-prefeitura","tag-semas"],"aioseo_notices":[],"_links":{"self":[{"href":"https:\/\/newsinfoco.com.br\/inicio\/wp-json\/wp\/v2\/posts\/2443","targetHints":{"allow":["GET"]}}],"collection":[{"href":"https:\/\/newsinfoco.com.br\/inicio\/wp-json\/wp\/v2\/posts"}],"about":[{"href":"https:\/\/newsinfoco.com.br\/inicio\/wp-json\/wp\/v2\/types\/post"}],"author":[{"embeddable":true,"href":"https:\/\/newsinfoco.com.br\/inicio\/wp-json\/wp\/v2\/users\/1"}],"replies":[{"embeddable":true,"href":"https:\/\/newsinfoco.com.br\/inicio\/wp-json\/wp\/v2\/comments?post=2443"}],"version-history":[{"count":0,"href":"https:\/\/newsinfoco.com.br\/inicio\/wp-json\/wp\/v2\/posts\/2443\/revisions"}],"wp:featuredmedia":[{"embeddable":true,"href":"https:\/\/newsinfoco.com.br\/inicio\/wp-json\/wp\/v2\/media\/2449"}],"wp:attachment":[{"href":"https:\/\/newsinfoco.com.br\/inicio\/wp-json\/wp\/v2\/media?parent=2443"}],"wp:term":[{"taxonomy":"category","embeddable":true,"href":"https:\/\/newsinfoco.com.br\/inicio\/wp-json\/wp\/v2\/categories?post=2443"},{"taxonomy":"post_tag","embeddable":true,"href":"https:\/\/newsinfoco.com.br\/inicio\/wp-json\/wp\/v2\/tags?post=2443"}],"curies":[{"name":"wp","href":"https:\/\/api.w.org\/{rel}","templated":true}]}}