{"id":246,"date":"2018-02-24T10:57:44","date_gmt":"2018-02-24T13:57:44","guid":{"rendered":"http:\/\/newsinfoco.com.br\/?p=246"},"modified":"2018-02-24T10:57:44","modified_gmt":"2018-02-24T13:57:44","slug":"dyogo-oliveira-sem-previdencia-sera-preciso-cortar-r-14-bi","status":"publish","type":"post","link":"https:\/\/newsinfoco.com.br\/inicio\/dyogo-oliveira-sem-previdencia-sera-preciso-cortar-r-14-bi\/","title":{"rendered":"Dyogo Oliveira: Sem Previd\u00eancia, ser\u00e1 preciso cortar R$ 14 bi"},"content":{"rendered":"<p style=\"text-align: justify;\"><span style=\"color: #000000;\">Com a posterga\u00e7\u00e3o da\u00a0<a style=\"color: #000000;\" href=\"https:\/\/veja.abril.com.br\/noticias-sobre\/reforma-da-previdencia\"><strong>reforma da Previd\u00eancia<\/strong><\/a>, o governo federal precisar\u00e1 14 bilh\u00f5es de reais do\u00a0<a style=\"color: #000000;\" href=\"https:\/\/veja.abril.com.br\/noticias-sobre\/orcamento\"><strong>Or\u00e7amento<\/strong><\/a>\u00a0de 2019. O c\u00e1lculo \u00e9 do ministro do\u00a0<a style=\"color: #000000;\" href=\"https:\/\/veja.abril.com.br\/noticias-sobre\/ministerio-do-planejamento\/\"><strong>Planejamento<\/strong><\/a>,\u00a0<a style=\"color: #000000;\" href=\"https:\/\/veja.abril.com.br\/noticias-sobre\/dyogo-oliveira\"><strong>Dyogo Oliveira<\/strong><\/a>, em entrevista ao jornal\u00a0<em>O Estado de S. Paulo<\/em>.<\/span><\/p>\n<p style=\"text-align: justify;\"><span style=\"color: #000000;\">Segundo Oliveira, este \u00e9 o montante que a administra\u00e7\u00e3o federal esperava economizar para o per\u00edodo caso conseguisse aprovar as mudan\u00e7as nas aposentadorias e pens\u00f5es ainda neste ano.\u00a0O ministro n\u00e3o detalhou quais \u00e1reas ter\u00e3o restri\u00e7\u00f5es nos gastos, e disse que haver\u00e1 revis\u00e3o em pol\u00edticas p\u00fablicas e programas sociais. \u201cO processo \u00e9 sigiloso e \u00e9 preciso cautela neste momento\u201d, afirmou.<\/span><\/p><div class=\"newsi-conteudo_19\" id=\"newsi-97978479\"><a href=\"https:\/\/www.instagram.com\/prefeituraalagoinhas?igsh=YzgzdDJ1bWR3aWI4\" aria-label=\"SAVE_20251006_221555\"><img loading=\"lazy\" decoding=\"async\" src=\"https:\/\/newsinfoco.com.br\/inicio\/wp-content\/uploads\/2025\/10\/SAVE_20251006_221555-rotated.jpg\" alt=\"\"  srcset=\"https:\/\/newsinfoco.com.br\/inicio\/wp-content\/uploads\/2025\/10\/SAVE_20251006_221555-rotated.jpg 1140w, https:\/\/newsinfoco.com.br\/inicio\/wp-content\/uploads\/2025\/10\/SAVE_20251006_221555-300x52.jpg 300w, https:\/\/newsinfoco.com.br\/inicio\/wp-content\/uploads\/2025\/10\/SAVE_20251006_221555-1024x177.jpg 1024w, https:\/\/newsinfoco.com.br\/inicio\/wp-content\/uploads\/2025\/10\/SAVE_20251006_221555-768x133.jpg 768w, https:\/\/newsinfoco.com.br\/inicio\/wp-content\/uploads\/2025\/10\/SAVE_20251006_221555-600x104.jpg 600w, https:\/\/newsinfoco.com.br\/inicio\/wp-content\/uploads\/2025\/10\/SAVE_20251006_221555-696x120.jpg 696w, https:\/\/newsinfoco.com.br\/inicio\/wp-content\/uploads\/2025\/10\/SAVE_20251006_221555-1068x185.jpg 1068w\" sizes=\"(max-width: 1140px) 100vw, 1140px\" width=\"1140\" height=\"197\"   \/><\/a><\/div>\n<p style=\"text-align: justify;\"><span style=\"color: #000000;\">Oliveira disse que ser\u00e3o intensificadas analises sobre necessidade e efetividade dos gastos e contra fraudes \u2013 como as verifica\u00e7\u00f5es j\u00e1 feitas em rela\u00e7\u00e3o ao aux\u00edlio doen\u00e7a, Fies e seguro-defeso. O Planejamento analisa no momento o Benef\u00edcio de Presta\u00e7\u00e3o Continuada (BPC) e o Bolsa Fam\u00edlia.<\/span><\/p>\n<p style=\"text-align: justify;\"><span style=\"color: #000000;\">Apesar da previs\u00e3o de gastos maiores, o ministro disse que o governo vai cumprir o teto de gastos para 2019. No curto prazo, o equil\u00edbrio nas contas p\u00fablicas ser\u00e1 feito com medidas que est\u00e3o programadas para serem votadas no Congresso, como o fim da desonera\u00e7\u00e3o da folha de pagamentos e adiamento de reajustes a servidores p\u00fablicos, segundo Oliveira.<\/span><\/p>\n<p style=\"text-align: justify;\"><span style=\"color: #000000;\">A proposta de emenda \u00e0 Constitui\u00e7\u00e3o (PEC) que altera as regras de Previd\u00eancia foi aprovada em maio em comiss\u00e3o especial, mas o governo n\u00e3o conseguiu apoio necess\u00e1rio para vot\u00e1-la, em dois turnos, nos plen\u00e1rios da C\u00e2mara e do Senado. O Planalto negociava mudan\u00e7as no texto em curso e anunciou uma vers\u00e3o alternativa h\u00e1 duas semanas, com o objetivo de concluir a vota\u00e7\u00e3o at\u00e9 o fim de fevereiro.<\/span><\/p>\n<p style=\"text-align: justify;\"><span style=\"color: #000000;\">A interven\u00e7\u00e3o federal no Rio de Janeiro decretada pelo presidente na \u00faltima sexta-feira foi mais um obst\u00e1culo para o prazo. Isso porque n\u00e3o \u00e9 poss\u00edvel fazer emendas \u00e0 Constitui\u00e7\u00e3o enquanto ocorre um processos do tipo.<\/span><\/p>\n<p style=\"text-align: justify;\"><span style=\"color: #000000;\">O ministro da Fazenda, Henrique Meirelles, disse na quarta-feira que, apesar da interven\u00e7\u00e3o no Rio, a reforma da Previd\u00eancia continua sendo prioridade para o governo, e que ela n\u00e3o est\u00e1 \u201centerrada\u201d, mas \u201csuspensa\u201d. Analistas do mercado financeiro j\u00e1 n\u00e3o contavam com a medida neste ano.<\/span><\/p>\n<h6 style=\"text-align: right;\"><span style=\"color: #999999;\">Fonte:Veja<\/span><\/h6>\n<div class='share-to-whatsapp-wrapper'><div class='share-on-whsp'>Share on: <\/div><a data-text='Dyogo Oliveira: Sem Previd\u00eancia, ser\u00e1 preciso cortar R$ 14 bi' data-link='https:\/\/newsinfoco.com.br\/inicio\/dyogo-oliveira-sem-previdencia-sera-preciso-cortar-r-14-bi\/' class='whatsapp-button whatsapp-share'>WhatsApp<\/a><div class='clear '><\/div><\/div>","protected":false},"excerpt":{"rendered":"<p>Com a posterga\u00e7\u00e3o da\u00a0reforma da Previd\u00eancia, o governo federal precisar\u00e1 14 bilh\u00f5es de reais do\u00a0Or\u00e7amento\u00a0de 2019. O c\u00e1lculo \u00e9 do ministro do\u00a0Planejamento,\u00a0Dyogo Oliveira, em entrevista ao jornal\u00a0O Estado de S. Paulo. Segundo Oliveira, este \u00e9 o montante que a administra\u00e7\u00e3o federal esperava economizar para o per\u00edodo caso conseguisse aprovar as mudan\u00e7as nas aposentadorias e pens\u00f5es [&hellip;]<\/p>\n","protected":false},"author":1,"featured_media":247,"comment_status":"open","ping_status":"open","sticky":false,"template":"","format":"standard","meta":{"om_disable_all_campaigns":false,"_exactmetrics_skip_tracking":false,"_exactmetrics_sitenote_active":false,"_exactmetrics_sitenote_note":"","_exactmetrics_sitenote_category":0,"footnotes":""},"categories":[31],"tags":[],"class_list":["post-246","post","type-post","status-publish","format-standard","has-post-thumbnail","hentry","category-economia"],"aioseo_notices":[],"_links":{"self":[{"href":"https:\/\/newsinfoco.com.br\/inicio\/wp-json\/wp\/v2\/posts\/246","targetHints":{"allow":["GET"]}}],"collection":[{"href":"https:\/\/newsinfoco.com.br\/inicio\/wp-json\/wp\/v2\/posts"}],"about":[{"href":"https:\/\/newsinfoco.com.br\/inicio\/wp-json\/wp\/v2\/types\/post"}],"author":[{"embeddable":true,"href":"https:\/\/newsinfoco.com.br\/inicio\/wp-json\/wp\/v2\/users\/1"}],"replies":[{"embeddable":true,"href":"https:\/\/newsinfoco.com.br\/inicio\/wp-json\/wp\/v2\/comments?post=246"}],"version-history":[{"count":0,"href":"https:\/\/newsinfoco.com.br\/inicio\/wp-json\/wp\/v2\/posts\/246\/revisions"}],"wp:featuredmedia":[{"embeddable":true,"href":"https:\/\/newsinfoco.com.br\/inicio\/wp-json\/wp\/v2\/media\/247"}],"wp:attachment":[{"href":"https:\/\/newsinfoco.com.br\/inicio\/wp-json\/wp\/v2\/media?parent=246"}],"wp:term":[{"taxonomy":"category","embeddable":true,"href":"https:\/\/newsinfoco.com.br\/inicio\/wp-json\/wp\/v2\/categories?post=246"},{"taxonomy":"post_tag","embeddable":true,"href":"https:\/\/newsinfoco.com.br\/inicio\/wp-json\/wp\/v2\/tags?post=246"}],"curies":[{"name":"wp","href":"https:\/\/api.w.org\/{rel}","templated":true}]}}